{"id":26352,"date":"2009-10-11T19:49:02","date_gmt":"2009-10-11T17:49:02","guid":{"rendered":"http:\/\/www.visit-ulcinj.com\/blog\/?p=26352"},"modified":"2009-10-11T19:49:02","modified_gmt":"2009-10-11T17:49:02","slug":"ultimatumi-i-fuqive-te-medha","status":"publish","type":"post","link":"https:\/\/www.visit-ulcinj.com\/blog\/2009\/10\/11\/ultimatumi-i-fuqive-te-medha\/","title":{"rendered":"Ultimatumi i Fuqive t\u00eb M\u00ebdha"},"content":{"rendered":"<p><strong><a href=\"http:\/\/www.visit-ulcinj.com\/blog\/wp-content\/uploads\/2009\/10\/Ulqini-vjeter.jpg\"><img loading=\"lazy\" class=\"alignleft size-full wp-image-26353\" title=\"Ulqini vjeter\" src=\"http:\/\/www.visit-ulcinj.com\/blog\/wp-content\/uploads\/2009\/10\/Ulqini-vjeter.jpg\" alt=\"Ulqini vjeter\" width=\"580\" height=\"400\" \/><\/a>ULQINI N\u00cb VITET E LIDHJES SHQIPTARE T\u00cb PRIZRENIT 1878-1881 (39)<\/strong><br \/>\nM\u00eb 19 shtator 1880, lordi Kerr, p\u00ebrfaq\u00ebsues i admiralit anglez Sejmur, ua kishte dor\u00ebzuar Riza pash\u00ebs dhe komandantit turk t\u00eb Ulqinit ultimatumin p\u00ebr ta dor\u00ebzuar Ulqinin brenda tri dit\u00ebve. Nj\u00ebkoh\u00ebsisht qe lajm\u00ebruar edhe qeveria e Malit t\u00eb Zi p\u00ebr t\u2019i v\u00ebn\u00eb n\u00eb l\u00ebvizje forcat e veta ushtarake dhe p\u00ebr t\u00eb marshuar, e shoq\u00ebruar nga flota e bashkuar nd\u00ebrkomb\u00ebtare kund\u00ebr Ulqinit.<br \/>\nPorta e Lart\u00eb theksonte se n\u00ebse k\u00ebrkesat e parashtruara nuk pranohen nga Fuqit\u00eb e M\u00ebdha, ose n\u00ebse kalojn\u00eb heshtazi mbi to dhe vazhdojn\u00eb me demonstrim detar p\u00ebr t\u00eb frik\u00ebsuar dhe k\u00ebrc\u00ebnuar, at\u00ebher\u00eb ajo nuk do t\u2019u jap\u00eb urdh\u00ebr forcave t\u00eb veta ushtarake, as autoriteteve t\u00eb saj n\u00eb Ulqin, q\u00eb t\u00eb largohen nga qyteti. N\u00ebse Fuqit\u00eb e M\u00ebdha i pranojn\u00eb pikat e propozuara, Porta e Lart\u00eb do t\u00eb jet\u00eb e gatshme t\u2019ia dor\u00ebzoj\u00eb Ulqinin Malit t\u00eb Zi, duke i nisur nj\u00ebherazi sa m\u00eb shpejt bisedimet me qeverin\u00eb malazeze.<br \/>\nP\u00ebrfaq\u00ebsuesit e Fuqive t\u00eb M\u00ebdha n\u00eb Stamboll e kishin vler\u00ebsuar not\u00ebn e Port\u00ebs s\u00eb Lart\u00eb si jo t\u00eb matur n\u00eb k\u00ebt\u00eb moment. Q\u00ebndrimi i Fuqive t\u00eb M\u00ebdha ishte q\u00eb k\u00ebrkesa p\u00ebr t\u00eb hequr dor\u00eb nga demonstrimi detar, t\u00ebr\u00ebsisht t\u00eb hidhet posht\u00eb. T\u00eb gjitha Fuqit\u00eb e M\u00ebdha mbajn\u00eb t\u00eb drejt\u00ebn e plot\u00eb mbi p\u00ebrdorimin e fuqis\u00eb s\u00eb vet kur do t\u00eb shihet si e nevojshme. K\u00ebrkes\u00ebn q\u00eb ka t\u00eb b\u00ebj\u00eb me sigurin\u00eb e pron\u00ebs, besimit dhe t\u00eb gjitha t\u00eb drejtave t\u00eb tjera p\u00ebr banor\u00ebt e Ulqinit, Fuqit\u00eb e M\u00ebdha e pranojn\u00eb, sepse ato siguri jan\u00eb t\u00eb parapara edhe me Traktatin e Berlinit. Lidhur me kushtin e tret\u00eb, Fuqit\u00eb e M\u00ebdha e pranojn\u00eb si zbatim i konkluzave n\u00eb not\u00ebn prej 16 shtatorit 1880 mbi vij\u00ebn kufitare n\u00eb mes t\u00eb Turqis\u00eb dhe Malit t\u00eb Zi. Kur Porta e Lart\u00eb t\u2019i zbatoj\u00eb kushtet e parapara n\u00eb at\u00eb not\u00eb, Fuqit\u00eb e M\u00ebdha nuk do t\u00eb k\u00ebrkojn\u00eb prej saj kurrfar\u00eb zgjerimi territorial n\u00eb favor t\u00eb Malit t\u00eb Zi. Mir\u00ebpo, n\u00eb gazet\u00ebn \u201cGlas Crnogorca\u201d thuhet se, kushtet e v\u00ebna nga Porta, e n\u00eb ve\u00e7anti ky i fundit, nuk mund t\u00eb pranohen, sepse, Mali i Zi, pasi ta marr\u00eb Ulqinin, nuk mund t\u00eb kuptohet se i ka plot\u00ebsuar t\u00eb gjitha k\u00ebrkesat n\u00eb t\u00eb cilat ka t\u00eb drejt\u00eb.<br \/>\nRiza pasha p\u00ebrdorte t\u00eb gjitha mund\u00ebsit\u00eb p\u00ebr ta bindur Komitetin Krahinor t\u00eb Shkodr\u00ebs q\u00eb ta dor\u00ebzonte Ulqinin. Komiteti i Shkodr\u00ebs jo vet\u00ebm q\u00eb nuk e pranonte dor\u00ebzimin e Ulqinit, por e organizonte edhe grumbullimin e vullnetar\u00ebve p\u00ebr t\u00eb shkuar n\u00eb mbrojtje t\u00eb Ulqinit.<br \/>\nM\u00eb 17 shtator 1880, Komiteti i Shkodr\u00ebs u d\u00ebrgoi konsujve t\u00eb shteteve evropiane n\u00eb Shkod\u00ebr nj\u00eb protest\u00eb kund\u00ebr dor\u00ebzimit t\u00eb Ulqinit. Komiteti deklaronte se Ulqinin do ta mbronte me arm\u00eb, por u lutej Fuqive t\u00eb M\u00ebdha evropiane \u201ct\u00eb mos lejonin nj\u00eb gjakderdhje t\u00eb re\u201d. Mir\u00ebpo protesta mbeti pa p\u00ebrgjigje.<br \/>\nM\u00eb 18 shtator 1880, kishte shkuar n\u00eb Shkod\u00ebr koloneli Sulejman beu, agjutant perandorak, p\u00ebr ta komunikuar urdhrin e sulltanit q\u00eb Ulqini t\u00eb l\u00ebshohej patjet\u00ebr. Ai mendonte se s\u00eb bashku me Riza pash\u00ebn do ta realizonte at\u00eb urdh\u00ebr.<br \/>\nRiza pasha kishte urdh\u00ebruar roj\u00ebn q\u00eb n\u00eb ur\u00eb t\u00eb Bun\u00ebs dhe t\u00eb Drinit t\u00eb mos l\u00ebshonte kurrfar\u00eb vullnetar\u00ebsh p\u00ebr n\u00eb Ulqin.<br \/>\nPo k\u00ebt\u00eb dit\u00eb, paria e Ulqinit u qe drejtuar me k\u00ebrkes\u00eb n\u00eb em\u00ebr t\u00eb L\u00eb Re-s\u00eb, konsullit t\u00eb Franc\u00ebs n\u00eb Shkod\u00ebr si dhe konsujve t\u00eb tjer\u00eb, n\u00eb t\u00eb cil\u00ebn deklaroheshin hapur se ishin t\u00eb gatsh\u00ebm t\u00eb derdhnin gjakun p\u00ebr mbrojtjen e tokave t\u00eb tyre.<br \/>\nM\u00eb 19 shtator 1880, lordi Kerr, p\u00ebrfaq\u00ebsues i admiralit anglez Sejmur, ua kishte dor\u00ebzuar Riza pash\u00ebs dhe komandantit turk t\u00eb Ulqinit ultimatumin p\u00ebr ta dor\u00ebzuar Ulqinin brenda tri dit\u00ebve. Nj\u00ebkoh\u00ebsisht qe lajm\u00ebruar edhe qeveria e Malit t\u00eb Zi p\u00ebr t\u2019i v\u00ebn\u00eb n\u00eb l\u00ebvizje forcat e veta ushtarake dhe p\u00ebr t\u00eb marshuar, e shoq\u00ebruar nga flota e bashkuar nd\u00ebrkomb\u00ebtare kund\u00ebr Ulqinit.<br \/>\nRiza pasha, me arsyetimin se nuk kishte urdh\u00ebr prej Stambollit p\u00ebr ta dor\u00ebzuar Ulqinin, refuzonte t\u00eb jepte p\u00ebrgjigje. Si\u00e7 shkruante konsulli rus n\u00eb Shkod\u00ebr, I. Krilov, thelbi i veprimtaris\u00eb s\u00eb Riza pash\u00ebs nuk ishte asgj\u00eb tjet\u00ebr p\u00ebrve\u00e7 se \u201cmasllahat me pretekste t\u00eb ndryshme, duke u p\u00ebrpjekur ta b\u00ebj\u00eb t\u00eb besuesh\u00ebm\u201d.<\/p>\n<p><strong>Mr. Riza Rexha<br \/>\nKoha Javore<\/strong><\/p>\n<!--YouTube Error: bad URL entered-->\n","protected":false},"excerpt":{"rendered":"<p>ULQINI N\u00cb VITET E LIDHJES SHQIPTARE T\u00cb PRIZRENIT 1878-1881 (39) M\u00eb 19 shtator 1880, lordi Kerr, p\u00ebrfaq\u00ebsues i admiralit anglez Sejmur, ua kishte dor\u00ebzuar Riza pash\u00ebs dhe komandantit turk t\u00eb Ulqinit ultimatumin p\u00ebr ta dor\u00ebzuar Ulqinin brenda tri dit\u00ebve. Nj\u00ebkoh\u00ebsisht qe lajm\u00ebruar edhe qeveria e Malit t\u00eb Zi p\u00ebr t\u2019i v\u00ebn\u00eb n\u00eb l\u00ebvizje forcat e [&hellip;]<\/p>\n","protected":false},"author":1,"featured_media":0,"comment_status":"open","ping_status":"closed","sticky":false,"template":"","format":"standard","meta":{"spay_email":"","jetpack_publicize_message":"","jetpack_is_tweetstorm":false,"jetpack_publicize_feature_enabled":true},"categories":[11],"tags":[12636],"jetpack_publicize_connections":[],"yoast_head":"<!-- This site is optimized with the Yoast SEO plugin v19.1 - https:\/\/yoast.com\/wordpress\/plugins\/seo\/ -->\n<title>Ultimatumi i Fuqive t\u00eb M\u00ebdha - Lajme nga Ulqini<\/title>\n<meta name=\"description\" content=\"ULQINI N\u00cb VITET E LIDHJES SHQIPTARE T\u00cb PRIZRENIT 1878-1881 (39) M\u00eb 19 shtator 1880, lordi Kerr, p\u00ebrfaq\u00ebsues i admiralit anglez Sejmur, ua kishte dor\u00ebzuar\" \/>\n<meta name=\"robots\" content=\"index, follow, max-snippet:-1, max-image-preview:large, max-video-preview:-1\" \/>\n<link rel=\"canonical\" href=\"https:\/\/www.visit-ulcinj.com\/blog\/2009\/10\/11\/ultimatumi-i-fuqive-te-medha\/\" \/>\n<meta property=\"og:locale\" content=\"en_US\" \/>\n<meta property=\"og:type\" content=\"article\" \/>\n<meta property=\"og:title\" content=\"Ultimatumi i Fuqive t\u00eb M\u00ebdha - Lajme nga Ulqini\" \/>\n<meta property=\"og:description\" content=\"ULQINI N\u00cb VITET E LIDHJES SHQIPTARE T\u00cb PRIZRENIT 1878-1881 (39) M\u00eb 19 shtator 1880, lordi Kerr, p\u00ebrfaq\u00ebsues i admiralit anglez Sejmur, ua kishte dor\u00ebzuar\" \/>\n<meta property=\"og:url\" content=\"https:\/\/www.visit-ulcinj.com\/blog\/2009\/10\/11\/ultimatumi-i-fuqive-te-medha\/\" \/>\n<meta property=\"og:site_name\" content=\"Lajme nga Ulqini\" \/>\n<meta property=\"article:published_time\" content=\"2009-10-11T17:49:02+00:00\" \/>\n<meta property=\"og:image\" content=\"http:\/\/www.visit-ulcinj.com\/blog\/wp-content\/uploads\/2009\/10\/Ulqini-vjeter.jpg\" \/>\n<meta name=\"twitter:label1\" content=\"Written by\" \/>\n\t<meta name=\"twitter:data1\" content=\"ulqini\" \/>\n\t<meta name=\"twitter:label2\" content=\"Est. reading time\" \/>\n\t<meta name=\"twitter:data2\" content=\"4 minutes\" \/>\n<script type=\"application\/ld+json\" class=\"yoast-schema-graph\">{\"@context\":\"https:\/\/schema.org\",\"@graph\":[{\"@type\":\"WebSite\",\"@id\":\"https:\/\/www.visit-ulcinj.com\/blog\/#website\",\"url\":\"https:\/\/www.visit-ulcinj.com\/blog\/\",\"name\":\"Lajme nga Ulqini\",\"description\":\"Lajme,Vijesti,Ulqini,Ulqin,Crna Gora,Mali i Zi\",\"potentialAction\":[{\"@type\":\"SearchAction\",\"target\":{\"@type\":\"EntryPoint\",\"urlTemplate\":\"https:\/\/www.visit-ulcinj.com\/blog\/?s={search_term_string}\"},\"query-input\":\"required name=search_term_string\"}],\"inLanguage\":\"en-US\"},{\"@type\":\"ImageObject\",\"inLanguage\":\"en-US\",\"@id\":\"https:\/\/www.visit-ulcinj.com\/blog\/2009\/10\/11\/ultimatumi-i-fuqive-te-medha\/#primaryimage\",\"url\":\"https:\/\/www.visit-ulcinj.com\/blog\/wp-content\/uploads\/2009\/10\/Ulqini-vjeter.jpg\",\"contentUrl\":\"https:\/\/www.visit-ulcinj.com\/blog\/wp-content\/uploads\/2009\/10\/Ulqini-vjeter.jpg\",\"width\":\"640\",\"height\":\"434\"},{\"@type\":\"WebPage\",\"@id\":\"https:\/\/www.visit-ulcinj.com\/blog\/2009\/10\/11\/ultimatumi-i-fuqive-te-medha\/#webpage\",\"url\":\"https:\/\/www.visit-ulcinj.com\/blog\/2009\/10\/11\/ultimatumi-i-fuqive-te-medha\/\",\"name\":\"Ultimatumi i Fuqive t\u00eb M\u00ebdha - Lajme nga Ulqini\",\"isPartOf\":{\"@id\":\"https:\/\/www.visit-ulcinj.com\/blog\/#website\"},\"primaryImageOfPage\":{\"@id\":\"https:\/\/www.visit-ulcinj.com\/blog\/2009\/10\/11\/ultimatumi-i-fuqive-te-medha\/#primaryimage\"},\"datePublished\":\"2009-10-11T17:49:02+00:00\",\"dateModified\":\"2009-10-11T17:49:02+00:00\",\"author\":{\"@id\":\"https:\/\/www.visit-ulcinj.com\/blog\/#\/schema\/person\/dcab619c614d3038751c63bc2aadc06d\"},\"description\":\"ULQINI N\u00cb VITET E LIDHJES SHQIPTARE T\u00cb PRIZRENIT 1878-1881 (39) M\u00eb 19 shtator 1880, lordi Kerr, p\u00ebrfaq\u00ebsues i admiralit anglez Sejmur, ua kishte dor\u00ebzuar\",\"breadcrumb\":{\"@id\":\"https:\/\/www.visit-ulcinj.com\/blog\/2009\/10\/11\/ultimatumi-i-fuqive-te-medha\/#breadcrumb\"},\"inLanguage\":\"en-US\",\"potentialAction\":[{\"@type\":\"ReadAction\",\"target\":[\"https:\/\/www.visit-ulcinj.com\/blog\/2009\/10\/11\/ultimatumi-i-fuqive-te-medha\/\"]}]},{\"@type\":\"BreadcrumbList\",\"@id\":\"https:\/\/www.visit-ulcinj.com\/blog\/2009\/10\/11\/ultimatumi-i-fuqive-te-medha\/#breadcrumb\",\"itemListElement\":[{\"@type\":\"ListItem\",\"position\":1,\"name\":\"Ultimatumi i Fuqive t\u00eb M\u00ebdha\"}]},{\"@type\":\"Person\",\"@id\":\"https:\/\/www.visit-ulcinj.com\/blog\/#\/schema\/person\/dcab619c614d3038751c63bc2aadc06d\",\"name\":\"ulqini\",\"sameAs\":[\"http:\/\/www.visit-ulcinj.com\"],\"url\":\"https:\/\/www.visit-ulcinj.com\/blog\/author\/admin\/\"}]}<\/script>\n<!-- \/ Yoast SEO plugin. -->","yoast_head_json":{"title":"Ultimatumi i Fuqive t\u00eb M\u00ebdha - Lajme nga Ulqini","description":"ULQINI N\u00cb VITET E LIDHJES SHQIPTARE T\u00cb PRIZRENIT 1878-1881 (39) M\u00eb 19 shtator 1880, lordi Kerr, p\u00ebrfaq\u00ebsues i admiralit anglez Sejmur, ua kishte dor\u00ebzuar","robots":{"index":"index","follow":"follow","max-snippet":"max-snippet:-1","max-image-preview":"max-image-preview:large","max-video-preview":"max-video-preview:-1"},"canonical":"https:\/\/www.visit-ulcinj.com\/blog\/2009\/10\/11\/ultimatumi-i-fuqive-te-medha\/","og_locale":"en_US","og_type":"article","og_title":"Ultimatumi i Fuqive t\u00eb M\u00ebdha - Lajme nga Ulqini","og_description":"ULQINI N\u00cb VITET E LIDHJES SHQIPTARE T\u00cb PRIZRENIT 1878-1881 (39) M\u00eb 19 shtator 1880, lordi Kerr, p\u00ebrfaq\u00ebsues i admiralit anglez Sejmur, ua kishte dor\u00ebzuar","og_url":"https:\/\/www.visit-ulcinj.com\/blog\/2009\/10\/11\/ultimatumi-i-fuqive-te-medha\/","og_site_name":"Lajme nga Ulqini","article_published_time":"2009-10-11T17:49:02+00:00","og_image":[{"url":"http:\/\/www.visit-ulcinj.com\/blog\/wp-content\/uploads\/2009\/10\/Ulqini-vjeter.jpg"}],"twitter_misc":{"Written by":"ulqini","Est. reading time":"4 minutes"},"schema":{"@context":"https:\/\/schema.org","@graph":[{"@type":"WebSite","@id":"https:\/\/www.visit-ulcinj.com\/blog\/#website","url":"https:\/\/www.visit-ulcinj.com\/blog\/","name":"Lajme nga Ulqini","description":"Lajme,Vijesti,Ulqini,Ulqin,Crna Gora,Mali i Zi","potentialAction":[{"@type":"SearchAction","target":{"@type":"EntryPoint","urlTemplate":"https:\/\/www.visit-ulcinj.com\/blog\/?s={search_term_string}"},"query-input":"required name=search_term_string"}],"inLanguage":"en-US"},{"@type":"ImageObject","inLanguage":"en-US","@id":"https:\/\/www.visit-ulcinj.com\/blog\/2009\/10\/11\/ultimatumi-i-fuqive-te-medha\/#primaryimage","url":"https:\/\/www.visit-ulcinj.com\/blog\/wp-content\/uploads\/2009\/10\/Ulqini-vjeter.jpg","contentUrl":"https:\/\/www.visit-ulcinj.com\/blog\/wp-content\/uploads\/2009\/10\/Ulqini-vjeter.jpg","width":"640","height":"434"},{"@type":"WebPage","@id":"https:\/\/www.visit-ulcinj.com\/blog\/2009\/10\/11\/ultimatumi-i-fuqive-te-medha\/#webpage","url":"https:\/\/www.visit-ulcinj.com\/blog\/2009\/10\/11\/ultimatumi-i-fuqive-te-medha\/","name":"Ultimatumi i Fuqive t\u00eb M\u00ebdha - Lajme nga Ulqini","isPartOf":{"@id":"https:\/\/www.visit-ulcinj.com\/blog\/#website"},"primaryImageOfPage":{"@id":"https:\/\/www.visit-ulcinj.com\/blog\/2009\/10\/11\/ultimatumi-i-fuqive-te-medha\/#primaryimage"},"datePublished":"2009-10-11T17:49:02+00:00","dateModified":"2009-10-11T17:49:02+00:00","author":{"@id":"https:\/\/www.visit-ulcinj.com\/blog\/#\/schema\/person\/dcab619c614d3038751c63bc2aadc06d"},"description":"ULQINI N\u00cb VITET E LIDHJES SHQIPTARE T\u00cb PRIZRENIT 1878-1881 (39) M\u00eb 19 shtator 1880, lordi Kerr, p\u00ebrfaq\u00ebsues i admiralit anglez Sejmur, ua kishte dor\u00ebzuar","breadcrumb":{"@id":"https:\/\/www.visit-ulcinj.com\/blog\/2009\/10\/11\/ultimatumi-i-fuqive-te-medha\/#breadcrumb"},"inLanguage":"en-US","potentialAction":[{"@type":"ReadAction","target":["https:\/\/www.visit-ulcinj.com\/blog\/2009\/10\/11\/ultimatumi-i-fuqive-te-medha\/"]}]},{"@type":"BreadcrumbList","@id":"https:\/\/www.visit-ulcinj.com\/blog\/2009\/10\/11\/ultimatumi-i-fuqive-te-medha\/#breadcrumb","itemListElement":[{"@type":"ListItem","position":1,"name":"Ultimatumi i Fuqive t\u00eb M\u00ebdha"}]},{"@type":"Person","@id":"https:\/\/www.visit-ulcinj.com\/blog\/#\/schema\/person\/dcab619c614d3038751c63bc2aadc06d","name":"ulqini","sameAs":["http:\/\/www.visit-ulcinj.com"],"url":"https:\/\/www.visit-ulcinj.com\/blog\/author\/admin\/"}]}},"jetpack_featured_media_url":"","jetpack_sharing_enabled":true,"jetpack_shortlink":"https:\/\/wp.me\/pe6lTn-6R2","_links":{"self":[{"href":"https:\/\/www.visit-ulcinj.com\/blog\/wp-json\/wp\/v2\/posts\/26352"}],"collection":[{"href":"https:\/\/www.visit-ulcinj.com\/blog\/wp-json\/wp\/v2\/posts"}],"about":[{"href":"https:\/\/www.visit-ulcinj.com\/blog\/wp-json\/wp\/v2\/types\/post"}],"author":[{"embeddable":true,"href":"https:\/\/www.visit-ulcinj.com\/blog\/wp-json\/wp\/v2\/users\/1"}],"replies":[{"embeddable":true,"href":"https:\/\/www.visit-ulcinj.com\/blog\/wp-json\/wp\/v2\/comments?post=26352"}],"version-history":[{"count":0,"href":"https:\/\/www.visit-ulcinj.com\/blog\/wp-json\/wp\/v2\/posts\/26352\/revisions"}],"wp:attachment":[{"href":"https:\/\/www.visit-ulcinj.com\/blog\/wp-json\/wp\/v2\/media?parent=26352"}],"wp:term":[{"taxonomy":"category","embeddable":true,"href":"https:\/\/www.visit-ulcinj.com\/blog\/wp-json\/wp\/v2\/categories?post=26352"},{"taxonomy":"post_tag","embeddable":true,"href":"https:\/\/www.visit-ulcinj.com\/blog\/wp-json\/wp\/v2\/tags?post=26352"}],"curies":[{"name":"wp","href":"https:\/\/api.w.org\/{rel}","templated":true}]}}