{"id":26381,"date":"2009-10-12T08:50:38","date_gmt":"2009-10-12T06:50:38","guid":{"rendered":"http:\/\/www.visit-ulcinj.com\/blog\/?p=26381"},"modified":"2009-10-12T08:50:38","modified_gmt":"2009-10-12T06:50:38","slug":"albanci-ne-odustaju-od-pet-garantovanih-mandata","status":"publish","type":"post","link":"https:\/\/www.visit-ulcinj.com\/blog\/2009\/10\/12\/albanci-ne-odustaju-od-pet-garantovanih-mandata\/","title":{"rendered":"Albanci ne odustaju od pet garantovanih mandata"},"content":{"rendered":"<p><strong><a href=\"http:\/\/www.visit-ulcinj.com\/blog\/wp-content\/uploads\/2009\/10\/Genci-Nimanbegu.jpg\"><img loading=\"lazy\" class=\"alignleft size-full wp-image-26382\" title=\"Genci Nimanbegu\" src=\"http:\/\/www.visit-ulcinj.com\/blog\/wp-content\/uploads\/2009\/10\/Genci-Nimanbegu.jpg\" alt=\"Genci Nimanbegu\" width=\"300\" height=\"391\" srcset=\"https:\/\/www.visit-ulcinj.com\/blog\/wp-content\/uploads\/2009\/10\/Genci-Nimanbegu.jpg 300w, https:\/\/www.visit-ulcinj.com\/blog\/wp-content\/uploads\/2009\/10\/Genci-Nimanbegu-230x300.jpg 230w\" sizes=\"(max-width: 300px) 100vw, 300px\" \/><\/a>Bi?e jo\u0161 pregovora<\/strong><br \/>\nPodgorica &#8211; Poslanik Force Genci Nimanbegu najavio je da predstavnici albanskih stranaka ne?e odustati od po?etnog predloga da se izbornim zakonom Albancima garantuje pet mandata u Skup\u0161tini Crne Gore.<br \/>\nKomentari\u0161u?i najavu da bi Radna grupa za uskla?ivanje izbornog zakona sa Ustavom mogla zavr\u0161iti sa radom sjutra, Nimanbegu je ocijenio da bi se politi?ki pregovori o kona?nom rje\u0161enju mogli nastaviti i nakon tog roka. Predsjednik radne grupe Miodrag Vukovi? najavio je ranije da bi to skup\u0161tinsko tijelo kona?no rje\u0161enje izmjena izbornog zakona moglo da usaglasi ve? sjutra.<br \/>\n\u201cMislim da ?e tu biti jo\u0161 politi?kih pregovora i sastanaka politi?kih predstavnika u Crnoj Gori&#8230;. Osim toga otvoreno je i pitanje Zakona o manjinskim pravima i slobodama, jer on nije usagla\u0161en sa Ustavom. On je, uz teritorijalnu organizaciju, u setu zakona koje treba rije\u0161iti, a \u0161to je veoma bitno za politi?ku profilaciju Albanaca u parlamentu\u201d, kazao je Nimanbegu.<br \/>\nPodsje?aju?i da poslanici tri opozicione albanske stranke imaju zajedni?ki stav o rje\u0161avanju pitanja zastupljenosti u parlamentu, Nimanbegu je pojasnio da je radnoj grupi predlo\u017eeno da Albanci imaju posebnu izbornu jedinicu i pet garantovanih mandata za nacionalne stranke. Ponu?ena je i mogu?nost da Albanci, umjesto izborne jedinice, imaju pravo na posebna izborna mjesta ili pravo duplog glasa.<br \/>\nI pored zahtjeva Albanaca, radna grupa trenutno je izme?u dvije mogu?nosti za rje\u0161avanje pitanja zastupljenosti manjina u parlamentu. Vladaju?a DPS je predlo\u017eila da manjinske stranke koje na izborima pre?u cenzus od tri odsto u?estvuju u raspodjeli mandata, kao i ostali. Ukoliko nijedna stranka koja predstavlja odre?enu manjinu ne pre?e taj cenzus, pravo na jedno poslani?ko mjesto imala bi ona partija koja je na izborima osvojila najvi\u0161e glasova.<br \/>\nPrema drugom izbornom modelu, koji podr\u017eavaju i predstavnici tri najja?e opozicione stranke, uvodi se model prirodnog praga. Po tom modelu u parlament bi u\u0161le manjinske stranke koje pre?u prirodni prag, koji se ra?una kada se broj va\u017ee?ih glasova podijeli sa 81, odnosno brojem poslanika. Na parlamentarnim izborima odr\u017eanim u martu, prirodni prag iznosio je 3.800 glasova.<\/p>\n<p>Po tom modelu stranke koje ne uspiju da pre?u prirodni prag na mjesto u parlamentu imale bi pravo ako pre?u cenzus od 1 do 1,5 odsto. Izuzetak bi predstavljala hrvatska zajednica u Crnoj Gori koje ima daleko najmanje, i njima bi bio garantovan jedan poslani?ki mandat. Drugi model, osim vladaju?ih stranaka, ima i podr\u0161ku tri najja?e opozicione partije. Nimanbegu smatra da ne bi bilo dobro da se izmjene izbornog zakona usvoje bez podr\u0161ke manjina, poja\u0161njavaju?i da je to nakon usvajanja Ustava najozbiljniji demokratski test Crne Gore. \u201cJasno je da postoji intencija da se ide korak nazad u ostvarivanju i obezbje?ivanju prava manjinskih naroda u Crnoj Gori. Na\u017ealost primjetno je da ima intencija koje vode takvom rje\u0161enju da se manjine potpuno isklju?e. U tom slu?aju apsolutna odgovornost je na pripadnicima manjinskih naroda koji su u Vladi. Ho?e li takve odluke da aminuju ostankom u vladaju?oj koaliciji\u201d, upozorio je Nimanbegu.<\/p>\n<p><strong>Sa. K.<br \/>\n<a href=\"http:\/\/www.vijesti.me\/index.php?id=318509\" target=\"_blank\">Vijesti<\/a><\/strong><\/p>\n<p><strong>Video RTCG<\/strong><\/p>\n<p><strong>[flv width=&#8221;580&#8243; height=&#8221;400&#8243;]http:\/\/www.rtcg.me\/images\/biblioteka\/audio_video_arhiva\/Replika%20-%20Izborno%20zakonodavstvo.flv[\/flv]<\/strong><\/p>\n","protected":false},"excerpt":{"rendered":"<p>Bi?e jo\u0161 pregovora Podgorica &#8211; Poslanik Force Genci Nimanbegu najavio je da predstavnici albanskih stranaka ne?e odustati od po?etnog predloga da se izbornim zakonom Albancima garantuje pet mandata u Skup\u0161tini Crne Gore. Komentari\u0161u?i najavu da bi Radna grupa za uskla?ivanje izbornog zakona sa Ustavom mogla zavr\u0161iti sa radom sjutra, Nimanbegu je ocijenio da bi se [&hellip;]<\/p>\n","protected":false},"author":1,"featured_media":0,"comment_status":"open","ping_status":"closed","sticky":false,"template":"","format":"standard","meta":{"spay_email":"","jetpack_publicize_message":"","jetpack_is_tweetstorm":false,"jetpack_publicize_feature_enabled":true},"categories":[8337],"tags":[12638,9586,10569],"jetpack_publicize_connections":[],"yoast_head":"<!-- This site is optimized with the Yoast SEO plugin v19.1 - https:\/\/yoast.com\/wordpress\/plugins\/seo\/ -->\n<title>Albanci ne odustaju od pet garantovanih mandata - Lajme nga Ulqini<\/title>\n<meta name=\"description\" content=\"Bi?e jo\u0161 pregovora Podgorica - Poslanik Force Genci Nimanbegu najavio je da predstavnici albanskih stranaka ne?e odustati od po?etnog predloga da se\" \/>\n<meta name=\"robots\" content=\"index, follow, max-snippet:-1, max-image-preview:large, max-video-preview:-1\" \/>\n<link rel=\"canonical\" href=\"https:\/\/www.visit-ulcinj.com\/blog\/2009\/10\/12\/albanci-ne-odustaju-od-pet-garantovanih-mandata\/\" \/>\n<meta property=\"og:locale\" content=\"en_US\" \/>\n<meta property=\"og:type\" content=\"article\" \/>\n<meta property=\"og:title\" content=\"Albanci ne odustaju od pet garantovanih mandata - Lajme nga Ulqini\" \/>\n<meta property=\"og:description\" content=\"Bi?e jo\u0161 pregovora Podgorica - Poslanik Force Genci Nimanbegu najavio je da predstavnici albanskih stranaka ne?e odustati od po?etnog predloga da se\" \/>\n<meta property=\"og:url\" content=\"https:\/\/www.visit-ulcinj.com\/blog\/2009\/10\/12\/albanci-ne-odustaju-od-pet-garantovanih-mandata\/\" \/>\n<meta property=\"og:site_name\" content=\"Lajme nga Ulqini\" \/>\n<meta property=\"article:published_time\" content=\"2009-10-12T06:50:38+00:00\" \/>\n<meta property=\"og:image\" content=\"http:\/\/www.visit-ulcinj.com\/blog\/wp-content\/uploads\/2009\/10\/Genci-Nimanbegu.jpg\" \/>\n<meta name=\"twitter:label1\" content=\"Written by\" \/>\n\t<meta name=\"twitter:data1\" content=\"ulqini\" \/>\n\t<meta name=\"twitter:label2\" content=\"Est. reading time\" \/>\n\t<meta name=\"twitter:data2\" content=\"3 minutes\" \/>\n<script type=\"application\/ld+json\" class=\"yoast-schema-graph\">{\"@context\":\"https:\/\/schema.org\",\"@graph\":[{\"@type\":\"WebSite\",\"@id\":\"https:\/\/www.visit-ulcinj.com\/blog\/#website\",\"url\":\"https:\/\/www.visit-ulcinj.com\/blog\/\",\"name\":\"Lajme nga Ulqini\",\"description\":\"Lajme,Vijesti,Ulqini,Ulqin,Crna Gora,Mali i Zi\",\"potentialAction\":[{\"@type\":\"SearchAction\",\"target\":{\"@type\":\"EntryPoint\",\"urlTemplate\":\"https:\/\/www.visit-ulcinj.com\/blog\/?s={search_term_string}\"},\"query-input\":\"required name=search_term_string\"}],\"inLanguage\":\"en-US\"},{\"@type\":\"ImageObject\",\"inLanguage\":\"en-US\",\"@id\":\"https:\/\/www.visit-ulcinj.com\/blog\/2009\/10\/12\/albanci-ne-odustaju-od-pet-garantovanih-mandata\/#primaryimage\",\"url\":\"https:\/\/www.visit-ulcinj.com\/blog\/wp-content\/uploads\/2009\/10\/Genci-Nimanbegu.jpg\",\"contentUrl\":\"https:\/\/www.visit-ulcinj.com\/blog\/wp-content\/uploads\/2009\/10\/Genci-Nimanbegu.jpg\",\"width\":\"300\",\"height\":\"391\"},{\"@type\":\"WebPage\",\"@id\":\"https:\/\/www.visit-ulcinj.com\/blog\/2009\/10\/12\/albanci-ne-odustaju-od-pet-garantovanih-mandata\/#webpage\",\"url\":\"https:\/\/www.visit-ulcinj.com\/blog\/2009\/10\/12\/albanci-ne-odustaju-od-pet-garantovanih-mandata\/\",\"name\":\"Albanci ne odustaju od pet garantovanih mandata - Lajme nga Ulqini\",\"isPartOf\":{\"@id\":\"https:\/\/www.visit-ulcinj.com\/blog\/#website\"},\"primaryImageOfPage\":{\"@id\":\"https:\/\/www.visit-ulcinj.com\/blog\/2009\/10\/12\/albanci-ne-odustaju-od-pet-garantovanih-mandata\/#primaryimage\"},\"datePublished\":\"2009-10-12T06:50:38+00:00\",\"dateModified\":\"2009-10-12T06:50:38+00:00\",\"author\":{\"@id\":\"https:\/\/www.visit-ulcinj.com\/blog\/#\/schema\/person\/dcab619c614d3038751c63bc2aadc06d\"},\"description\":\"Bi?e jo\u0161 pregovora Podgorica - Poslanik Force Genci Nimanbegu najavio je da predstavnici albanskih stranaka ne?e odustati od po?etnog predloga da se\",\"breadcrumb\":{\"@id\":\"https:\/\/www.visit-ulcinj.com\/blog\/2009\/10\/12\/albanci-ne-odustaju-od-pet-garantovanih-mandata\/#breadcrumb\"},\"inLanguage\":\"en-US\",\"potentialAction\":[{\"@type\":\"ReadAction\",\"target\":[\"https:\/\/www.visit-ulcinj.com\/blog\/2009\/10\/12\/albanci-ne-odustaju-od-pet-garantovanih-mandata\/\"]}]},{\"@type\":\"BreadcrumbList\",\"@id\":\"https:\/\/www.visit-ulcinj.com\/blog\/2009\/10\/12\/albanci-ne-odustaju-od-pet-garantovanih-mandata\/#breadcrumb\",\"itemListElement\":[{\"@type\":\"ListItem\",\"position\":1,\"name\":\"Albanci ne odustaju od pet garantovanih mandata\"}]},{\"@type\":\"Person\",\"@id\":\"https:\/\/www.visit-ulcinj.com\/blog\/#\/schema\/person\/dcab619c614d3038751c63bc2aadc06d\",\"name\":\"ulqini\",\"sameAs\":[\"http:\/\/www.visit-ulcinj.com\"],\"url\":\"https:\/\/www.visit-ulcinj.com\/blog\/author\/admin\/\"}]}<\/script>\n<!-- \/ Yoast SEO plugin. -->","yoast_head_json":{"title":"Albanci ne odustaju od pet garantovanih mandata - Lajme nga Ulqini","description":"Bi?e jo\u0161 pregovora Podgorica - Poslanik Force Genci Nimanbegu najavio je da predstavnici albanskih stranaka ne?e odustati od po?etnog predloga da se","robots":{"index":"index","follow":"follow","max-snippet":"max-snippet:-1","max-image-preview":"max-image-preview:large","max-video-preview":"max-video-preview:-1"},"canonical":"https:\/\/www.visit-ulcinj.com\/blog\/2009\/10\/12\/albanci-ne-odustaju-od-pet-garantovanih-mandata\/","og_locale":"en_US","og_type":"article","og_title":"Albanci ne odustaju od pet garantovanih mandata - Lajme nga Ulqini","og_description":"Bi?e jo\u0161 pregovora Podgorica - Poslanik Force Genci Nimanbegu najavio je da predstavnici albanskih stranaka ne?e odustati od po?etnog predloga da se","og_url":"https:\/\/www.visit-ulcinj.com\/blog\/2009\/10\/12\/albanci-ne-odustaju-od-pet-garantovanih-mandata\/","og_site_name":"Lajme nga Ulqini","article_published_time":"2009-10-12T06:50:38+00:00","og_image":[{"url":"http:\/\/www.visit-ulcinj.com\/blog\/wp-content\/uploads\/2009\/10\/Genci-Nimanbegu.jpg"}],"twitter_misc":{"Written by":"ulqini","Est. reading time":"3 minutes"},"schema":{"@context":"https:\/\/schema.org","@graph":[{"@type":"WebSite","@id":"https:\/\/www.visit-ulcinj.com\/blog\/#website","url":"https:\/\/www.visit-ulcinj.com\/blog\/","name":"Lajme nga Ulqini","description":"Lajme,Vijesti,Ulqini,Ulqin,Crna Gora,Mali i Zi","potentialAction":[{"@type":"SearchAction","target":{"@type":"EntryPoint","urlTemplate":"https:\/\/www.visit-ulcinj.com\/blog\/?s={search_term_string}"},"query-input":"required name=search_term_string"}],"inLanguage":"en-US"},{"@type":"ImageObject","inLanguage":"en-US","@id":"https:\/\/www.visit-ulcinj.com\/blog\/2009\/10\/12\/albanci-ne-odustaju-od-pet-garantovanih-mandata\/#primaryimage","url":"https:\/\/www.visit-ulcinj.com\/blog\/wp-content\/uploads\/2009\/10\/Genci-Nimanbegu.jpg","contentUrl":"https:\/\/www.visit-ulcinj.com\/blog\/wp-content\/uploads\/2009\/10\/Genci-Nimanbegu.jpg","width":"300","height":"391"},{"@type":"WebPage","@id":"https:\/\/www.visit-ulcinj.com\/blog\/2009\/10\/12\/albanci-ne-odustaju-od-pet-garantovanih-mandata\/#webpage","url":"https:\/\/www.visit-ulcinj.com\/blog\/2009\/10\/12\/albanci-ne-odustaju-od-pet-garantovanih-mandata\/","name":"Albanci ne odustaju od pet garantovanih mandata - Lajme nga Ulqini","isPartOf":{"@id":"https:\/\/www.visit-ulcinj.com\/blog\/#website"},"primaryImageOfPage":{"@id":"https:\/\/www.visit-ulcinj.com\/blog\/2009\/10\/12\/albanci-ne-odustaju-od-pet-garantovanih-mandata\/#primaryimage"},"datePublished":"2009-10-12T06:50:38+00:00","dateModified":"2009-10-12T06:50:38+00:00","author":{"@id":"https:\/\/www.visit-ulcinj.com\/blog\/#\/schema\/person\/dcab619c614d3038751c63bc2aadc06d"},"description":"Bi?e jo\u0161 pregovora Podgorica - Poslanik Force Genci Nimanbegu najavio je da predstavnici albanskih stranaka ne?e odustati od po?etnog predloga da se","breadcrumb":{"@id":"https:\/\/www.visit-ulcinj.com\/blog\/2009\/10\/12\/albanci-ne-odustaju-od-pet-garantovanih-mandata\/#breadcrumb"},"inLanguage":"en-US","potentialAction":[{"@type":"ReadAction","target":["https:\/\/www.visit-ulcinj.com\/blog\/2009\/10\/12\/albanci-ne-odustaju-od-pet-garantovanih-mandata\/"]}]},{"@type":"BreadcrumbList","@id":"https:\/\/www.visit-ulcinj.com\/blog\/2009\/10\/12\/albanci-ne-odustaju-od-pet-garantovanih-mandata\/#breadcrumb","itemListElement":[{"@type":"ListItem","position":1,"name":"Albanci ne odustaju od pet garantovanih mandata"}]},{"@type":"Person","@id":"https:\/\/www.visit-ulcinj.com\/blog\/#\/schema\/person\/dcab619c614d3038751c63bc2aadc06d","name":"ulqini","sameAs":["http:\/\/www.visit-ulcinj.com"],"url":"https:\/\/www.visit-ulcinj.com\/blog\/author\/admin\/"}]}},"jetpack_featured_media_url":"","jetpack_sharing_enabled":true,"jetpack_shortlink":"https:\/\/wp.me\/pe6lTn-6Rv","_links":{"self":[{"href":"https:\/\/www.visit-ulcinj.com\/blog\/wp-json\/wp\/v2\/posts\/26381"}],"collection":[{"href":"https:\/\/www.visit-ulcinj.com\/blog\/wp-json\/wp\/v2\/posts"}],"about":[{"href":"https:\/\/www.visit-ulcinj.com\/blog\/wp-json\/wp\/v2\/types\/post"}],"author":[{"embeddable":true,"href":"https:\/\/www.visit-ulcinj.com\/blog\/wp-json\/wp\/v2\/users\/1"}],"replies":[{"embeddable":true,"href":"https:\/\/www.visit-ulcinj.com\/blog\/wp-json\/wp\/v2\/comments?post=26381"}],"version-history":[{"count":0,"href":"https:\/\/www.visit-ulcinj.com\/blog\/wp-json\/wp\/v2\/posts\/26381\/revisions"}],"wp:attachment":[{"href":"https:\/\/www.visit-ulcinj.com\/blog\/wp-json\/wp\/v2\/media?parent=26381"}],"wp:term":[{"taxonomy":"category","embeddable":true,"href":"https:\/\/www.visit-ulcinj.com\/blog\/wp-json\/wp\/v2\/categories?post=26381"},{"taxonomy":"post_tag","embeddable":true,"href":"https:\/\/www.visit-ulcinj.com\/blog\/wp-json\/wp\/v2\/tags?post=26381"}],"curies":[{"name":"wp","href":"https:\/\/api.w.org\/{rel}","templated":true}]}}