{"id":26385,"date":"2009-10-12T09:36:17","date_gmt":"2009-10-12T07:36:17","guid":{"rendered":"http:\/\/www.visit-ulcinj.com\/blog\/?p=26385"},"modified":"2009-10-12T10:04:07","modified_gmt":"2009-10-12T08:04:07","slug":"edona-llalloshi-cdohere-me-milotin","status":"publish","type":"post","link":"https:\/\/www.visit-ulcinj.com\/blog\/2009\/10\/12\/edona-llalloshi-cdohere-me-milotin\/","title":{"rendered":"Edona Llalloshi \u00e7doher\u00eb me Milotin"},"content":{"rendered":"<address><strong><a href=\"http:\/\/www.visit-ulcinj.com\/blog\/wp-content\/uploads\/2009\/10\/Edona-Milot-Llalloshi.jpg\"><img loading=\"lazy\" class=\"alignleft size-full wp-image-26386\" title=\"Edona &amp; Milot Llalloshi\" src=\"http:\/\/www.visit-ulcinj.com\/blog\/wp-content\/uploads\/2009\/10\/Edona-Milot-Llalloshi.jpg\" alt=\"Edona &amp; Milot Llalloshi\" width=\"272\" height=\"387\" \/><\/a>Edona z\u00eb t\u00eb d\u00ebshmuar, ajo \u00ebsht\u00eb shnd\u00ebrruar tashm\u00eb n\u00eb nj\u00eb simbol t\u00eb nj\u00eb k\u00ebng\u00ebtareje serioze n\u00eb sken\u00eb, pa zhveshje e p\u00ebrdredhje vet\u00ebm e vet\u00ebm p\u00ebr t\u00eb arritur nj\u00eb afirmim<\/strong>.<\/address>\n<p>Edona deshi q\u00eb edhe v\u00ebllain e saj ta fus\u00eb emrin e quajtur estrad\u00eb, mbase edhe p\u00ebr t\u00eb pasur dik\u00eb t\u00eb familjes af\u00ebr n\u00eb udh\u00ebtimet e saj t\u00eb shpeshta q\u00eb b\u00ebn.<br \/>\nDhe k\u00ebshtu ndodh. Sa her\u00eb q\u00eb ka koncerte n\u00ebp\u00ebr vendet shqiptare, apo jasht\u00eb n\u00eb Diaspor\u00eb, me t\u00eb \u00ebsht\u00eb edhe Miloti, i v\u00ebllai q\u00eb p\u00ebrve\u00e7 e mb\u00ebshtet moralisht motr\u00ebn, n\u00eb momentet kur Edona lodhet duke k\u00ebnduar, ai e merr mikrofonin dhe ia thot\u00eb me disa k\u00ebng\u00eb, pasi z\u00ebri nuk i mungon.<br \/>\nMadje ai ka b\u00ebr\u00eb edhe nj\u00eb k\u00ebng\u00eb koh\u00eb m\u00eb par\u00eb, duke treguar vlerat e tij edhe si aktor, pasi luan rolin e djaloshit t\u00eb tradhtuar. Nd\u00ebrkoh\u00eb tash e disa vite sezonin veror e kalojn\u00eb n\u00eb Durr\u00ebs, ku \u00e7do mbr\u00ebmje arg\u00ebtojn\u00eb pushuesit atje.<br \/>\nEdhe k\u00ebt\u00eb muaj ajo bashk\u00eb me v\u00ebllain kan\u00eb t\u00eb rezervuara shum\u00eb mbr\u00ebmje muzikore n\u00ebp\u00ebr Evrop\u00eb. Tashm\u00eb n\u00eb reklamat p\u00ebr mbr\u00ebmjet muzikore nuk \u00ebsht\u00eb vet\u00ebm emri i saj, por edhe i Milotit. Si duket kjo gj\u00eb po ju shkon shum\u00eb mir\u00eb bashk\u00eb, k\u00ebshtu q\u00eb Miloti nuk do nj\u00ebher\u00eb p\u00ebr nj\u00ebher\u00eb t\u00eb b\u00ebj\u00eb karrier\u00eb vet\u00ebm. N\u00eb t\u00eb ardhmen nuk i dihet. Mbase!<\/p>\n<div><object width=\"580\" height=\"400\"><param name=\"movie\" value=\"http:\/\/www.dailymotion.com\/swf\/xn7ht&#038;autoPlay=1\"><\/param><param name=\"allowFullScreen\" value=\"true\"><\/param><param name=\"allowScriptAccess\" value=\"always\"><\/param><\/object><\/p>\n","protected":false},"excerpt":{"rendered":"<p>Edona z\u00eb t\u00eb d\u00ebshmuar, ajo \u00ebsht\u00eb shnd\u00ebrruar tashm\u00eb n\u00eb nj\u00eb simbol t\u00eb nj\u00eb k\u00ebng\u00ebtareje serioze n\u00eb sken\u00eb, pa zhveshje e p\u00ebrdredhje vet\u00ebm e vet\u00ebm p\u00ebr t\u00eb arritur nj\u00eb afirmim. Edona deshi q\u00eb edhe v\u00ebllain e saj ta fus\u00eb emrin e quajtur estrad\u00eb, mbase edhe p\u00ebr t\u00eb pasur dik\u00eb t\u00eb familjes af\u00ebr n\u00eb udh\u00ebtimet e saj [&hellip;]<\/p>\n","protected":false},"author":1,"featured_media":0,"comment_status":"open","ping_status":"closed","sticky":false,"template":"","format":"standard","meta":{"spay_email":"","jetpack_publicize_message":"","jetpack_is_tweetstorm":false,"jetpack_publicize_feature_enabled":true},"categories":[1],"tags":[224,12639],"jetpack_publicize_connections":[],"yoast_head":"<!-- This site is optimized with the Yoast SEO plugin v19.1 - https:\/\/yoast.com\/wordpress\/plugins\/seo\/ -->\n<title>Edona Llalloshi \u00e7doher\u00eb me Milotin - Lajme nga Ulqini<\/title>\n<meta name=\"description\" content=\"Edona z\u00eb t\u00eb d\u00ebshmuar, ajo \u00ebsht\u00eb shnd\u00ebrruar tashm\u00eb n\u00eb nj\u00eb simbol t\u00eb nj\u00eb k\u00ebng\u00ebtareje serioze n\u00eb sken\u00eb, pa zhveshje e p\u00ebrdredhje vet\u00ebm e vet\u00ebm p\u00ebr t\u00eb arritur\" \/>\n<meta name=\"robots\" content=\"index, follow, max-snippet:-1, max-image-preview:large, max-video-preview:-1\" \/>\n<link rel=\"canonical\" href=\"https:\/\/www.visit-ulcinj.com\/blog\/2009\/10\/12\/edona-llalloshi-cdohere-me-milotin\/\" \/>\n<meta property=\"og:locale\" content=\"en_US\" \/>\n<meta property=\"og:type\" content=\"article\" \/>\n<meta property=\"og:title\" content=\"Edona Llalloshi \u00e7doher\u00eb me Milotin - Lajme nga Ulqini\" \/>\n<meta property=\"og:description\" content=\"Edona z\u00eb t\u00eb d\u00ebshmuar, ajo \u00ebsht\u00eb shnd\u00ebrruar tashm\u00eb n\u00eb nj\u00eb simbol t\u00eb nj\u00eb k\u00ebng\u00ebtareje serioze n\u00eb sken\u00eb, pa zhveshje e p\u00ebrdredhje vet\u00ebm e vet\u00ebm p\u00ebr t\u00eb arritur\" \/>\n<meta property=\"og:url\" content=\"https:\/\/www.visit-ulcinj.com\/blog\/2009\/10\/12\/edona-llalloshi-cdohere-me-milotin\/\" \/>\n<meta property=\"og:site_name\" content=\"Lajme nga Ulqini\" \/>\n<meta property=\"article:published_time\" content=\"2009-10-12T07:36:17+00:00\" \/>\n<meta property=\"article:modified_time\" content=\"2009-10-12T08:04:07+00:00\" \/>\n<meta property=\"og:image\" content=\"http:\/\/www.visit-ulcinj.com\/blog\/wp-content\/uploads\/2009\/10\/Edona-Milot-Llalloshi.jpg\" \/>\n<meta name=\"twitter:label1\" content=\"Written by\" \/>\n\t<meta name=\"twitter:data1\" content=\"ulqini\" \/>\n\t<meta name=\"twitter:label2\" content=\"Est. reading time\" \/>\n\t<meta name=\"twitter:data2\" content=\"1 minute\" \/>\n<script type=\"application\/ld+json\" class=\"yoast-schema-graph\">{\"@context\":\"https:\/\/schema.org\",\"@graph\":[{\"@type\":\"WebSite\",\"@id\":\"https:\/\/www.visit-ulcinj.com\/blog\/#website\",\"url\":\"https:\/\/www.visit-ulcinj.com\/blog\/\",\"name\":\"Lajme nga Ulqini\",\"description\":\"Lajme,Vijesti,Ulqini,Ulqin,Crna Gora,Mali i Zi\",\"potentialAction\":[{\"@type\":\"SearchAction\",\"target\":{\"@type\":\"EntryPoint\",\"urlTemplate\":\"https:\/\/www.visit-ulcinj.com\/blog\/?s={search_term_string}\"},\"query-input\":\"required name=search_term_string\"}],\"inLanguage\":\"en-US\"},{\"@type\":\"ImageObject\",\"inLanguage\":\"en-US\",\"@id\":\"https:\/\/www.visit-ulcinj.com\/blog\/2009\/10\/12\/edona-llalloshi-cdohere-me-milotin\/#primaryimage\",\"url\":\"http:\/\/www.visit-ulcinj.com\/blog\/wp-content\/uploads\/2009\/10\/Edona-Milot-Llalloshi.jpg\",\"contentUrl\":\"http:\/\/www.visit-ulcinj.com\/blog\/wp-content\/uploads\/2009\/10\/Edona-Milot-Llalloshi.jpg\"},{\"@type\":\"WebPage\",\"@id\":\"https:\/\/www.visit-ulcinj.com\/blog\/2009\/10\/12\/edona-llalloshi-cdohere-me-milotin\/#webpage\",\"url\":\"https:\/\/www.visit-ulcinj.com\/blog\/2009\/10\/12\/edona-llalloshi-cdohere-me-milotin\/\",\"name\":\"Edona Llalloshi \u00e7doher\u00eb me Milotin - Lajme nga Ulqini\",\"isPartOf\":{\"@id\":\"https:\/\/www.visit-ulcinj.com\/blog\/#website\"},\"primaryImageOfPage\":{\"@id\":\"https:\/\/www.visit-ulcinj.com\/blog\/2009\/10\/12\/edona-llalloshi-cdohere-me-milotin\/#primaryimage\"},\"datePublished\":\"2009-10-12T07:36:17+00:00\",\"dateModified\":\"2009-10-12T08:04:07+00:00\",\"author\":{\"@id\":\"https:\/\/www.visit-ulcinj.com\/blog\/#\/schema\/person\/dcab619c614d3038751c63bc2aadc06d\"},\"description\":\"Edona z\u00eb t\u00eb d\u00ebshmuar, ajo \u00ebsht\u00eb shnd\u00ebrruar tashm\u00eb n\u00eb nj\u00eb simbol t\u00eb nj\u00eb k\u00ebng\u00ebtareje serioze n\u00eb sken\u00eb, pa zhveshje e p\u00ebrdredhje vet\u00ebm e vet\u00ebm p\u00ebr t\u00eb arritur\",\"breadcrumb\":{\"@id\":\"https:\/\/www.visit-ulcinj.com\/blog\/2009\/10\/12\/edona-llalloshi-cdohere-me-milotin\/#breadcrumb\"},\"inLanguage\":\"en-US\",\"potentialAction\":[{\"@type\":\"ReadAction\",\"target\":[\"https:\/\/www.visit-ulcinj.com\/blog\/2009\/10\/12\/edona-llalloshi-cdohere-me-milotin\/\"]}]},{\"@type\":\"BreadcrumbList\",\"@id\":\"https:\/\/www.visit-ulcinj.com\/blog\/2009\/10\/12\/edona-llalloshi-cdohere-me-milotin\/#breadcrumb\",\"itemListElement\":[{\"@type\":\"ListItem\",\"position\":1,\"name\":\"Edona Llalloshi \u00e7doher\u00eb me Milotin\"}]},{\"@type\":\"Person\",\"@id\":\"https:\/\/www.visit-ulcinj.com\/blog\/#\/schema\/person\/dcab619c614d3038751c63bc2aadc06d\",\"name\":\"ulqini\",\"sameAs\":[\"http:\/\/www.visit-ulcinj.com\"],\"url\":\"https:\/\/www.visit-ulcinj.com\/blog\/author\/admin\/\"}]}<\/script>\n<!-- \/ Yoast SEO plugin. -->","yoast_head_json":{"title":"Edona Llalloshi \u00e7doher\u00eb me Milotin - Lajme nga Ulqini","description":"Edona z\u00eb t\u00eb d\u00ebshmuar, ajo \u00ebsht\u00eb shnd\u00ebrruar tashm\u00eb n\u00eb nj\u00eb simbol t\u00eb nj\u00eb k\u00ebng\u00ebtareje serioze n\u00eb sken\u00eb, pa zhveshje e p\u00ebrdredhje vet\u00ebm e vet\u00ebm p\u00ebr t\u00eb arritur","robots":{"index":"index","follow":"follow","max-snippet":"max-snippet:-1","max-image-preview":"max-image-preview:large","max-video-preview":"max-video-preview:-1"},"canonical":"https:\/\/www.visit-ulcinj.com\/blog\/2009\/10\/12\/edona-llalloshi-cdohere-me-milotin\/","og_locale":"en_US","og_type":"article","og_title":"Edona Llalloshi \u00e7doher\u00eb me Milotin - Lajme nga Ulqini","og_description":"Edona z\u00eb t\u00eb d\u00ebshmuar, ajo \u00ebsht\u00eb shnd\u00ebrruar tashm\u00eb n\u00eb nj\u00eb simbol t\u00eb nj\u00eb k\u00ebng\u00ebtareje serioze n\u00eb sken\u00eb, pa zhveshje e p\u00ebrdredhje vet\u00ebm e vet\u00ebm p\u00ebr t\u00eb arritur","og_url":"https:\/\/www.visit-ulcinj.com\/blog\/2009\/10\/12\/edona-llalloshi-cdohere-me-milotin\/","og_site_name":"Lajme nga Ulqini","article_published_time":"2009-10-12T07:36:17+00:00","article_modified_time":"2009-10-12T08:04:07+00:00","og_image":[{"url":"http:\/\/www.visit-ulcinj.com\/blog\/wp-content\/uploads\/2009\/10\/Edona-Milot-Llalloshi.jpg"}],"twitter_misc":{"Written by":"ulqini","Est. reading time":"1 minute"},"schema":{"@context":"https:\/\/schema.org","@graph":[{"@type":"WebSite","@id":"https:\/\/www.visit-ulcinj.com\/blog\/#website","url":"https:\/\/www.visit-ulcinj.com\/blog\/","name":"Lajme nga Ulqini","description":"Lajme,Vijesti,Ulqini,Ulqin,Crna Gora,Mali i Zi","potentialAction":[{"@type":"SearchAction","target":{"@type":"EntryPoint","urlTemplate":"https:\/\/www.visit-ulcinj.com\/blog\/?s={search_term_string}"},"query-input":"required name=search_term_string"}],"inLanguage":"en-US"},{"@type":"ImageObject","inLanguage":"en-US","@id":"https:\/\/www.visit-ulcinj.com\/blog\/2009\/10\/12\/edona-llalloshi-cdohere-me-milotin\/#primaryimage","url":"http:\/\/www.visit-ulcinj.com\/blog\/wp-content\/uploads\/2009\/10\/Edona-Milot-Llalloshi.jpg","contentUrl":"http:\/\/www.visit-ulcinj.com\/blog\/wp-content\/uploads\/2009\/10\/Edona-Milot-Llalloshi.jpg"},{"@type":"WebPage","@id":"https:\/\/www.visit-ulcinj.com\/blog\/2009\/10\/12\/edona-llalloshi-cdohere-me-milotin\/#webpage","url":"https:\/\/www.visit-ulcinj.com\/blog\/2009\/10\/12\/edona-llalloshi-cdohere-me-milotin\/","name":"Edona Llalloshi \u00e7doher\u00eb me Milotin - Lajme nga Ulqini","isPartOf":{"@id":"https:\/\/www.visit-ulcinj.com\/blog\/#website"},"primaryImageOfPage":{"@id":"https:\/\/www.visit-ulcinj.com\/blog\/2009\/10\/12\/edona-llalloshi-cdohere-me-milotin\/#primaryimage"},"datePublished":"2009-10-12T07:36:17+00:00","dateModified":"2009-10-12T08:04:07+00:00","author":{"@id":"https:\/\/www.visit-ulcinj.com\/blog\/#\/schema\/person\/dcab619c614d3038751c63bc2aadc06d"},"description":"Edona z\u00eb t\u00eb d\u00ebshmuar, ajo \u00ebsht\u00eb shnd\u00ebrruar tashm\u00eb n\u00eb nj\u00eb simbol t\u00eb nj\u00eb k\u00ebng\u00ebtareje serioze n\u00eb sken\u00eb, pa zhveshje e p\u00ebrdredhje vet\u00ebm e vet\u00ebm p\u00ebr t\u00eb arritur","breadcrumb":{"@id":"https:\/\/www.visit-ulcinj.com\/blog\/2009\/10\/12\/edona-llalloshi-cdohere-me-milotin\/#breadcrumb"},"inLanguage":"en-US","potentialAction":[{"@type":"ReadAction","target":["https:\/\/www.visit-ulcinj.com\/blog\/2009\/10\/12\/edona-llalloshi-cdohere-me-milotin\/"]}]},{"@type":"BreadcrumbList","@id":"https:\/\/www.visit-ulcinj.com\/blog\/2009\/10\/12\/edona-llalloshi-cdohere-me-milotin\/#breadcrumb","itemListElement":[{"@type":"ListItem","position":1,"name":"Edona Llalloshi \u00e7doher\u00eb me Milotin"}]},{"@type":"Person","@id":"https:\/\/www.visit-ulcinj.com\/blog\/#\/schema\/person\/dcab619c614d3038751c63bc2aadc06d","name":"ulqini","sameAs":["http:\/\/www.visit-ulcinj.com"],"url":"https:\/\/www.visit-ulcinj.com\/blog\/author\/admin\/"}]}},"jetpack_featured_media_url":"","jetpack_sharing_enabled":true,"jetpack_shortlink":"https:\/\/wp.me\/pe6lTn-6Rz","_links":{"self":[{"href":"https:\/\/www.visit-ulcinj.com\/blog\/wp-json\/wp\/v2\/posts\/26385"}],"collection":[{"href":"https:\/\/www.visit-ulcinj.com\/blog\/wp-json\/wp\/v2\/posts"}],"about":[{"href":"https:\/\/www.visit-ulcinj.com\/blog\/wp-json\/wp\/v2\/types\/post"}],"author":[{"embeddable":true,"href":"https:\/\/www.visit-ulcinj.com\/blog\/wp-json\/wp\/v2\/users\/1"}],"replies":[{"embeddable":true,"href":"https:\/\/www.visit-ulcinj.com\/blog\/wp-json\/wp\/v2\/comments?post=26385"}],"version-history":[{"count":0,"href":"https:\/\/www.visit-ulcinj.com\/blog\/wp-json\/wp\/v2\/posts\/26385\/revisions"}],"wp:attachment":[{"href":"https:\/\/www.visit-ulcinj.com\/blog\/wp-json\/wp\/v2\/media?parent=26385"}],"wp:term":[{"taxonomy":"category","embeddable":true,"href":"https:\/\/www.visit-ulcinj.com\/blog\/wp-json\/wp\/v2\/categories?post=26385"},{"taxonomy":"post_tag","embeddable":true,"href":"https:\/\/www.visit-ulcinj.com\/blog\/wp-json\/wp\/v2\/tags?post=26385"}],"curies":[{"name":"wp","href":"https:\/\/api.w.org\/{rel}","templated":true}]}}