{"id":26410,"date":"2009-10-12T22:57:29","date_gmt":"2009-10-12T20:57:29","guid":{"rendered":"http:\/\/www.visit-ulcinj.com\/blog\/?p=26410"},"modified":"2009-10-13T07:06:44","modified_gmt":"2009-10-13T05:06:44","slug":"gjukanoviq-vendosja-e-marredhenieve-diplomatikeprocedure-qe-ka-nje-dinamike","status":"publish","type":"post","link":"https:\/\/www.visit-ulcinj.com\/blog\/2009\/10\/12\/gjukanoviq-vendosja-e-marredhenieve-diplomatikeprocedure-qe-ka-nje-dinamike\/","title":{"rendered":"Gjukanoviq; vendosja e marr\u00ebdh\u00ebnieve diplomatike me Kosov\u00ebn,Procedur\u00eb q\u00eb ka nj\u00eb dinamik\u00eb"},"content":{"rendered":"<p><a href=\"http:\/\/www.visit-ulcinj.com\/blog\/wp-content\/uploads\/2009\/10\/Milo-Gjukanoviq.jpg\"><img loading=\"lazy\" class=\"alignleft size-full wp-image-26411\" title=\"Milo-Gjukanoviq\" src=\"http:\/\/www.visit-ulcinj.com\/blog\/wp-content\/uploads\/2009\/10\/Milo-Gjukanoviq.jpg\" alt=\"Milo-Gjukanoviq\" width=\"570\" height=\"350\" \/><\/a>Podgoric\u00eb \u2013 Kryeministri i Malit t\u00eb Zi, Millo Gjukanoviq, ka th\u00ebn\u00eb se vendosja e marr\u00ebdh\u00ebnieve diplomatike me Republik\u00ebn e Kosov\u00ebs n\u00eb nivel ambasador\u00ebsh \u00ebsht\u00eb \u201cnj\u00eb procedur\u00eb q\u00eb ka dinamik\u00eb\u201d, duke shtuar se Mali i Zi ka pasur prioritete t\u00eb tjera nd\u00ebrkomb\u00ebtare dhe se edhe kjo \u00e7\u00ebshtje do t\u00eb vij\u00eb s\u00eb shpejti n\u00eb rend dite\u201d.<br \/>\nAi ka hedhur posht\u00eb z\u00ebrat se gjat\u00eb q\u00ebndrimit t\u00eb tij n\u00eb Nju Jork, n\u00eb kuad\u00ebr t\u00eb zhvillimit t\u00eb Asambles\u00eb s\u00eb P\u00ebrgjithshme t\u00eb Kombeve t\u00eb Bashkuara ku ai ka marr\u00eb pjes\u00eb, ka pasur takim zyrtar me Presidentin e Republik\u00ebs s\u00eb Kosov\u00ebs, dr. Fatmir Sejdiun.<br \/>\nGjukanoviq ka sqaruar se nuk ka arsye t\u00eb mohoj\u00eb takimin me Presidentin e Kosov\u00ebs, duke rikujtuar se Mali i Zi e ka njohur Kosov\u00ebn.<br \/>\n\u201cUn\u00eb nuk e kam zakon t\u00eb informoj opinionin mbi takimet n\u00eb kalim, n\u00eb t\u00eb cilat e p\u00ebrsh\u00ebndesim n\u00eb m\u00ebnyr\u00eb njer\u00ebzore nj\u00ebri tjetrin dhe e pyesim p\u00ebr gjendjen sh\u00ebndet\u00ebsore. Nuk e mohoj se edhe kjo \u00ebsht\u00eb politikisht legjitime q\u00eb t\u2019i prazantohet opinionit si kontakt\u201d, ka sqaruar ai.<br \/>\nMali i Zi e ka njohur pavar\u00ebsin\u00eb e Republik\u00ebs s\u00eb Kosov\u00ebs m\u00eb 9 tetor t\u00eb vitit t\u00eb kaluar, po t\u00eb nj\u00ebjt\u00ebn dit\u00eb kur edhe ish-Republika Jugosllave e Maqedonis\u00eb.<\/p>\n<p><strong>Kohapress<\/strong><\/p>\n<p><strong><!--YouTube Error: bad URL entered--><br \/>\n<\/strong><\/p>\n","protected":false},"excerpt":{"rendered":"<p>Podgoric\u00eb \u2013 Kryeministri i Malit t\u00eb Zi, Millo Gjukanoviq, ka th\u00ebn\u00eb se vendosja e marr\u00ebdh\u00ebnieve diplomatike me Republik\u00ebn e Kosov\u00ebs n\u00eb nivel ambasador\u00ebsh \u00ebsht\u00eb \u201cnj\u00eb procedur\u00eb q\u00eb ka dinamik\u00eb\u201d, duke shtuar se Mali i Zi ka pasur prioritete t\u00eb tjera nd\u00ebrkomb\u00ebtare dhe se edhe kjo \u00e7\u00ebshtje do t\u00eb vij\u00eb s\u00eb shpejti n\u00eb rend dite\u201d. Ai [&hellip;]<\/p>\n","protected":false},"author":1,"featured_media":0,"comment_status":"open","ping_status":"closed","sticky":false,"template":"","format":"standard","meta":{"spay_email":"","jetpack_publicize_message":"","jetpack_is_tweetstorm":false,"jetpack_publicize_feature_enabled":true},"categories":[6],"tags":[2671,12644,2806],"jetpack_publicize_connections":[],"yoast_head":"<!-- This site is optimized with the Yoast SEO plugin v19.1 - https:\/\/yoast.com\/wordpress\/plugins\/seo\/ -->\n<title>Gjukanoviq; vendosja e marr\u00ebdh\u00ebnieve diplomatike me Kosov\u00ebn,Procedur\u00eb q\u00eb ka nj\u00eb dinamik\u00eb - Lajme nga Ulqini<\/title>\n<meta name=\"description\" content=\"Podgoric\u00eb \u2013 Kryeministri i Malit t\u00eb Zi, Millo Gjukanoviq, ka th\u00ebn\u00eb se vendosja e marr\u00ebdh\u00ebnieve diplomatike me Republik\u00ebn e Kosov\u00ebs n\u00eb nivel ambasador\u00ebsh\" \/>\n<meta name=\"robots\" content=\"index, follow, max-snippet:-1, max-image-preview:large, max-video-preview:-1\" \/>\n<link rel=\"canonical\" href=\"https:\/\/www.visit-ulcinj.com\/blog\/2009\/10\/12\/gjukanoviq-vendosja-e-marredhenieve-diplomatikeprocedure-qe-ka-nje-dinamike\/\" \/>\n<meta property=\"og:locale\" content=\"en_US\" \/>\n<meta property=\"og:type\" content=\"article\" \/>\n<meta property=\"og:title\" content=\"Gjukanoviq; vendosja e marr\u00ebdh\u00ebnieve diplomatike me Kosov\u00ebn,Procedur\u00eb q\u00eb ka nj\u00eb dinamik\u00eb - Lajme nga Ulqini\" \/>\n<meta property=\"og:description\" content=\"Podgoric\u00eb \u2013 Kryeministri i Malit t\u00eb Zi, Millo Gjukanoviq, ka th\u00ebn\u00eb se vendosja e marr\u00ebdh\u00ebnieve diplomatike me Republik\u00ebn e Kosov\u00ebs n\u00eb nivel ambasador\u00ebsh\" \/>\n<meta property=\"og:url\" content=\"https:\/\/www.visit-ulcinj.com\/blog\/2009\/10\/12\/gjukanoviq-vendosja-e-marredhenieve-diplomatikeprocedure-qe-ka-nje-dinamike\/\" \/>\n<meta property=\"og:site_name\" content=\"Lajme nga Ulqini\" \/>\n<meta property=\"article:published_time\" content=\"2009-10-12T20:57:29+00:00\" \/>\n<meta property=\"article:modified_time\" content=\"2009-10-13T05:06:44+00:00\" \/>\n<meta property=\"og:image\" content=\"http:\/\/www.visit-ulcinj.com\/blog\/wp-content\/uploads\/2009\/10\/Milo-Gjukanoviq.jpg\" \/>\n<meta name=\"twitter:label1\" content=\"Written by\" \/>\n\t<meta name=\"twitter:data1\" content=\"ulqini\" \/>\n\t<meta name=\"twitter:label2\" content=\"Est. reading time\" \/>\n\t<meta name=\"twitter:data2\" content=\"1 minute\" \/>\n<script type=\"application\/ld+json\" class=\"yoast-schema-graph\">{\"@context\":\"https:\/\/schema.org\",\"@graph\":[{\"@type\":\"WebSite\",\"@id\":\"https:\/\/www.visit-ulcinj.com\/blog\/#website\",\"url\":\"https:\/\/www.visit-ulcinj.com\/blog\/\",\"name\":\"Lajme nga Ulqini\",\"description\":\"Lajme,Vijesti,Ulqini,Ulqin,Crna Gora,Mali i Zi\",\"potentialAction\":[{\"@type\":\"SearchAction\",\"target\":{\"@type\":\"EntryPoint\",\"urlTemplate\":\"https:\/\/www.visit-ulcinj.com\/blog\/?s={search_term_string}\"},\"query-input\":\"required name=search_term_string\"}],\"inLanguage\":\"en-US\"},{\"@type\":\"ImageObject\",\"inLanguage\":\"en-US\",\"@id\":\"https:\/\/www.visit-ulcinj.com\/blog\/2009\/10\/12\/gjukanoviq-vendosja-e-marredhenieve-diplomatikeprocedure-qe-ka-nje-dinamike\/#primaryimage\",\"url\":\"https:\/\/www.visit-ulcinj.com\/blog\/wp-content\/uploads\/2009\/10\/Milo-Gjukanoviq.jpg\",\"contentUrl\":\"https:\/\/www.visit-ulcinj.com\/blog\/wp-content\/uploads\/2009\/10\/Milo-Gjukanoviq.jpg\",\"width\":\"470\",\"height\":\"278\"},{\"@type\":\"WebPage\",\"@id\":\"https:\/\/www.visit-ulcinj.com\/blog\/2009\/10\/12\/gjukanoviq-vendosja-e-marredhenieve-diplomatikeprocedure-qe-ka-nje-dinamike\/#webpage\",\"url\":\"https:\/\/www.visit-ulcinj.com\/blog\/2009\/10\/12\/gjukanoviq-vendosja-e-marredhenieve-diplomatikeprocedure-qe-ka-nje-dinamike\/\",\"name\":\"Gjukanoviq; vendosja e marr\u00ebdh\u00ebnieve diplomatike me Kosov\u00ebn,Procedur\u00eb q\u00eb ka nj\u00eb dinamik\u00eb - Lajme nga Ulqini\",\"isPartOf\":{\"@id\":\"https:\/\/www.visit-ulcinj.com\/blog\/#website\"},\"primaryImageOfPage\":{\"@id\":\"https:\/\/www.visit-ulcinj.com\/blog\/2009\/10\/12\/gjukanoviq-vendosja-e-marredhenieve-diplomatikeprocedure-qe-ka-nje-dinamike\/#primaryimage\"},\"datePublished\":\"2009-10-12T20:57:29+00:00\",\"dateModified\":\"2009-10-13T05:06:44+00:00\",\"author\":{\"@id\":\"https:\/\/www.visit-ulcinj.com\/blog\/#\/schema\/person\/dcab619c614d3038751c63bc2aadc06d\"},\"description\":\"Podgoric\u00eb \u2013 Kryeministri i Malit t\u00eb Zi, Millo Gjukanoviq, ka th\u00ebn\u00eb se vendosja e marr\u00ebdh\u00ebnieve diplomatike me Republik\u00ebn e Kosov\u00ebs n\u00eb nivel ambasador\u00ebsh\",\"breadcrumb\":{\"@id\":\"https:\/\/www.visit-ulcinj.com\/blog\/2009\/10\/12\/gjukanoviq-vendosja-e-marredhenieve-diplomatikeprocedure-qe-ka-nje-dinamike\/#breadcrumb\"},\"inLanguage\":\"en-US\",\"potentialAction\":[{\"@type\":\"ReadAction\",\"target\":[\"https:\/\/www.visit-ulcinj.com\/blog\/2009\/10\/12\/gjukanoviq-vendosja-e-marredhenieve-diplomatikeprocedure-qe-ka-nje-dinamike\/\"]}]},{\"@type\":\"BreadcrumbList\",\"@id\":\"https:\/\/www.visit-ulcinj.com\/blog\/2009\/10\/12\/gjukanoviq-vendosja-e-marredhenieve-diplomatikeprocedure-qe-ka-nje-dinamike\/#breadcrumb\",\"itemListElement\":[{\"@type\":\"ListItem\",\"position\":1,\"name\":\"Gjukanoviq; vendosja e marr\u00ebdh\u00ebnieve diplomatike me Kosov\u00ebn,Procedur\u00eb q\u00eb ka nj\u00eb dinamik\u00eb\"}]},{\"@type\":\"Person\",\"@id\":\"https:\/\/www.visit-ulcinj.com\/blog\/#\/schema\/person\/dcab619c614d3038751c63bc2aadc06d\",\"name\":\"ulqini\",\"sameAs\":[\"http:\/\/www.visit-ulcinj.com\"],\"url\":\"https:\/\/www.visit-ulcinj.com\/blog\/author\/admin\/\"}]}<\/script>\n<!-- \/ Yoast SEO plugin. -->","yoast_head_json":{"title":"Gjukanoviq; vendosja e marr\u00ebdh\u00ebnieve diplomatike me Kosov\u00ebn,Procedur\u00eb q\u00eb ka nj\u00eb dinamik\u00eb - Lajme nga Ulqini","description":"Podgoric\u00eb \u2013 Kryeministri i Malit t\u00eb Zi, Millo Gjukanoviq, ka th\u00ebn\u00eb se vendosja e marr\u00ebdh\u00ebnieve diplomatike me Republik\u00ebn e Kosov\u00ebs n\u00eb nivel ambasador\u00ebsh","robots":{"index":"index","follow":"follow","max-snippet":"max-snippet:-1","max-image-preview":"max-image-preview:large","max-video-preview":"max-video-preview:-1"},"canonical":"https:\/\/www.visit-ulcinj.com\/blog\/2009\/10\/12\/gjukanoviq-vendosja-e-marredhenieve-diplomatikeprocedure-qe-ka-nje-dinamike\/","og_locale":"en_US","og_type":"article","og_title":"Gjukanoviq; vendosja e marr\u00ebdh\u00ebnieve diplomatike me Kosov\u00ebn,Procedur\u00eb q\u00eb ka nj\u00eb dinamik\u00eb - Lajme nga Ulqini","og_description":"Podgoric\u00eb \u2013 Kryeministri i Malit t\u00eb Zi, Millo Gjukanoviq, ka th\u00ebn\u00eb se vendosja e marr\u00ebdh\u00ebnieve diplomatike me Republik\u00ebn e Kosov\u00ebs n\u00eb nivel ambasador\u00ebsh","og_url":"https:\/\/www.visit-ulcinj.com\/blog\/2009\/10\/12\/gjukanoviq-vendosja-e-marredhenieve-diplomatikeprocedure-qe-ka-nje-dinamike\/","og_site_name":"Lajme nga Ulqini","article_published_time":"2009-10-12T20:57:29+00:00","article_modified_time":"2009-10-13T05:06:44+00:00","og_image":[{"url":"http:\/\/www.visit-ulcinj.com\/blog\/wp-content\/uploads\/2009\/10\/Milo-Gjukanoviq.jpg"}],"twitter_misc":{"Written by":"ulqini","Est. reading time":"1 minute"},"schema":{"@context":"https:\/\/schema.org","@graph":[{"@type":"WebSite","@id":"https:\/\/www.visit-ulcinj.com\/blog\/#website","url":"https:\/\/www.visit-ulcinj.com\/blog\/","name":"Lajme nga Ulqini","description":"Lajme,Vijesti,Ulqini,Ulqin,Crna Gora,Mali i Zi","potentialAction":[{"@type":"SearchAction","target":{"@type":"EntryPoint","urlTemplate":"https:\/\/www.visit-ulcinj.com\/blog\/?s={search_term_string}"},"query-input":"required name=search_term_string"}],"inLanguage":"en-US"},{"@type":"ImageObject","inLanguage":"en-US","@id":"https:\/\/www.visit-ulcinj.com\/blog\/2009\/10\/12\/gjukanoviq-vendosja-e-marredhenieve-diplomatikeprocedure-qe-ka-nje-dinamike\/#primaryimage","url":"https:\/\/www.visit-ulcinj.com\/blog\/wp-content\/uploads\/2009\/10\/Milo-Gjukanoviq.jpg","contentUrl":"https:\/\/www.visit-ulcinj.com\/blog\/wp-content\/uploads\/2009\/10\/Milo-Gjukanoviq.jpg","width":"470","height":"278"},{"@type":"WebPage","@id":"https:\/\/www.visit-ulcinj.com\/blog\/2009\/10\/12\/gjukanoviq-vendosja-e-marredhenieve-diplomatikeprocedure-qe-ka-nje-dinamike\/#webpage","url":"https:\/\/www.visit-ulcinj.com\/blog\/2009\/10\/12\/gjukanoviq-vendosja-e-marredhenieve-diplomatikeprocedure-qe-ka-nje-dinamike\/","name":"Gjukanoviq; vendosja e marr\u00ebdh\u00ebnieve diplomatike me Kosov\u00ebn,Procedur\u00eb q\u00eb ka nj\u00eb dinamik\u00eb - Lajme nga Ulqini","isPartOf":{"@id":"https:\/\/www.visit-ulcinj.com\/blog\/#website"},"primaryImageOfPage":{"@id":"https:\/\/www.visit-ulcinj.com\/blog\/2009\/10\/12\/gjukanoviq-vendosja-e-marredhenieve-diplomatikeprocedure-qe-ka-nje-dinamike\/#primaryimage"},"datePublished":"2009-10-12T20:57:29+00:00","dateModified":"2009-10-13T05:06:44+00:00","author":{"@id":"https:\/\/www.visit-ulcinj.com\/blog\/#\/schema\/person\/dcab619c614d3038751c63bc2aadc06d"},"description":"Podgoric\u00eb \u2013 Kryeministri i Malit t\u00eb Zi, Millo Gjukanoviq, ka th\u00ebn\u00eb se vendosja e marr\u00ebdh\u00ebnieve diplomatike me Republik\u00ebn e Kosov\u00ebs n\u00eb nivel ambasador\u00ebsh","breadcrumb":{"@id":"https:\/\/www.visit-ulcinj.com\/blog\/2009\/10\/12\/gjukanoviq-vendosja-e-marredhenieve-diplomatikeprocedure-qe-ka-nje-dinamike\/#breadcrumb"},"inLanguage":"en-US","potentialAction":[{"@type":"ReadAction","target":["https:\/\/www.visit-ulcinj.com\/blog\/2009\/10\/12\/gjukanoviq-vendosja-e-marredhenieve-diplomatikeprocedure-qe-ka-nje-dinamike\/"]}]},{"@type":"BreadcrumbList","@id":"https:\/\/www.visit-ulcinj.com\/blog\/2009\/10\/12\/gjukanoviq-vendosja-e-marredhenieve-diplomatikeprocedure-qe-ka-nje-dinamike\/#breadcrumb","itemListElement":[{"@type":"ListItem","position":1,"name":"Gjukanoviq; vendosja e marr\u00ebdh\u00ebnieve diplomatike me Kosov\u00ebn,Procedur\u00eb q\u00eb ka nj\u00eb dinamik\u00eb"}]},{"@type":"Person","@id":"https:\/\/www.visit-ulcinj.com\/blog\/#\/schema\/person\/dcab619c614d3038751c63bc2aadc06d","name":"ulqini","sameAs":["http:\/\/www.visit-ulcinj.com"],"url":"https:\/\/www.visit-ulcinj.com\/blog\/author\/admin\/"}]}},"jetpack_featured_media_url":"","jetpack_sharing_enabled":true,"jetpack_shortlink":"https:\/\/wp.me\/pe6lTn-6RY","_links":{"self":[{"href":"https:\/\/www.visit-ulcinj.com\/blog\/wp-json\/wp\/v2\/posts\/26410"}],"collection":[{"href":"https:\/\/www.visit-ulcinj.com\/blog\/wp-json\/wp\/v2\/posts"}],"about":[{"href":"https:\/\/www.visit-ulcinj.com\/blog\/wp-json\/wp\/v2\/types\/post"}],"author":[{"embeddable":true,"href":"https:\/\/www.visit-ulcinj.com\/blog\/wp-json\/wp\/v2\/users\/1"}],"replies":[{"embeddable":true,"href":"https:\/\/www.visit-ulcinj.com\/blog\/wp-json\/wp\/v2\/comments?post=26410"}],"version-history":[{"count":0,"href":"https:\/\/www.visit-ulcinj.com\/blog\/wp-json\/wp\/v2\/posts\/26410\/revisions"}],"wp:attachment":[{"href":"https:\/\/www.visit-ulcinj.com\/blog\/wp-json\/wp\/v2\/media?parent=26410"}],"wp:term":[{"taxonomy":"category","embeddable":true,"href":"https:\/\/www.visit-ulcinj.com\/blog\/wp-json\/wp\/v2\/categories?post=26410"},{"taxonomy":"post_tag","embeddable":true,"href":"https:\/\/www.visit-ulcinj.com\/blog\/wp-json\/wp\/v2\/tags?post=26410"}],"curies":[{"name":"wp","href":"https:\/\/api.w.org\/{rel}","templated":true}]}}