{"id":2644,"date":"2008-08-22T09:42:05","date_gmt":"2008-08-22T14:42:05","guid":{"rendered":"http:\/\/www.visit-ulcinj.com\/blog\/?p=2644"},"modified":"2008-08-22T09:42:05","modified_gmt":"2008-08-22T14:42:05","slug":"arrestohen-5-shqiptare-te-fluturimit-te-shqiponjes","status":"publish","type":"post","link":"https:\/\/www.visit-ulcinj.com\/blog\/2008\/08\/22\/arrestohen-5-shqiptare-te-fluturimit-te-shqiponjes\/","title":{"rendered":"Arrestohen 5 shqiptar\u00eb t\u00eb &#8220;Fluturimit t\u00eb shqiponj\u00ebs&#8221;"},"content":{"rendered":"<p><a href=\"http:\/\/www.voafanti.com\/gate\/big5\/www.voanews.com\/serbian\/images\/Dugo_planirana_akcija_Orlov_let_Hapsenje_osumnjicenih.jpg\"><img loading=\"lazy\" class=\"alignleft\" title=\"P\u00ebrs\u00ebri arrestohen shqiptar\u00ebt e Fluturimit t\u00eb shqiponj\u00ebs\" src=\"http:\/\/www.voafanti.com\/gate\/big5\/www.voanews.com\/serbian\/images\/Dugo_planirana_akcija_Orlov_let_Hapsenje_osumnjicenih.jpg\" alt=\"\" width=\"210\" height=\"167\" \/><\/a>Policia malazeze t\u00eb enjten rreth or\u00ebs 22:00 arrestoi pes\u00eb shqiptar\u00ebt t\u00eb cil\u00ebt ishin d\u00ebnuar p\u00ebr organizimin e sulmeve terroriste n\u00eb Mal\u00ebsi e t\u00eb cil\u00ebt pas shqyrtimit t\u00eb d\u00ebnimit ishin liruar t\u00eb mbrohen n\u00eb liri.<br \/>\nDuke vepruar sipas urdhrit t\u00eb Gjyqit t\u00eb Lart\u00eb t\u00eb Podgoric\u00ebs, policia e Tuzit mbr\u00ebm\u00eb arrestoi Anton e Viktor Sinishtaj, si dhe kush\u00ebrinjt\u00eb Kol\u00eb, Rrok dhe Pjet\u00ebr Dedvukaj.<br \/>\nKy vendim erdhi pasi prokurorja speciale p\u00ebr krim t\u00eb organizuar Stojanka Radoviq, u ankua p\u00ebr rrezikun q\u00eb t\u00eb d\u00ebnuarit mund t\u00eb largohen nga Mali i Zi. K\u00ebrkes\u00ebn e till\u00eb e ka p\u00ebrkrahur edhe Gjyqi i Lart\u00eb i Apelit n\u00eb Podgoric\u00eb.<br \/>\nMir\u00ebpo, m\u00ebngjesin e sot\u00ebm, p\u00ebrs\u00ebri u arrestuan edhe pjes\u00ebtar\u00ebt tjer\u00eb: Gjon Dedvukaj, Zef Berishaj, Sokol Ivanaj, Gjergj Ivanaj dhe Viktor Dreshaj.<a href=\"http:\/\/www.novine.ca\/arhiva\/2006\/1084\/slike\/PODGORICA%20-%20TERORIZAM%20-%20UHAPSENO%2012%20ALBANACA2%20-%2010-9-06.jpg\"><img loading=\"lazy\" class=\"alignright\" src=\"http:\/\/www.novine.ca\/arhiva\/2006\/1084\/slike\/PODGORICA%20-%20TERORIZAM%20-%20UHAPSENO%2012%20ALBANACA2%20-%2010-9-06.jpg\" alt=\"\" width=\"112\" height=\"96\" \/><\/a><\/p>\n<p>T\u00eb d\u00ebnuarit sipas t\u00eb p\u00ebrditshmes \u201cVijesti\u201d u dor\u00ebzuan pa kurrfar\u00eb rezistence, edhe pse si\u00e7 thuhet ata ishin p\u00ebrgatitur n\u00eb rast se ata do shfaqin far\u00eb rezistence.<br \/>\nP\u00ebrndryshe 17 shqiptar\u00ebt e arrestuar n\u00eb aksionin policor t\u00eb quajtur \u201cFluturimi i Shqiponj\u00ebs\u201d para dhjet\u00eb dit\u00ebsh u d\u00ebnuan me 51 vjet burg.<br \/>\n<strong>Burimi \/ RTK \/ Telegrafi <\/strong><\/p>\n","protected":false},"excerpt":{"rendered":"<p><img loading=\"lazy\" class=\"alignleft\" title=\"P\u00ebrs\u00ebri arrestohen shqiptar\u00ebt e Fluturimit t\u00eb shqiponj\u00ebs\" src=\"http:\/\/www.voafanti.com\/gate\/big5\/www.voanews.com\/serbian\/images\/Dugo_planirana_akcija_Orlov_let_Hapsenje_osumnjicenih.jpg\" alt=\"\" width=\"140\" height=\"140\" \/><\/p>\n","protected":false},"author":1,"featured_media":0,"comment_status":"open","ping_status":"closed","sticky":false,"template":"","format":"standard","meta":{"spay_email":"","jetpack_publicize_message":"","jetpack_is_tweetstorm":false,"jetpack_publicize_feature_enabled":true},"categories":[1,6,12],"tags":[4403,4404],"jetpack_publicize_connections":[],"yoast_head":"<!-- This site is optimized with the Yoast SEO plugin v19.1 - https:\/\/yoast.com\/wordpress\/plugins\/seo\/ -->\n<title>Arrestohen 5 shqiptar\u00eb t\u00eb &quot;Fluturimit t\u00eb shqiponj\u00ebs&quot; - Lajme nga Ulqini<\/title>\n<meta name=\"robots\" content=\"index, follow, max-snippet:-1, max-image-preview:large, max-video-preview:-1\" \/>\n<link rel=\"canonical\" href=\"https:\/\/www.visit-ulcinj.com\/blog\/2008\/08\/22\/arrestohen-5-shqiptare-te-fluturimit-te-shqiponjes\/\" \/>\n<meta property=\"og:locale\" content=\"en_US\" \/>\n<meta property=\"og:type\" content=\"article\" \/>\n<meta property=\"og:title\" content=\"Arrestohen 5 shqiptar\u00eb t\u00eb &quot;Fluturimit t\u00eb shqiponj\u00ebs&quot; - Lajme nga Ulqini\" \/>\n<meta property=\"og:url\" content=\"https:\/\/www.visit-ulcinj.com\/blog\/2008\/08\/22\/arrestohen-5-shqiptare-te-fluturimit-te-shqiponjes\/\" \/>\n<meta property=\"og:site_name\" content=\"Lajme nga Ulqini\" \/>\n<meta property=\"article:published_time\" content=\"2008-08-22T14:42:05+00:00\" \/>\n<meta property=\"og:image\" content=\"http:\/\/www.voafanti.com\/gate\/big5\/www.voanews.com\/serbian\/images\/Dugo_planirana_akcija_Orlov_let_Hapsenje_osumnjicenih.jpg\" \/>\n<meta name=\"twitter:label1\" content=\"Written by\" \/>\n\t<meta name=\"twitter:data1\" content=\"ulqini\" \/>\n\t<meta name=\"twitter:label2\" content=\"Est. reading time\" \/>\n\t<meta name=\"twitter:data2\" content=\"1 minute\" \/>\n<script type=\"application\/ld+json\" class=\"yoast-schema-graph\">{\"@context\":\"https:\/\/schema.org\",\"@graph\":[{\"@type\":\"WebSite\",\"@id\":\"https:\/\/www.visit-ulcinj.com\/blog\/#website\",\"url\":\"https:\/\/www.visit-ulcinj.com\/blog\/\",\"name\":\"Lajme nga Ulqini\",\"description\":\"Lajme,Vijesti,Ulqini,Ulqin,Crna Gora,Mali i Zi\",\"potentialAction\":[{\"@type\":\"SearchAction\",\"target\":{\"@type\":\"EntryPoint\",\"urlTemplate\":\"https:\/\/www.visit-ulcinj.com\/blog\/?s={search_term_string}\"},\"query-input\":\"required name=search_term_string\"}],\"inLanguage\":\"en-US\"},{\"@type\":\"ImageObject\",\"inLanguage\":\"en-US\",\"@id\":\"https:\/\/www.visit-ulcinj.com\/blog\/2008\/08\/22\/arrestohen-5-shqiptare-te-fluturimit-te-shqiponjes\/#primaryimage\",\"url\":\"http:\/\/www.voafanti.com\/gate\/big5\/www.voanews.com\/serbian\/images\/Dugo_planirana_akcija_Orlov_let_Hapsenje_osumnjicenih.jpg\",\"contentUrl\":\"http:\/\/www.voafanti.com\/gate\/big5\/www.voanews.com\/serbian\/images\/Dugo_planirana_akcija_Orlov_let_Hapsenje_osumnjicenih.jpg\"},{\"@type\":\"WebPage\",\"@id\":\"https:\/\/www.visit-ulcinj.com\/blog\/2008\/08\/22\/arrestohen-5-shqiptare-te-fluturimit-te-shqiponjes\/#webpage\",\"url\":\"https:\/\/www.visit-ulcinj.com\/blog\/2008\/08\/22\/arrestohen-5-shqiptare-te-fluturimit-te-shqiponjes\/\",\"name\":\"Arrestohen 5 shqiptar\u00eb t\u00eb \\\"Fluturimit t\u00eb shqiponj\u00ebs\\\" - Lajme nga Ulqini\",\"isPartOf\":{\"@id\":\"https:\/\/www.visit-ulcinj.com\/blog\/#website\"},\"primaryImageOfPage\":{\"@id\":\"https:\/\/www.visit-ulcinj.com\/blog\/2008\/08\/22\/arrestohen-5-shqiptare-te-fluturimit-te-shqiponjes\/#primaryimage\"},\"datePublished\":\"2008-08-22T14:42:05+00:00\",\"dateModified\":\"2008-08-22T14:42:05+00:00\",\"author\":{\"@id\":\"https:\/\/www.visit-ulcinj.com\/blog\/#\/schema\/person\/dcab619c614d3038751c63bc2aadc06d\"},\"breadcrumb\":{\"@id\":\"https:\/\/www.visit-ulcinj.com\/blog\/2008\/08\/22\/arrestohen-5-shqiptare-te-fluturimit-te-shqiponjes\/#breadcrumb\"},\"inLanguage\":\"en-US\",\"potentialAction\":[{\"@type\":\"ReadAction\",\"target\":[\"https:\/\/www.visit-ulcinj.com\/blog\/2008\/08\/22\/arrestohen-5-shqiptare-te-fluturimit-te-shqiponjes\/\"]}]},{\"@type\":\"BreadcrumbList\",\"@id\":\"https:\/\/www.visit-ulcinj.com\/blog\/2008\/08\/22\/arrestohen-5-shqiptare-te-fluturimit-te-shqiponjes\/#breadcrumb\",\"itemListElement\":[{\"@type\":\"ListItem\",\"position\":1,\"name\":\"Arrestohen 5 shqiptar\u00eb t\u00eb &#8220;Fluturimit t\u00eb shqiponj\u00ebs&#8221;\"}]},{\"@type\":\"Person\",\"@id\":\"https:\/\/www.visit-ulcinj.com\/blog\/#\/schema\/person\/dcab619c614d3038751c63bc2aadc06d\",\"name\":\"ulqini\",\"sameAs\":[\"http:\/\/www.visit-ulcinj.com\"],\"url\":\"https:\/\/www.visit-ulcinj.com\/blog\/author\/admin\/\"}]}<\/script>\n<!-- \/ Yoast SEO plugin. -->","yoast_head_json":{"title":"Arrestohen 5 shqiptar\u00eb t\u00eb \"Fluturimit t\u00eb shqiponj\u00ebs\" - Lajme nga Ulqini","robots":{"index":"index","follow":"follow","max-snippet":"max-snippet:-1","max-image-preview":"max-image-preview:large","max-video-preview":"max-video-preview:-1"},"canonical":"https:\/\/www.visit-ulcinj.com\/blog\/2008\/08\/22\/arrestohen-5-shqiptare-te-fluturimit-te-shqiponjes\/","og_locale":"en_US","og_type":"article","og_title":"Arrestohen 5 shqiptar\u00eb t\u00eb \"Fluturimit t\u00eb shqiponj\u00ebs\" - Lajme nga Ulqini","og_url":"https:\/\/www.visit-ulcinj.com\/blog\/2008\/08\/22\/arrestohen-5-shqiptare-te-fluturimit-te-shqiponjes\/","og_site_name":"Lajme nga Ulqini","article_published_time":"2008-08-22T14:42:05+00:00","og_image":[{"url":"http:\/\/www.voafanti.com\/gate\/big5\/www.voanews.com\/serbian\/images\/Dugo_planirana_akcija_Orlov_let_Hapsenje_osumnjicenih.jpg"}],"twitter_misc":{"Written by":"ulqini","Est. reading time":"1 minute"},"schema":{"@context":"https:\/\/schema.org","@graph":[{"@type":"WebSite","@id":"https:\/\/www.visit-ulcinj.com\/blog\/#website","url":"https:\/\/www.visit-ulcinj.com\/blog\/","name":"Lajme nga Ulqini","description":"Lajme,Vijesti,Ulqini,Ulqin,Crna Gora,Mali i Zi","potentialAction":[{"@type":"SearchAction","target":{"@type":"EntryPoint","urlTemplate":"https:\/\/www.visit-ulcinj.com\/blog\/?s={search_term_string}"},"query-input":"required name=search_term_string"}],"inLanguage":"en-US"},{"@type":"ImageObject","inLanguage":"en-US","@id":"https:\/\/www.visit-ulcinj.com\/blog\/2008\/08\/22\/arrestohen-5-shqiptare-te-fluturimit-te-shqiponjes\/#primaryimage","url":"http:\/\/www.voafanti.com\/gate\/big5\/www.voanews.com\/serbian\/images\/Dugo_planirana_akcija_Orlov_let_Hapsenje_osumnjicenih.jpg","contentUrl":"http:\/\/www.voafanti.com\/gate\/big5\/www.voanews.com\/serbian\/images\/Dugo_planirana_akcija_Orlov_let_Hapsenje_osumnjicenih.jpg"},{"@type":"WebPage","@id":"https:\/\/www.visit-ulcinj.com\/blog\/2008\/08\/22\/arrestohen-5-shqiptare-te-fluturimit-te-shqiponjes\/#webpage","url":"https:\/\/www.visit-ulcinj.com\/blog\/2008\/08\/22\/arrestohen-5-shqiptare-te-fluturimit-te-shqiponjes\/","name":"Arrestohen 5 shqiptar\u00eb t\u00eb \"Fluturimit t\u00eb shqiponj\u00ebs\" - Lajme nga Ulqini","isPartOf":{"@id":"https:\/\/www.visit-ulcinj.com\/blog\/#website"},"primaryImageOfPage":{"@id":"https:\/\/www.visit-ulcinj.com\/blog\/2008\/08\/22\/arrestohen-5-shqiptare-te-fluturimit-te-shqiponjes\/#primaryimage"},"datePublished":"2008-08-22T14:42:05+00:00","dateModified":"2008-08-22T14:42:05+00:00","author":{"@id":"https:\/\/www.visit-ulcinj.com\/blog\/#\/schema\/person\/dcab619c614d3038751c63bc2aadc06d"},"breadcrumb":{"@id":"https:\/\/www.visit-ulcinj.com\/blog\/2008\/08\/22\/arrestohen-5-shqiptare-te-fluturimit-te-shqiponjes\/#breadcrumb"},"inLanguage":"en-US","potentialAction":[{"@type":"ReadAction","target":["https:\/\/www.visit-ulcinj.com\/blog\/2008\/08\/22\/arrestohen-5-shqiptare-te-fluturimit-te-shqiponjes\/"]}]},{"@type":"BreadcrumbList","@id":"https:\/\/www.visit-ulcinj.com\/blog\/2008\/08\/22\/arrestohen-5-shqiptare-te-fluturimit-te-shqiponjes\/#breadcrumb","itemListElement":[{"@type":"ListItem","position":1,"name":"Arrestohen 5 shqiptar\u00eb t\u00eb &#8220;Fluturimit t\u00eb shqiponj\u00ebs&#8221;"}]},{"@type":"Person","@id":"https:\/\/www.visit-ulcinj.com\/blog\/#\/schema\/person\/dcab619c614d3038751c63bc2aadc06d","name":"ulqini","sameAs":["http:\/\/www.visit-ulcinj.com"],"url":"https:\/\/www.visit-ulcinj.com\/blog\/author\/admin\/"}]}},"jetpack_featured_media_url":"","jetpack_sharing_enabled":true,"jetpack_shortlink":"https:\/\/wp.me\/pe6lTn-GE","_links":{"self":[{"href":"https:\/\/www.visit-ulcinj.com\/blog\/wp-json\/wp\/v2\/posts\/2644"}],"collection":[{"href":"https:\/\/www.visit-ulcinj.com\/blog\/wp-json\/wp\/v2\/posts"}],"about":[{"href":"https:\/\/www.visit-ulcinj.com\/blog\/wp-json\/wp\/v2\/types\/post"}],"author":[{"embeddable":true,"href":"https:\/\/www.visit-ulcinj.com\/blog\/wp-json\/wp\/v2\/users\/1"}],"replies":[{"embeddable":true,"href":"https:\/\/www.visit-ulcinj.com\/blog\/wp-json\/wp\/v2\/comments?post=2644"}],"version-history":[{"count":0,"href":"https:\/\/www.visit-ulcinj.com\/blog\/wp-json\/wp\/v2\/posts\/2644\/revisions"}],"wp:attachment":[{"href":"https:\/\/www.visit-ulcinj.com\/blog\/wp-json\/wp\/v2\/media?parent=2644"}],"wp:term":[{"taxonomy":"category","embeddable":true,"href":"https:\/\/www.visit-ulcinj.com\/blog\/wp-json\/wp\/v2\/categories?post=2644"},{"taxonomy":"post_tag","embeddable":true,"href":"https:\/\/www.visit-ulcinj.com\/blog\/wp-json\/wp\/v2\/tags?post=2644"}],"curies":[{"name":"wp","href":"https:\/\/api.w.org\/{rel}","templated":true}]}}