{"id":26443,"date":"2009-10-13T10:14:10","date_gmt":"2009-10-13T08:14:10","guid":{"rendered":"http:\/\/www.visit-ulcinj.com\/blog\/?p=26443"},"modified":"2009-10-13T10:51:03","modified_gmt":"2009-10-13T08:51:03","slug":"dafina-zeqiri-ju-rrefej-per-krenarin-te-dashurin-tim-dhe-boom-in-ne-karriere","status":"publish","type":"post","link":"https:\/\/www.visit-ulcinj.com\/blog\/2009\/10\/13\/dafina-zeqiri-ju-rrefej-per-krenarin-te-dashurin-tim-dhe-boom-in-ne-karriere\/","title":{"rendered":"Dafina Zeqiri: Ju rr\u00ebfej p\u00ebr Krenarin, t\u00eb dashurin tim dhe boom-in n\u00eb karrier\u00eb"},"content":{"rendered":"<p><a href=\"http:\/\/www.visit-ulcinj.com\/blog\/wp-content\/uploads\/2009\/10\/Dafina-Zeqiri_Krenari.jpg\"><img loading=\"lazy\" class=\"alignleft size-full wp-image-26444\" title=\"Dafina Zeqiri_Krenari\" src=\"http:\/\/www.visit-ulcinj.com\/blog\/wp-content\/uploads\/2009\/10\/Dafina-Zeqiri_Krenari.jpg\" alt=\"Dafina Zeqiri_Krenari\" width=\"580\" height=\"347\" \/><\/a>Vajza e cila la Suedin\u00eb p\u00ebr t\u00eb b\u00ebr\u00eb \u00ebndrr\u00ebn e saj realitet, si duket po ec\u00ebn me hapa t\u00eb sigurt\u00eb. \u00cbsht\u00eb Dafina Zeqiri, fituese e shum\u00eb \u00e7mimeve n\u00ebp\u00ebr festivale t\u00eb ndryshme muzikore n\u00eb Kosov\u00eb dhe Shqip\u00ebri. Ende jeton me familjen e saj n\u00eb Suedi, por shpesh viziton edhe Kosov\u00ebn p\u00ebr shkak t\u00eb karrier\u00ebs. Nj\u00eb album i suksessh\u00ebm me shum\u00eb hite, disa videoklipe interesante n\u00eb bashk\u00ebpunim me artist\u00eb t\u00eb tjer\u00eb t\u00eb estrad\u00ebs, d\u00ebrguan n\u00eb maj\u00eb t\u00eb toplistave vajz\u00ebn bukuroshe. Ajo nuk fsheh k\u00ebnaq\u00ebsin\u00eb q\u00eb i sjell publiku derisa performon, por tregon edhe faktin q\u00eb n\u00ebp\u00ebr evenimente k\u00ebndohet \u201cplayback\u201d p\u00ebr shkak t\u00eb kushteve dhe n\u00eb munges\u00eb orkestre. P\u00ebr t\u00eb gjitha k\u00ebto dhe gj\u00ebra t\u00eb tjera, rr\u00ebfehet k\u00ebng\u00ebtarja Dafina Zeqiri p\u00ebr \u201cPanorama plus\u201d.<\/p>\n<p><span style=\"font-weight: bold;\">Nga lindi d\u00ebshira p\u00ebr t\u00eb k\u00ebnduar, kush ishte iniciator q\u00eb t\u00eb merresh me muzik\u00eb?<\/span><br \/>\n<br style=\"font-style: italic;\" \/><span style=\"font-style: italic;\">Mami ka qen\u00eb k\u00ebng\u00ebtare n\u00eb koh\u00ebn e saj, m\u00eb tregoi q\u00eb kur kam qen\u00eb vet\u00ebm 2 vje\u00e7 m\u00eb ka d\u00ebgjuar duke k\u00ebnduar. K\u00ebshtu q\u00eb muzik\u00ebn e kam t\u00eb lindur dhe besoj q\u00eb k\u00ebt\u00eb talent e kam trash\u00ebguar nga mami.<\/span><\/p>\n<p><span style=\"font-weight: bold;\">Erdhe dhe hyre fuqish\u00ebm n\u00eb sken\u00ebn muzikore, sa ka qen\u00eb i v\u00ebshtir\u00eb gjith\u00eb ky rrug\u00ebtim?<\/span><\/p>\n<p><span style=\"font-style: italic;\">Un\u00eb gjithmon\u00eb i kam besuar vetvetes. Kam k\u00ebnduar p\u00ebr nj\u00eb koh\u00eb t\u00eb gjat\u00eb edhe n\u00eb Suedi, kemi pasur koncerte n\u00eb shkoll\u00eb. Kam qen\u00eb e p\u00ebrgatitur se \u00e7ka po m\u00eb pret n\u00eb skenat e Kosov\u00ebs. Por q\u00eb kam me ba bum aq shpejt dhe me i p\u00eblqy publikut aq shum\u00eb, ishte e papritur p\u00ebr mua. Me r\u00ebnd\u00ebsi p\u00ebr mua \u00ebsht\u00eb publiku me qen\u00eb i k\u00ebnaqur me pun\u00ebn time. Un\u00eb jam bateria, por publiku \u00ebsht\u00eb adapteri (qesh).<\/span><\/p>\n<p><span style=\"font-weight: bold;\">Sa k\u00ebng\u00eb dhe bashk\u00ebpunime muzikore ke realizuar deri m\u00eb tani?<\/span><\/p>\n<p><span style=\"font-style: italic;\">Kam realizuar rreth 23 k\u00ebng\u00eb deri m\u00eb tani, dhe disa bashk\u00ebpunime. Kam vendosur t\u00eb vazhdoj\u00a0 solo, por bashk\u00ebpunimet do kthehen s\u00eb shpejti.<\/span><\/p>\n<p><span style=\"font-weight: bold;\">Thashetheme t\u00eb shumta p\u00ebr lidhje t\u00eb ndryshme dashurie jan\u00eb thurur p\u00ebr Dafin\u00ebn, cila \u00ebsht\u00eb e v\u00ebrteta e gjith\u00eb k\u00ebsaj, u shfaqe me Krenarin n\u00eb \u201cVideo-Fest\u201d dhe u cil\u00ebsuat nd\u00ebr \u00e7iftet m\u00eb t\u00eb bukura t\u00eb estrad\u00ebs, tash ka t\u00eb dashur Dafina apo jo?<\/span><\/p>\n<p><span style=\"font-style: italic;\">(Qesh) Po, kam t\u00eb dashur dhe ai \u00ebsht\u00eb Krenari *Keni*.<\/span><br \/>\n<br style=\"font-weight: bold;\" \/><span style=\"font-weight: bold;\">Koh\u00ebve t\u00eb fundit po b\u00ebhet\u00a0 nj\u00eb krahasim mes teje dhe Genta Ismailit, po komentohet me t\u00eb madhe se me ardhjen e Dafin\u00ebs po i rrezikohet karriera Gent\u00ebs, \u00e7\u2019ka t\u00eb v\u00ebrtet\u00eb k\u00ebtu dhe si e komenton k\u00ebt\u00eb gj\u00eb?<\/span><\/p>\n<p><span style=\"font-style: italic;\">Publiku e zgjedh k\u00ebng\u00ebtaren q\u00eb i p\u00eblqen m\u00eb s\u00eb shumti. A ju p\u00eblqej un\u00eb m\u00eb shum\u00eb apo Genta, nuk e di por un\u00eb b\u00ebj pun\u00ebn time. Kam stilin tim, veshjen time, vall\u00ebzimin tim, dhe besoj qe un\u00eb e kam krijuar nj\u00eb stil m\u00eb ndryshe prej t\u00eb tjerave n\u00eb Kosov\u00eb. K\u00ebshtu q\u00eb krejt i kan\u00eb stilet e veta.<\/span><\/p>\n<p><span style=\"font-weight: bold;\">Shum\u00eb k\u00ebng\u00eb dhe videoklipe, gjithashtu ke edhe nj\u00eb album t\u00eb realizuar tek Genci, gjith\u00eb ky investim nga kush b\u00ebhet? Ke t\u00eb lidhur ndonj\u00eb kontrat\u00eb me ndonj\u00eb produksion apo investimi \u00ebsht\u00eb personal?<\/span><\/p>\n<p><span style=\"font-style: italic;\">Kam pasur bashk\u00ebpunime me Gencin, kam qen\u00eb antare e produksionit Grammafon Entertainment. Normalisht kur t\u00eb jesh antar i ndonj\u00eb produksioni krejt i kan\u00eb marr\u00ebveshjet e ndryshme. Ketu nuk qen\u00eb marr\u00ebveshje personale por nj\u00eb marr\u00ebveshje t\u00eb cil\u00ebn e ka pasur produksioni Grammafon Entertainment.<\/span><\/p>\n<p><span style=\"font-weight: bold;\">Tashm\u00eb, mami menaxhon pun\u00ebt rreth karrier\u00ebs t\u00ebnde, e ke m\u00eb leht\u00eb apo do ishte m\u00eb mir\u00eb sikur dikush tjet\u00ebr t\u00eb p\u00ebrkujdesej p\u00ebr k\u00ebto gj\u00ebra pasi dihet q\u00eb \u00ebsht\u00eb profesion me shum\u00eb lodhje?<\/span><br style=\"font-weight: bold;\" \/><br style=\"font-style: italic;\" \/><span style=\"font-style: italic;\">Mami ka qen\u00eb menaxhere deri m\u00eb tani dhe sot m\u00eb ndihmon shum\u00eb, por tash kam edhe menaxher\u00eb t\u00eb tjer\u00eb sepse e di q\u00eb \u00ebsht\u00eb nj\u00eb pun\u00eb q\u00eb t\u00eb lodh shum\u00eb.<\/span><\/p>\n<p><span style=\"font-weight: bold;\">Koncerte dhe mbr\u00ebmje muzikore pa fund\u2026si t\u00eb presin atje ku k\u00ebndon?<\/span><\/p>\n<p><span style=\"font-style: italic;\">M\u00eb presin tep\u00ebr mir\u00eb n\u00eb vendet ku k\u00ebndoj. Dhe normal q\u00eb kur m\u00eb japin nj\u00eb energji pozitive, un\u00eb b\u00ebj nj\u00eb atmosfer\u00eb edhe m\u00eb t\u00eb madhe. Gjithmon\u00eb m\u00eb kan\u00eb pritur mir\u00eb dhe jam shum\u00eb e k\u00ebnaqur.<\/span><\/p>\n<p><span style=\"font-weight: bold;\">Paraqitesh live apo playback? T\u00eb ka ndodhur t\u00eb gjuajn\u00eb me di\u00e7ka pas teje shkak se k\u00ebndon \u201cplayback\u201d?<\/span><\/p>\n<p><span style=\"font-style: italic;\">Normal q\u00eb muzik\u00ebn time e kam \u201cplayback\u201d si plot k\u00ebng\u00ebtare. Por gjithmon\u00eb k\u00ebndoj bashk\u00eb me muzik\u00ebn n\u00eb mikrofon sepse nuk mundem me imitu vetveten! Normal q\u00eb kam d\u00ebshir\u00eb t\u00eb k\u00ebndoj vet\u00ebm LIVE si k\u00ebndojn\u00eb t\u00eb gjith\u00eb k\u00ebng\u00ebtar\u00ebt e huaj por k\u00ebtu n\u00eb Kosov\u00eb ende nuk ka ardhur kjo gj\u00eb. Kur ka ndonj\u00eb show live n\u00eb Kosov\u00eb ku e kemi shans\u00ebn me k\u00ebndu live, gjithmon\u00eb marr pjes\u00eb!<\/span><\/p>\n<p><span style=\"font-weight: bold;\">S\u00eb fundi je b\u00ebr\u00eb edhe imazh publicitar i nj\u00eb kartele bankare n\u00eb Kosov\u00eb, ia vlen t\u00eb futesh edhe n\u00eb biznesin e reklamimit? T\u00eb \u00ebsht\u00eb paguar mir\u00eb kjo pun\u00eb apo e ke b\u00ebr\u00eb vet\u00ebm p\u00ebr qejf?<\/span><\/p>\n<p><span style=\"font-style: italic;\">Normal q\u00eb kjo pun\u00eb m\u00eb \u00ebsht\u00eb paguar, \u00ebsht\u00eb nj\u00eb gj\u00eb q\u00eb t\u00eb gjith\u00eb personat q\u00eb b\u00ebjn\u00eb reklama p\u00ebr nj\u00eb kompani, bank\u00eb, biznes etj, e kan\u00eb nj\u00eb pages\u00eb. Un\u00eb jam shum\u00eb e k\u00ebnaqur me k\u00ebt\u00eb reklam\u00eb, m\u00eb ka p\u00eblqyer shum\u00eb ideja e tyre. Dhe normal q\u00eb n\u00ebse nuk t\u00eb p\u00eblqen ndonj\u00eb ide, nuk e realizon reklam\u00ebn, pasi k\u00ebtu \u00ebsht\u00eb edhe pak pun\u00eb qejfi.<\/span><br \/>\n<br style=\"font-weight: bold;\" \/><span style=\"font-weight: bold;\">\u00cbndrra e shum\u00eb t\u00eb rinjve \u00ebsht\u00eb q\u00eb t\u00eb b\u00ebhen t\u00eb famsh\u00ebm dhe fytyra publike, pasi e shijove bukur k\u00ebt\u00eb gj\u00eb, \u00e7far\u00eb porosie do u japish atyre duke par\u00eb se sa e v\u00ebshtir\u00eb \u00ebsht\u00eb ky profesion?<\/span><\/p>\n<p><span style=\"font-style: italic;\">Kisha pas d\u00ebshir\u00eb t\u00eb jap nj\u00eb porosi q\u00eb un\u00eb vet e kam marr\u00eb nga dikush. N\u00ebse ke nj\u00eb \u00ebnd\u00ebrr, n\u00ebse d\u00ebshiron me e realizu \u00ebndrr\u00ebn t\u00ebnde \u2018dont ever give up\u2019. Edhe pse ndoshta ti nuk e realizon \u00ebndr\u00ebn menj\u00ebher\u00eb sepse nuk \u00ebsht\u00eb edhe shum\u00eb pun\u00eb e leht\u00eb, vet\u00ebm puno! Sepse t\u00eb gjith\u00eb nuk e kan\u00eb at\u00eb fat me u b\u00eb t\u00eb famsh\u00ebm menj\u00ebher\u00eb.<\/span><\/p>\n<p><span style=\"font-weight: bold;\">Derisa jeni person publik, gjithmon\u00eb duhet t\u00eb jeni n\u00ebn kujdesje t\u00eb vazhdueshme t\u00eb aparenc\u00ebs, pasi publiku v\u00ebren edhe \u201cimt\u00ebsirat\u201d. Cili \u00ebsht\u00eb kujdesi yt kur je n\u00eb ndonj\u00eb vend publik?<\/span><\/p>\n<p><span style=\"font-style: italic;\">Un\u00eb gjithmon\u00eb kam pas kujdes p\u00ebr veten edhe kur nuk kam qen\u00eb personazh i njohur publik. Por normal q\u00eb kur n\u00eb k\u00ebt\u00eb stad duhet me pas edhe m\u00eb shum\u00eb kujdes.<\/span><br style=\"font-style: italic;\" \/><br \/>\n<span style=\"font-weight: bold;\">Ndonj\u00eb plan tjet\u00ebr t\u00eb af\u00ebrt rreth karrier\u00ebs t\u00ebnde, ndonj\u00eb album muzikor apo di\u00e7ka t\u00eb ngjajshme?<\/span><br \/>\n<br style=\"font-style: italic;\" \/><span style=\"font-style: italic;\">Album n\u00eb k\u00ebt\u00eb vit nuk kam realizuar, besoj q\u00eb vitin tjet\u00ebr do ta realizoj. Jam duke punuar shum\u00eb rreth albumit, dhe kam shum\u00eb plane t\u00eb mira, t\u00eb forta p\u00ebr albumin e radh\u00ebs.<\/span><\/p>\n<p><br style=\"font-weight: bold; font-style: italic;\" \/><span style=\"font-weight: bold; font-style: italic;\">PanoramaPlus<br \/>\n<\/p>\n<p><\/span><\/p>\n<p><span style=\"font-weight: bold; font-style: italic;\"><!--YouTube Error: bad URL entered--><br \/>\n<\/span><\/p>\n","protected":false},"excerpt":{"rendered":"<p>Vajza e cila la Suedin\u00eb p\u00ebr t\u00eb b\u00ebr\u00eb \u00ebndrr\u00ebn e saj realitet, si duket po ec\u00ebn me hapa t\u00eb sigurt\u00eb. \u00cbsht\u00eb Dafina Zeqiri, fituese e shum\u00eb \u00e7mimeve n\u00ebp\u00ebr festivale t\u00eb ndryshme muzikore n\u00eb Kosov\u00eb dhe Shqip\u00ebri. Ende jeton me familjen e saj n\u00eb Suedi, por shpesh viziton edhe Kosov\u00ebn p\u00ebr shkak t\u00eb karrier\u00ebs. Nj\u00eb album [&hellip;]<\/p>\n","protected":false},"author":1,"featured_media":0,"comment_status":"open","ping_status":"closed","sticky":false,"template":"","format":"standard","meta":{"spay_email":"","jetpack_publicize_message":"","jetpack_is_tweetstorm":false,"jetpack_publicize_feature_enabled":true},"categories":[1],"tags":[4926,12655],"jetpack_publicize_connections":[],"yoast_head":"<!-- This site is optimized with the Yoast SEO plugin v19.1 - https:\/\/yoast.com\/wordpress\/plugins\/seo\/ -->\n<title>Dafina Zeqiri: Ju rr\u00ebfej p\u00ebr Krenarin, t\u00eb dashurin tim dhe boom-in n\u00eb karrier\u00eb - Lajme nga Ulqini<\/title>\n<meta name=\"description\" content=\"Vajza e cila la Suedin\u00eb p\u00ebr t\u00eb b\u00ebr\u00eb \u00ebndrr\u00ebn e saj realitet, si duket po ec\u00ebn me hapa t\u00eb sigurt\u00eb. \u00cbsht\u00eb Dafina Zeqiri, fituese e shum\u00eb \u00e7mimeve n\u00ebp\u00ebr\" \/>\n<meta name=\"robots\" content=\"index, follow, max-snippet:-1, max-image-preview:large, max-video-preview:-1\" \/>\n<link rel=\"canonical\" href=\"https:\/\/www.visit-ulcinj.com\/blog\/2009\/10\/13\/dafina-zeqiri-ju-rrefej-per-krenarin-te-dashurin-tim-dhe-boom-in-ne-karriere\/\" \/>\n<meta property=\"og:locale\" content=\"en_US\" \/>\n<meta property=\"og:type\" content=\"article\" \/>\n<meta property=\"og:title\" content=\"Dafina Zeqiri: Ju rr\u00ebfej p\u00ebr Krenarin, t\u00eb dashurin tim dhe boom-in n\u00eb karrier\u00eb - Lajme nga Ulqini\" \/>\n<meta property=\"og:description\" content=\"Vajza e cila la Suedin\u00eb p\u00ebr t\u00eb b\u00ebr\u00eb \u00ebndrr\u00ebn e saj realitet, si duket po ec\u00ebn me hapa t\u00eb sigurt\u00eb. \u00cbsht\u00eb Dafina Zeqiri, fituese e shum\u00eb \u00e7mimeve n\u00ebp\u00ebr\" \/>\n<meta property=\"og:url\" content=\"https:\/\/www.visit-ulcinj.com\/blog\/2009\/10\/13\/dafina-zeqiri-ju-rrefej-per-krenarin-te-dashurin-tim-dhe-boom-in-ne-karriere\/\" \/>\n<meta property=\"og:site_name\" content=\"Lajme nga Ulqini\" \/>\n<meta property=\"article:published_time\" content=\"2009-10-13T08:14:10+00:00\" \/>\n<meta property=\"article:modified_time\" content=\"2009-10-13T08:51:03+00:00\" \/>\n<meta property=\"og:image\" content=\"https:\/\/www.visit-ulcinj.com\/blog\/wp-content\/uploads\/2009\/10\/Dafina-Zeqiri_Krenari-150x150.jpg\" \/>\n<meta name=\"twitter:label1\" content=\"Written by\" \/>\n\t<meta name=\"twitter:data1\" content=\"ulqini\" \/>\n\t<meta name=\"twitter:label2\" content=\"Est. reading time\" \/>\n\t<meta name=\"twitter:data2\" content=\"6 minutes\" \/>\n<script type=\"application\/ld+json\" class=\"yoast-schema-graph\">{\"@context\":\"https:\/\/schema.org\",\"@graph\":[{\"@type\":\"WebSite\",\"@id\":\"https:\/\/www.visit-ulcinj.com\/blog\/#website\",\"url\":\"https:\/\/www.visit-ulcinj.com\/blog\/\",\"name\":\"Lajme nga Ulqini\",\"description\":\"Lajme,Vijesti,Ulqini,Ulqin,Crna Gora,Mali i Zi\",\"potentialAction\":[{\"@type\":\"SearchAction\",\"target\":{\"@type\":\"EntryPoint\",\"urlTemplate\":\"https:\/\/www.visit-ulcinj.com\/blog\/?s={search_term_string}\"},\"query-input\":\"required name=search_term_string\"}],\"inLanguage\":\"en-US\"},{\"@type\":\"ImageObject\",\"inLanguage\":\"en-US\",\"@id\":\"https:\/\/www.visit-ulcinj.com\/blog\/2009\/10\/13\/dafina-zeqiri-ju-rrefej-per-krenarin-te-dashurin-tim-dhe-boom-in-ne-karriere\/#primaryimage\",\"url\":\"http:\/\/www.visit-ulcinj.com\/blog\/wp-content\/uploads\/2009\/10\/Dafina-Zeqiri_Krenari.jpg\",\"contentUrl\":\"http:\/\/www.visit-ulcinj.com\/blog\/wp-content\/uploads\/2009\/10\/Dafina-Zeqiri_Krenari.jpg\"},{\"@type\":\"WebPage\",\"@id\":\"https:\/\/www.visit-ulcinj.com\/blog\/2009\/10\/13\/dafina-zeqiri-ju-rrefej-per-krenarin-te-dashurin-tim-dhe-boom-in-ne-karriere\/#webpage\",\"url\":\"https:\/\/www.visit-ulcinj.com\/blog\/2009\/10\/13\/dafina-zeqiri-ju-rrefej-per-krenarin-te-dashurin-tim-dhe-boom-in-ne-karriere\/\",\"name\":\"Dafina Zeqiri: Ju rr\u00ebfej p\u00ebr Krenarin, t\u00eb dashurin tim dhe boom-in n\u00eb karrier\u00eb - Lajme nga Ulqini\",\"isPartOf\":{\"@id\":\"https:\/\/www.visit-ulcinj.com\/blog\/#website\"},\"primaryImageOfPage\":{\"@id\":\"https:\/\/www.visit-ulcinj.com\/blog\/2009\/10\/13\/dafina-zeqiri-ju-rrefej-per-krenarin-te-dashurin-tim-dhe-boom-in-ne-karriere\/#primaryimage\"},\"datePublished\":\"2009-10-13T08:14:10+00:00\",\"dateModified\":\"2009-10-13T08:51:03+00:00\",\"author\":{\"@id\":\"https:\/\/www.visit-ulcinj.com\/blog\/#\/schema\/person\/dcab619c614d3038751c63bc2aadc06d\"},\"description\":\"Vajza e cila la Suedin\u00eb p\u00ebr t\u00eb b\u00ebr\u00eb \u00ebndrr\u00ebn e saj realitet, si duket po ec\u00ebn me hapa t\u00eb sigurt\u00eb. \u00cbsht\u00eb Dafina Zeqiri, fituese e shum\u00eb \u00e7mimeve n\u00ebp\u00ebr\",\"breadcrumb\":{\"@id\":\"https:\/\/www.visit-ulcinj.com\/blog\/2009\/10\/13\/dafina-zeqiri-ju-rrefej-per-krenarin-te-dashurin-tim-dhe-boom-in-ne-karriere\/#breadcrumb\"},\"inLanguage\":\"en-US\",\"potentialAction\":[{\"@type\":\"ReadAction\",\"target\":[\"https:\/\/www.visit-ulcinj.com\/blog\/2009\/10\/13\/dafina-zeqiri-ju-rrefej-per-krenarin-te-dashurin-tim-dhe-boom-in-ne-karriere\/\"]}]},{\"@type\":\"BreadcrumbList\",\"@id\":\"https:\/\/www.visit-ulcinj.com\/blog\/2009\/10\/13\/dafina-zeqiri-ju-rrefej-per-krenarin-te-dashurin-tim-dhe-boom-in-ne-karriere\/#breadcrumb\",\"itemListElement\":[{\"@type\":\"ListItem\",\"position\":1,\"name\":\"Dafina Zeqiri: Ju rr\u00ebfej p\u00ebr Krenarin, t\u00eb dashurin tim dhe boom-in n\u00eb karrier\u00eb\"}]},{\"@type\":\"Person\",\"@id\":\"https:\/\/www.visit-ulcinj.com\/blog\/#\/schema\/person\/dcab619c614d3038751c63bc2aadc06d\",\"name\":\"ulqini\",\"sameAs\":[\"http:\/\/www.visit-ulcinj.com\"],\"url\":\"https:\/\/www.visit-ulcinj.com\/blog\/author\/admin\/\"}]}<\/script>\n<!-- \/ Yoast SEO plugin. -->","yoast_head_json":{"title":"Dafina Zeqiri: Ju rr\u00ebfej p\u00ebr Krenarin, t\u00eb dashurin tim dhe boom-in n\u00eb karrier\u00eb - Lajme nga Ulqini","description":"Vajza e cila la Suedin\u00eb p\u00ebr t\u00eb b\u00ebr\u00eb \u00ebndrr\u00ebn e saj realitet, si duket po ec\u00ebn me hapa t\u00eb sigurt\u00eb. \u00cbsht\u00eb Dafina Zeqiri, fituese e shum\u00eb \u00e7mimeve n\u00ebp\u00ebr","robots":{"index":"index","follow":"follow","max-snippet":"max-snippet:-1","max-image-preview":"max-image-preview:large","max-video-preview":"max-video-preview:-1"},"canonical":"https:\/\/www.visit-ulcinj.com\/blog\/2009\/10\/13\/dafina-zeqiri-ju-rrefej-per-krenarin-te-dashurin-tim-dhe-boom-in-ne-karriere\/","og_locale":"en_US","og_type":"article","og_title":"Dafina Zeqiri: Ju rr\u00ebfej p\u00ebr Krenarin, t\u00eb dashurin tim dhe boom-in n\u00eb karrier\u00eb - Lajme nga Ulqini","og_description":"Vajza e cila la Suedin\u00eb p\u00ebr t\u00eb b\u00ebr\u00eb \u00ebndrr\u00ebn e saj realitet, si duket po ec\u00ebn me hapa t\u00eb sigurt\u00eb. \u00cbsht\u00eb Dafina Zeqiri, fituese e shum\u00eb \u00e7mimeve n\u00ebp\u00ebr","og_url":"https:\/\/www.visit-ulcinj.com\/blog\/2009\/10\/13\/dafina-zeqiri-ju-rrefej-per-krenarin-te-dashurin-tim-dhe-boom-in-ne-karriere\/","og_site_name":"Lajme nga Ulqini","article_published_time":"2009-10-13T08:14:10+00:00","article_modified_time":"2009-10-13T08:51:03+00:00","og_image":[{"url":"https:\/\/www.visit-ulcinj.com\/blog\/wp-content\/uploads\/2009\/10\/Dafina-Zeqiri_Krenari-150x150.jpg"}],"twitter_misc":{"Written by":"ulqini","Est. reading time":"6 minutes"},"schema":{"@context":"https:\/\/schema.org","@graph":[{"@type":"WebSite","@id":"https:\/\/www.visit-ulcinj.com\/blog\/#website","url":"https:\/\/www.visit-ulcinj.com\/blog\/","name":"Lajme nga Ulqini","description":"Lajme,Vijesti,Ulqini,Ulqin,Crna Gora,Mali i Zi","potentialAction":[{"@type":"SearchAction","target":{"@type":"EntryPoint","urlTemplate":"https:\/\/www.visit-ulcinj.com\/blog\/?s={search_term_string}"},"query-input":"required name=search_term_string"}],"inLanguage":"en-US"},{"@type":"ImageObject","inLanguage":"en-US","@id":"https:\/\/www.visit-ulcinj.com\/blog\/2009\/10\/13\/dafina-zeqiri-ju-rrefej-per-krenarin-te-dashurin-tim-dhe-boom-in-ne-karriere\/#primaryimage","url":"http:\/\/www.visit-ulcinj.com\/blog\/wp-content\/uploads\/2009\/10\/Dafina-Zeqiri_Krenari.jpg","contentUrl":"http:\/\/www.visit-ulcinj.com\/blog\/wp-content\/uploads\/2009\/10\/Dafina-Zeqiri_Krenari.jpg"},{"@type":"WebPage","@id":"https:\/\/www.visit-ulcinj.com\/blog\/2009\/10\/13\/dafina-zeqiri-ju-rrefej-per-krenarin-te-dashurin-tim-dhe-boom-in-ne-karriere\/#webpage","url":"https:\/\/www.visit-ulcinj.com\/blog\/2009\/10\/13\/dafina-zeqiri-ju-rrefej-per-krenarin-te-dashurin-tim-dhe-boom-in-ne-karriere\/","name":"Dafina Zeqiri: Ju rr\u00ebfej p\u00ebr Krenarin, t\u00eb dashurin tim dhe boom-in n\u00eb karrier\u00eb - Lajme nga Ulqini","isPartOf":{"@id":"https:\/\/www.visit-ulcinj.com\/blog\/#website"},"primaryImageOfPage":{"@id":"https:\/\/www.visit-ulcinj.com\/blog\/2009\/10\/13\/dafina-zeqiri-ju-rrefej-per-krenarin-te-dashurin-tim-dhe-boom-in-ne-karriere\/#primaryimage"},"datePublished":"2009-10-13T08:14:10+00:00","dateModified":"2009-10-13T08:51:03+00:00","author":{"@id":"https:\/\/www.visit-ulcinj.com\/blog\/#\/schema\/person\/dcab619c614d3038751c63bc2aadc06d"},"description":"Vajza e cila la Suedin\u00eb p\u00ebr t\u00eb b\u00ebr\u00eb \u00ebndrr\u00ebn e saj realitet, si duket po ec\u00ebn me hapa t\u00eb sigurt\u00eb. \u00cbsht\u00eb Dafina Zeqiri, fituese e shum\u00eb \u00e7mimeve n\u00ebp\u00ebr","breadcrumb":{"@id":"https:\/\/www.visit-ulcinj.com\/blog\/2009\/10\/13\/dafina-zeqiri-ju-rrefej-per-krenarin-te-dashurin-tim-dhe-boom-in-ne-karriere\/#breadcrumb"},"inLanguage":"en-US","potentialAction":[{"@type":"ReadAction","target":["https:\/\/www.visit-ulcinj.com\/blog\/2009\/10\/13\/dafina-zeqiri-ju-rrefej-per-krenarin-te-dashurin-tim-dhe-boom-in-ne-karriere\/"]}]},{"@type":"BreadcrumbList","@id":"https:\/\/www.visit-ulcinj.com\/blog\/2009\/10\/13\/dafina-zeqiri-ju-rrefej-per-krenarin-te-dashurin-tim-dhe-boom-in-ne-karriere\/#breadcrumb","itemListElement":[{"@type":"ListItem","position":1,"name":"Dafina Zeqiri: Ju rr\u00ebfej p\u00ebr Krenarin, t\u00eb dashurin tim dhe boom-in n\u00eb karrier\u00eb"}]},{"@type":"Person","@id":"https:\/\/www.visit-ulcinj.com\/blog\/#\/schema\/person\/dcab619c614d3038751c63bc2aadc06d","name":"ulqini","sameAs":["http:\/\/www.visit-ulcinj.com"],"url":"https:\/\/www.visit-ulcinj.com\/blog\/author\/admin\/"}]}},"jetpack_featured_media_url":"","jetpack_sharing_enabled":true,"jetpack_shortlink":"https:\/\/wp.me\/pe6lTn-6Sv","_links":{"self":[{"href":"https:\/\/www.visit-ulcinj.com\/blog\/wp-json\/wp\/v2\/posts\/26443"}],"collection":[{"href":"https:\/\/www.visit-ulcinj.com\/blog\/wp-json\/wp\/v2\/posts"}],"about":[{"href":"https:\/\/www.visit-ulcinj.com\/blog\/wp-json\/wp\/v2\/types\/post"}],"author":[{"embeddable":true,"href":"https:\/\/www.visit-ulcinj.com\/blog\/wp-json\/wp\/v2\/users\/1"}],"replies":[{"embeddable":true,"href":"https:\/\/www.visit-ulcinj.com\/blog\/wp-json\/wp\/v2\/comments?post=26443"}],"version-history":[{"count":1,"href":"https:\/\/www.visit-ulcinj.com\/blog\/wp-json\/wp\/v2\/posts\/26443\/revisions"}],"predecessor-version":[{"id":55684,"href":"https:\/\/www.visit-ulcinj.com\/blog\/wp-json\/wp\/v2\/posts\/26443\/revisions\/55684"}],"wp:attachment":[{"href":"https:\/\/www.visit-ulcinj.com\/blog\/wp-json\/wp\/v2\/media?parent=26443"}],"wp:term":[{"taxonomy":"category","embeddable":true,"href":"https:\/\/www.visit-ulcinj.com\/blog\/wp-json\/wp\/v2\/categories?post=26443"},{"taxonomy":"post_tag","embeddable":true,"href":"https:\/\/www.visit-ulcinj.com\/blog\/wp-json\/wp\/v2\/tags?post=26443"}],"curies":[{"name":"wp","href":"https:\/\/api.w.org\/{rel}","templated":true}]}}