{"id":26459,"date":"2009-10-13T11:54:08","date_gmt":"2009-10-13T09:54:08","guid":{"rendered":"http:\/\/www.visit-ulcinj.com\/blog\/?p=26459"},"modified":"2009-10-13T11:54:08","modified_gmt":"2009-10-13T09:54:08","slug":"soni-malaj-%e2%80%9clolita%e2%80%9d-e-hashim-thacit","status":"publish","type":"post","link":"https:\/\/www.visit-ulcinj.com\/blog\/2009\/10\/13\/soni-malaj-%e2%80%9clolita%e2%80%9d-e-hashim-thacit\/","title":{"rendered":"Soni Malaj, \u201cLolita\u201d e Hashim Tha\u00e7it"},"content":{"rendered":"<p><a href=\"http:\/\/www.visit-ulcinj.com\/blog\/wp-content\/uploads\/2009\/10\/SONI-MALAJ.2.jpg\"><img loading=\"lazy\" class=\"alignleft size-full wp-image-26460\" title=\"SONI MALAJ.2\" src=\"http:\/\/www.visit-ulcinj.com\/blog\/wp-content\/uploads\/2009\/10\/SONI-MALAJ.2.jpg\" alt=\"SONI MALAJ.2\" width=\"580\" height=\"400\" \/><\/a>\u00cbsht\u00eb e bukur, e \u00ebmb\u00ebl, ka nj\u00eb z\u00eb t\u00eb bukur, k\u00ebng\u00eb po t\u00eb tilla dhe natyrisht, ka me mij\u00ebra fansa jo vet\u00ebm n\u00eb Shqip\u00ebri, por edhe n\u00eb Kosov\u00eb. K\u00ebto cil\u00ebsi t\u00eb saj kan\u00eb joshur edhe liderin e Partis\u00eb Demokratike t\u00eb Kosov\u00ebs, kryeministrin Hashim Tha\u00e7i. Tek Soni Malaj ai shihte imazhin e p\u00ebrkryer p\u00ebr t\u00eb prezantuar fushat\u00ebn e tij elektorale n\u00eb zgjedhjet p\u00ebr pushtetin vendor n\u00eb Kosov\u00eb, q\u00eb do t\u00eb mbahen n\u00eb 15 n\u00ebntor t\u00eb k\u00ebtij viti.<br \/>\nK\u00ebng\u00ebtarja<br \/>\nP\u00ebr Soni Malajn ky duket se \u00ebsht\u00eb viti i fushatave elektorale. P\u00ebr nj\u00eb muaj rresht, gjat\u00eb gjith\u00eb qershorit ajo nuk la qytet dhe fshat t\u00eb Shqip\u00ebris\u00eb pa shkelur si pjes\u00eb e grupit t\u00eb artist\u00ebve mb\u00ebshtet\u00ebs t\u00eb Partis\u00eb Demokratike. Madje, ajo jo vet\u00ebm k\u00ebndoi hitet e saj n\u00eb k\u00ebto koncerte, por n\u00eb koncertin mbyll\u00ebs q\u00eb u mbajt para tunelit n\u00eb rrug\u00ebn Durr\u00ebs-Kuk\u00ebs mori edhe rolin e prezantueses, duke treguar k\u00ebshtu se ishte nj\u00eb pjes\u00eb shum\u00eb e r\u00ebnd\u00ebsishme e k\u00ebtij grupimi. Pik\u00ebrisht para dy kryeministrave, atij shqiptar, Sali Berisha dhe atij kosovar, Hashim Tha\u00e7i, Soni Malaj shfaqi gjith\u00eb energjin\u00eb e saj duke treguar se n\u00eb sken\u00eb ajo jo vet\u00ebm ishte zot, por b\u00ebnte \u00e7udira\u2026 publiku k\u00ebndonte bashk\u00eb me t\u00eb, brohorimat, thirrjet dhe duartrokitjet e shoq\u00ebronin gjat\u00eb gjith\u00eb koh\u00ebs, gj\u00eb q\u00eb tregonte se suksesi ishte m\u00ebse i garantuar. K\u00ebt\u00eb detaj, m\u00eb shum\u00eb se kushdo n\u00eb at\u00eb koncert fushate e vuri re Hashim Tha\u00e7i, i cili p\u00ebrve\u00e7 motivit q\u00eb gjendej aty, kishte edhe nj\u00eb tjet\u00ebr synim. T\u00eb zgjidhte figur\u00ebn q\u00eb do t\u00eb prezantonte fushat\u00ebn e tij. Vera iku, dhe ja shtatori e gjeti Soni Malajn n\u00eb Kosov\u00eb. Oferta e Tha\u00e7it ishte e qart\u00eb: Soni duhet t\u00eb ishte imazhi i fushat\u00ebs s\u00eb tij elektorale. E vetme. E pashoq\u00ebruar nga k\u00ebng\u00ebtar\u00eb t\u00eb tjer\u00eb. Ajo me hitet e saj n\u00eb skenat e improvizuara n\u00ebp\u00ebr qytetet dhe komunat e Kosov\u00ebs, ku pas saj do t\u00eb val\u00ebvitej flamuri i PDK-s\u00eb! P\u00ebrgjigjja e Sonit para asaj oferte josh\u00ebse ishte sigurisht pozitive. K\u00ebshtu q\u00eb Soni nuk e zgjati, dhe prej dy jav\u00ebsh ajo gjendet n\u00eb Kosov\u00eb, n\u00eb koncertet q\u00eb kan\u00eb nisur para se t\u00eb \u00e7elet zyrtarisht fushata elektorale.<br \/>\nFushata<br \/>\n\u00cbsht\u00eb ndar\u00eb p\u00ebr vet\u00ebm pak dit\u00eb nga turi i saj i koncerteve n\u00eb Kosov\u00eb p\u00ebr t\u00eb ardhur n\u00eb Tiran\u00eb. Edhe k\u00ebt\u00eb her\u00eb p\u00ebr pun\u00eb. Festivali \u201cK\u00ebnga Magjike\u201d \u00ebsht\u00eb nj\u00eb obligim tashm\u00eb p\u00ebr Sonin. P\u00ebrpos impenjimeve t\u00eb saj koncertore, ajo nuk e l\u00eb m\u00ebnjan\u00eb k\u00ebt\u00eb tribun\u00eb t\u00eb k\u00ebng\u00ebs. Ka regjistruar k\u00ebng\u00ebn e saj pjes\u00ebmarr\u00ebse n\u00eb k\u00ebt\u00eb festival, q\u00eb s\u00eb shpejti pritet t\u00eb shfaqet n\u00eb televizionet muzikore. Nd\u00ebrkaq, k\u00ebt\u00eb fundjav\u00eb ajo do t\u00eb marr\u00eb s\u00ebrish avionin p\u00ebr t\u2019u nisur drejt Kosov\u00ebs, ku e presin plot 20 koncerte n\u00eb muajin e fundit t\u00eb fushat\u00ebs elektorale t\u00eb Tha\u00e7it.<br \/>\n<strong><br \/>\nRevista Bluetooth<\/strong><\/p>\n<!--YouTube Error: bad URL entered-->\n","protected":false},"excerpt":{"rendered":"<p>\u00cbsht\u00eb e bukur, e \u00ebmb\u00ebl, ka nj\u00eb z\u00eb t\u00eb bukur, k\u00ebng\u00eb po t\u00eb tilla dhe natyrisht, ka me mij\u00ebra fansa jo vet\u00ebm n\u00eb Shqip\u00ebri, por edhe n\u00eb Kosov\u00eb. K\u00ebto cil\u00ebsi t\u00eb saj kan\u00eb joshur edhe liderin e Partis\u00eb Demokratike t\u00eb Kosov\u00ebs, kryeministrin Hashim Tha\u00e7i. Tek Soni Malaj ai shihte imazhin e p\u00ebrkryer p\u00ebr t\u00eb prezantuar [&hellip;]<\/p>\n","protected":false},"author":1,"featured_media":0,"comment_status":"open","ping_status":"closed","sticky":false,"template":"","format":"standard","meta":{"spay_email":"","jetpack_publicize_message":"","jetpack_is_tweetstorm":false,"jetpack_publicize_feature_enabled":true},"categories":[1],"tags":[4904,12656],"jetpack_publicize_connections":[],"yoast_head":"<!-- This site is optimized with the Yoast SEO plugin v19.1 - https:\/\/yoast.com\/wordpress\/plugins\/seo\/ -->\n<title>Soni Malaj, \u201cLolita\u201d e Hashim Tha\u00e7it - Lajme nga Ulqini<\/title>\n<meta name=\"description\" content=\"\u00cbsht\u00eb e bukur, e \u00ebmb\u00ebl, ka nj\u00eb z\u00eb t\u00eb bukur, k\u00ebng\u00eb po t\u00eb tilla dhe natyrisht, ka me mij\u00ebra fansa jo vet\u00ebm n\u00eb Shqip\u00ebri, por edhe n\u00eb Kosov\u00eb. K\u00ebto cil\u00ebsi t\u00eb\" \/>\n<meta name=\"robots\" content=\"index, follow, max-snippet:-1, max-image-preview:large, max-video-preview:-1\" \/>\n<link rel=\"canonical\" href=\"https:\/\/www.visit-ulcinj.com\/blog\/2009\/10\/13\/soni-malaj-\u201clolita\u201d-e-hashim-thacit\/\" \/>\n<meta property=\"og:locale\" content=\"en_US\" \/>\n<meta property=\"og:type\" content=\"article\" \/>\n<meta property=\"og:title\" content=\"Soni Malaj, \u201cLolita\u201d e Hashim Tha\u00e7it - Lajme nga Ulqini\" \/>\n<meta property=\"og:description\" content=\"\u00cbsht\u00eb e bukur, e \u00ebmb\u00ebl, ka nj\u00eb z\u00eb t\u00eb bukur, k\u00ebng\u00eb po t\u00eb tilla dhe natyrisht, ka me mij\u00ebra fansa jo vet\u00ebm n\u00eb Shqip\u00ebri, por edhe n\u00eb Kosov\u00eb. K\u00ebto cil\u00ebsi t\u00eb\" \/>\n<meta property=\"og:url\" content=\"https:\/\/www.visit-ulcinj.com\/blog\/2009\/10\/13\/soni-malaj-\u201clolita\u201d-e-hashim-thacit\/\" \/>\n<meta property=\"og:site_name\" content=\"Lajme nga Ulqini\" \/>\n<meta property=\"article:published_time\" content=\"2009-10-13T09:54:08+00:00\" \/>\n<meta property=\"og:image\" content=\"http:\/\/www.visit-ulcinj.com\/blog\/wp-content\/uploads\/2009\/10\/SONI-MALAJ.2.jpg\" \/>\n<meta name=\"twitter:label1\" content=\"Written by\" \/>\n\t<meta name=\"twitter:data1\" content=\"ulqini\" \/>\n\t<meta name=\"twitter:label2\" content=\"Est. reading time\" \/>\n\t<meta name=\"twitter:data2\" content=\"3 minutes\" \/>\n<script type=\"application\/ld+json\" class=\"yoast-schema-graph\">{\"@context\":\"https:\/\/schema.org\",\"@graph\":[{\"@type\":\"WebSite\",\"@id\":\"https:\/\/www.visit-ulcinj.com\/blog\/#website\",\"url\":\"https:\/\/www.visit-ulcinj.com\/blog\/\",\"name\":\"Lajme nga Ulqini\",\"description\":\"Lajme,Vijesti,Ulqini,Ulqin,Crna Gora,Mali i Zi\",\"potentialAction\":[{\"@type\":\"SearchAction\",\"target\":{\"@type\":\"EntryPoint\",\"urlTemplate\":\"https:\/\/www.visit-ulcinj.com\/blog\/?s={search_term_string}\"},\"query-input\":\"required name=search_term_string\"}],\"inLanguage\":\"en-US\"},{\"@type\":\"ImageObject\",\"inLanguage\":\"en-US\",\"@id\":\"https:\/\/www.visit-ulcinj.com\/blog\/2009\/10\/13\/soni-malaj-%e2%80%9clolita%e2%80%9d-e-hashim-thacit\/#primaryimage\",\"url\":\"https:\/\/www.visit-ulcinj.com\/blog\/wp-content\/uploads\/2009\/10\/SONI-MALAJ.2.jpg\",\"contentUrl\":\"https:\/\/www.visit-ulcinj.com\/blog\/wp-content\/uploads\/2009\/10\/SONI-MALAJ.2.jpg\",\"width\":\"1086\",\"height\":\"815\"},{\"@type\":\"WebPage\",\"@id\":\"https:\/\/www.visit-ulcinj.com\/blog\/2009\/10\/13\/soni-malaj-%e2%80%9clolita%e2%80%9d-e-hashim-thacit\/#webpage\",\"url\":\"https:\/\/www.visit-ulcinj.com\/blog\/2009\/10\/13\/soni-malaj-%e2%80%9clolita%e2%80%9d-e-hashim-thacit\/\",\"name\":\"Soni Malaj, \u201cLolita\u201d e Hashim Tha\u00e7it - Lajme nga Ulqini\",\"isPartOf\":{\"@id\":\"https:\/\/www.visit-ulcinj.com\/blog\/#website\"},\"primaryImageOfPage\":{\"@id\":\"https:\/\/www.visit-ulcinj.com\/blog\/2009\/10\/13\/soni-malaj-%e2%80%9clolita%e2%80%9d-e-hashim-thacit\/#primaryimage\"},\"datePublished\":\"2009-10-13T09:54:08+00:00\",\"dateModified\":\"2009-10-13T09:54:08+00:00\",\"author\":{\"@id\":\"https:\/\/www.visit-ulcinj.com\/blog\/#\/schema\/person\/dcab619c614d3038751c63bc2aadc06d\"},\"description\":\"\u00cbsht\u00eb e bukur, e \u00ebmb\u00ebl, ka nj\u00eb z\u00eb t\u00eb bukur, k\u00ebng\u00eb po t\u00eb tilla dhe natyrisht, ka me mij\u00ebra fansa jo vet\u00ebm n\u00eb Shqip\u00ebri, por edhe n\u00eb Kosov\u00eb. K\u00ebto cil\u00ebsi t\u00eb\",\"breadcrumb\":{\"@id\":\"https:\/\/www.visit-ulcinj.com\/blog\/2009\/10\/13\/soni-malaj-%e2%80%9clolita%e2%80%9d-e-hashim-thacit\/#breadcrumb\"},\"inLanguage\":\"en-US\",\"potentialAction\":[{\"@type\":\"ReadAction\",\"target\":[\"https:\/\/www.visit-ulcinj.com\/blog\/2009\/10\/13\/soni-malaj-%e2%80%9clolita%e2%80%9d-e-hashim-thacit\/\"]}]},{\"@type\":\"BreadcrumbList\",\"@id\":\"https:\/\/www.visit-ulcinj.com\/blog\/2009\/10\/13\/soni-malaj-%e2%80%9clolita%e2%80%9d-e-hashim-thacit\/#breadcrumb\",\"itemListElement\":[{\"@type\":\"ListItem\",\"position\":1,\"name\":\"Soni Malaj, \u201cLolita\u201d e Hashim Tha\u00e7it\"}]},{\"@type\":\"Person\",\"@id\":\"https:\/\/www.visit-ulcinj.com\/blog\/#\/schema\/person\/dcab619c614d3038751c63bc2aadc06d\",\"name\":\"ulqini\",\"sameAs\":[\"http:\/\/www.visit-ulcinj.com\"],\"url\":\"https:\/\/www.visit-ulcinj.com\/blog\/author\/admin\/\"}]}<\/script>\n<!-- \/ Yoast SEO plugin. -->","yoast_head_json":{"title":"Soni Malaj, \u201cLolita\u201d e Hashim Tha\u00e7it - Lajme nga Ulqini","description":"\u00cbsht\u00eb e bukur, e \u00ebmb\u00ebl, ka nj\u00eb z\u00eb t\u00eb bukur, k\u00ebng\u00eb po t\u00eb tilla dhe natyrisht, ka me mij\u00ebra fansa jo vet\u00ebm n\u00eb Shqip\u00ebri, por edhe n\u00eb Kosov\u00eb. K\u00ebto cil\u00ebsi t\u00eb","robots":{"index":"index","follow":"follow","max-snippet":"max-snippet:-1","max-image-preview":"max-image-preview:large","max-video-preview":"max-video-preview:-1"},"canonical":"https:\/\/www.visit-ulcinj.com\/blog\/2009\/10\/13\/soni-malaj-\u201clolita\u201d-e-hashim-thacit\/","og_locale":"en_US","og_type":"article","og_title":"Soni Malaj, \u201cLolita\u201d e Hashim Tha\u00e7it - Lajme nga Ulqini","og_description":"\u00cbsht\u00eb e bukur, e \u00ebmb\u00ebl, ka nj\u00eb z\u00eb t\u00eb bukur, k\u00ebng\u00eb po t\u00eb tilla dhe natyrisht, ka me mij\u00ebra fansa jo vet\u00ebm n\u00eb Shqip\u00ebri, por edhe n\u00eb Kosov\u00eb. K\u00ebto cil\u00ebsi t\u00eb","og_url":"https:\/\/www.visit-ulcinj.com\/blog\/2009\/10\/13\/soni-malaj-\u201clolita\u201d-e-hashim-thacit\/","og_site_name":"Lajme nga Ulqini","article_published_time":"2009-10-13T09:54:08+00:00","og_image":[{"url":"http:\/\/www.visit-ulcinj.com\/blog\/wp-content\/uploads\/2009\/10\/SONI-MALAJ.2.jpg"}],"twitter_misc":{"Written by":"ulqini","Est. reading time":"3 minutes"},"schema":{"@context":"https:\/\/schema.org","@graph":[{"@type":"WebSite","@id":"https:\/\/www.visit-ulcinj.com\/blog\/#website","url":"https:\/\/www.visit-ulcinj.com\/blog\/","name":"Lajme nga Ulqini","description":"Lajme,Vijesti,Ulqini,Ulqin,Crna Gora,Mali i Zi","potentialAction":[{"@type":"SearchAction","target":{"@type":"EntryPoint","urlTemplate":"https:\/\/www.visit-ulcinj.com\/blog\/?s={search_term_string}"},"query-input":"required name=search_term_string"}],"inLanguage":"en-US"},{"@type":"ImageObject","inLanguage":"en-US","@id":"https:\/\/www.visit-ulcinj.com\/blog\/2009\/10\/13\/soni-malaj-%e2%80%9clolita%e2%80%9d-e-hashim-thacit\/#primaryimage","url":"https:\/\/www.visit-ulcinj.com\/blog\/wp-content\/uploads\/2009\/10\/SONI-MALAJ.2.jpg","contentUrl":"https:\/\/www.visit-ulcinj.com\/blog\/wp-content\/uploads\/2009\/10\/SONI-MALAJ.2.jpg","width":"1086","height":"815"},{"@type":"WebPage","@id":"https:\/\/www.visit-ulcinj.com\/blog\/2009\/10\/13\/soni-malaj-%e2%80%9clolita%e2%80%9d-e-hashim-thacit\/#webpage","url":"https:\/\/www.visit-ulcinj.com\/blog\/2009\/10\/13\/soni-malaj-%e2%80%9clolita%e2%80%9d-e-hashim-thacit\/","name":"Soni Malaj, \u201cLolita\u201d e Hashim Tha\u00e7it - Lajme nga Ulqini","isPartOf":{"@id":"https:\/\/www.visit-ulcinj.com\/blog\/#website"},"primaryImageOfPage":{"@id":"https:\/\/www.visit-ulcinj.com\/blog\/2009\/10\/13\/soni-malaj-%e2%80%9clolita%e2%80%9d-e-hashim-thacit\/#primaryimage"},"datePublished":"2009-10-13T09:54:08+00:00","dateModified":"2009-10-13T09:54:08+00:00","author":{"@id":"https:\/\/www.visit-ulcinj.com\/blog\/#\/schema\/person\/dcab619c614d3038751c63bc2aadc06d"},"description":"\u00cbsht\u00eb e bukur, e \u00ebmb\u00ebl, ka nj\u00eb z\u00eb t\u00eb bukur, k\u00ebng\u00eb po t\u00eb tilla dhe natyrisht, ka me mij\u00ebra fansa jo vet\u00ebm n\u00eb Shqip\u00ebri, por edhe n\u00eb Kosov\u00eb. K\u00ebto cil\u00ebsi t\u00eb","breadcrumb":{"@id":"https:\/\/www.visit-ulcinj.com\/blog\/2009\/10\/13\/soni-malaj-%e2%80%9clolita%e2%80%9d-e-hashim-thacit\/#breadcrumb"},"inLanguage":"en-US","potentialAction":[{"@type":"ReadAction","target":["https:\/\/www.visit-ulcinj.com\/blog\/2009\/10\/13\/soni-malaj-%e2%80%9clolita%e2%80%9d-e-hashim-thacit\/"]}]},{"@type":"BreadcrumbList","@id":"https:\/\/www.visit-ulcinj.com\/blog\/2009\/10\/13\/soni-malaj-%e2%80%9clolita%e2%80%9d-e-hashim-thacit\/#breadcrumb","itemListElement":[{"@type":"ListItem","position":1,"name":"Soni Malaj, \u201cLolita\u201d e Hashim Tha\u00e7it"}]},{"@type":"Person","@id":"https:\/\/www.visit-ulcinj.com\/blog\/#\/schema\/person\/dcab619c614d3038751c63bc2aadc06d","name":"ulqini","sameAs":["http:\/\/www.visit-ulcinj.com"],"url":"https:\/\/www.visit-ulcinj.com\/blog\/author\/admin\/"}]}},"jetpack_featured_media_url":"","jetpack_sharing_enabled":true,"jetpack_shortlink":"https:\/\/wp.me\/pe6lTn-6SL","_links":{"self":[{"href":"https:\/\/www.visit-ulcinj.com\/blog\/wp-json\/wp\/v2\/posts\/26459"}],"collection":[{"href":"https:\/\/www.visit-ulcinj.com\/blog\/wp-json\/wp\/v2\/posts"}],"about":[{"href":"https:\/\/www.visit-ulcinj.com\/blog\/wp-json\/wp\/v2\/types\/post"}],"author":[{"embeddable":true,"href":"https:\/\/www.visit-ulcinj.com\/blog\/wp-json\/wp\/v2\/users\/1"}],"replies":[{"embeddable":true,"href":"https:\/\/www.visit-ulcinj.com\/blog\/wp-json\/wp\/v2\/comments?post=26459"}],"version-history":[{"count":0,"href":"https:\/\/www.visit-ulcinj.com\/blog\/wp-json\/wp\/v2\/posts\/26459\/revisions"}],"wp:attachment":[{"href":"https:\/\/www.visit-ulcinj.com\/blog\/wp-json\/wp\/v2\/media?parent=26459"}],"wp:term":[{"taxonomy":"category","embeddable":true,"href":"https:\/\/www.visit-ulcinj.com\/blog\/wp-json\/wp\/v2\/categories?post=26459"},{"taxonomy":"post_tag","embeddable":true,"href":"https:\/\/www.visit-ulcinj.com\/blog\/wp-json\/wp\/v2\/tags?post=26459"}],"curies":[{"name":"wp","href":"https:\/\/api.w.org\/{rel}","templated":true}]}}