{"id":26466,"date":"2009-10-14T20:28:05","date_gmt":"2009-10-14T18:28:05","guid":{"rendered":"http:\/\/www.visit-ulcinj.com\/blog\/?p=26466"},"modified":"2009-10-18T16:25:27","modified_gmt":"2009-10-18T14:25:27","slug":"desetkovano-stado-simija-karamanage-u-ulcinju","status":"publish","type":"post","link":"https:\/\/www.visit-ulcinj.com\/blog\/2009\/10\/14\/desetkovano-stado-simija-karamanage-u-ulcinju\/","title":{"rendered":"Desetkovano stado Simija Karamanage u Ulcinju"},"content":{"rendered":"<p><a href=\"http:\/\/www.visit-ulcinj.com\/blog\/wp-content\/uploads\/2009\/10\/stado-simija-karamanage-ulcinj.jpg\"><img loading=\"lazy\" class=\"alignleft size-full wp-image-26479\" title=\"stado simija karamanage ulcinj\" src=\"http:\/\/www.visit-ulcinj.com\/blog\/wp-content\/uploads\/2009\/10\/stado-simija-karamanage-ulcinj.jpg\" alt=\"stado simija karamanage ulcinj\" width=\"344\" height=\"226\" \/><\/a><\/p>\n<p><strong>Povrije?en ?ak Noris<\/strong><br \/>\nUlcinj &#8211; Stado poznatog uzgajiva?a rasnih ovnova Simija Karamanage desetkovano je u napadu ?opora pasa, koji su povrijedili i nekada\u0161njeg apsolutnog \u0161ampiona ?aka Norisa i vjerovatno ga trajno udaljili iz tradicionalnih borbi.<br \/>\nIz stada su nestala dva jednogodi\u0161nja ovna, a osim ?aka Norisa povrije?ena su jo\u0161 dva, od kojih jedan te\u017ee i sa malim \u0161ansama da pre\u017eivi.<br \/>\nI dok u improvizovanoj staji, Noris, ovan te\u017eak vi\u0161e od 100 kilograma kleca na desnu nogu, a drugi sa te\u0161kim povredama nepomi?no le\u017ei kraj njega, Karamanaga je, poku\u0161avaju?i da suzdr\u017ei suze, kazao da su psi na imanje upali oko 4-5 sati u nedjelju ujutro.<br \/>\n\u201cBio sam na Kosovu, ali su mi kom\u0161ije ispri?ale da je ?opor brojao oko deset pasa od kojih su neki bili i rasni. Stado od sedam ovnova i tri ovce bilo je vani na ogra?enom d\u017eamijskom imanju koje odr\u017eavam i koristim. Ne znam koliko je trajao krvavi pir niti \u0161ta je sa ovnovima koji su nestali. Znam samo da mi je srce slomljeno jer su ovi ovnovi moja du\u0161evna hrana\u201d, drhtavim glasom Karamanaga je ju?e \u201eVijestima\u201c ispri?ao \u0161ta se desilo kobnog jutra.<br \/>\nVeterinar koji je obi\u0161ao povrije?ene ovnove, preporu?io je Karamanagi da ih ne kolje i da ?e poku\u0161ati sve da ih oporavi.<br \/>\n\u201c?ak Noris vjerovatno nikad vi\u0161e ne?e mo?i da se bori, a ne znam ni da li ?e ostati u \u017eivotu. Volio bih da su i on i ova dva povrije?ena nestali odjednom jer ne mogu da ih gledam ovakve. Bolje da mi je neko auto slupao nego ovo \u0161to mi se desilo i nije u pitanju novac jer moji ovnovi nemaju cijenu\u201d, kazao je Karamanaga, koji je i jedan od organizatora tradicionalnih borbi ovnova.<br \/>\nPasioniranom ljubitelju ovnova, koji je ?esto po Kosovu i sjeveru Crne Gore u potrazi za hrabrim i prkosnim borcima koji bi jednog dana mogli da postanu \u0161ampioni, ne\u0161to sli?no dogodilo se i lani.<\/p>\n<p><strong>S. ADROVI?<br \/>\n<a href=\"http:\/\/www.vijesti.me\/index.php?id=318702\" target=\"_blank\">Vijesti<\/a><\/strong><\/p>\n<p><strong>\n\t\t<style type=\"text\/css\">\n\t\t\t#gallery-1 {\n\t\t\t\tmargin: auto;\n\t\t\t}\n\t\t\t#gallery-1 .gallery-item {\n\t\t\t\tfloat: left;\n\t\t\t\tmargin-top: 10px;\n\t\t\t\ttext-align: center;\n\t\t\t\twidth: 33%;\n\t\t\t}\n\t\t\t#gallery-1 img {\n\t\t\t\tborder: 2px solid #cfcfcf;\n\t\t\t}\n\t\t\t#gallery-1 .gallery-caption {\n\t\t\t\tmargin-left: 0;\n\t\t\t}\n\t\t\t\/* see gallery_shortcode() in wp-includes\/media.php *\/\n\t\t<\/style>\n\t\t<div id='gallery-1' class='gallery galleryid-26466 gallery-columns-3 gallery-size-thumbnail'><dl class='gallery-item'>\n\t\t\t<dt class='gallery-icon landscape'>\n\t\t\t\t<a href='https:\/\/www.visit-ulcinj.com\/blog\/wp-content\/uploads\/2009\/10\/festival-of-kurban-bayrami-ulcinj_ulqin11.jpg'><img width=\"150\" height=\"150\" src=\"https:\/\/www.visit-ulcinj.com\/blog\/wp-content\/uploads\/2009\/10\/festival-of-kurban-bayrami-ulcinj_ulqin11-150x150.jpg\" class=\"attachment-thumbnail size-thumbnail\" alt=\"\" loading=\"lazy\" \/><\/a>\n\t\t\t<\/dt><\/dl><dl class='gallery-item'>\n\t\t\t<dt class='gallery-icon landscape'>\n\t\t\t\t<a href='https:\/\/www.visit-ulcinj.com\/blog\/wp-content\/uploads\/2009\/10\/festival-of-kurban-bayrami-ulcinj_ulqin.jpg'><img width=\"150\" height=\"150\" src=\"https:\/\/www.visit-ulcinj.com\/blog\/wp-content\/uploads\/2009\/10\/festival-of-kurban-bayrami-ulcinj_ulqin-150x150.jpg\" class=\"attachment-thumbnail size-thumbnail\" alt=\"\" loading=\"lazy\" \/><\/a>\n\t\t\t<\/dt><\/dl><dl class='gallery-item'>\n\t\t\t<dt class='gallery-icon landscape'>\n\t\t\t\t<a href='https:\/\/www.visit-ulcinj.com\/blog\/wp-content\/uploads\/2009\/10\/stado-simija-karamanage-ulcinj.jpg'><img width=\"150\" height=\"150\" src=\"https:\/\/www.visit-ulcinj.com\/blog\/wp-content\/uploads\/2009\/10\/stado-simija-karamanage-ulcinj-150x150.jpg\" class=\"attachment-thumbnail size-thumbnail\" alt=\"\" loading=\"lazy\" \/><\/a>\n\t\t\t<\/dt><\/dl><br style=\"clear: both\" \/>\n\t\t<\/div>\n<br \/>\n<\/strong><\/p>\n<p><strong><br \/>\n<\/strong><\/p>\n","protected":false},"excerpt":{"rendered":"<p>Povrije?en ?ak Noris Ulcinj &#8211; Stado poznatog uzgajiva?a rasnih ovnova Simija Karamanage desetkovano je u napadu ?opora pasa, koji su povrijedili i nekada\u0161njeg apsolutnog \u0161ampiona ?aka Norisa i vjerovatno ga trajno udaljili iz tradicionalnih borbi. Iz stada su nestala dva jednogodi\u0161nja ovna, a osim ?aka Norisa povrije?ena su jo\u0161 dva, od kojih jedan te\u017ee i [&hellip;]<\/p>\n","protected":false},"author":1,"featured_media":0,"comment_status":"open","ping_status":"closed","sticky":false,"template":"","format":"standard","meta":{"spay_email":"","jetpack_publicize_message":"","jetpack_is_tweetstorm":false,"jetpack_publicize_feature_enabled":true},"categories":[8337],"tags":[12659,12658],"jetpack_publicize_connections":[],"yoast_head":"<!-- This site is optimized with the Yoast SEO plugin v19.1 - https:\/\/yoast.com\/wordpress\/plugins\/seo\/ -->\n<title>Desetkovano stado Simija Karamanage u Ulcinju - Lajme nga Ulqini<\/title>\n<meta name=\"description\" content=\"Povrije?en ?ak Noris Ulcinj - Stado poznatog uzgajiva?a rasnih ovnova Simija Karamanage desetkovano je u napadu ?opora pasa, koji su povrijedili i\" \/>\n<meta name=\"robots\" content=\"index, follow, max-snippet:-1, max-image-preview:large, max-video-preview:-1\" \/>\n<link rel=\"canonical\" href=\"https:\/\/www.visit-ulcinj.com\/blog\/2009\/10\/14\/desetkovano-stado-simija-karamanage-u-ulcinju\/\" \/>\n<meta property=\"og:locale\" content=\"en_US\" \/>\n<meta property=\"og:type\" content=\"article\" \/>\n<meta property=\"og:title\" content=\"Desetkovano stado Simija Karamanage u Ulcinju - Lajme nga Ulqini\" \/>\n<meta property=\"og:description\" content=\"Povrije?en ?ak Noris Ulcinj - Stado poznatog uzgajiva?a rasnih ovnova Simija Karamanage desetkovano je u napadu ?opora pasa, koji su povrijedili i\" \/>\n<meta property=\"og:url\" content=\"https:\/\/www.visit-ulcinj.com\/blog\/2009\/10\/14\/desetkovano-stado-simija-karamanage-u-ulcinju\/\" \/>\n<meta property=\"og:site_name\" content=\"Lajme nga Ulqini\" \/>\n<meta property=\"article:published_time\" content=\"2009-10-14T18:28:05+00:00\" \/>\n<meta property=\"article:modified_time\" content=\"2009-10-18T14:25:27+00:00\" \/>\n<meta property=\"og:image\" content=\"https:\/\/www.visit-ulcinj.com\/blog\/wp-content\/uploads\/2009\/10\/festival-of-kurban-bayrami-ulcinj_ulqin11-150x150.jpg\" \/>\n<meta name=\"twitter:label1\" content=\"Written by\" \/>\n\t<meta name=\"twitter:data1\" content=\"ulqini\" \/>\n\t<meta name=\"twitter:label2\" content=\"Est. reading time\" \/>\n\t<meta name=\"twitter:data2\" content=\"2 minutes\" \/>\n<script type=\"application\/ld+json\" class=\"yoast-schema-graph\">{\"@context\":\"https:\/\/schema.org\",\"@graph\":[{\"@type\":\"WebSite\",\"@id\":\"https:\/\/www.visit-ulcinj.com\/blog\/#website\",\"url\":\"https:\/\/www.visit-ulcinj.com\/blog\/\",\"name\":\"Lajme nga Ulqini\",\"description\":\"Lajme,Vijesti,Ulqini,Ulqin,Crna Gora,Mali i Zi\",\"potentialAction\":[{\"@type\":\"SearchAction\",\"target\":{\"@type\":\"EntryPoint\",\"urlTemplate\":\"https:\/\/www.visit-ulcinj.com\/blog\/?s={search_term_string}\"},\"query-input\":\"required name=search_term_string\"}],\"inLanguage\":\"en-US\"},{\"@type\":\"ImageObject\",\"inLanguage\":\"en-US\",\"@id\":\"https:\/\/www.visit-ulcinj.com\/blog\/2009\/10\/14\/desetkovano-stado-simija-karamanage-u-ulcinju\/#primaryimage\",\"url\":\"https:\/\/www.visit-ulcinj.com\/blog\/wp-content\/uploads\/2009\/10\/stado-simija-karamanage-ulcinj.jpg\",\"contentUrl\":\"https:\/\/www.visit-ulcinj.com\/blog\/wp-content\/uploads\/2009\/10\/stado-simija-karamanage-ulcinj.jpg\",\"width\":\"290\",\"height\":\"190\"},{\"@type\":\"WebPage\",\"@id\":\"https:\/\/www.visit-ulcinj.com\/blog\/2009\/10\/14\/desetkovano-stado-simija-karamanage-u-ulcinju\/#webpage\",\"url\":\"https:\/\/www.visit-ulcinj.com\/blog\/2009\/10\/14\/desetkovano-stado-simija-karamanage-u-ulcinju\/\",\"name\":\"Desetkovano stado Simija Karamanage u Ulcinju - Lajme nga Ulqini\",\"isPartOf\":{\"@id\":\"https:\/\/www.visit-ulcinj.com\/blog\/#website\"},\"primaryImageOfPage\":{\"@id\":\"https:\/\/www.visit-ulcinj.com\/blog\/2009\/10\/14\/desetkovano-stado-simija-karamanage-u-ulcinju\/#primaryimage\"},\"datePublished\":\"2009-10-14T18:28:05+00:00\",\"dateModified\":\"2009-10-18T14:25:27+00:00\",\"author\":{\"@id\":\"https:\/\/www.visit-ulcinj.com\/blog\/#\/schema\/person\/dcab619c614d3038751c63bc2aadc06d\"},\"description\":\"Povrije?en ?ak Noris Ulcinj - Stado poznatog uzgajiva?a rasnih ovnova Simija Karamanage desetkovano je u napadu ?opora pasa, koji su povrijedili i\",\"breadcrumb\":{\"@id\":\"https:\/\/www.visit-ulcinj.com\/blog\/2009\/10\/14\/desetkovano-stado-simija-karamanage-u-ulcinju\/#breadcrumb\"},\"inLanguage\":\"en-US\",\"potentialAction\":[{\"@type\":\"ReadAction\",\"target\":[\"https:\/\/www.visit-ulcinj.com\/blog\/2009\/10\/14\/desetkovano-stado-simija-karamanage-u-ulcinju\/\"]}]},{\"@type\":\"BreadcrumbList\",\"@id\":\"https:\/\/www.visit-ulcinj.com\/blog\/2009\/10\/14\/desetkovano-stado-simija-karamanage-u-ulcinju\/#breadcrumb\",\"itemListElement\":[{\"@type\":\"ListItem\",\"position\":1,\"name\":\"Desetkovano stado Simija Karamanage u Ulcinju\"}]},{\"@type\":\"Person\",\"@id\":\"https:\/\/www.visit-ulcinj.com\/blog\/#\/schema\/person\/dcab619c614d3038751c63bc2aadc06d\",\"name\":\"ulqini\",\"sameAs\":[\"http:\/\/www.visit-ulcinj.com\"],\"url\":\"https:\/\/www.visit-ulcinj.com\/blog\/author\/admin\/\"}]}<\/script>\n<!-- \/ Yoast SEO plugin. -->","yoast_head_json":{"title":"Desetkovano stado Simija Karamanage u Ulcinju - Lajme nga Ulqini","description":"Povrije?en ?ak Noris Ulcinj - Stado poznatog uzgajiva?a rasnih ovnova Simija Karamanage desetkovano je u napadu ?opora pasa, koji su povrijedili i","robots":{"index":"index","follow":"follow","max-snippet":"max-snippet:-1","max-image-preview":"max-image-preview:large","max-video-preview":"max-video-preview:-1"},"canonical":"https:\/\/www.visit-ulcinj.com\/blog\/2009\/10\/14\/desetkovano-stado-simija-karamanage-u-ulcinju\/","og_locale":"en_US","og_type":"article","og_title":"Desetkovano stado Simija Karamanage u Ulcinju - Lajme nga Ulqini","og_description":"Povrije?en ?ak Noris Ulcinj - Stado poznatog uzgajiva?a rasnih ovnova Simija Karamanage desetkovano je u napadu ?opora pasa, koji su povrijedili i","og_url":"https:\/\/www.visit-ulcinj.com\/blog\/2009\/10\/14\/desetkovano-stado-simija-karamanage-u-ulcinju\/","og_site_name":"Lajme nga Ulqini","article_published_time":"2009-10-14T18:28:05+00:00","article_modified_time":"2009-10-18T14:25:27+00:00","og_image":[{"url":"https:\/\/www.visit-ulcinj.com\/blog\/wp-content\/uploads\/2009\/10\/festival-of-kurban-bayrami-ulcinj_ulqin11-150x150.jpg"}],"twitter_misc":{"Written by":"ulqini","Est. reading time":"2 minutes"},"schema":{"@context":"https:\/\/schema.org","@graph":[{"@type":"WebSite","@id":"https:\/\/www.visit-ulcinj.com\/blog\/#website","url":"https:\/\/www.visit-ulcinj.com\/blog\/","name":"Lajme nga Ulqini","description":"Lajme,Vijesti,Ulqini,Ulqin,Crna Gora,Mali i Zi","potentialAction":[{"@type":"SearchAction","target":{"@type":"EntryPoint","urlTemplate":"https:\/\/www.visit-ulcinj.com\/blog\/?s={search_term_string}"},"query-input":"required name=search_term_string"}],"inLanguage":"en-US"},{"@type":"ImageObject","inLanguage":"en-US","@id":"https:\/\/www.visit-ulcinj.com\/blog\/2009\/10\/14\/desetkovano-stado-simija-karamanage-u-ulcinju\/#primaryimage","url":"https:\/\/www.visit-ulcinj.com\/blog\/wp-content\/uploads\/2009\/10\/stado-simija-karamanage-ulcinj.jpg","contentUrl":"https:\/\/www.visit-ulcinj.com\/blog\/wp-content\/uploads\/2009\/10\/stado-simija-karamanage-ulcinj.jpg","width":"290","height":"190"},{"@type":"WebPage","@id":"https:\/\/www.visit-ulcinj.com\/blog\/2009\/10\/14\/desetkovano-stado-simija-karamanage-u-ulcinju\/#webpage","url":"https:\/\/www.visit-ulcinj.com\/blog\/2009\/10\/14\/desetkovano-stado-simija-karamanage-u-ulcinju\/","name":"Desetkovano stado Simija Karamanage u Ulcinju - Lajme nga Ulqini","isPartOf":{"@id":"https:\/\/www.visit-ulcinj.com\/blog\/#website"},"primaryImageOfPage":{"@id":"https:\/\/www.visit-ulcinj.com\/blog\/2009\/10\/14\/desetkovano-stado-simija-karamanage-u-ulcinju\/#primaryimage"},"datePublished":"2009-10-14T18:28:05+00:00","dateModified":"2009-10-18T14:25:27+00:00","author":{"@id":"https:\/\/www.visit-ulcinj.com\/blog\/#\/schema\/person\/dcab619c614d3038751c63bc2aadc06d"},"description":"Povrije?en ?ak Noris Ulcinj - Stado poznatog uzgajiva?a rasnih ovnova Simija Karamanage desetkovano je u napadu ?opora pasa, koji su povrijedili i","breadcrumb":{"@id":"https:\/\/www.visit-ulcinj.com\/blog\/2009\/10\/14\/desetkovano-stado-simija-karamanage-u-ulcinju\/#breadcrumb"},"inLanguage":"en-US","potentialAction":[{"@type":"ReadAction","target":["https:\/\/www.visit-ulcinj.com\/blog\/2009\/10\/14\/desetkovano-stado-simija-karamanage-u-ulcinju\/"]}]},{"@type":"BreadcrumbList","@id":"https:\/\/www.visit-ulcinj.com\/blog\/2009\/10\/14\/desetkovano-stado-simija-karamanage-u-ulcinju\/#breadcrumb","itemListElement":[{"@type":"ListItem","position":1,"name":"Desetkovano stado Simija Karamanage u Ulcinju"}]},{"@type":"Person","@id":"https:\/\/www.visit-ulcinj.com\/blog\/#\/schema\/person\/dcab619c614d3038751c63bc2aadc06d","name":"ulqini","sameAs":["http:\/\/www.visit-ulcinj.com"],"url":"https:\/\/www.visit-ulcinj.com\/blog\/author\/admin\/"}]}},"jetpack_featured_media_url":"","jetpack_sharing_enabled":true,"jetpack_shortlink":"https:\/\/wp.me\/pe6lTn-6SS","_links":{"self":[{"href":"https:\/\/www.visit-ulcinj.com\/blog\/wp-json\/wp\/v2\/posts\/26466"}],"collection":[{"href":"https:\/\/www.visit-ulcinj.com\/blog\/wp-json\/wp\/v2\/posts"}],"about":[{"href":"https:\/\/www.visit-ulcinj.com\/blog\/wp-json\/wp\/v2\/types\/post"}],"author":[{"embeddable":true,"href":"https:\/\/www.visit-ulcinj.com\/blog\/wp-json\/wp\/v2\/users\/1"}],"replies":[{"embeddable":true,"href":"https:\/\/www.visit-ulcinj.com\/blog\/wp-json\/wp\/v2\/comments?post=26466"}],"version-history":[{"count":0,"href":"https:\/\/www.visit-ulcinj.com\/blog\/wp-json\/wp\/v2\/posts\/26466\/revisions"}],"wp:attachment":[{"href":"https:\/\/www.visit-ulcinj.com\/blog\/wp-json\/wp\/v2\/media?parent=26466"}],"wp:term":[{"taxonomy":"category","embeddable":true,"href":"https:\/\/www.visit-ulcinj.com\/blog\/wp-json\/wp\/v2\/categories?post=26466"},{"taxonomy":"post_tag","embeddable":true,"href":"https:\/\/www.visit-ulcinj.com\/blog\/wp-json\/wp\/v2\/tags?post=26466"}],"curies":[{"name":"wp","href":"https:\/\/api.w.org\/{rel}","templated":true}]}}