{"id":26500,"date":"2009-10-14T22:20:52","date_gmt":"2009-10-14T20:20:52","guid":{"rendered":"http:\/\/www.visit-ulcinj.com\/blog\/?p=26500"},"modified":"2009-10-14T22:27:57","modified_gmt":"2009-10-14T20:27:57","slug":"jeta-faqolli-ne-lidhje-me-benin-e-%e2%80%9ckafazit%e2%80%9d","status":"publish","type":"post","link":"https:\/\/www.visit-ulcinj.com\/blog\/2009\/10\/14\/jeta-faqolli-ne-lidhje-me-benin-e-%e2%80%9ckafazit%e2%80%9d\/","title":{"rendered":"Jeta Faqolli, ne lidhje me Benin e \u201cKafazit\u201d"},"content":{"rendered":"<p><a href=\"http:\/\/www.visit-ulcinj.com\/blog\/wp-content\/uploads\/2009\/10\/Jeta-Faqolli.5.jpg\"><img loading=\"lazy\" class=\"alignleft size-medium wp-image-26506\" title=\"Jeta Faqolli.5\" src=\"http:\/\/www.visit-ulcinj.com\/blog\/wp-content\/uploads\/2009\/10\/Jeta-Faqolli.5-225x300.jpg\" alt=\"Jeta Faqolli.5\" width=\"344\" height=\"325\" \/><\/a>Bota \u00ebsht\u00eb v\u00ebrtet\u00eb e vog\u00ebl. N\u00eb edicionin e fundit t\u00eb \u201cKafazit t\u00eb Art\u00eb\u201d, Jeta Faqolli ishte nj\u00eb nga k\u00ebng\u00ebtaret e ftuara n\u00eb sht\u00ebpin\u00eb e kafazier\u00ebve. Por, askush nuk do ta besonte se ajo kishte nj\u00eb simpati t\u00eb kahershme p\u00ebr nj\u00eb nga personazhet e dala nga ky reality show. B\u00ebhet fjal\u00eb p\u00ebr Arben Kas\u00ebmin, djaloshin nga Puka q\u00eb krijoi aq shum\u00eb situata debati me Alban Rexh\u00ebn. E pra, Beni dhe Jeta Faqolli jan\u00eb n\u00eb nj\u00eb lidhje dashurie, q\u00eb ka nisur gjat\u00eb muajve t\u00eb ver\u00ebs dhe q\u00eb vazhdon aktualisht. Ata njihen prej koh\u00ebsh, por ndjenja ka lindur m\u00eb von\u00eb. Benin e kemi par\u00eb edhe mes miqve t\u00eb k\u00ebng\u00ebtares gjat\u00eb dit\u00eblindjes q\u00eb ajo festoi nj\u00eb vit m\u00eb par\u00eb, nj\u00eb foto prej s\u00eb cil\u00ebs edhe po ua servirim, ku shfaqen t\u00eb dy s\u00eb bashku me k\u00ebng\u00ebtaren Ingrid Gjoni. Edhe pse miqt\u00eb e tyre e komentojn\u00eb si nj\u00eb marr\u00ebdh\u00ebnie me shum\u00eb z\u00ebnka, ata gjithsesi vazhdojn\u00eb s\u00eb bashku t\u00eb shijojn\u00eb k\u00ebt\u00eb raport dashurie.<\/p>\n<p><strong>Revista Bluetooth<br \/>\n<br \/>\n<\/strong><\/p>\n<!--YouTube Error: bad URL entered-->\n","protected":false},"excerpt":{"rendered":"<p>Bota \u00ebsht\u00eb v\u00ebrtet\u00eb e vog\u00ebl. N\u00eb edicionin e fundit t\u00eb \u201cKafazit t\u00eb Art\u00eb\u201d, Jeta Faqolli ishte nj\u00eb nga k\u00ebng\u00ebtaret e ftuara n\u00eb sht\u00ebpin\u00eb e kafazier\u00ebve. Por, askush nuk do ta besonte se ajo kishte nj\u00eb simpati t\u00eb kahershme p\u00ebr nj\u00eb nga personazhet e dala nga ky reality show. B\u00ebhet fjal\u00eb p\u00ebr Arben Kas\u00ebmin, djaloshin nga [&hellip;]<\/p>\n","protected":false},"author":1,"featured_media":0,"comment_status":"open","ping_status":"closed","sticky":false,"template":"","format":"standard","meta":{"spay_email":"","jetpack_publicize_message":"","jetpack_is_tweetstorm":false,"jetpack_publicize_feature_enabled":true},"categories":[1],"tags":[5894,12661],"jetpack_publicize_connections":[],"yoast_head":"<!-- This site is optimized with the Yoast SEO plugin v19.1 - https:\/\/yoast.com\/wordpress\/plugins\/seo\/ -->\n<title>Jeta Faqolli, ne lidhje me Benin e \u201cKafazit\u201d - Lajme nga Ulqini<\/title>\n<meta name=\"description\" content=\"Bota \u00ebsht\u00eb v\u00ebrtet\u00eb e vog\u00ebl. N\u00eb edicionin e fundit t\u00eb \u201cKafazit t\u00eb Art\u00eb\u201d, Jeta Faqolli ishte nj\u00eb nga k\u00ebng\u00ebtaret e ftuara n\u00eb sht\u00ebpin\u00eb e kafazier\u00ebve. Por,\" \/>\n<meta name=\"robots\" content=\"index, follow, max-snippet:-1, max-image-preview:large, max-video-preview:-1\" \/>\n<link rel=\"canonical\" href=\"https:\/\/www.visit-ulcinj.com\/blog\/2009\/10\/14\/jeta-faqolli-ne-lidhje-me-benin-e-\u201ckafazit\u201d\/\" \/>\n<meta property=\"og:locale\" content=\"en_US\" \/>\n<meta property=\"og:type\" content=\"article\" \/>\n<meta property=\"og:title\" content=\"Jeta Faqolli, ne lidhje me Benin e \u201cKafazit\u201d - Lajme nga Ulqini\" \/>\n<meta property=\"og:description\" content=\"Bota \u00ebsht\u00eb v\u00ebrtet\u00eb e vog\u00ebl. N\u00eb edicionin e fundit t\u00eb \u201cKafazit t\u00eb Art\u00eb\u201d, Jeta Faqolli ishte nj\u00eb nga k\u00ebng\u00ebtaret e ftuara n\u00eb sht\u00ebpin\u00eb e kafazier\u00ebve. Por,\" \/>\n<meta property=\"og:url\" content=\"https:\/\/www.visit-ulcinj.com\/blog\/2009\/10\/14\/jeta-faqolli-ne-lidhje-me-benin-e-\u201ckafazit\u201d\/\" \/>\n<meta property=\"og:site_name\" content=\"Lajme nga Ulqini\" \/>\n<meta property=\"article:published_time\" content=\"2009-10-14T20:20:52+00:00\" \/>\n<meta property=\"article:modified_time\" content=\"2009-10-14T20:27:57+00:00\" \/>\n<meta property=\"og:image\" content=\"https:\/\/www.visit-ulcinj.com\/blog\/wp-content\/uploads\/2009\/10\/Jeta-Faqolli.-150x150.jpg\" \/>\n<meta name=\"twitter:label1\" content=\"Written by\" \/>\n\t<meta name=\"twitter:data1\" content=\"ulqini\" \/>\n\t<meta name=\"twitter:label2\" content=\"Est. reading time\" \/>\n\t<meta name=\"twitter:data2\" content=\"1 minute\" \/>\n<script type=\"application\/ld+json\" class=\"yoast-schema-graph\">{\"@context\":\"https:\/\/schema.org\",\"@graph\":[{\"@type\":\"WebSite\",\"@id\":\"https:\/\/www.visit-ulcinj.com\/blog\/#website\",\"url\":\"https:\/\/www.visit-ulcinj.com\/blog\/\",\"name\":\"Lajme nga Ulqini\",\"description\":\"Lajme,Vijesti,Ulqini,Ulqin,Crna Gora,Mali i Zi\",\"potentialAction\":[{\"@type\":\"SearchAction\",\"target\":{\"@type\":\"EntryPoint\",\"urlTemplate\":\"https:\/\/www.visit-ulcinj.com\/blog\/?s={search_term_string}\"},\"query-input\":\"required name=search_term_string\"}],\"inLanguage\":\"en-US\"},{\"@type\":\"ImageObject\",\"inLanguage\":\"en-US\",\"@id\":\"https:\/\/www.visit-ulcinj.com\/blog\/2009\/10\/14\/jeta-faqolli-ne-lidhje-me-benin-e-%e2%80%9ckafazit%e2%80%9d\/#primaryimage\",\"url\":\"http:\/\/www.visit-ulcinj.com\/blog\/wp-content\/uploads\/2009\/10\/Jeta-Faqolli.5-225x300.jpg\",\"contentUrl\":\"http:\/\/www.visit-ulcinj.com\/blog\/wp-content\/uploads\/2009\/10\/Jeta-Faqolli.5-225x300.jpg\"},{\"@type\":\"WebPage\",\"@id\":\"https:\/\/www.visit-ulcinj.com\/blog\/2009\/10\/14\/jeta-faqolli-ne-lidhje-me-benin-e-%e2%80%9ckafazit%e2%80%9d\/#webpage\",\"url\":\"https:\/\/www.visit-ulcinj.com\/blog\/2009\/10\/14\/jeta-faqolli-ne-lidhje-me-benin-e-%e2%80%9ckafazit%e2%80%9d\/\",\"name\":\"Jeta Faqolli, ne lidhje me Benin e \u201cKafazit\u201d - Lajme nga Ulqini\",\"isPartOf\":{\"@id\":\"https:\/\/www.visit-ulcinj.com\/blog\/#website\"},\"primaryImageOfPage\":{\"@id\":\"https:\/\/www.visit-ulcinj.com\/blog\/2009\/10\/14\/jeta-faqolli-ne-lidhje-me-benin-e-%e2%80%9ckafazit%e2%80%9d\/#primaryimage\"},\"datePublished\":\"2009-10-14T20:20:52+00:00\",\"dateModified\":\"2009-10-14T20:27:57+00:00\",\"author\":{\"@id\":\"https:\/\/www.visit-ulcinj.com\/blog\/#\/schema\/person\/dcab619c614d3038751c63bc2aadc06d\"},\"description\":\"Bota \u00ebsht\u00eb v\u00ebrtet\u00eb e vog\u00ebl. N\u00eb edicionin e fundit t\u00eb \u201cKafazit t\u00eb Art\u00eb\u201d, Jeta Faqolli ishte nj\u00eb nga k\u00ebng\u00ebtaret e ftuara n\u00eb sht\u00ebpin\u00eb e kafazier\u00ebve. Por,\",\"breadcrumb\":{\"@id\":\"https:\/\/www.visit-ulcinj.com\/blog\/2009\/10\/14\/jeta-faqolli-ne-lidhje-me-benin-e-%e2%80%9ckafazit%e2%80%9d\/#breadcrumb\"},\"inLanguage\":\"en-US\",\"potentialAction\":[{\"@type\":\"ReadAction\",\"target\":[\"https:\/\/www.visit-ulcinj.com\/blog\/2009\/10\/14\/jeta-faqolli-ne-lidhje-me-benin-e-%e2%80%9ckafazit%e2%80%9d\/\"]}]},{\"@type\":\"BreadcrumbList\",\"@id\":\"https:\/\/www.visit-ulcinj.com\/blog\/2009\/10\/14\/jeta-faqolli-ne-lidhje-me-benin-e-%e2%80%9ckafazit%e2%80%9d\/#breadcrumb\",\"itemListElement\":[{\"@type\":\"ListItem\",\"position\":1,\"name\":\"Jeta Faqolli, ne lidhje me Benin e \u201cKafazit\u201d\"}]},{\"@type\":\"Person\",\"@id\":\"https:\/\/www.visit-ulcinj.com\/blog\/#\/schema\/person\/dcab619c614d3038751c63bc2aadc06d\",\"name\":\"ulqini\",\"sameAs\":[\"http:\/\/www.visit-ulcinj.com\"],\"url\":\"https:\/\/www.visit-ulcinj.com\/blog\/author\/admin\/\"}]}<\/script>\n<!-- \/ Yoast SEO plugin. -->","yoast_head_json":{"title":"Jeta Faqolli, ne lidhje me Benin e \u201cKafazit\u201d - Lajme nga Ulqini","description":"Bota \u00ebsht\u00eb v\u00ebrtet\u00eb e vog\u00ebl. N\u00eb edicionin e fundit t\u00eb \u201cKafazit t\u00eb Art\u00eb\u201d, Jeta Faqolli ishte nj\u00eb nga k\u00ebng\u00ebtaret e ftuara n\u00eb sht\u00ebpin\u00eb e kafazier\u00ebve. Por,","robots":{"index":"index","follow":"follow","max-snippet":"max-snippet:-1","max-image-preview":"max-image-preview:large","max-video-preview":"max-video-preview:-1"},"canonical":"https:\/\/www.visit-ulcinj.com\/blog\/2009\/10\/14\/jeta-faqolli-ne-lidhje-me-benin-e-\u201ckafazit\u201d\/","og_locale":"en_US","og_type":"article","og_title":"Jeta Faqolli, ne lidhje me Benin e \u201cKafazit\u201d - Lajme nga Ulqini","og_description":"Bota \u00ebsht\u00eb v\u00ebrtet\u00eb e vog\u00ebl. N\u00eb edicionin e fundit t\u00eb \u201cKafazit t\u00eb Art\u00eb\u201d, Jeta Faqolli ishte nj\u00eb nga k\u00ebng\u00ebtaret e ftuara n\u00eb sht\u00ebpin\u00eb e kafazier\u00ebve. Por,","og_url":"https:\/\/www.visit-ulcinj.com\/blog\/2009\/10\/14\/jeta-faqolli-ne-lidhje-me-benin-e-\u201ckafazit\u201d\/","og_site_name":"Lajme nga Ulqini","article_published_time":"2009-10-14T20:20:52+00:00","article_modified_time":"2009-10-14T20:27:57+00:00","og_image":[{"url":"https:\/\/www.visit-ulcinj.com\/blog\/wp-content\/uploads\/2009\/10\/Jeta-Faqolli.-150x150.jpg"}],"twitter_misc":{"Written by":"ulqini","Est. reading time":"1 minute"},"schema":{"@context":"https:\/\/schema.org","@graph":[{"@type":"WebSite","@id":"https:\/\/www.visit-ulcinj.com\/blog\/#website","url":"https:\/\/www.visit-ulcinj.com\/blog\/","name":"Lajme nga Ulqini","description":"Lajme,Vijesti,Ulqini,Ulqin,Crna Gora,Mali i Zi","potentialAction":[{"@type":"SearchAction","target":{"@type":"EntryPoint","urlTemplate":"https:\/\/www.visit-ulcinj.com\/blog\/?s={search_term_string}"},"query-input":"required name=search_term_string"}],"inLanguage":"en-US"},{"@type":"ImageObject","inLanguage":"en-US","@id":"https:\/\/www.visit-ulcinj.com\/blog\/2009\/10\/14\/jeta-faqolli-ne-lidhje-me-benin-e-%e2%80%9ckafazit%e2%80%9d\/#primaryimage","url":"http:\/\/www.visit-ulcinj.com\/blog\/wp-content\/uploads\/2009\/10\/Jeta-Faqolli.5-225x300.jpg","contentUrl":"http:\/\/www.visit-ulcinj.com\/blog\/wp-content\/uploads\/2009\/10\/Jeta-Faqolli.5-225x300.jpg"},{"@type":"WebPage","@id":"https:\/\/www.visit-ulcinj.com\/blog\/2009\/10\/14\/jeta-faqolli-ne-lidhje-me-benin-e-%e2%80%9ckafazit%e2%80%9d\/#webpage","url":"https:\/\/www.visit-ulcinj.com\/blog\/2009\/10\/14\/jeta-faqolli-ne-lidhje-me-benin-e-%e2%80%9ckafazit%e2%80%9d\/","name":"Jeta Faqolli, ne lidhje me Benin e \u201cKafazit\u201d - Lajme nga Ulqini","isPartOf":{"@id":"https:\/\/www.visit-ulcinj.com\/blog\/#website"},"primaryImageOfPage":{"@id":"https:\/\/www.visit-ulcinj.com\/blog\/2009\/10\/14\/jeta-faqolli-ne-lidhje-me-benin-e-%e2%80%9ckafazit%e2%80%9d\/#primaryimage"},"datePublished":"2009-10-14T20:20:52+00:00","dateModified":"2009-10-14T20:27:57+00:00","author":{"@id":"https:\/\/www.visit-ulcinj.com\/blog\/#\/schema\/person\/dcab619c614d3038751c63bc2aadc06d"},"description":"Bota \u00ebsht\u00eb v\u00ebrtet\u00eb e vog\u00ebl. N\u00eb edicionin e fundit t\u00eb \u201cKafazit t\u00eb Art\u00eb\u201d, Jeta Faqolli ishte nj\u00eb nga k\u00ebng\u00ebtaret e ftuara n\u00eb sht\u00ebpin\u00eb e kafazier\u00ebve. Por,","breadcrumb":{"@id":"https:\/\/www.visit-ulcinj.com\/blog\/2009\/10\/14\/jeta-faqolli-ne-lidhje-me-benin-e-%e2%80%9ckafazit%e2%80%9d\/#breadcrumb"},"inLanguage":"en-US","potentialAction":[{"@type":"ReadAction","target":["https:\/\/www.visit-ulcinj.com\/blog\/2009\/10\/14\/jeta-faqolli-ne-lidhje-me-benin-e-%e2%80%9ckafazit%e2%80%9d\/"]}]},{"@type":"BreadcrumbList","@id":"https:\/\/www.visit-ulcinj.com\/blog\/2009\/10\/14\/jeta-faqolli-ne-lidhje-me-benin-e-%e2%80%9ckafazit%e2%80%9d\/#breadcrumb","itemListElement":[{"@type":"ListItem","position":1,"name":"Jeta Faqolli, ne lidhje me Benin e \u201cKafazit\u201d"}]},{"@type":"Person","@id":"https:\/\/www.visit-ulcinj.com\/blog\/#\/schema\/person\/dcab619c614d3038751c63bc2aadc06d","name":"ulqini","sameAs":["http:\/\/www.visit-ulcinj.com"],"url":"https:\/\/www.visit-ulcinj.com\/blog\/author\/admin\/"}]}},"jetpack_featured_media_url":"","jetpack_sharing_enabled":true,"jetpack_shortlink":"https:\/\/wp.me\/pe6lTn-6Tq","_links":{"self":[{"href":"https:\/\/www.visit-ulcinj.com\/blog\/wp-json\/wp\/v2\/posts\/26500"}],"collection":[{"href":"https:\/\/www.visit-ulcinj.com\/blog\/wp-json\/wp\/v2\/posts"}],"about":[{"href":"https:\/\/www.visit-ulcinj.com\/blog\/wp-json\/wp\/v2\/types\/post"}],"author":[{"embeddable":true,"href":"https:\/\/www.visit-ulcinj.com\/blog\/wp-json\/wp\/v2\/users\/1"}],"replies":[{"embeddable":true,"href":"https:\/\/www.visit-ulcinj.com\/blog\/wp-json\/wp\/v2\/comments?post=26500"}],"version-history":[{"count":0,"href":"https:\/\/www.visit-ulcinj.com\/blog\/wp-json\/wp\/v2\/posts\/26500\/revisions"}],"wp:attachment":[{"href":"https:\/\/www.visit-ulcinj.com\/blog\/wp-json\/wp\/v2\/media?parent=26500"}],"wp:term":[{"taxonomy":"category","embeddable":true,"href":"https:\/\/www.visit-ulcinj.com\/blog\/wp-json\/wp\/v2\/categories?post=26500"},{"taxonomy":"post_tag","embeddable":true,"href":"https:\/\/www.visit-ulcinj.com\/blog\/wp-json\/wp\/v2\/tags?post=26500"}],"curies":[{"name":"wp","href":"https:\/\/api.w.org\/{rel}","templated":true}]}}