{"id":26518,"date":"2009-10-15T21:11:17","date_gmt":"2009-10-15T19:11:17","guid":{"rendered":"http:\/\/www.visit-ulcinj.com\/blog\/?p=26518"},"modified":"2009-10-15T21:11:17","modified_gmt":"2009-10-15T19:11:17","slug":"nema-zainteresovanih-za-adu-i-veliku-plazu","status":"publish","type":"post","link":"https:\/\/www.visit-ulcinj.com\/blog\/2009\/10\/15\/nema-zainteresovanih-za-adu-i-veliku-plazu\/","title":{"rendered":"Nema zainteresovanih za Adu i Veliku pla\u017eu"},"content":{"rendered":"<p><a href=\"http:\/\/www.visit-ulcinj.com\/blog\/wp-content\/uploads\/2009\/10\/Tender-za-Adu-i-Veliku-pla\u017eu.jpg\"><img loading=\"lazy\" class=\"alignleft size-full wp-image-26519\" title=\"Tender za Adu i Veliku pla\u017eu\" src=\"http:\/\/www.visit-ulcinj.com\/blog\/wp-content\/uploads\/2009\/10\/Tender-za-Adu-i-Veliku-pla\u017eu.jpg\" alt=\"Tender za Adu i Veliku pla\u017eu\" width=\"392\" height=\"410\" \/><\/a>Podgorica \u2013 Rok za dostavljanje prijava za u?e\u0161?e na tenderu za dugoro?ni zakup Velike pla\u017ee i Ade Bojane isti?e danas, a do sino? nije stigla nijedna prijava. Ukoliko ponuda ne bude ni danas, \u0161to je prema o?ekivanjima u Vladi vrlo vjerovatno, tender ?e biti poni\u0161ten.<br \/>\nPrema pravilima tendera, danas isti?e rok za dostavljanje \u201cneobavezuju?ih\u201d prijava, a kompanije ?ije bi ponude bile prihva?ene, kona?ne ponude trebalo bi da dostave do 15. februara 2010. godine. Kako sada stvari stoje, od toga ne?e biti ni\u0161ta.<br \/>\nTenderska komisija za realizaciju projekata turisti?ke valorizacije Velike pla\u017ee i ostrva Ada Bojana ve? dva puta su produ\u017eavali rok za dostavljanje ponuda za ta dva atraktivna projekta. Prema informacija \u201eVijesti\u201d, u Vladi ?e razmisliti da li, ukoliko tender ne uspije, treba raspisati novi pod istim uslovima. Mogu?e je i da prostor obuhva?en sada\u0161njim tenderima na novim bude smanjen.<br \/>\nKompanija Hidra propertis, u vlasni\u0161tvu vladarske porodice Abu Dabija &#8211; Al Nahijan, za sada je jedina kompanija koja je otkupila tendersku dokumentaciju za Veliku pla\u017eu i Adu Bojanu, ali je malo vjerovatno da ?e danas predati ponudu. Interesovanje za ove projekte ranije je pokazivala i kompanija Trigranit iz Budimpe\u0161te.<br \/>\nTenderima je predvi?eno da ?e biti prihva?ene ponude onih u?esnika koji imaju iskustvo u radu u periodu od 2000. do 2008. godine na velikim projektima razvoja nekretnina mje\u0161ovite namjene, koji uklju?uju hotelske, turisti?ke, rekreativne, kulturne, obrazovne, stambene, poslovne objekte ili trgovinskih centara ukupne povr\u0161ine od najmanje 750.000 metara kvadratnih i vrijednosti investicije od minimum milijardu eura.<br \/>\nJedan od uslova koji ponu?a?i moraju ispuniti je i da ima godi\u0161nji promet od najmanje 400 miliona u svakoj godini u periodu od 2006. do 2008. godine.<br \/>\nProjekat za valorizaciju Velike pla\u017ee predvi?a dugoro?ni zakup od 90 godina 903 hektara dr\u017eavnog zemlji\u0161ta i 316 hektara u privatnom vlasni\u0161tvu.<br \/>\nNa Adi, koje ima pla\u017eu duga?ku 2,7 kilometara i \u0161iroku 30 metara, a koja se daje isto u zakup na 90 godina, planirana je izgradnja 2.500 le\u017eajeva u prete\u017eno turisti?kom smje\u0161taju i manji broj rezidencijalnih objekata, a tri ?etvrtine ostrva i dalje ?e ostati prirodni rezervat na kome se ne?e graditi.<br \/>\n<strong><br \/>\nR.M.<br \/>\n<a href=\"http:\/\/www.vijesti.me\/index.php?id=318874\" target=\"_blank\">Vijesti<\/a><\/strong><\/p>\n<p>[flv width=&#8221;580&#8243; height=&#8221;400&#8243;]http:\/\/www.velikaplaza.info\/gallery\/video\/stream.php?f=Velika_Plaza_movie_Jan_2009.flv[\/flv]<\/p>\n","protected":false},"excerpt":{"rendered":"<p>Podgorica \u2013 Rok za dostavljanje prijava za u?e\u0161?e na tenderu za dugoro?ni zakup Velike pla\u017ee i Ade Bojane isti?e danas, a do sino? nije stigla nijedna prijava. Ukoliko ponuda ne bude ni danas, \u0161to je prema o?ekivanjima u Vladi vrlo vjerovatno, tender ?e biti poni\u0161ten. Prema pravilima tendera, danas isti?e rok za dostavljanje \u201cneobavezuju?ih\u201d prijava, [&hellip;]<\/p>\n","protected":false},"author":1,"featured_media":0,"comment_status":"open","ping_status":"closed","sticky":false,"template":"","format":"standard","meta":{"spay_email":"","jetpack_publicize_message":"","jetpack_is_tweetstorm":false,"jetpack_publicize_feature_enabled":true},"categories":[10],"tags":[20,250,12665,19],"jetpack_publicize_connections":[],"yoast_head":"<!-- This site is optimized with the Yoast SEO plugin v19.1 - https:\/\/yoast.com\/wordpress\/plugins\/seo\/ -->\n<title>Nema zainteresovanih za Adu i Veliku pla\u017eu - Lajme nga Ulqini<\/title>\n<meta name=\"description\" content=\"Podgorica \u2013 Rok za dostavljanje prijava za u?e\u0161?e na tenderu za dugoro?ni zakup Velike pla\u017ee i Ade Bojane isti?e danas, a do sino? nije stigla nijedna\" \/>\n<meta name=\"robots\" content=\"index, follow, max-snippet:-1, max-image-preview:large, max-video-preview:-1\" \/>\n<link rel=\"canonical\" href=\"https:\/\/www.visit-ulcinj.com\/blog\/2009\/10\/15\/nema-zainteresovanih-za-adu-i-veliku-plazu\/\" \/>\n<meta property=\"og:locale\" content=\"en_US\" \/>\n<meta property=\"og:type\" content=\"article\" \/>\n<meta property=\"og:title\" content=\"Nema zainteresovanih za Adu i Veliku pla\u017eu - Lajme nga Ulqini\" \/>\n<meta property=\"og:description\" content=\"Podgorica \u2013 Rok za dostavljanje prijava za u?e\u0161?e na tenderu za dugoro?ni zakup Velike pla\u017ee i Ade Bojane isti?e danas, a do sino? nije stigla nijedna\" \/>\n<meta property=\"og:url\" content=\"https:\/\/www.visit-ulcinj.com\/blog\/2009\/10\/15\/nema-zainteresovanih-za-adu-i-veliku-plazu\/\" \/>\n<meta property=\"og:site_name\" content=\"Lajme nga Ulqini\" \/>\n<meta property=\"article:published_time\" content=\"2009-10-15T19:11:17+00:00\" \/>\n<meta name=\"twitter:label1\" content=\"Written by\" \/>\n\t<meta name=\"twitter:data1\" content=\"ulqini\" \/>\n\t<meta name=\"twitter:label2\" content=\"Est. reading time\" \/>\n\t<meta name=\"twitter:data2\" content=\"2 minutes\" \/>\n<script type=\"application\/ld+json\" class=\"yoast-schema-graph\">{\"@context\":\"https:\/\/schema.org\",\"@graph\":[{\"@type\":\"WebSite\",\"@id\":\"https:\/\/www.visit-ulcinj.com\/blog\/#website\",\"url\":\"https:\/\/www.visit-ulcinj.com\/blog\/\",\"name\":\"Lajme nga Ulqini\",\"description\":\"Lajme,Vijesti,Ulqini,Ulqin,Crna Gora,Mali i Zi\",\"potentialAction\":[{\"@type\":\"SearchAction\",\"target\":{\"@type\":\"EntryPoint\",\"urlTemplate\":\"https:\/\/www.visit-ulcinj.com\/blog\/?s={search_term_string}\"},\"query-input\":\"required name=search_term_string\"}],\"inLanguage\":\"en-US\"},{\"@type\":\"WebPage\",\"@id\":\"https:\/\/www.visit-ulcinj.com\/blog\/2009\/10\/15\/nema-zainteresovanih-za-adu-i-veliku-plazu\/#webpage\",\"url\":\"https:\/\/www.visit-ulcinj.com\/blog\/2009\/10\/15\/nema-zainteresovanih-za-adu-i-veliku-plazu\/\",\"name\":\"Nema zainteresovanih za Adu i Veliku pla\u017eu - Lajme nga Ulqini\",\"isPartOf\":{\"@id\":\"https:\/\/www.visit-ulcinj.com\/blog\/#website\"},\"datePublished\":\"2009-10-15T19:11:17+00:00\",\"dateModified\":\"2009-10-15T19:11:17+00:00\",\"author\":{\"@id\":\"https:\/\/www.visit-ulcinj.com\/blog\/#\/schema\/person\/dcab619c614d3038751c63bc2aadc06d\"},\"description\":\"Podgorica \u2013 Rok za dostavljanje prijava za u?e\u0161?e na tenderu za dugoro?ni zakup Velike pla\u017ee i Ade Bojane isti?e danas, a do sino? nije stigla nijedna\",\"breadcrumb\":{\"@id\":\"https:\/\/www.visit-ulcinj.com\/blog\/2009\/10\/15\/nema-zainteresovanih-za-adu-i-veliku-plazu\/#breadcrumb\"},\"inLanguage\":\"en-US\",\"potentialAction\":[{\"@type\":\"ReadAction\",\"target\":[\"https:\/\/www.visit-ulcinj.com\/blog\/2009\/10\/15\/nema-zainteresovanih-za-adu-i-veliku-plazu\/\"]}]},{\"@type\":\"BreadcrumbList\",\"@id\":\"https:\/\/www.visit-ulcinj.com\/blog\/2009\/10\/15\/nema-zainteresovanih-za-adu-i-veliku-plazu\/#breadcrumb\",\"itemListElement\":[{\"@type\":\"ListItem\",\"position\":1,\"name\":\"Nema zainteresovanih za Adu i Veliku pla\u017eu\"}]},{\"@type\":\"Person\",\"@id\":\"https:\/\/www.visit-ulcinj.com\/blog\/#\/schema\/person\/dcab619c614d3038751c63bc2aadc06d\",\"name\":\"ulqini\",\"sameAs\":[\"http:\/\/www.visit-ulcinj.com\"],\"url\":\"https:\/\/www.visit-ulcinj.com\/blog\/author\/admin\/\"}]}<\/script>\n<!-- \/ Yoast SEO plugin. -->","yoast_head_json":{"title":"Nema zainteresovanih za Adu i Veliku pla\u017eu - Lajme nga Ulqini","description":"Podgorica \u2013 Rok za dostavljanje prijava za u?e\u0161?e na tenderu za dugoro?ni zakup Velike pla\u017ee i Ade Bojane isti?e danas, a do sino? nije stigla nijedna","robots":{"index":"index","follow":"follow","max-snippet":"max-snippet:-1","max-image-preview":"max-image-preview:large","max-video-preview":"max-video-preview:-1"},"canonical":"https:\/\/www.visit-ulcinj.com\/blog\/2009\/10\/15\/nema-zainteresovanih-za-adu-i-veliku-plazu\/","og_locale":"en_US","og_type":"article","og_title":"Nema zainteresovanih za Adu i Veliku pla\u017eu - Lajme nga Ulqini","og_description":"Podgorica \u2013 Rok za dostavljanje prijava za u?e\u0161?e na tenderu za dugoro?ni zakup Velike pla\u017ee i Ade Bojane isti?e danas, a do sino? nije stigla nijedna","og_url":"https:\/\/www.visit-ulcinj.com\/blog\/2009\/10\/15\/nema-zainteresovanih-za-adu-i-veliku-plazu\/","og_site_name":"Lajme nga Ulqini","article_published_time":"2009-10-15T19:11:17+00:00","twitter_misc":{"Written by":"ulqini","Est. reading time":"2 minutes"},"schema":{"@context":"https:\/\/schema.org","@graph":[{"@type":"WebSite","@id":"https:\/\/www.visit-ulcinj.com\/blog\/#website","url":"https:\/\/www.visit-ulcinj.com\/blog\/","name":"Lajme nga Ulqini","description":"Lajme,Vijesti,Ulqini,Ulqin,Crna Gora,Mali i Zi","potentialAction":[{"@type":"SearchAction","target":{"@type":"EntryPoint","urlTemplate":"https:\/\/www.visit-ulcinj.com\/blog\/?s={search_term_string}"},"query-input":"required name=search_term_string"}],"inLanguage":"en-US"},{"@type":"WebPage","@id":"https:\/\/www.visit-ulcinj.com\/blog\/2009\/10\/15\/nema-zainteresovanih-za-adu-i-veliku-plazu\/#webpage","url":"https:\/\/www.visit-ulcinj.com\/blog\/2009\/10\/15\/nema-zainteresovanih-za-adu-i-veliku-plazu\/","name":"Nema zainteresovanih za Adu i Veliku pla\u017eu - Lajme nga Ulqini","isPartOf":{"@id":"https:\/\/www.visit-ulcinj.com\/blog\/#website"},"datePublished":"2009-10-15T19:11:17+00:00","dateModified":"2009-10-15T19:11:17+00:00","author":{"@id":"https:\/\/www.visit-ulcinj.com\/blog\/#\/schema\/person\/dcab619c614d3038751c63bc2aadc06d"},"description":"Podgorica \u2013 Rok za dostavljanje prijava za u?e\u0161?e na tenderu za dugoro?ni zakup Velike pla\u017ee i Ade Bojane isti?e danas, a do sino? nije stigla nijedna","breadcrumb":{"@id":"https:\/\/www.visit-ulcinj.com\/blog\/2009\/10\/15\/nema-zainteresovanih-za-adu-i-veliku-plazu\/#breadcrumb"},"inLanguage":"en-US","potentialAction":[{"@type":"ReadAction","target":["https:\/\/www.visit-ulcinj.com\/blog\/2009\/10\/15\/nema-zainteresovanih-za-adu-i-veliku-plazu\/"]}]},{"@type":"BreadcrumbList","@id":"https:\/\/www.visit-ulcinj.com\/blog\/2009\/10\/15\/nema-zainteresovanih-za-adu-i-veliku-plazu\/#breadcrumb","itemListElement":[{"@type":"ListItem","position":1,"name":"Nema zainteresovanih za Adu i Veliku pla\u017eu"}]},{"@type":"Person","@id":"https:\/\/www.visit-ulcinj.com\/blog\/#\/schema\/person\/dcab619c614d3038751c63bc2aadc06d","name":"ulqini","sameAs":["http:\/\/www.visit-ulcinj.com"],"url":"https:\/\/www.visit-ulcinj.com\/blog\/author\/admin\/"}]}},"jetpack_featured_media_url":"","jetpack_sharing_enabled":true,"jetpack_shortlink":"https:\/\/wp.me\/pe6lTn-6TI","_links":{"self":[{"href":"https:\/\/www.visit-ulcinj.com\/blog\/wp-json\/wp\/v2\/posts\/26518"}],"collection":[{"href":"https:\/\/www.visit-ulcinj.com\/blog\/wp-json\/wp\/v2\/posts"}],"about":[{"href":"https:\/\/www.visit-ulcinj.com\/blog\/wp-json\/wp\/v2\/types\/post"}],"author":[{"embeddable":true,"href":"https:\/\/www.visit-ulcinj.com\/blog\/wp-json\/wp\/v2\/users\/1"}],"replies":[{"embeddable":true,"href":"https:\/\/www.visit-ulcinj.com\/blog\/wp-json\/wp\/v2\/comments?post=26518"}],"version-history":[{"count":0,"href":"https:\/\/www.visit-ulcinj.com\/blog\/wp-json\/wp\/v2\/posts\/26518\/revisions"}],"wp:attachment":[{"href":"https:\/\/www.visit-ulcinj.com\/blog\/wp-json\/wp\/v2\/media?parent=26518"}],"wp:term":[{"taxonomy":"category","embeddable":true,"href":"https:\/\/www.visit-ulcinj.com\/blog\/wp-json\/wp\/v2\/categories?post=26518"},{"taxonomy":"post_tag","embeddable":true,"href":"https:\/\/www.visit-ulcinj.com\/blog\/wp-json\/wp\/v2\/tags?post=26518"}],"curies":[{"name":"wp","href":"https:\/\/api.w.org\/{rel}","templated":true}]}}