{"id":26530,"date":"2009-10-16T16:48:28","date_gmt":"2009-10-16T14:48:28","guid":{"rendered":"http:\/\/www.visit-ulcinj.com\/blog\/?p=26530"},"modified":"2009-10-16T23:45:16","modified_gmt":"2009-10-16T21:45:16","slug":"organizimi-teritorial-ne-mal-te-zi-nen-prizmin-e-dy-projektligjeve-aktuale","status":"publish","type":"post","link":"https:\/\/www.visit-ulcinj.com\/blog\/2009\/10\/16\/organizimi-teritorial-ne-mal-te-zi-nen-prizmin-e-dy-projektligjeve-aktuale\/","title":{"rendered":"Organizimi teritorial n\u00eb Mal t\u00eb Zi n\u00ebn prizmin e dy projektligjeve aktuale"},"content":{"rendered":"<p><strong><a href=\"http:\/\/www.visit-ulcinj.com\/blog\/wp-content\/uploads\/2009\/10\/Tahir-Tahiri1.jpg\"><img loading=\"lazy\" class=\"alignleft size-medium wp-image-26531\" title=\"Tahir-Tahiri1\" src=\"http:\/\/www.visit-ulcinj.com\/blog\/wp-content\/uploads\/2009\/10\/Tahir-Tahiri1-224x300.jpg\" alt=\"Tahir-Tahiri1\" width=\"283\" height=\"379\" srcset=\"https:\/\/www.visit-ulcinj.com\/blog\/wp-content\/uploads\/2009\/10\/Tahir-Tahiri1-224x300.jpg 224w, https:\/\/www.visit-ulcinj.com\/blog\/wp-content\/uploads\/2009\/10\/Tahir-Tahiri1.jpg 751w\" sizes=\"(max-width: 283px) 100vw, 283px\" \/><\/a>Cenim i t\u00eb drejt\u00ebs kushtetuese<\/strong><br \/>\nProjektligji p\u00ebr Organizimin Territorial t\u00eb Malit t\u00eb Zi, ka t\u00eb b\u00ebj\u00eb drejtp\u00ebrdrejt me interesat e trev\u00ebs s\u00eb Mal\u00ebsis\u00eb, dhe n\u00eb baz\u00eb t\u00eb asaj se \u00e7ka ofron ky Projektligj mund ta quajm lirisht edhe si Projektligj kund\u00ebr Komun\u00ebs s\u00eb plot\u00eb t\u00eb Tuzit. \u00cbsht\u00eb pra kjo nj\u00eb tentativ\u00eb q\u00eb Mal\u00ebsis\u00eb definitivisht ti merret e drejta p\u00ebr tu organizuar dhe per t\u00eb pasur vet\u00ebqeverisjen e vet lokale ashtu sikur jan\u00eb nj\u00ebsit\u00eb e tjera territoriale n\u00eb Mal t\u00eb Zi.<br \/>\nBanor\u00ebve t\u00eb Mal\u00ebsis\u00eb, me popullsi shumic\u00eb shqiptare, po u mohohet e drejta elementare, e cila u garantohet me Kushtetut\u00eb por edhe me Konventat nd\u00ebrkomb\u00ebtare si\u00e7 esht\u00eb Konventa EU p\u00ebr vet\u00ebqeverisjen lokale t\u00eb cil\u00ebn e ka n\u00ebnshkruar edhe Mali Zi,ku sipas saj e drejta per themelimin e nj\u00ebsive t\u00eb reja vet\u00ebqeveris\u00ebse nuk guxon ti mohohet askujt.<br \/>\nNga qarqet Qeveritare dhe individ\u00eb me interesa personale madje edhe shqiptar\u00eb d\u00ebgjojm\u00eb t\u00eb thuhet se Mal\u00ebsia nuk mund t\u00eb jet\u00eb komun\u00eb si t\u00eb tjerat pasi nuk i plot\u00ebson parametrat ekonomik\u00eb p\u00ebr t\u00eb qen\u00eb e till\u00eb!?.<br \/>\nMir\u00ebpo n\u00ebse na qenkan penges\u00eb parametrat ekonomik\u00eb p\u00ebr Tuzin, gjegj\u00ebsisht Mal\u00ebsin\u00eb shtrohet pyetja, \u00e7ka t\u00eb b\u00ebhet me shumic\u00ebn e komunave aktuale n\u00eb Mal t\u00eb Zi t\u00eb cilat k\u00ebto parametra i kan\u00eb n\u00ebn at\u00eb nivel q\u00eb i ka aktualisht Mal\u00ebsia?<br \/>\nPor, treguesit ekonomik\u00eb gjegj\u00ebsisht burimet financiare t\u00eb Mal\u00ebsis\u00eb jan\u00eb t\u00eb atill\u00eb q\u00eb, me siguri do ti mund\u00ebsonin k\u00ebsaj trev\u00eb nj\u00eb zhvillim t\u00eb q\u00ebndruesh\u00ebm dhe shum\u00eb e shum\u00eb m\u00eb t\u00eb mir\u00eb se sa aktualisht , si nj\u00ebsi vendore n\u00ebn Podgoric\u00eb.<br \/>\nSi\u00e7 ka th\u00ebn\u00eb Prof Bogi\u00e7eviq, Mal\u00ebsia me origjinalitetin e vet historik, me ve\u00e7antin\u00eb etnike dhe tradit\u00ebn, me potencialet ekonomik\u00eb,me nd\u00ebrlidhjet gjeografike funksionale, me infrastruktur\u00eb mjaft t\u00eb zhvilluar ,me energjin\u00eb e vet krijuese, e ne t\u00eb gjithe e dim\u00eb mir\u00eb dhe do t\u00eb shtoja k\u00ebtu edhe diaspor\u00ebn ton\u00eb tejet t\u00eb fuqishme e t\u00eb dh\u00ebn\u00eb pas vendit t\u00eb vet, meriton dhe duhet t\u00eb jet\u00eb Komun\u00eb autonome me t\u00eb drejtat e plota dhe detyrimet q\u00eb i kan\u00eb Komunat e tjera n\u00eb Mal t\u00eb Zi.<br \/>\nPor \u00ebsht\u00eb m\u00eb se e qart\u00eb se problemi nuk qendron as t\u00eb parametrat dhe as te mungesa e resurseve natyrore , por dihet, q\u00ebllimet jan\u00eb thjesht politike, q\u00eb mos tu lejohet banor\u00ebve t\u00eb Mal\u00ebsis\u00eb, me shumic\u00eb shqiptare q\u00eb t\u00eb realizojn\u00eb t\u00eb drejt\u00ebn e tyre p\u00ebr t\u00eb patur Komun\u00eb si\u00e7 e kan\u00eb pasur dikur por q\u00eb pastaj u \u00ebsht\u00eb hequr dhe q\u00eb tentohet edhe sot q\u00eb kjo e drejt\u00eb tu mohohet.<br \/>\nPra kemi t\u00eb b\u00ebjm\u00eb thjesht me diskriminim t\u00eb shqiptar\u00ebve n\u00eb Malin e Zi, kund\u00ebr t\u00eb cilit duhet t\u00eb angazhohemi t\u00eb gjith\u00eb, duke p\u00ebrfshir\u00eb k\u00ebtu gjith\u00eb faktorin politik shqiptar, subjektet politike, deputet\u00ebt shqiptar\u00eb n\u00eb Kuvendin e Malit t\u00eb Zi, shoqatat n\u00eb vend apo diaspor\u00eb, intelektual\u00eb etj, pa marr\u00eb parasysh interesat e ngushta partiake apo individuale.<br \/>\nK\u00ebshilli Nacional i Shqiptar\u00ebve n\u00eb Malin e Zi falenderon t\u00eb gjith\u00eb faktorin politik shqiptar, subjektet politike shqiptare dhe individ\u00ebt q\u00ebllimmir\u00eb p\u00ebr qasjen serioze ndaj k\u00ebtij problemi i cili si\u00e7 e thash\u00eb cenon t\u00eb drejtat e shqiptar\u00ebve n\u00eb Malin e Zi. \u00cbsht\u00eb p\u00ebr tu vler\u00ebsuar aktiviteti i udh\u00ebheqjes s\u00eb Komun\u00ebs Urbane t\u00eb Tuzit t\u00eb cil\u00ebt pareshtur kan\u00eb ngritur z\u00ebrin ndaj k\u00ebsaj padrejt\u00ebsie t\u00eb radh\u00ebs duke e aktualizuar \u00e7\u00ebshtjen n\u00eb nivelet ma t\u00eb larta vendore dhe m\u00eb gjer\u00eb.<br \/>\nK\u00ebshilli Nacional i Shqiptar\u00ebve n\u00eb Malin e Zi, q\u00eb prej hedhjes s\u00eb k\u00ebtij projektligji n\u00eb diskutim publik nga Qeveria malazeze, \u00ebsht\u00eb angazhuar seriozisht duke e p\u00ebrcjellur me v\u00ebmendje problemin, dhe ka reaguar p\u00ebrmes mediave, si vendore ashtu dhe t\u00eb huaja.<br \/>\nN\u00eb k\u00ebt\u00eb drejtim, KNSH ka angazhuar Komisionin p\u00ebr Dispozita, i cili ka mbajtur disa mbledhje lidhur me Projektligjet n\u00eb fjal\u00eb. Komisioni p\u00ebr Dispozita duke vler\u00ebsuar r\u00ebnd\u00ebsin\u00eb e k\u00ebtij momenti \u00ebsht\u00eb organizuar n\u00eb p\u00ebrb\u00ebrje edhe t\u00eb zgjeruar duke ky\u00e7ur n\u00eb k\u00ebt\u00eb komision p\u00ebrve\u00e7 an\u00ebtar\u00ebve t\u00eb rregullt edhe deputet\u00ebt shqiptar\u00eb n\u00eb Parlamentin e Malit t\u00eb Zi, si dhe udh\u00ebheqjen e Komun\u00ebs Urbane t\u00eb Tuzit . Pas analiz\u00ebs s\u00eb gjithanshme politike dhe juridike , dhe pas v\u00ebrejtjeve e sygjerimeve t\u00eb shumta e konstruktive t\u00eb d\u00ebgjuara edhe n\u00eb takimin me qytetar\u00eb t\u00eb Mal\u00ebsis\u00eb, t\u00eb mbajtur me 25.09.2009, KNSH ka p\u00ebrpiluar p\u00ebrfundimet e veta me v\u00ebrejtjet konkrete e t\u00eb argumentuara, cilat i jan\u00eb d\u00ebrguar propozuesit mbrenda afatit t\u00eb caktuar.<br \/>\nT\u00eb mendosh se situata tani duhet p\u00ebrcjellur me kujdes t\u00eb ve\u00e7ant\u00eb. Duhet par\u00eb se \u00e7far\u00eb veprimesh do t\u00eb nd\u00ebrmarr\u00eb tani Qeveria ,pas k\u00ebrkesave t\u00eb qarta t\u00eb banor\u00ebve t\u00eb Mal\u00ebsis\u00eb dhe t\u00eb gjith\u00eb faktorit shqiptar n\u00eb Malin e Zi, p\u00ebr Komun\u00ebn e plot\u00eb , t\u00eb barabart\u00eb me komunat e tjera. Dhe n\u00ebse k\u00ebto k\u00ebrkesa hasin n\u00eb vesh t\u00eb shurdh\u00ebr sikur ka ndodhur deri m\u00eb tani dhe p\u00ebr shum\u00eb \u00e7\u00ebshtje t\u00eb tjera q\u00eb kan\u00eb t\u00eb b\u00ebjn\u00eb me t\u00eb drejtat dhe lirit\u00eb e shqiptar\u00ebve n\u00eb Malin e Zi, at\u00ebher\u00eb me siguri do t\u00eb duhej nd\u00ebrmarr\u00eb hapa tjer\u00eb demokratik\u00eb me q\u00ebllim t\u00eb aktualizimit t\u00eb m\u00ebtejm\u00eb t\u00eb k\u00ebsaj k\u00ebrkese sa legjitime aq edhe jetike p\u00ebr banor\u00ebt e Mal\u00ebsis\u00eb.<\/p>\n<p>(Autori \u00ebsht\u00eb kryetar i K\u00ebshillit Nacional t\u00eb Shqiptar\u00ebve n\u00eb Mal t\u00eb Zi)<br \/>\n<strong><br \/>\nTahir Tahiri<br \/>\nKoha Javore<\/strong><\/p>\n","protected":false},"excerpt":{"rendered":"<p>Cenim i t\u00eb drejt\u00ebs kushtetuese Projektligji p\u00ebr Organizimin Territorial t\u00eb Malit t\u00eb Zi, ka t\u00eb b\u00ebj\u00eb drejtp\u00ebrdrejt me interesat e trev\u00ebs s\u00eb Mal\u00ebsis\u00eb, dhe n\u00eb baz\u00eb t\u00eb asaj se \u00e7ka ofron ky Projektligj mund ta quajm lirisht edhe si Projektligj kund\u00ebr Komun\u00ebs s\u00eb plot\u00eb t\u00eb Tuzit. \u00cbsht\u00eb pra kjo nj\u00eb tentativ\u00eb q\u00eb Mal\u00ebsis\u00eb definitivisht ti [&hellip;]<\/p>\n","protected":false},"author":1,"featured_media":0,"comment_status":"open","ping_status":"closed","sticky":false,"template":"","format":"standard","meta":{"spay_email":"","jetpack_publicize_message":"","jetpack_is_tweetstorm":false,"jetpack_publicize_feature_enabled":true},"categories":[11],"tags":[194,4206,3460,899],"jetpack_publicize_connections":[],"yoast_head":"<!-- This site is optimized with the Yoast SEO plugin v19.1 - https:\/\/yoast.com\/wordpress\/plugins\/seo\/ -->\n<title>Organizimi teritorial n\u00eb Mal t\u00eb Zi n\u00ebn prizmin e dy projektligjeve aktuale - Lajme nga Ulqini<\/title>\n<meta name=\"description\" content=\"Cenim i t\u00eb drejt\u00ebs kushtetuese Projektligji p\u00ebr Organizimin Territorial t\u00eb Malit t\u00eb Zi, ka t\u00eb b\u00ebj\u00eb drejtp\u00ebrdrejt me interesat e trev\u00ebs s\u00eb Mal\u00ebsis\u00eb, dhe n\u00eb\" \/>\n<meta name=\"robots\" content=\"index, follow, max-snippet:-1, max-image-preview:large, max-video-preview:-1\" \/>\n<link rel=\"canonical\" href=\"https:\/\/www.visit-ulcinj.com\/blog\/2009\/10\/16\/organizimi-teritorial-ne-mal-te-zi-nen-prizmin-e-dy-projektligjeve-aktuale\/\" \/>\n<meta property=\"og:locale\" content=\"en_US\" \/>\n<meta property=\"og:type\" content=\"article\" \/>\n<meta property=\"og:title\" content=\"Organizimi teritorial n\u00eb Mal t\u00eb Zi n\u00ebn prizmin e dy projektligjeve aktuale - Lajme nga Ulqini\" \/>\n<meta property=\"og:description\" content=\"Cenim i t\u00eb drejt\u00ebs kushtetuese Projektligji p\u00ebr Organizimin Territorial t\u00eb Malit t\u00eb Zi, ka t\u00eb b\u00ebj\u00eb drejtp\u00ebrdrejt me interesat e trev\u00ebs s\u00eb Mal\u00ebsis\u00eb, dhe n\u00eb\" \/>\n<meta property=\"og:url\" content=\"https:\/\/www.visit-ulcinj.com\/blog\/2009\/10\/16\/organizimi-teritorial-ne-mal-te-zi-nen-prizmin-e-dy-projektligjeve-aktuale\/\" \/>\n<meta property=\"og:site_name\" content=\"Lajme nga Ulqini\" \/>\n<meta property=\"article:published_time\" content=\"2009-10-16T14:48:28+00:00\" \/>\n<meta property=\"article:modified_time\" content=\"2009-10-16T21:45:16+00:00\" \/>\n<meta property=\"og:image\" content=\"http:\/\/www.visit-ulcinj.com\/blog\/wp-content\/uploads\/2009\/10\/Tahir-Tahiri1-224x300.jpg\" \/>\n<meta name=\"twitter:label1\" content=\"Written by\" \/>\n\t<meta name=\"twitter:data1\" content=\"ulqini\" \/>\n\t<meta name=\"twitter:label2\" content=\"Est. reading time\" \/>\n\t<meta name=\"twitter:data2\" content=\"5 minutes\" \/>\n<script type=\"application\/ld+json\" class=\"yoast-schema-graph\">{\"@context\":\"https:\/\/schema.org\",\"@graph\":[{\"@type\":\"WebSite\",\"@id\":\"https:\/\/www.visit-ulcinj.com\/blog\/#website\",\"url\":\"https:\/\/www.visit-ulcinj.com\/blog\/\",\"name\":\"Lajme nga Ulqini\",\"description\":\"Lajme,Vijesti,Ulqini,Ulqin,Crna Gora,Mali i Zi\",\"potentialAction\":[{\"@type\":\"SearchAction\",\"target\":{\"@type\":\"EntryPoint\",\"urlTemplate\":\"https:\/\/www.visit-ulcinj.com\/blog\/?s={search_term_string}\"},\"query-input\":\"required name=search_term_string\"}],\"inLanguage\":\"en-US\"},{\"@type\":\"ImageObject\",\"inLanguage\":\"en-US\",\"@id\":\"https:\/\/www.visit-ulcinj.com\/blog\/2009\/10\/16\/organizimi-teritorial-ne-mal-te-zi-nen-prizmin-e-dy-projektligjeve-aktuale\/#primaryimage\",\"url\":\"https:\/\/www.visit-ulcinj.com\/blog\/wp-content\/uploads\/2009\/10\/Tahir-Tahiri1.jpg\",\"contentUrl\":\"https:\/\/www.visit-ulcinj.com\/blog\/wp-content\/uploads\/2009\/10\/Tahir-Tahiri1.jpg\",\"width\":\"751\",\"height\":\"1002\"},{\"@type\":\"WebPage\",\"@id\":\"https:\/\/www.visit-ulcinj.com\/blog\/2009\/10\/16\/organizimi-teritorial-ne-mal-te-zi-nen-prizmin-e-dy-projektligjeve-aktuale\/#webpage\",\"url\":\"https:\/\/www.visit-ulcinj.com\/blog\/2009\/10\/16\/organizimi-teritorial-ne-mal-te-zi-nen-prizmin-e-dy-projektligjeve-aktuale\/\",\"name\":\"Organizimi teritorial n\u00eb Mal t\u00eb Zi n\u00ebn prizmin e dy projektligjeve aktuale - Lajme nga Ulqini\",\"isPartOf\":{\"@id\":\"https:\/\/www.visit-ulcinj.com\/blog\/#website\"},\"primaryImageOfPage\":{\"@id\":\"https:\/\/www.visit-ulcinj.com\/blog\/2009\/10\/16\/organizimi-teritorial-ne-mal-te-zi-nen-prizmin-e-dy-projektligjeve-aktuale\/#primaryimage\"},\"datePublished\":\"2009-10-16T14:48:28+00:00\",\"dateModified\":\"2009-10-16T21:45:16+00:00\",\"author\":{\"@id\":\"https:\/\/www.visit-ulcinj.com\/blog\/#\/schema\/person\/dcab619c614d3038751c63bc2aadc06d\"},\"description\":\"Cenim i t\u00eb drejt\u00ebs kushtetuese Projektligji p\u00ebr Organizimin Territorial t\u00eb Malit t\u00eb Zi, ka t\u00eb b\u00ebj\u00eb drejtp\u00ebrdrejt me interesat e trev\u00ebs s\u00eb Mal\u00ebsis\u00eb, dhe n\u00eb\",\"breadcrumb\":{\"@id\":\"https:\/\/www.visit-ulcinj.com\/blog\/2009\/10\/16\/organizimi-teritorial-ne-mal-te-zi-nen-prizmin-e-dy-projektligjeve-aktuale\/#breadcrumb\"},\"inLanguage\":\"en-US\",\"potentialAction\":[{\"@type\":\"ReadAction\",\"target\":[\"https:\/\/www.visit-ulcinj.com\/blog\/2009\/10\/16\/organizimi-teritorial-ne-mal-te-zi-nen-prizmin-e-dy-projektligjeve-aktuale\/\"]}]},{\"@type\":\"BreadcrumbList\",\"@id\":\"https:\/\/www.visit-ulcinj.com\/blog\/2009\/10\/16\/organizimi-teritorial-ne-mal-te-zi-nen-prizmin-e-dy-projektligjeve-aktuale\/#breadcrumb\",\"itemListElement\":[{\"@type\":\"ListItem\",\"position\":1,\"name\":\"Organizimi teritorial n\u00eb Mal t\u00eb Zi n\u00ebn prizmin e dy projektligjeve aktuale\"}]},{\"@type\":\"Person\",\"@id\":\"https:\/\/www.visit-ulcinj.com\/blog\/#\/schema\/person\/dcab619c614d3038751c63bc2aadc06d\",\"name\":\"ulqini\",\"sameAs\":[\"http:\/\/www.visit-ulcinj.com\"],\"url\":\"https:\/\/www.visit-ulcinj.com\/blog\/author\/admin\/\"}]}<\/script>\n<!-- \/ Yoast SEO plugin. -->","yoast_head_json":{"title":"Organizimi teritorial n\u00eb Mal t\u00eb Zi n\u00ebn prizmin e dy projektligjeve aktuale - Lajme nga Ulqini","description":"Cenim i t\u00eb drejt\u00ebs kushtetuese Projektligji p\u00ebr Organizimin Territorial t\u00eb Malit t\u00eb Zi, ka t\u00eb b\u00ebj\u00eb drejtp\u00ebrdrejt me interesat e trev\u00ebs s\u00eb Mal\u00ebsis\u00eb, dhe n\u00eb","robots":{"index":"index","follow":"follow","max-snippet":"max-snippet:-1","max-image-preview":"max-image-preview:large","max-video-preview":"max-video-preview:-1"},"canonical":"https:\/\/www.visit-ulcinj.com\/blog\/2009\/10\/16\/organizimi-teritorial-ne-mal-te-zi-nen-prizmin-e-dy-projektligjeve-aktuale\/","og_locale":"en_US","og_type":"article","og_title":"Organizimi teritorial n\u00eb Mal t\u00eb Zi n\u00ebn prizmin e dy projektligjeve aktuale - Lajme nga Ulqini","og_description":"Cenim i t\u00eb drejt\u00ebs kushtetuese Projektligji p\u00ebr Organizimin Territorial t\u00eb Malit t\u00eb Zi, ka t\u00eb b\u00ebj\u00eb drejtp\u00ebrdrejt me interesat e trev\u00ebs s\u00eb Mal\u00ebsis\u00eb, dhe n\u00eb","og_url":"https:\/\/www.visit-ulcinj.com\/blog\/2009\/10\/16\/organizimi-teritorial-ne-mal-te-zi-nen-prizmin-e-dy-projektligjeve-aktuale\/","og_site_name":"Lajme nga Ulqini","article_published_time":"2009-10-16T14:48:28+00:00","article_modified_time":"2009-10-16T21:45:16+00:00","og_image":[{"url":"http:\/\/www.visit-ulcinj.com\/blog\/wp-content\/uploads\/2009\/10\/Tahir-Tahiri1-224x300.jpg"}],"twitter_misc":{"Written by":"ulqini","Est. reading time":"5 minutes"},"schema":{"@context":"https:\/\/schema.org","@graph":[{"@type":"WebSite","@id":"https:\/\/www.visit-ulcinj.com\/blog\/#website","url":"https:\/\/www.visit-ulcinj.com\/blog\/","name":"Lajme nga Ulqini","description":"Lajme,Vijesti,Ulqini,Ulqin,Crna Gora,Mali i Zi","potentialAction":[{"@type":"SearchAction","target":{"@type":"EntryPoint","urlTemplate":"https:\/\/www.visit-ulcinj.com\/blog\/?s={search_term_string}"},"query-input":"required name=search_term_string"}],"inLanguage":"en-US"},{"@type":"ImageObject","inLanguage":"en-US","@id":"https:\/\/www.visit-ulcinj.com\/blog\/2009\/10\/16\/organizimi-teritorial-ne-mal-te-zi-nen-prizmin-e-dy-projektligjeve-aktuale\/#primaryimage","url":"https:\/\/www.visit-ulcinj.com\/blog\/wp-content\/uploads\/2009\/10\/Tahir-Tahiri1.jpg","contentUrl":"https:\/\/www.visit-ulcinj.com\/blog\/wp-content\/uploads\/2009\/10\/Tahir-Tahiri1.jpg","width":"751","height":"1002"},{"@type":"WebPage","@id":"https:\/\/www.visit-ulcinj.com\/blog\/2009\/10\/16\/organizimi-teritorial-ne-mal-te-zi-nen-prizmin-e-dy-projektligjeve-aktuale\/#webpage","url":"https:\/\/www.visit-ulcinj.com\/blog\/2009\/10\/16\/organizimi-teritorial-ne-mal-te-zi-nen-prizmin-e-dy-projektligjeve-aktuale\/","name":"Organizimi teritorial n\u00eb Mal t\u00eb Zi n\u00ebn prizmin e dy projektligjeve aktuale - Lajme nga Ulqini","isPartOf":{"@id":"https:\/\/www.visit-ulcinj.com\/blog\/#website"},"primaryImageOfPage":{"@id":"https:\/\/www.visit-ulcinj.com\/blog\/2009\/10\/16\/organizimi-teritorial-ne-mal-te-zi-nen-prizmin-e-dy-projektligjeve-aktuale\/#primaryimage"},"datePublished":"2009-10-16T14:48:28+00:00","dateModified":"2009-10-16T21:45:16+00:00","author":{"@id":"https:\/\/www.visit-ulcinj.com\/blog\/#\/schema\/person\/dcab619c614d3038751c63bc2aadc06d"},"description":"Cenim i t\u00eb drejt\u00ebs kushtetuese Projektligji p\u00ebr Organizimin Territorial t\u00eb Malit t\u00eb Zi, ka t\u00eb b\u00ebj\u00eb drejtp\u00ebrdrejt me interesat e trev\u00ebs s\u00eb Mal\u00ebsis\u00eb, dhe n\u00eb","breadcrumb":{"@id":"https:\/\/www.visit-ulcinj.com\/blog\/2009\/10\/16\/organizimi-teritorial-ne-mal-te-zi-nen-prizmin-e-dy-projektligjeve-aktuale\/#breadcrumb"},"inLanguage":"en-US","potentialAction":[{"@type":"ReadAction","target":["https:\/\/www.visit-ulcinj.com\/blog\/2009\/10\/16\/organizimi-teritorial-ne-mal-te-zi-nen-prizmin-e-dy-projektligjeve-aktuale\/"]}]},{"@type":"BreadcrumbList","@id":"https:\/\/www.visit-ulcinj.com\/blog\/2009\/10\/16\/organizimi-teritorial-ne-mal-te-zi-nen-prizmin-e-dy-projektligjeve-aktuale\/#breadcrumb","itemListElement":[{"@type":"ListItem","position":1,"name":"Organizimi teritorial n\u00eb Mal t\u00eb Zi n\u00ebn prizmin e dy projektligjeve aktuale"}]},{"@type":"Person","@id":"https:\/\/www.visit-ulcinj.com\/blog\/#\/schema\/person\/dcab619c614d3038751c63bc2aadc06d","name":"ulqini","sameAs":["http:\/\/www.visit-ulcinj.com"],"url":"https:\/\/www.visit-ulcinj.com\/blog\/author\/admin\/"}]}},"jetpack_featured_media_url":"","jetpack_sharing_enabled":true,"jetpack_shortlink":"https:\/\/wp.me\/pe6lTn-6TU","_links":{"self":[{"href":"https:\/\/www.visit-ulcinj.com\/blog\/wp-json\/wp\/v2\/posts\/26530"}],"collection":[{"href":"https:\/\/www.visit-ulcinj.com\/blog\/wp-json\/wp\/v2\/posts"}],"about":[{"href":"https:\/\/www.visit-ulcinj.com\/blog\/wp-json\/wp\/v2\/types\/post"}],"author":[{"embeddable":true,"href":"https:\/\/www.visit-ulcinj.com\/blog\/wp-json\/wp\/v2\/users\/1"}],"replies":[{"embeddable":true,"href":"https:\/\/www.visit-ulcinj.com\/blog\/wp-json\/wp\/v2\/comments?post=26530"}],"version-history":[{"count":0,"href":"https:\/\/www.visit-ulcinj.com\/blog\/wp-json\/wp\/v2\/posts\/26530\/revisions"}],"wp:attachment":[{"href":"https:\/\/www.visit-ulcinj.com\/blog\/wp-json\/wp\/v2\/media?parent=26530"}],"wp:term":[{"taxonomy":"category","embeddable":true,"href":"https:\/\/www.visit-ulcinj.com\/blog\/wp-json\/wp\/v2\/categories?post=26530"},{"taxonomy":"post_tag","embeddable":true,"href":"https:\/\/www.visit-ulcinj.com\/blog\/wp-json\/wp\/v2\/tags?post=26530"}],"curies":[{"name":"wp","href":"https:\/\/api.w.org\/{rel}","templated":true}]}}