{"id":26534,"date":"2009-10-16T17:02:48","date_gmt":"2009-10-16T15:02:48","guid":{"rendered":"http:\/\/www.visit-ulcinj.com\/blog\/?p=26534"},"modified":"2009-10-16T17:02:48","modified_gmt":"2009-10-16T15:02:48","slug":"mediat-angleze-cana-jeton-me-zana-krasniqin","status":"publish","type":"post","link":"https:\/\/www.visit-ulcinj.com\/blog\/2009\/10\/16\/mediat-angleze-cana-jeton-me-zana-krasniqin\/","title":{"rendered":"Mediat Angleze: Cana jeton me Zana Krasniqin"},"content":{"rendered":"<p><a href=\"http:\/\/www.visit-ulcinj.com\/blog\/wp-content\/uploads\/2009\/01\/lorik-cana-i-dashuruar-me-zana-krasniqin.jpg\"><img loading=\"lazy\" class=\"alignleft size-full wp-image-8421\" title=\"lorik-cana-i-dashuruar-me-zana-krasniqin\" src=\"http:\/\/www.visit-ulcinj.com\/blog\/wp-content\/uploads\/2009\/01\/lorik-cana-i-dashuruar-me-zana-krasniqin.jpg\" alt=\"lorik-cana-i-dashuruar-me-zana-krasniqin\" width=\"580\" height=\"780\" \/><\/a>Grat\u00eb, t\u00eb fejuarat dhe t\u00eb dashurat e futbollist\u00ebve t\u00ebrheqin v\u00ebmendjen e publikut, ashtu ka ndodhur edhe me Lorik Can\u00ebn. Sapo \u00ebsht\u00eb transferuar te Sunderland, gazeta \u201cThe Sunday Sun\u201d raporton p\u00ebr lidhjen e tij sentimentale me ish-Miss Kosova, Zana Krasniqi.<br \/>\n\u201cNj\u00eb bukuroshe e re ardhur n\u00eb Veri, dhe ajo \u00ebsht\u00eb nj\u00eb nd\u00ebr vajzat me stil dhe sharm t\u00eb ve\u00e7ant\u00eb\u201d, &#8211; shkruan gazeta p\u00ebr jet\u00ebn private t\u00eb Can\u00ebs. \u201cZana Krasniqi, e dashura e futbollistit t\u00eb Sunderlandit, Lorik Cana, konkurroi n\u00eb \u2018Miss Universe\u2019, ku doli e gjashta. Besohet se brunia bukuroshe \u00ebsht\u00eb duke zgjedhur sht\u00ebpin\u00eb af\u00ebr Wearside, pasi i dashuri i saj u bashkua me \u201cmacet e zeza\u201d pas largimit nga Olympique Marseille. Modelja q\u00eb \u00ebnd\u00ebrron t\u00eb b\u00ebhet disenjatore, mezi pret t\u00eb b\u00ebj\u00eb shoping n\u00eb dyqanet e nivelit t\u00eb lart\u00eb.<\/p>\n<p><strong><\/strong><\/p>\n","protected":false},"excerpt":{"rendered":"<p>Grat\u00eb, t\u00eb fejuarat dhe t\u00eb dashurat e futbollist\u00ebve t\u00ebrheqin v\u00ebmendjen e publikut, ashtu ka ndodhur edhe me Lorik Can\u00ebn. Sapo \u00ebsht\u00eb transferuar te Sunderland, gazeta \u201cThe Sunday Sun\u201d raporton p\u00ebr lidhjen e tij sentimentale me ish-Miss Kosova, Zana Krasniqi. \u201cNj\u00eb bukuroshe e re ardhur n\u00eb Veri, dhe ajo \u00ebsht\u00eb nj\u00eb nd\u00ebr vajzat me stil dhe [&hellip;]<\/p>\n","protected":false},"author":1,"featured_media":0,"comment_status":"open","ping_status":"closed","sticky":false,"template":"","format":"standard","meta":{"spay_email":"","jetpack_publicize_message":"","jetpack_is_tweetstorm":false,"jetpack_publicize_feature_enabled":true},"categories":[1],"tags":[4946,5210],"jetpack_publicize_connections":[],"yoast_head":"<!-- This site is optimized with the Yoast SEO plugin v19.1 - https:\/\/yoast.com\/wordpress\/plugins\/seo\/ -->\n<title>Mediat Angleze: Cana jeton me Zana Krasniqin - Lajme nga Ulqini<\/title>\n<meta name=\"description\" content=\"Grat\u00eb, t\u00eb fejuarat dhe t\u00eb dashurat e futbollist\u00ebve t\u00ebrheqin v\u00ebmendjen e publikut, ashtu ka ndodhur edhe me Lorik Can\u00ebn. Sapo \u00ebsht\u00eb transferuar te\" \/>\n<meta name=\"robots\" content=\"index, follow, max-snippet:-1, max-image-preview:large, max-video-preview:-1\" \/>\n<link rel=\"canonical\" href=\"https:\/\/www.visit-ulcinj.com\/blog\/2009\/10\/16\/mediat-angleze-cana-jeton-me-zana-krasniqin\/\" \/>\n<meta property=\"og:locale\" content=\"en_US\" \/>\n<meta property=\"og:type\" content=\"article\" \/>\n<meta property=\"og:title\" content=\"Mediat Angleze: Cana jeton me Zana Krasniqin - Lajme nga Ulqini\" \/>\n<meta property=\"og:description\" content=\"Grat\u00eb, t\u00eb fejuarat dhe t\u00eb dashurat e futbollist\u00ebve t\u00ebrheqin v\u00ebmendjen e publikut, ashtu ka ndodhur edhe me Lorik Can\u00ebn. Sapo \u00ebsht\u00eb transferuar te\" \/>\n<meta property=\"og:url\" content=\"https:\/\/www.visit-ulcinj.com\/blog\/2009\/10\/16\/mediat-angleze-cana-jeton-me-zana-krasniqin\/\" \/>\n<meta property=\"og:site_name\" content=\"Lajme nga Ulqini\" \/>\n<meta property=\"article:published_time\" content=\"2009-10-16T15:02:48+00:00\" \/>\n<meta property=\"og:image\" content=\"http:\/\/www.visit-ulcinj.com\/blog\/wp-content\/uploads\/2009\/01\/lorik-cana-i-dashuruar-me-zana-krasniqin.jpg\" \/>\n<meta name=\"twitter:label1\" content=\"Written by\" \/>\n\t<meta name=\"twitter:data1\" content=\"ulqini\" \/>\n\t<meta name=\"twitter:label2\" content=\"Est. reading time\" \/>\n\t<meta name=\"twitter:data2\" content=\"1 minute\" \/>\n<script type=\"application\/ld+json\" class=\"yoast-schema-graph\">{\"@context\":\"https:\/\/schema.org\",\"@graph\":[{\"@type\":\"WebSite\",\"@id\":\"https:\/\/www.visit-ulcinj.com\/blog\/#website\",\"url\":\"https:\/\/www.visit-ulcinj.com\/blog\/\",\"name\":\"Lajme nga Ulqini\",\"description\":\"Lajme,Vijesti,Ulqini,Ulqin,Crna Gora,Mali i Zi\",\"potentialAction\":[{\"@type\":\"SearchAction\",\"target\":{\"@type\":\"EntryPoint\",\"urlTemplate\":\"https:\/\/www.visit-ulcinj.com\/blog\/?s={search_term_string}\"},\"query-input\":\"required name=search_term_string\"}],\"inLanguage\":\"en-US\"},{\"@type\":\"ImageObject\",\"inLanguage\":\"en-US\",\"@id\":\"https:\/\/www.visit-ulcinj.com\/blog\/2009\/10\/16\/mediat-angleze-cana-jeton-me-zana-krasniqin\/#primaryimage\",\"url\":\"http:\/\/www.visit-ulcinj.com\/blog\/wp-content\/uploads\/2009\/01\/lorik-cana-i-dashuruar-me-zana-krasniqin.jpg\",\"contentUrl\":\"http:\/\/www.visit-ulcinj.com\/blog\/wp-content\/uploads\/2009\/01\/lorik-cana-i-dashuruar-me-zana-krasniqin.jpg\"},{\"@type\":\"WebPage\",\"@id\":\"https:\/\/www.visit-ulcinj.com\/blog\/2009\/10\/16\/mediat-angleze-cana-jeton-me-zana-krasniqin\/#webpage\",\"url\":\"https:\/\/www.visit-ulcinj.com\/blog\/2009\/10\/16\/mediat-angleze-cana-jeton-me-zana-krasniqin\/\",\"name\":\"Mediat Angleze: Cana jeton me Zana Krasniqin - Lajme nga Ulqini\",\"isPartOf\":{\"@id\":\"https:\/\/www.visit-ulcinj.com\/blog\/#website\"},\"primaryImageOfPage\":{\"@id\":\"https:\/\/www.visit-ulcinj.com\/blog\/2009\/10\/16\/mediat-angleze-cana-jeton-me-zana-krasniqin\/#primaryimage\"},\"datePublished\":\"2009-10-16T15:02:48+00:00\",\"dateModified\":\"2009-10-16T15:02:48+00:00\",\"author\":{\"@id\":\"https:\/\/www.visit-ulcinj.com\/blog\/#\/schema\/person\/dcab619c614d3038751c63bc2aadc06d\"},\"description\":\"Grat\u00eb, t\u00eb fejuarat dhe t\u00eb dashurat e futbollist\u00ebve t\u00ebrheqin v\u00ebmendjen e publikut, ashtu ka ndodhur edhe me Lorik Can\u00ebn. Sapo \u00ebsht\u00eb transferuar te\",\"breadcrumb\":{\"@id\":\"https:\/\/www.visit-ulcinj.com\/blog\/2009\/10\/16\/mediat-angleze-cana-jeton-me-zana-krasniqin\/#breadcrumb\"},\"inLanguage\":\"en-US\",\"potentialAction\":[{\"@type\":\"ReadAction\",\"target\":[\"https:\/\/www.visit-ulcinj.com\/blog\/2009\/10\/16\/mediat-angleze-cana-jeton-me-zana-krasniqin\/\"]}]},{\"@type\":\"BreadcrumbList\",\"@id\":\"https:\/\/www.visit-ulcinj.com\/blog\/2009\/10\/16\/mediat-angleze-cana-jeton-me-zana-krasniqin\/#breadcrumb\",\"itemListElement\":[{\"@type\":\"ListItem\",\"position\":1,\"name\":\"Mediat Angleze: Cana jeton me Zana Krasniqin\"}]},{\"@type\":\"Person\",\"@id\":\"https:\/\/www.visit-ulcinj.com\/blog\/#\/schema\/person\/dcab619c614d3038751c63bc2aadc06d\",\"name\":\"ulqini\",\"sameAs\":[\"http:\/\/www.visit-ulcinj.com\"],\"url\":\"https:\/\/www.visit-ulcinj.com\/blog\/author\/admin\/\"}]}<\/script>\n<!-- \/ Yoast SEO plugin. -->","yoast_head_json":{"title":"Mediat Angleze: Cana jeton me Zana Krasniqin - Lajme nga Ulqini","description":"Grat\u00eb, t\u00eb fejuarat dhe t\u00eb dashurat e futbollist\u00ebve t\u00ebrheqin v\u00ebmendjen e publikut, ashtu ka ndodhur edhe me Lorik Can\u00ebn. Sapo \u00ebsht\u00eb transferuar te","robots":{"index":"index","follow":"follow","max-snippet":"max-snippet:-1","max-image-preview":"max-image-preview:large","max-video-preview":"max-video-preview:-1"},"canonical":"https:\/\/www.visit-ulcinj.com\/blog\/2009\/10\/16\/mediat-angleze-cana-jeton-me-zana-krasniqin\/","og_locale":"en_US","og_type":"article","og_title":"Mediat Angleze: Cana jeton me Zana Krasniqin - Lajme nga Ulqini","og_description":"Grat\u00eb, t\u00eb fejuarat dhe t\u00eb dashurat e futbollist\u00ebve t\u00ebrheqin v\u00ebmendjen e publikut, ashtu ka ndodhur edhe me Lorik Can\u00ebn. Sapo \u00ebsht\u00eb transferuar te","og_url":"https:\/\/www.visit-ulcinj.com\/blog\/2009\/10\/16\/mediat-angleze-cana-jeton-me-zana-krasniqin\/","og_site_name":"Lajme nga Ulqini","article_published_time":"2009-10-16T15:02:48+00:00","og_image":[{"url":"http:\/\/www.visit-ulcinj.com\/blog\/wp-content\/uploads\/2009\/01\/lorik-cana-i-dashuruar-me-zana-krasniqin.jpg"}],"twitter_misc":{"Written by":"ulqini","Est. reading time":"1 minute"},"schema":{"@context":"https:\/\/schema.org","@graph":[{"@type":"WebSite","@id":"https:\/\/www.visit-ulcinj.com\/blog\/#website","url":"https:\/\/www.visit-ulcinj.com\/blog\/","name":"Lajme nga Ulqini","description":"Lajme,Vijesti,Ulqini,Ulqin,Crna Gora,Mali i Zi","potentialAction":[{"@type":"SearchAction","target":{"@type":"EntryPoint","urlTemplate":"https:\/\/www.visit-ulcinj.com\/blog\/?s={search_term_string}"},"query-input":"required name=search_term_string"}],"inLanguage":"en-US"},{"@type":"ImageObject","inLanguage":"en-US","@id":"https:\/\/www.visit-ulcinj.com\/blog\/2009\/10\/16\/mediat-angleze-cana-jeton-me-zana-krasniqin\/#primaryimage","url":"http:\/\/www.visit-ulcinj.com\/blog\/wp-content\/uploads\/2009\/01\/lorik-cana-i-dashuruar-me-zana-krasniqin.jpg","contentUrl":"http:\/\/www.visit-ulcinj.com\/blog\/wp-content\/uploads\/2009\/01\/lorik-cana-i-dashuruar-me-zana-krasniqin.jpg"},{"@type":"WebPage","@id":"https:\/\/www.visit-ulcinj.com\/blog\/2009\/10\/16\/mediat-angleze-cana-jeton-me-zana-krasniqin\/#webpage","url":"https:\/\/www.visit-ulcinj.com\/blog\/2009\/10\/16\/mediat-angleze-cana-jeton-me-zana-krasniqin\/","name":"Mediat Angleze: Cana jeton me Zana Krasniqin - Lajme nga Ulqini","isPartOf":{"@id":"https:\/\/www.visit-ulcinj.com\/blog\/#website"},"primaryImageOfPage":{"@id":"https:\/\/www.visit-ulcinj.com\/blog\/2009\/10\/16\/mediat-angleze-cana-jeton-me-zana-krasniqin\/#primaryimage"},"datePublished":"2009-10-16T15:02:48+00:00","dateModified":"2009-10-16T15:02:48+00:00","author":{"@id":"https:\/\/www.visit-ulcinj.com\/blog\/#\/schema\/person\/dcab619c614d3038751c63bc2aadc06d"},"description":"Grat\u00eb, t\u00eb fejuarat dhe t\u00eb dashurat e futbollist\u00ebve t\u00ebrheqin v\u00ebmendjen e publikut, ashtu ka ndodhur edhe me Lorik Can\u00ebn. Sapo \u00ebsht\u00eb transferuar te","breadcrumb":{"@id":"https:\/\/www.visit-ulcinj.com\/blog\/2009\/10\/16\/mediat-angleze-cana-jeton-me-zana-krasniqin\/#breadcrumb"},"inLanguage":"en-US","potentialAction":[{"@type":"ReadAction","target":["https:\/\/www.visit-ulcinj.com\/blog\/2009\/10\/16\/mediat-angleze-cana-jeton-me-zana-krasniqin\/"]}]},{"@type":"BreadcrumbList","@id":"https:\/\/www.visit-ulcinj.com\/blog\/2009\/10\/16\/mediat-angleze-cana-jeton-me-zana-krasniqin\/#breadcrumb","itemListElement":[{"@type":"ListItem","position":1,"name":"Mediat Angleze: Cana jeton me Zana Krasniqin"}]},{"@type":"Person","@id":"https:\/\/www.visit-ulcinj.com\/blog\/#\/schema\/person\/dcab619c614d3038751c63bc2aadc06d","name":"ulqini","sameAs":["http:\/\/www.visit-ulcinj.com"],"url":"https:\/\/www.visit-ulcinj.com\/blog\/author\/admin\/"}]}},"jetpack_featured_media_url":"","jetpack_sharing_enabled":true,"jetpack_shortlink":"https:\/\/wp.me\/pe6lTn-6TY","_links":{"self":[{"href":"https:\/\/www.visit-ulcinj.com\/blog\/wp-json\/wp\/v2\/posts\/26534"}],"collection":[{"href":"https:\/\/www.visit-ulcinj.com\/blog\/wp-json\/wp\/v2\/posts"}],"about":[{"href":"https:\/\/www.visit-ulcinj.com\/blog\/wp-json\/wp\/v2\/types\/post"}],"author":[{"embeddable":true,"href":"https:\/\/www.visit-ulcinj.com\/blog\/wp-json\/wp\/v2\/users\/1"}],"replies":[{"embeddable":true,"href":"https:\/\/www.visit-ulcinj.com\/blog\/wp-json\/wp\/v2\/comments?post=26534"}],"version-history":[{"count":0,"href":"https:\/\/www.visit-ulcinj.com\/blog\/wp-json\/wp\/v2\/posts\/26534\/revisions"}],"wp:attachment":[{"href":"https:\/\/www.visit-ulcinj.com\/blog\/wp-json\/wp\/v2\/media?parent=26534"}],"wp:term":[{"taxonomy":"category","embeddable":true,"href":"https:\/\/www.visit-ulcinj.com\/blog\/wp-json\/wp\/v2\/categories?post=26534"},{"taxonomy":"post_tag","embeddable":true,"href":"https:\/\/www.visit-ulcinj.com\/blog\/wp-json\/wp\/v2\/tags?post=26534"}],"curies":[{"name":"wp","href":"https:\/\/api.w.org\/{rel}","templated":true}]}}