{"id":26537,"date":"2009-10-16T23:31:39","date_gmt":"2009-10-16T21:31:39","guid":{"rendered":"http:\/\/www.visit-ulcinj.com\/blog\/?p=26537"},"modified":"2009-10-16T23:32:21","modified_gmt":"2009-10-16T21:32:21","slug":"vukoviq-shtyhet-mbledhja-e-grupit-punues","status":"publish","type":"post","link":"https:\/\/www.visit-ulcinj.com\/blog\/2009\/10\/16\/vukoviq-shtyhet-mbledhja-e-grupit-punues\/","title":{"rendered":"Vukoviq-shtyhet mbledhja e grupit punues"},"content":{"rendered":"<p><a href=\"http:\/\/www.visit-ulcinj.com\/blog\/wp-content\/uploads\/2009\/10\/Miodrag-Vukoviq.jpg\"><img loading=\"lazy\" class=\"alignleft size-full wp-image-26538\" title=\"Miodrag Vukoviq\" src=\"http:\/\/www.visit-ulcinj.com\/blog\/wp-content\/uploads\/2009\/10\/Miodrag-Vukoviq.jpg\" alt=\"Miodrag Vukoviq\" width=\"300\" height=\"214\" \/><\/a>Miodrag Vukoviq kordinator i grupit punues ka deklarua se mbledhja e grupit eshte shtyre p\u00ebr shkak t\u00eb k\u00ebrkes\u00ebs s\u00eb partis\u00eb Boshnjake.<\/p>\n<p>Grupi punues do t\u00eb duhej ta p\u00ebrmbledh\u00eb t\u00eb t\u00ebr\u00ebn q\u00eb \u00ebsht\u00eb b\u00ebr\u00eb deri me tani dhe t\u00eb informohet mbi bisedimet nd\u00ebrpartiake dhe me p\u00ebrfaq\u00ebsuesit e organeve shtet\u00ebrore.<\/p>\n<p>Koordinatori e grupit punues, Miodrag Vukoviq, ka deklaruar m\u00eb par\u00eb se ka mbetur hapur \u00e7\u00ebshtja e p\u00ebrfaq\u00ebsimit autentik t\u00eb pakicave n\u00eb parlament, sepse ekzistojn\u00eb disa modele.<\/p>\n<p>Ai ka th\u00ebn\u00eb se p\u00ebr t\u00eb gjith\u00eb nuk ka dyshime se kush duhet t\u00eb ken\u00eb t\u00eb drejt\u00eb vote, por p\u00ebr Partin\u00eb Socialiste Popullore \u00ebsht\u00eb kontestuese se \u00e7far\u00eb do t\u00eb b\u00ebhet me ata, q\u00eb me futjen e shtet\u00ebsis\u00eb si kusht, do t\u00eb humbin t\u00eb drejt\u00ebn e vot\u00ebs n\u00eb zgjedhje.<\/p>\n<p>Propozimi \u00ebsht\u00eb q\u00eb t&#8217;i miratojm\u00eb ndryshimet e ligjit, por t\u00eb hyj\u00eb n\u00eb fuqi pas disa muajsh, ka th\u00ebn\u00eb Vukoviq. Me kushtetut\u00ebn e Malit t\u00eb Zi \u00ebsht\u00eb parapar\u00eb q\u00eb ndryshimet e legjislatur\u00ebs zgjedhore duhet t\u00eb miratohen me dy t\u00eb tretat e votave n\u00eb parlament.<\/p>\n<p><span><strong>TVCG<\/strong><br \/>\n<\/span><\/p>\n","protected":false},"excerpt":{"rendered":"<p>Miodrag Vukoviq kordinator i grupit punues ka deklarua se mbledhja e grupit eshte shtyre p\u00ebr shkak t\u00eb k\u00ebrkes\u00ebs s\u00eb partis\u00eb Boshnjake. Grupi punues do t\u00eb duhej ta p\u00ebrmbledh\u00eb t\u00eb t\u00ebr\u00ebn q\u00eb \u00ebsht\u00eb b\u00ebr\u00eb deri me tani dhe t\u00eb informohet mbi bisedimet nd\u00ebrpartiake dhe me p\u00ebrfaq\u00ebsuesit e organeve shtet\u00ebrore. Koordinatori e grupit punues, Miodrag Vukoviq, ka [&hellip;]<\/p>\n","protected":false},"author":1,"featured_media":0,"comment_status":"open","ping_status":"closed","sticky":false,"template":"","format":"standard","meta":{"spay_email":"","jetpack_publicize_message":"","jetpack_is_tweetstorm":false,"jetpack_publicize_feature_enabled":true},"categories":[12],"tags":[3031,12669],"jetpack_publicize_connections":[],"yoast_head":"<!-- This site is optimized with the Yoast SEO plugin v19.1 - https:\/\/yoast.com\/wordpress\/plugins\/seo\/ -->\n<title>Vukoviq-shtyhet mbledhja e grupit punues - Lajme nga Ulqini<\/title>\n<meta name=\"description\" content=\"Miodrag Vukoviq kordinator i grupit punues ka deklarua se mbledhja e grupit eshte shtyre p\u00ebr shkak t\u00eb k\u00ebrkes\u00ebs s\u00eb partis\u00eb Boshnjake. Grupi punues do t\u00eb\" \/>\n<meta name=\"robots\" content=\"index, follow, max-snippet:-1, max-image-preview:large, max-video-preview:-1\" \/>\n<link rel=\"canonical\" href=\"https:\/\/www.visit-ulcinj.com\/blog\/2009\/10\/16\/vukoviq-shtyhet-mbledhja-e-grupit-punues\/\" \/>\n<meta property=\"og:locale\" content=\"en_US\" \/>\n<meta property=\"og:type\" content=\"article\" \/>\n<meta property=\"og:title\" content=\"Vukoviq-shtyhet mbledhja e grupit punues - Lajme nga Ulqini\" \/>\n<meta property=\"og:description\" content=\"Miodrag Vukoviq kordinator i grupit punues ka deklarua se mbledhja e grupit eshte shtyre p\u00ebr shkak t\u00eb k\u00ebrkes\u00ebs s\u00eb partis\u00eb Boshnjake. Grupi punues do t\u00eb\" \/>\n<meta property=\"og:url\" content=\"https:\/\/www.visit-ulcinj.com\/blog\/2009\/10\/16\/vukoviq-shtyhet-mbledhja-e-grupit-punues\/\" \/>\n<meta property=\"og:site_name\" content=\"Lajme nga Ulqini\" \/>\n<meta property=\"article:published_time\" content=\"2009-10-16T21:31:39+00:00\" \/>\n<meta property=\"article:modified_time\" content=\"2009-10-16T21:32:21+00:00\" \/>\n<meta property=\"og:image\" content=\"http:\/\/www.visit-ulcinj.com\/blog\/wp-content\/uploads\/2009\/10\/Miodrag-Vukoviq.jpg\" \/>\n<meta name=\"twitter:label1\" content=\"Written by\" \/>\n\t<meta name=\"twitter:data1\" content=\"ulqini\" \/>\n\t<meta name=\"twitter:label2\" content=\"Est. reading time\" \/>\n\t<meta name=\"twitter:data2\" content=\"1 minute\" \/>\n<script type=\"application\/ld+json\" class=\"yoast-schema-graph\">{\"@context\":\"https:\/\/schema.org\",\"@graph\":[{\"@type\":\"WebSite\",\"@id\":\"https:\/\/www.visit-ulcinj.com\/blog\/#website\",\"url\":\"https:\/\/www.visit-ulcinj.com\/blog\/\",\"name\":\"Lajme nga Ulqini\",\"description\":\"Lajme,Vijesti,Ulqini,Ulqin,Crna Gora,Mali i Zi\",\"potentialAction\":[{\"@type\":\"SearchAction\",\"target\":{\"@type\":\"EntryPoint\",\"urlTemplate\":\"https:\/\/www.visit-ulcinj.com\/blog\/?s={search_term_string}\"},\"query-input\":\"required name=search_term_string\"}],\"inLanguage\":\"en-US\"},{\"@type\":\"ImageObject\",\"inLanguage\":\"en-US\",\"@id\":\"https:\/\/www.visit-ulcinj.com\/blog\/2009\/10\/16\/vukoviq-shtyhet-mbledhja-e-grupit-punues\/#primaryimage\",\"url\":\"https:\/\/www.visit-ulcinj.com\/blog\/wp-content\/uploads\/2009\/10\/Miodrag-Vukoviq.jpg\",\"contentUrl\":\"https:\/\/www.visit-ulcinj.com\/blog\/wp-content\/uploads\/2009\/10\/Miodrag-Vukoviq.jpg\",\"width\":\"300\",\"height\":\"214\"},{\"@type\":\"WebPage\",\"@id\":\"https:\/\/www.visit-ulcinj.com\/blog\/2009\/10\/16\/vukoviq-shtyhet-mbledhja-e-grupit-punues\/#webpage\",\"url\":\"https:\/\/www.visit-ulcinj.com\/blog\/2009\/10\/16\/vukoviq-shtyhet-mbledhja-e-grupit-punues\/\",\"name\":\"Vukoviq-shtyhet mbledhja e grupit punues - Lajme nga Ulqini\",\"isPartOf\":{\"@id\":\"https:\/\/www.visit-ulcinj.com\/blog\/#website\"},\"primaryImageOfPage\":{\"@id\":\"https:\/\/www.visit-ulcinj.com\/blog\/2009\/10\/16\/vukoviq-shtyhet-mbledhja-e-grupit-punues\/#primaryimage\"},\"datePublished\":\"2009-10-16T21:31:39+00:00\",\"dateModified\":\"2009-10-16T21:32:21+00:00\",\"author\":{\"@id\":\"https:\/\/www.visit-ulcinj.com\/blog\/#\/schema\/person\/dcab619c614d3038751c63bc2aadc06d\"},\"description\":\"Miodrag Vukoviq kordinator i grupit punues ka deklarua se mbledhja e grupit eshte shtyre p\u00ebr shkak t\u00eb k\u00ebrkes\u00ebs s\u00eb partis\u00eb Boshnjake. Grupi punues do t\u00eb\",\"breadcrumb\":{\"@id\":\"https:\/\/www.visit-ulcinj.com\/blog\/2009\/10\/16\/vukoviq-shtyhet-mbledhja-e-grupit-punues\/#breadcrumb\"},\"inLanguage\":\"en-US\",\"potentialAction\":[{\"@type\":\"ReadAction\",\"target\":[\"https:\/\/www.visit-ulcinj.com\/blog\/2009\/10\/16\/vukoviq-shtyhet-mbledhja-e-grupit-punues\/\"]}]},{\"@type\":\"BreadcrumbList\",\"@id\":\"https:\/\/www.visit-ulcinj.com\/blog\/2009\/10\/16\/vukoviq-shtyhet-mbledhja-e-grupit-punues\/#breadcrumb\",\"itemListElement\":[{\"@type\":\"ListItem\",\"position\":1,\"name\":\"Vukoviq-shtyhet mbledhja e grupit punues\"}]},{\"@type\":\"Person\",\"@id\":\"https:\/\/www.visit-ulcinj.com\/blog\/#\/schema\/person\/dcab619c614d3038751c63bc2aadc06d\",\"name\":\"ulqini\",\"sameAs\":[\"http:\/\/www.visit-ulcinj.com\"],\"url\":\"https:\/\/www.visit-ulcinj.com\/blog\/author\/admin\/\"}]}<\/script>\n<!-- \/ Yoast SEO plugin. -->","yoast_head_json":{"title":"Vukoviq-shtyhet mbledhja e grupit punues - Lajme nga Ulqini","description":"Miodrag Vukoviq kordinator i grupit punues ka deklarua se mbledhja e grupit eshte shtyre p\u00ebr shkak t\u00eb k\u00ebrkes\u00ebs s\u00eb partis\u00eb Boshnjake. Grupi punues do t\u00eb","robots":{"index":"index","follow":"follow","max-snippet":"max-snippet:-1","max-image-preview":"max-image-preview:large","max-video-preview":"max-video-preview:-1"},"canonical":"https:\/\/www.visit-ulcinj.com\/blog\/2009\/10\/16\/vukoviq-shtyhet-mbledhja-e-grupit-punues\/","og_locale":"en_US","og_type":"article","og_title":"Vukoviq-shtyhet mbledhja e grupit punues - Lajme nga Ulqini","og_description":"Miodrag Vukoviq kordinator i grupit punues ka deklarua se mbledhja e grupit eshte shtyre p\u00ebr shkak t\u00eb k\u00ebrkes\u00ebs s\u00eb partis\u00eb Boshnjake. Grupi punues do t\u00eb","og_url":"https:\/\/www.visit-ulcinj.com\/blog\/2009\/10\/16\/vukoviq-shtyhet-mbledhja-e-grupit-punues\/","og_site_name":"Lajme nga Ulqini","article_published_time":"2009-10-16T21:31:39+00:00","article_modified_time":"2009-10-16T21:32:21+00:00","og_image":[{"url":"http:\/\/www.visit-ulcinj.com\/blog\/wp-content\/uploads\/2009\/10\/Miodrag-Vukoviq.jpg"}],"twitter_misc":{"Written by":"ulqini","Est. reading time":"1 minute"},"schema":{"@context":"https:\/\/schema.org","@graph":[{"@type":"WebSite","@id":"https:\/\/www.visit-ulcinj.com\/blog\/#website","url":"https:\/\/www.visit-ulcinj.com\/blog\/","name":"Lajme nga Ulqini","description":"Lajme,Vijesti,Ulqini,Ulqin,Crna Gora,Mali i Zi","potentialAction":[{"@type":"SearchAction","target":{"@type":"EntryPoint","urlTemplate":"https:\/\/www.visit-ulcinj.com\/blog\/?s={search_term_string}"},"query-input":"required name=search_term_string"}],"inLanguage":"en-US"},{"@type":"ImageObject","inLanguage":"en-US","@id":"https:\/\/www.visit-ulcinj.com\/blog\/2009\/10\/16\/vukoviq-shtyhet-mbledhja-e-grupit-punues\/#primaryimage","url":"https:\/\/www.visit-ulcinj.com\/blog\/wp-content\/uploads\/2009\/10\/Miodrag-Vukoviq.jpg","contentUrl":"https:\/\/www.visit-ulcinj.com\/blog\/wp-content\/uploads\/2009\/10\/Miodrag-Vukoviq.jpg","width":"300","height":"214"},{"@type":"WebPage","@id":"https:\/\/www.visit-ulcinj.com\/blog\/2009\/10\/16\/vukoviq-shtyhet-mbledhja-e-grupit-punues\/#webpage","url":"https:\/\/www.visit-ulcinj.com\/blog\/2009\/10\/16\/vukoviq-shtyhet-mbledhja-e-grupit-punues\/","name":"Vukoviq-shtyhet mbledhja e grupit punues - Lajme nga Ulqini","isPartOf":{"@id":"https:\/\/www.visit-ulcinj.com\/blog\/#website"},"primaryImageOfPage":{"@id":"https:\/\/www.visit-ulcinj.com\/blog\/2009\/10\/16\/vukoviq-shtyhet-mbledhja-e-grupit-punues\/#primaryimage"},"datePublished":"2009-10-16T21:31:39+00:00","dateModified":"2009-10-16T21:32:21+00:00","author":{"@id":"https:\/\/www.visit-ulcinj.com\/blog\/#\/schema\/person\/dcab619c614d3038751c63bc2aadc06d"},"description":"Miodrag Vukoviq kordinator i grupit punues ka deklarua se mbledhja e grupit eshte shtyre p\u00ebr shkak t\u00eb k\u00ebrkes\u00ebs s\u00eb partis\u00eb Boshnjake. Grupi punues do t\u00eb","breadcrumb":{"@id":"https:\/\/www.visit-ulcinj.com\/blog\/2009\/10\/16\/vukoviq-shtyhet-mbledhja-e-grupit-punues\/#breadcrumb"},"inLanguage":"en-US","potentialAction":[{"@type":"ReadAction","target":["https:\/\/www.visit-ulcinj.com\/blog\/2009\/10\/16\/vukoviq-shtyhet-mbledhja-e-grupit-punues\/"]}]},{"@type":"BreadcrumbList","@id":"https:\/\/www.visit-ulcinj.com\/blog\/2009\/10\/16\/vukoviq-shtyhet-mbledhja-e-grupit-punues\/#breadcrumb","itemListElement":[{"@type":"ListItem","position":1,"name":"Vukoviq-shtyhet mbledhja e grupit punues"}]},{"@type":"Person","@id":"https:\/\/www.visit-ulcinj.com\/blog\/#\/schema\/person\/dcab619c614d3038751c63bc2aadc06d","name":"ulqini","sameAs":["http:\/\/www.visit-ulcinj.com"],"url":"https:\/\/www.visit-ulcinj.com\/blog\/author\/admin\/"}]}},"jetpack_featured_media_url":"","jetpack_sharing_enabled":true,"jetpack_shortlink":"https:\/\/wp.me\/pe6lTn-6U1","_links":{"self":[{"href":"https:\/\/www.visit-ulcinj.com\/blog\/wp-json\/wp\/v2\/posts\/26537"}],"collection":[{"href":"https:\/\/www.visit-ulcinj.com\/blog\/wp-json\/wp\/v2\/posts"}],"about":[{"href":"https:\/\/www.visit-ulcinj.com\/blog\/wp-json\/wp\/v2\/types\/post"}],"author":[{"embeddable":true,"href":"https:\/\/www.visit-ulcinj.com\/blog\/wp-json\/wp\/v2\/users\/1"}],"replies":[{"embeddable":true,"href":"https:\/\/www.visit-ulcinj.com\/blog\/wp-json\/wp\/v2\/comments?post=26537"}],"version-history":[{"count":0,"href":"https:\/\/www.visit-ulcinj.com\/blog\/wp-json\/wp\/v2\/posts\/26537\/revisions"}],"wp:attachment":[{"href":"https:\/\/www.visit-ulcinj.com\/blog\/wp-json\/wp\/v2\/media?parent=26537"}],"wp:term":[{"taxonomy":"category","embeddable":true,"href":"https:\/\/www.visit-ulcinj.com\/blog\/wp-json\/wp\/v2\/categories?post=26537"},{"taxonomy":"post_tag","embeddable":true,"href":"https:\/\/www.visit-ulcinj.com\/blog\/wp-json\/wp\/v2\/tags?post=26537"}],"curies":[{"name":"wp","href":"https:\/\/api.w.org\/{rel}","templated":true}]}}