{"id":26548,"date":"2009-10-17T08:20:51","date_gmt":"2009-10-17T06:20:51","guid":{"rendered":"http:\/\/www.visit-ulcinj.com\/blog\/?p=26548"},"modified":"2009-10-17T08:20:51","modified_gmt":"2009-10-17T06:20:51","slug":"muslimani-traze-isti-tretman-kao-i-albanci","status":"publish","type":"post","link":"https:\/\/www.visit-ulcinj.com\/blog\/2009\/10\/17\/muslimani-traze-isti-tretman-kao-i-albanci\/","title":{"rendered":"Muslimani tra\u017ee isti tretman kao i Albanci"},"content":{"rendered":"<address><strong><a href=\"http:\/\/www.visit-ulcinj.com\/blog\/wp-content\/uploads\/2009\/10\/Vaselj-Sini\u0161taj.jpg\"><img loading=\"lazy\" class=\"alignleft size-full wp-image-26549\" title=\"Vaselj Sini\u0161taj\" src=\"http:\/\/www.visit-ulcinj.com\/blog\/wp-content\/uploads\/2009\/10\/Vaselj-Sini\u0161taj.jpg\" alt=\"Vaselj Sini\u0161taj\" width=\"335\" height=\"220\" \/><\/a>Neprihvatljivo je da neko dobija ekskluzivna prava u Crnoj Gori samo zato \u0161to se poziva na ste?eno pravo &#8211; ka\u017ee Kurpejovi?\u00a0 Najbolje bi bilo da se srpski i crnogorski korpus nekim balansiranjem defini\u0161u kao jedinstven a da se svi ostali na?u u prostoru koji se predvi?a za manjine &#8211; predla\u017ee Sini\u0161taj<\/strong><\/address>\n<p>Predstavnik albanske koalicije &#8220;Perspektiva&#8221; Vaselj Sini\u0161taj optimista je da ?e kona?no rje\u0161enje za zastupljenost manjina u slu?aju Albanaca biti zadr\u017eavanje posebne izborne jedinice sa pet mandata.<br \/>\nOn je &#8220;Danu&#8221; kazao kako vjeruje da je ministar ljudskih i manjinskih prava i lider DUA Ferhat Dino\u0161a uticao da se ne smanji nivo ste?enih prava za Albance, koji od 1998. godine glasaju u posebnoj izbornoj jedinici.<br \/>\n&#8211; Prije svega, mora da se uva\u017ei da su Albanci autohton narod na ovom prostoru, koji ima neke specifi?nosti kakve drugi narodi nemaju. I dok su Bo\u0161njaci, Hrvati, a svakako i Srbi i Crnogorci zajednice koje govore maltene istim jezikom, Albanci nijesu dio tog korpusa &#8211; obrazla\u017ee Vaselj Sini\u0161taj zahtjev za o?uvanje ste?enih prava za albansku manjinu.<br \/>\nOn procjenjuje da je definicija zastupljenosti drugih zajednica koje sebe nazivaju manjinskim, stvar dogovora njihovih politi?kih predstavnika sa vladaju?om koalicijom.<br \/>\n&#8211; \u017delimo da u posebnoj izbornoj jedinici, politi?ki subjekti budu birani isklju?ivo sa nacionalnim predznakom. Nijesam siguran da ?e Radna grupa u Skup\u0161tini za uskla?ivanje izbornog zakona sa Ustavom danas zavr\u0161iti svoj rad, ali mislim da ?e za Albance u Crnoj Gori ovo biti i kona?no rje\u0161enje &#8211; nada se Sini\u0161taj.<br \/>\nOn ka\u017ee da je sporna ?injenica da nijedna zajednica u Crnoj Gori nema preko 50 odsto u?e\u0161?a u ukupnoj populaciji jer se na &#8220;taj na?in mo\u017ee izvesti zaklju?ak da nema ve?inskog naroda i da su svi manjina&#8221;.<br \/>\n&#8211; Prema tome, najbolje bi bilo da se srpski i crnogorski korpus nekim balansiranjem defini\u0161u kao jedinstven a da se svi ostali na?u u prostoru koji se predvi?a za manjine &#8211; predla\u017ee Sini\u0161taj.<br \/>\nIpak, eventualno skretanje radne grupe u pravcu da se Albancima da ve?i stepen prava nego ostalim manjinskim zajednicama, \u017eestoko je ju?e kritikovao predsjednik Matice muslimanske Avdul Kurpejovi?.<br \/>\nOn je kazao da je nedopustivo da neko dobija ekskluzivna prava u Crnoj Gori samo zato \u0161to se poziva na ste?eno pravo.<br \/>\n&#8211; Na\u0161e predloge smo uputili parlamentarnoj Radnoj grupi, i ostajemo pri njima. Najnovije informacije, da ?e biti izdavanja odre?enih zajednica i da se ustavni princip autenti?ne zastupljenosti ne?e primjenjivati jednako za sve, primamo sa velikom zabrinuto\u0161?u &#8211; izjavio je Kurpejovi?.<br \/>\nOn je ponovio da je u Skup\u0161tini nakon nedavnih izbora od 81 poslanika samo jedan muslimanske nacionalnosti, izabran na listi DPS-a.<br \/>\n&#8211; Insistiranja Matice muslimanske i Savjeta muslimanskog naroda da predlo\u017ee jednog poslani?kog kandidata za autenti?nu zastupljenost na poslani?koj listi DPS-a su bila uzaludna iako su Muslimani prete\u017eno politi?ki organizovani u toj partiji i dijelom u SDP-u i daju preko 17.000 glasova kojima se obezbje?uje pobjeda saveza na vlasti &#8211; tvrdi Kurpejovi?.<br \/>\n<strong>M.V.<\/strong><\/p>\n<p><strong>Mogu?e odlaganje<\/strong><br \/>\nKoordinator parlamentarne Radne grupe za uskla?ivanje izbornog zakona sa Ustavom Miodrag Vukovi? najavio je sino? mogu?nost odlaganja sjednice, ?ije je odr\u017eavanje bilo planirano za danas. On je rekao da je dobio zahtjev iz Bo\u0161nja?ke stranke da sjednica bude odlo\u017eena, a da ?e danas donijeti kona?nu odluku.<\/p>\n<p><a href=\"http:\/\/www.dan.co.me\/index.php?nivo=3&amp;rubrika=Politika&amp;datum=2009-10-16&amp;clanak=204925\" target=\"_blank\"><strong>DAN<\/strong><\/a><\/p>\n<p><strong>Video RTCG<\/strong><\/p>\n<p>[flv width=&#8221;580&#8243; height=&#8221;400&#8243;]http:\/\/www.rtcg.me\/images\/biblioteka\/audio_video_arhiva\/Replika%20-%20Izborno%20zakonodavstvo.flv[\/flv]<\/p>\n","protected":false},"excerpt":{"rendered":"<p>Neprihvatljivo je da neko dobija ekskluzivna prava u Crnoj Gori samo zato \u0161to se poziva na ste?eno pravo &#8211; ka\u017ee Kurpejovi?\u00a0 Najbolje bi bilo da se srpski i crnogorski korpus nekim balansiranjem defini\u0161u kao jedinstven a da se svi ostali na?u u prostoru koji se predvi?a za manjine &#8211; predla\u017ee Sini\u0161taj Predstavnik albanske koalicije &#8220;Perspektiva&#8221; [&hellip;]<\/p>\n","protected":false},"author":1,"featured_media":0,"comment_status":"open","ping_status":"closed","sticky":false,"template":"","format":"standard","meta":{"spay_email":"","jetpack_publicize_message":"","jetpack_is_tweetstorm":false,"jetpack_publicize_feature_enabled":true},"categories":[8337],"tags":[6367,12670,12672,2474,12671],"jetpack_publicize_connections":[],"yoast_head":"<!-- This site is optimized with the Yoast SEO plugin v19.1 - https:\/\/yoast.com\/wordpress\/plugins\/seo\/ -->\n<title>Muslimani tra\u017ee isti tretman kao i Albanci - Lajme nga Ulqini<\/title>\n<meta name=\"description\" content=\"Neprihvatljivo je da neko dobija ekskluzivna prava u Crnoj Gori samo zato \u0161to se poziva na ste?eno pravo - ka\u017ee Kurpejovi?\u00a0 Najbolje bi bilo da se srpski\" \/>\n<meta name=\"robots\" content=\"index, follow, max-snippet:-1, max-image-preview:large, max-video-preview:-1\" \/>\n<link rel=\"canonical\" href=\"https:\/\/www.visit-ulcinj.com\/blog\/2009\/10\/17\/muslimani-traze-isti-tretman-kao-i-albanci\/\" \/>\n<meta property=\"og:locale\" content=\"en_US\" \/>\n<meta property=\"og:type\" content=\"article\" \/>\n<meta property=\"og:title\" content=\"Muslimani tra\u017ee isti tretman kao i Albanci - Lajme nga Ulqini\" \/>\n<meta property=\"og:description\" content=\"Neprihvatljivo je da neko dobija ekskluzivna prava u Crnoj Gori samo zato \u0161to se poziva na ste?eno pravo - ka\u017ee Kurpejovi?\u00a0 Najbolje bi bilo da se srpski\" \/>\n<meta property=\"og:url\" content=\"https:\/\/www.visit-ulcinj.com\/blog\/2009\/10\/17\/muslimani-traze-isti-tretman-kao-i-albanci\/\" \/>\n<meta property=\"og:site_name\" content=\"Lajme nga Ulqini\" \/>\n<meta property=\"article:published_time\" content=\"2009-10-17T06:20:51+00:00\" \/>\n<meta name=\"twitter:label1\" content=\"Written by\" \/>\n\t<meta name=\"twitter:data1\" content=\"ulqini\" \/>\n\t<meta name=\"twitter:label2\" content=\"Est. reading time\" \/>\n\t<meta name=\"twitter:data2\" content=\"3 minutes\" \/>\n<script type=\"application\/ld+json\" class=\"yoast-schema-graph\">{\"@context\":\"https:\/\/schema.org\",\"@graph\":[{\"@type\":\"WebSite\",\"@id\":\"https:\/\/www.visit-ulcinj.com\/blog\/#website\",\"url\":\"https:\/\/www.visit-ulcinj.com\/blog\/\",\"name\":\"Lajme nga Ulqini\",\"description\":\"Lajme,Vijesti,Ulqini,Ulqin,Crna Gora,Mali i Zi\",\"potentialAction\":[{\"@type\":\"SearchAction\",\"target\":{\"@type\":\"EntryPoint\",\"urlTemplate\":\"https:\/\/www.visit-ulcinj.com\/blog\/?s={search_term_string}\"},\"query-input\":\"required name=search_term_string\"}],\"inLanguage\":\"en-US\"},{\"@type\":\"WebPage\",\"@id\":\"https:\/\/www.visit-ulcinj.com\/blog\/2009\/10\/17\/muslimani-traze-isti-tretman-kao-i-albanci\/#webpage\",\"url\":\"https:\/\/www.visit-ulcinj.com\/blog\/2009\/10\/17\/muslimani-traze-isti-tretman-kao-i-albanci\/\",\"name\":\"Muslimani tra\u017ee isti tretman kao i Albanci - Lajme nga Ulqini\",\"isPartOf\":{\"@id\":\"https:\/\/www.visit-ulcinj.com\/blog\/#website\"},\"datePublished\":\"2009-10-17T06:20:51+00:00\",\"dateModified\":\"2009-10-17T06:20:51+00:00\",\"author\":{\"@id\":\"https:\/\/www.visit-ulcinj.com\/blog\/#\/schema\/person\/dcab619c614d3038751c63bc2aadc06d\"},\"description\":\"Neprihvatljivo je da neko dobija ekskluzivna prava u Crnoj Gori samo zato \u0161to se poziva na ste?eno pravo - ka\u017ee Kurpejovi?\u00a0 Najbolje bi bilo da se srpski\",\"breadcrumb\":{\"@id\":\"https:\/\/www.visit-ulcinj.com\/blog\/2009\/10\/17\/muslimani-traze-isti-tretman-kao-i-albanci\/#breadcrumb\"},\"inLanguage\":\"en-US\",\"potentialAction\":[{\"@type\":\"ReadAction\",\"target\":[\"https:\/\/www.visit-ulcinj.com\/blog\/2009\/10\/17\/muslimani-traze-isti-tretman-kao-i-albanci\/\"]}]},{\"@type\":\"BreadcrumbList\",\"@id\":\"https:\/\/www.visit-ulcinj.com\/blog\/2009\/10\/17\/muslimani-traze-isti-tretman-kao-i-albanci\/#breadcrumb\",\"itemListElement\":[{\"@type\":\"ListItem\",\"position\":1,\"name\":\"Muslimani tra\u017ee isti tretman kao i Albanci\"}]},{\"@type\":\"Person\",\"@id\":\"https:\/\/www.visit-ulcinj.com\/blog\/#\/schema\/person\/dcab619c614d3038751c63bc2aadc06d\",\"name\":\"ulqini\",\"sameAs\":[\"http:\/\/www.visit-ulcinj.com\"],\"url\":\"https:\/\/www.visit-ulcinj.com\/blog\/author\/admin\/\"}]}<\/script>\n<!-- \/ Yoast SEO plugin. -->","yoast_head_json":{"title":"Muslimani tra\u017ee isti tretman kao i Albanci - Lajme nga Ulqini","description":"Neprihvatljivo je da neko dobija ekskluzivna prava u Crnoj Gori samo zato \u0161to se poziva na ste?eno pravo - ka\u017ee Kurpejovi?\u00a0 Najbolje bi bilo da se srpski","robots":{"index":"index","follow":"follow","max-snippet":"max-snippet:-1","max-image-preview":"max-image-preview:large","max-video-preview":"max-video-preview:-1"},"canonical":"https:\/\/www.visit-ulcinj.com\/blog\/2009\/10\/17\/muslimani-traze-isti-tretman-kao-i-albanci\/","og_locale":"en_US","og_type":"article","og_title":"Muslimani tra\u017ee isti tretman kao i Albanci - Lajme nga Ulqini","og_description":"Neprihvatljivo je da neko dobija ekskluzivna prava u Crnoj Gori samo zato \u0161to se poziva na ste?eno pravo - ka\u017ee Kurpejovi?\u00a0 Najbolje bi bilo da se srpski","og_url":"https:\/\/www.visit-ulcinj.com\/blog\/2009\/10\/17\/muslimani-traze-isti-tretman-kao-i-albanci\/","og_site_name":"Lajme nga Ulqini","article_published_time":"2009-10-17T06:20:51+00:00","twitter_misc":{"Written by":"ulqini","Est. reading time":"3 minutes"},"schema":{"@context":"https:\/\/schema.org","@graph":[{"@type":"WebSite","@id":"https:\/\/www.visit-ulcinj.com\/blog\/#website","url":"https:\/\/www.visit-ulcinj.com\/blog\/","name":"Lajme nga Ulqini","description":"Lajme,Vijesti,Ulqini,Ulqin,Crna Gora,Mali i Zi","potentialAction":[{"@type":"SearchAction","target":{"@type":"EntryPoint","urlTemplate":"https:\/\/www.visit-ulcinj.com\/blog\/?s={search_term_string}"},"query-input":"required name=search_term_string"}],"inLanguage":"en-US"},{"@type":"WebPage","@id":"https:\/\/www.visit-ulcinj.com\/blog\/2009\/10\/17\/muslimani-traze-isti-tretman-kao-i-albanci\/#webpage","url":"https:\/\/www.visit-ulcinj.com\/blog\/2009\/10\/17\/muslimani-traze-isti-tretman-kao-i-albanci\/","name":"Muslimani tra\u017ee isti tretman kao i Albanci - Lajme nga Ulqini","isPartOf":{"@id":"https:\/\/www.visit-ulcinj.com\/blog\/#website"},"datePublished":"2009-10-17T06:20:51+00:00","dateModified":"2009-10-17T06:20:51+00:00","author":{"@id":"https:\/\/www.visit-ulcinj.com\/blog\/#\/schema\/person\/dcab619c614d3038751c63bc2aadc06d"},"description":"Neprihvatljivo je da neko dobija ekskluzivna prava u Crnoj Gori samo zato \u0161to se poziva na ste?eno pravo - ka\u017ee Kurpejovi?\u00a0 Najbolje bi bilo da se srpski","breadcrumb":{"@id":"https:\/\/www.visit-ulcinj.com\/blog\/2009\/10\/17\/muslimani-traze-isti-tretman-kao-i-albanci\/#breadcrumb"},"inLanguage":"en-US","potentialAction":[{"@type":"ReadAction","target":["https:\/\/www.visit-ulcinj.com\/blog\/2009\/10\/17\/muslimani-traze-isti-tretman-kao-i-albanci\/"]}]},{"@type":"BreadcrumbList","@id":"https:\/\/www.visit-ulcinj.com\/blog\/2009\/10\/17\/muslimani-traze-isti-tretman-kao-i-albanci\/#breadcrumb","itemListElement":[{"@type":"ListItem","position":1,"name":"Muslimani tra\u017ee isti tretman kao i Albanci"}]},{"@type":"Person","@id":"https:\/\/www.visit-ulcinj.com\/blog\/#\/schema\/person\/dcab619c614d3038751c63bc2aadc06d","name":"ulqini","sameAs":["http:\/\/www.visit-ulcinj.com"],"url":"https:\/\/www.visit-ulcinj.com\/blog\/author\/admin\/"}]}},"jetpack_featured_media_url":"","jetpack_sharing_enabled":true,"jetpack_shortlink":"https:\/\/wp.me\/pe6lTn-6Uc","_links":{"self":[{"href":"https:\/\/www.visit-ulcinj.com\/blog\/wp-json\/wp\/v2\/posts\/26548"}],"collection":[{"href":"https:\/\/www.visit-ulcinj.com\/blog\/wp-json\/wp\/v2\/posts"}],"about":[{"href":"https:\/\/www.visit-ulcinj.com\/blog\/wp-json\/wp\/v2\/types\/post"}],"author":[{"embeddable":true,"href":"https:\/\/www.visit-ulcinj.com\/blog\/wp-json\/wp\/v2\/users\/1"}],"replies":[{"embeddable":true,"href":"https:\/\/www.visit-ulcinj.com\/blog\/wp-json\/wp\/v2\/comments?post=26548"}],"version-history":[{"count":0,"href":"https:\/\/www.visit-ulcinj.com\/blog\/wp-json\/wp\/v2\/posts\/26548\/revisions"}],"wp:attachment":[{"href":"https:\/\/www.visit-ulcinj.com\/blog\/wp-json\/wp\/v2\/media?parent=26548"}],"wp:term":[{"taxonomy":"category","embeddable":true,"href":"https:\/\/www.visit-ulcinj.com\/blog\/wp-json\/wp\/v2\/categories?post=26548"},{"taxonomy":"post_tag","embeddable":true,"href":"https:\/\/www.visit-ulcinj.com\/blog\/wp-json\/wp\/v2\/tags?post=26548"}],"curies":[{"name":"wp","href":"https:\/\/api.w.org\/{rel}","templated":true}]}}