{"id":26562,"date":"2009-10-17T10:13:00","date_gmt":"2009-10-17T08:13:00","guid":{"rendered":"http:\/\/www.visit-ulcinj.com\/blog\/?p=26562"},"modified":"2009-10-17T10:13:00","modified_gmt":"2009-10-17T08:13:00","slug":"zajmina-vasjari-dueti-me-bleron-do-te-realizohet","status":"publish","type":"post","link":"https:\/\/www.visit-ulcinj.com\/blog\/2009\/10\/17\/zajmina-vasjari-dueti-me-bleron-do-te-realizohet\/","title":{"rendered":"Zajmina Vasjari: Dueti me Bleron do t\u00eb realizohet"},"content":{"rendered":"<p><a href=\"http:\/\/www.visit-ulcinj.com\/blog\/wp-content\/uploads\/2009\/10\/Zajmina-Vasjari.4.jpg\"><img loading=\"lazy\" class=\"alignleft size-full wp-image-26569\" title=\"Zajmina Vasjari.4\" src=\"http:\/\/www.visit-ulcinj.com\/blog\/wp-content\/uploads\/2009\/10\/Zajmina-Vasjari.4.jpg\" alt=\"Zajmina Vasjari.4\" width=\"580\" height=\"347\" \/><\/a>Zajmina dhe Blero kishin planifikuar t\u00eb paraqiteshin n\u00eb duet n\u00eb Festivalin \u201dK\u00ebnga Magjike\u201d, mir\u00ebpo pjes\u00ebmarrja e tyre n\u00eb k\u00ebt\u00eb festival d\u00ebshtoi si pasoj\u00eb e angazhimeve t\u00eb m\u00ebdha t\u00eb dy k\u00ebng\u00ebtar\u00ebve, t\u00eb cil\u00ebt nuk kishin arritur ta p\u00ebrfundonin k\u00ebng\u00ebn. N\u00eb nj\u00eb intervist\u00eb p\u00ebr gazet\u00ebn \u201cZ\u00ebri\u201d, Zajmina thot\u00eb se, p\u00ebrkund\u00ebr mospjes\u00ebmarrjes n\u00eb festival, k\u00ebnga \u00ebsht\u00eb n\u00eb punim e sip\u00ebr dhe do t\u00eb realizohet, porse ajo nuk di n\u00ebse do t\u2019i realizojn\u00eb videoklip ose do t\u00eb shfaqen n\u00eb ndonj\u00eb festival t\u00eb radh\u00ebs me k\u00ebt\u00eb k\u00ebng\u00eb. \u201cSigurisht se do t\u00eb realizohet. \u00cbsht\u00eb pothuajse n\u00eb p\u00ebrfundim, por ende nuk kemi vendosur n\u00ebse do t\u2019i b\u00ebjm\u00eb videoklip apo do t\u00eb konkurrojm\u00eb n\u00eb nj\u00eb festival tjet\u00ebr. K\u00ebnga \u00ebsht\u00eb punuar nga Cekic dhe teksti \u00ebsht\u00eb shkruar nga vet\u00eb Blero\u201d, shprehet Zajmina.<br \/>\n\n\t\t<style type=\"text\/css\">\n\t\t\t#gallery-1 {\n\t\t\t\tmargin: auto;\n\t\t\t}\n\t\t\t#gallery-1 .gallery-item {\n\t\t\t\tfloat: left;\n\t\t\t\tmargin-top: 10px;\n\t\t\t\ttext-align: center;\n\t\t\t\twidth: 33%;\n\t\t\t}\n\t\t\t#gallery-1 img {\n\t\t\t\tborder: 2px solid #cfcfcf;\n\t\t\t}\n\t\t\t#gallery-1 .gallery-caption {\n\t\t\t\tmargin-left: 0;\n\t\t\t}\n\t\t\t\/* see gallery_shortcode() in wp-includes\/media.php *\/\n\t\t<\/style>\n\t\t<div id='gallery-1' class='gallery galleryid-26562 gallery-columns-3 gallery-size-thumbnail'><dl class='gallery-item'>\n\t\t\t<dt class='gallery-icon landscape'>\n\t\t\t\t<a href='https:\/\/www.visit-ulcinj.com\/blog\/wp-content\/uploads\/2009\/10\/Zajmina-Vasjari.4.jpg'><img width=\"150\" height=\"150\" src=\"https:\/\/www.visit-ulcinj.com\/blog\/wp-content\/uploads\/2009\/10\/Zajmina-Vasjari.4-150x150.jpg\" class=\"attachment-thumbnail size-thumbnail\" alt=\"\" loading=\"lazy\" \/><\/a>\n\t\t\t<\/dt><\/dl>\n\t\t\t<br style='clear: both' \/>\n\t\t<\/div>\n<\/p>\n<!--YouTube Error: bad URL entered-->\n","protected":false},"excerpt":{"rendered":"<p>Zajmina dhe Blero kishin planifikuar t\u00eb paraqiteshin n\u00eb duet n\u00eb Festivalin \u201dK\u00ebnga Magjike\u201d, mir\u00ebpo pjes\u00ebmarrja e tyre n\u00eb k\u00ebt\u00eb festival d\u00ebshtoi si pasoj\u00eb e angazhimeve t\u00eb m\u00ebdha t\u00eb dy k\u00ebng\u00ebtar\u00ebve, t\u00eb cil\u00ebt nuk kishin arritur ta p\u00ebrfundonin k\u00ebng\u00ebn. N\u00eb nj\u00eb intervist\u00eb p\u00ebr gazet\u00ebn \u201cZ\u00ebri\u201d, Zajmina thot\u00eb se, p\u00ebrkund\u00ebr mospjes\u00ebmarrjes n\u00eb festival, k\u00ebnga \u00ebsht\u00eb n\u00eb punim [&hellip;]<\/p>\n","protected":false},"author":1,"featured_media":0,"comment_status":"open","ping_status":"closed","sticky":false,"template":"","format":"standard","meta":{"spay_email":"","jetpack_publicize_message":"","jetpack_is_tweetstorm":false,"jetpack_publicize_feature_enabled":true},"categories":[1],"tags":[12681,4950],"jetpack_publicize_connections":[],"yoast_head":"<!-- This site is optimized with the Yoast SEO plugin v19.1 - https:\/\/yoast.com\/wordpress\/plugins\/seo\/ -->\n<title>Zajmina Vasjari: Dueti me Bleron do t\u00eb realizohet - Lajme nga Ulqini<\/title>\n<meta name=\"description\" content=\"Zajmina dhe Blero kishin planifikuar t\u00eb paraqiteshin n\u00eb duet n\u00eb Festivalin \u201dK\u00ebnga Magjike\u201d, mir\u00ebpo pjes\u00ebmarrja e tyre n\u00eb k\u00ebt\u00eb festival d\u00ebshtoi si pasoj\u00eb e\" \/>\n<meta name=\"robots\" content=\"index, follow, max-snippet:-1, max-image-preview:large, max-video-preview:-1\" \/>\n<link rel=\"canonical\" href=\"https:\/\/www.visit-ulcinj.com\/blog\/2009\/10\/17\/zajmina-vasjari-dueti-me-bleron-do-te-realizohet\/\" \/>\n<meta property=\"og:locale\" content=\"en_US\" \/>\n<meta property=\"og:type\" content=\"article\" \/>\n<meta property=\"og:title\" content=\"Zajmina Vasjari: Dueti me Bleron do t\u00eb realizohet - Lajme nga Ulqini\" \/>\n<meta property=\"og:description\" content=\"Zajmina dhe Blero kishin planifikuar t\u00eb paraqiteshin n\u00eb duet n\u00eb Festivalin \u201dK\u00ebnga Magjike\u201d, mir\u00ebpo pjes\u00ebmarrja e tyre n\u00eb k\u00ebt\u00eb festival d\u00ebshtoi si pasoj\u00eb e\" \/>\n<meta property=\"og:url\" content=\"https:\/\/www.visit-ulcinj.com\/blog\/2009\/10\/17\/zajmina-vasjari-dueti-me-bleron-do-te-realizohet\/\" \/>\n<meta property=\"og:site_name\" content=\"Lajme nga Ulqini\" \/>\n<meta property=\"article:published_time\" content=\"2009-10-17T08:13:00+00:00\" \/>\n<meta property=\"og:image\" content=\"https:\/\/www.visit-ulcinj.com\/blog\/wp-content\/uploads\/2009\/10\/Zajmina-Vasjari.2-150x150.jpg\" \/>\n<meta name=\"twitter:label1\" content=\"Written by\" \/>\n\t<meta name=\"twitter:data1\" content=\"ulqini\" \/>\n\t<meta name=\"twitter:label2\" content=\"Est. reading time\" \/>\n\t<meta name=\"twitter:data2\" content=\"1 minute\" \/>\n<script type=\"application\/ld+json\" class=\"yoast-schema-graph\">{\"@context\":\"https:\/\/schema.org\",\"@graph\":[{\"@type\":\"WebSite\",\"@id\":\"https:\/\/www.visit-ulcinj.com\/blog\/#website\",\"url\":\"https:\/\/www.visit-ulcinj.com\/blog\/\",\"name\":\"Lajme nga Ulqini\",\"description\":\"Lajme,Vijesti,Ulqini,Ulqin,Crna Gora,Mali i Zi\",\"potentialAction\":[{\"@type\":\"SearchAction\",\"target\":{\"@type\":\"EntryPoint\",\"urlTemplate\":\"https:\/\/www.visit-ulcinj.com\/blog\/?s={search_term_string}\"},\"query-input\":\"required name=search_term_string\"}],\"inLanguage\":\"en-US\"},{\"@type\":\"ImageObject\",\"inLanguage\":\"en-US\",\"@id\":\"https:\/\/www.visit-ulcinj.com\/blog\/2009\/10\/17\/zajmina-vasjari-dueti-me-bleron-do-te-realizohet\/#primaryimage\",\"url\":\"https:\/\/www.visit-ulcinj.com\/blog\/wp-content\/uploads\/2009\/10\/Zajmina-Vasjari.4.jpg\",\"contentUrl\":\"https:\/\/www.visit-ulcinj.com\/blog\/wp-content\/uploads\/2009\/10\/Zajmina-Vasjari.4.jpg\",\"width\":\"550\",\"height\":\"347\"},{\"@type\":\"WebPage\",\"@id\":\"https:\/\/www.visit-ulcinj.com\/blog\/2009\/10\/17\/zajmina-vasjari-dueti-me-bleron-do-te-realizohet\/#webpage\",\"url\":\"https:\/\/www.visit-ulcinj.com\/blog\/2009\/10\/17\/zajmina-vasjari-dueti-me-bleron-do-te-realizohet\/\",\"name\":\"Zajmina Vasjari: Dueti me Bleron do t\u00eb realizohet - Lajme nga Ulqini\",\"isPartOf\":{\"@id\":\"https:\/\/www.visit-ulcinj.com\/blog\/#website\"},\"primaryImageOfPage\":{\"@id\":\"https:\/\/www.visit-ulcinj.com\/blog\/2009\/10\/17\/zajmina-vasjari-dueti-me-bleron-do-te-realizohet\/#primaryimage\"},\"datePublished\":\"2009-10-17T08:13:00+00:00\",\"dateModified\":\"2009-10-17T08:13:00+00:00\",\"author\":{\"@id\":\"https:\/\/www.visit-ulcinj.com\/blog\/#\/schema\/person\/dcab619c614d3038751c63bc2aadc06d\"},\"description\":\"Zajmina dhe Blero kishin planifikuar t\u00eb paraqiteshin n\u00eb duet n\u00eb Festivalin \u201dK\u00ebnga Magjike\u201d, mir\u00ebpo pjes\u00ebmarrja e tyre n\u00eb k\u00ebt\u00eb festival d\u00ebshtoi si pasoj\u00eb e\",\"breadcrumb\":{\"@id\":\"https:\/\/www.visit-ulcinj.com\/blog\/2009\/10\/17\/zajmina-vasjari-dueti-me-bleron-do-te-realizohet\/#breadcrumb\"},\"inLanguage\":\"en-US\",\"potentialAction\":[{\"@type\":\"ReadAction\",\"target\":[\"https:\/\/www.visit-ulcinj.com\/blog\/2009\/10\/17\/zajmina-vasjari-dueti-me-bleron-do-te-realizohet\/\"]}]},{\"@type\":\"BreadcrumbList\",\"@id\":\"https:\/\/www.visit-ulcinj.com\/blog\/2009\/10\/17\/zajmina-vasjari-dueti-me-bleron-do-te-realizohet\/#breadcrumb\",\"itemListElement\":[{\"@type\":\"ListItem\",\"position\":1,\"name\":\"Zajmina Vasjari: Dueti me Bleron do t\u00eb realizohet\"}]},{\"@type\":\"Person\",\"@id\":\"https:\/\/www.visit-ulcinj.com\/blog\/#\/schema\/person\/dcab619c614d3038751c63bc2aadc06d\",\"name\":\"ulqini\",\"sameAs\":[\"http:\/\/www.visit-ulcinj.com\"],\"url\":\"https:\/\/www.visit-ulcinj.com\/blog\/author\/admin\/\"}]}<\/script>\n<!-- \/ Yoast SEO plugin. -->","yoast_head_json":{"title":"Zajmina Vasjari: Dueti me Bleron do t\u00eb realizohet - Lajme nga Ulqini","description":"Zajmina dhe Blero kishin planifikuar t\u00eb paraqiteshin n\u00eb duet n\u00eb Festivalin \u201dK\u00ebnga Magjike\u201d, mir\u00ebpo pjes\u00ebmarrja e tyre n\u00eb k\u00ebt\u00eb festival d\u00ebshtoi si pasoj\u00eb e","robots":{"index":"index","follow":"follow","max-snippet":"max-snippet:-1","max-image-preview":"max-image-preview:large","max-video-preview":"max-video-preview:-1"},"canonical":"https:\/\/www.visit-ulcinj.com\/blog\/2009\/10\/17\/zajmina-vasjari-dueti-me-bleron-do-te-realizohet\/","og_locale":"en_US","og_type":"article","og_title":"Zajmina Vasjari: Dueti me Bleron do t\u00eb realizohet - Lajme nga Ulqini","og_description":"Zajmina dhe Blero kishin planifikuar t\u00eb paraqiteshin n\u00eb duet n\u00eb Festivalin \u201dK\u00ebnga Magjike\u201d, mir\u00ebpo pjes\u00ebmarrja e tyre n\u00eb k\u00ebt\u00eb festival d\u00ebshtoi si pasoj\u00eb e","og_url":"https:\/\/www.visit-ulcinj.com\/blog\/2009\/10\/17\/zajmina-vasjari-dueti-me-bleron-do-te-realizohet\/","og_site_name":"Lajme nga Ulqini","article_published_time":"2009-10-17T08:13:00+00:00","og_image":[{"url":"https:\/\/www.visit-ulcinj.com\/blog\/wp-content\/uploads\/2009\/10\/Zajmina-Vasjari.2-150x150.jpg"}],"twitter_misc":{"Written by":"ulqini","Est. reading time":"1 minute"},"schema":{"@context":"https:\/\/schema.org","@graph":[{"@type":"WebSite","@id":"https:\/\/www.visit-ulcinj.com\/blog\/#website","url":"https:\/\/www.visit-ulcinj.com\/blog\/","name":"Lajme nga Ulqini","description":"Lajme,Vijesti,Ulqini,Ulqin,Crna Gora,Mali i Zi","potentialAction":[{"@type":"SearchAction","target":{"@type":"EntryPoint","urlTemplate":"https:\/\/www.visit-ulcinj.com\/blog\/?s={search_term_string}"},"query-input":"required name=search_term_string"}],"inLanguage":"en-US"},{"@type":"ImageObject","inLanguage":"en-US","@id":"https:\/\/www.visit-ulcinj.com\/blog\/2009\/10\/17\/zajmina-vasjari-dueti-me-bleron-do-te-realizohet\/#primaryimage","url":"https:\/\/www.visit-ulcinj.com\/blog\/wp-content\/uploads\/2009\/10\/Zajmina-Vasjari.4.jpg","contentUrl":"https:\/\/www.visit-ulcinj.com\/blog\/wp-content\/uploads\/2009\/10\/Zajmina-Vasjari.4.jpg","width":"550","height":"347"},{"@type":"WebPage","@id":"https:\/\/www.visit-ulcinj.com\/blog\/2009\/10\/17\/zajmina-vasjari-dueti-me-bleron-do-te-realizohet\/#webpage","url":"https:\/\/www.visit-ulcinj.com\/blog\/2009\/10\/17\/zajmina-vasjari-dueti-me-bleron-do-te-realizohet\/","name":"Zajmina Vasjari: Dueti me Bleron do t\u00eb realizohet - Lajme nga Ulqini","isPartOf":{"@id":"https:\/\/www.visit-ulcinj.com\/blog\/#website"},"primaryImageOfPage":{"@id":"https:\/\/www.visit-ulcinj.com\/blog\/2009\/10\/17\/zajmina-vasjari-dueti-me-bleron-do-te-realizohet\/#primaryimage"},"datePublished":"2009-10-17T08:13:00+00:00","dateModified":"2009-10-17T08:13:00+00:00","author":{"@id":"https:\/\/www.visit-ulcinj.com\/blog\/#\/schema\/person\/dcab619c614d3038751c63bc2aadc06d"},"description":"Zajmina dhe Blero kishin planifikuar t\u00eb paraqiteshin n\u00eb duet n\u00eb Festivalin \u201dK\u00ebnga Magjike\u201d, mir\u00ebpo pjes\u00ebmarrja e tyre n\u00eb k\u00ebt\u00eb festival d\u00ebshtoi si pasoj\u00eb e","breadcrumb":{"@id":"https:\/\/www.visit-ulcinj.com\/blog\/2009\/10\/17\/zajmina-vasjari-dueti-me-bleron-do-te-realizohet\/#breadcrumb"},"inLanguage":"en-US","potentialAction":[{"@type":"ReadAction","target":["https:\/\/www.visit-ulcinj.com\/blog\/2009\/10\/17\/zajmina-vasjari-dueti-me-bleron-do-te-realizohet\/"]}]},{"@type":"BreadcrumbList","@id":"https:\/\/www.visit-ulcinj.com\/blog\/2009\/10\/17\/zajmina-vasjari-dueti-me-bleron-do-te-realizohet\/#breadcrumb","itemListElement":[{"@type":"ListItem","position":1,"name":"Zajmina Vasjari: Dueti me Bleron do t\u00eb realizohet"}]},{"@type":"Person","@id":"https:\/\/www.visit-ulcinj.com\/blog\/#\/schema\/person\/dcab619c614d3038751c63bc2aadc06d","name":"ulqini","sameAs":["http:\/\/www.visit-ulcinj.com"],"url":"https:\/\/www.visit-ulcinj.com\/blog\/author\/admin\/"}]}},"jetpack_featured_media_url":"","jetpack_sharing_enabled":true,"jetpack_shortlink":"https:\/\/wp.me\/pe6lTn-6Uq","_links":{"self":[{"href":"https:\/\/www.visit-ulcinj.com\/blog\/wp-json\/wp\/v2\/posts\/26562"}],"collection":[{"href":"https:\/\/www.visit-ulcinj.com\/blog\/wp-json\/wp\/v2\/posts"}],"about":[{"href":"https:\/\/www.visit-ulcinj.com\/blog\/wp-json\/wp\/v2\/types\/post"}],"author":[{"embeddable":true,"href":"https:\/\/www.visit-ulcinj.com\/blog\/wp-json\/wp\/v2\/users\/1"}],"replies":[{"embeddable":true,"href":"https:\/\/www.visit-ulcinj.com\/blog\/wp-json\/wp\/v2\/comments?post=26562"}],"version-history":[{"count":0,"href":"https:\/\/www.visit-ulcinj.com\/blog\/wp-json\/wp\/v2\/posts\/26562\/revisions"}],"wp:attachment":[{"href":"https:\/\/www.visit-ulcinj.com\/blog\/wp-json\/wp\/v2\/media?parent=26562"}],"wp:term":[{"taxonomy":"category","embeddable":true,"href":"https:\/\/www.visit-ulcinj.com\/blog\/wp-json\/wp\/v2\/categories?post=26562"},{"taxonomy":"post_tag","embeddable":true,"href":"https:\/\/www.visit-ulcinj.com\/blog\/wp-json\/wp\/v2\/tags?post=26562"}],"curies":[{"name":"wp","href":"https:\/\/api.w.org\/{rel}","templated":true}]}}