{"id":26572,"date":"2009-10-17T17:27:29","date_gmt":"2009-10-17T15:27:29","guid":{"rendered":"http:\/\/www.visit-ulcinj.com\/blog\/?p=26572"},"modified":"2009-10-17T17:27:29","modified_gmt":"2009-10-17T15:27:29","slug":"ja-si-maskohet-altuna-sejdiu","status":"publish","type":"post","link":"https:\/\/www.visit-ulcinj.com\/blog\/2009\/10\/17\/ja-si-maskohet-altuna-sejdiu\/","title":{"rendered":"Ja si maskohet Altuna Sejdiu"},"content":{"rendered":"<p><a href=\"http:\/\/www.visit-ulcinj.com\/blog\/wp-content\/uploads\/2009\/10\/Altuna-Sejdiu.jpg\"><img loading=\"lazy\" class=\"alignleft size-full wp-image-26573\" title=\"Altuna Sejdiu\" src=\"http:\/\/www.visit-ulcinj.com\/blog\/wp-content\/uploads\/2009\/10\/Altuna-Sejdiu.jpg\" alt=\"Altuna Sejdiu\" width=\"580\" height=\"347\" \/><\/a>Tuna tregon se ka bler\u00eb nj\u00eb paruke t\u00eb zez\u00eb me fije floku natyral\u00eb dhe ndonj\u00ebher\u00eb kur dua t\u00eb maskohem q\u00eb t\u00eb dal diku e vendos.<br \/>\nK\u00ebng\u00ebtarja shpreht se t\u00eb rrall\u00eb jan\u00eb ata q\u00eb mund t\u00eb m\u00eb njohin, sepse me t\u00eb v\u00ebrtet\u00eb m\u00eb transformon shum\u00eb, e p\u00ebr k\u00ebt\u00eb m\u00eb kan\u00eb b\u00ebr\u00eb shum\u00eb njer\u00ebz komplimente\u201d.<br \/>\nTuna\u00a0 mesa duket shqet\u00ebsohet ose bezdiset nga reagimet e njer\u00ebzve n\u00eb rrug\u00eb, market, lokale e pub\u2026<br \/>\nP\u00ebr momentin \u00ebsht\u00eb duke u ralizuar\u00a0 projekte t\u00eb reja muzikore t\u00eb cilat do t\u00eb publikohen dhe do t\u00eb b\u00ebhen publike p\u00ebr adhuruesit e saj gjat\u00eb muajit n\u00ebntor.<br \/>\nBukroshja Altuna ka ber te ditur per te gjithe fansat se u \u00ebsht\u00eb kthyer or\u00ebve t\u00eb solo-k\u00ebndimit dhe sportit, elemente q\u00eb thot\u00eb se e ndihmojn\u00eb t\u00eb ndjehet m\u00eb mir\u00eb n\u00eb sken\u00eb dhe m\u00eb energjike.<\/p>\n\n\t\t<style type=\"text\/css\">\n\t\t\t#gallery-1 {\n\t\t\t\tmargin: auto;\n\t\t\t}\n\t\t\t#gallery-1 .gallery-item {\n\t\t\t\tfloat: left;\n\t\t\t\tmargin-top: 10px;\n\t\t\t\ttext-align: center;\n\t\t\t\twidth: 33%;\n\t\t\t}\n\t\t\t#gallery-1 img {\n\t\t\t\tborder: 2px solid #cfcfcf;\n\t\t\t}\n\t\t\t#gallery-1 .gallery-caption {\n\t\t\t\tmargin-left: 0;\n\t\t\t}\n\t\t\t\/* see gallery_shortcode() in wp-includes\/media.php *\/\n\t\t<\/style>\n\t\t<div id='gallery-1' class='gallery galleryid-26572 gallery-columns-3 gallery-size-thumbnail'><dl class='gallery-item'>\n\t\t\t<dt class='gallery-icon landscape'>\n\t\t\t\t<a href='https:\/\/www.visit-ulcinj.com\/blog\/wp-content\/uploads\/2009\/10\/Altuna-Sejdiu.jpg'><img width=\"150\" height=\"150\" src=\"https:\/\/www.visit-ulcinj.com\/blog\/wp-content\/uploads\/2009\/10\/Altuna-Sejdiu-150x150.jpg\" class=\"attachment-thumbnail size-thumbnail\" alt=\"\" loading=\"lazy\" \/><\/a>\n\t\t\t<\/dt><\/dl>\n\t\t\t<br style='clear: both' \/>\n\t\t<\/div>\n\n<!--YouTube Error: bad URL entered-->\n","protected":false},"excerpt":{"rendered":"<p>Tuna tregon se ka bler\u00eb nj\u00eb paruke t\u00eb zez\u00eb me fije floku natyral\u00eb dhe ndonj\u00ebher\u00eb kur dua t\u00eb maskohem q\u00eb t\u00eb dal diku e vendos. K\u00ebng\u00ebtarja shpreht se t\u00eb rrall\u00eb jan\u00eb ata q\u00eb mund t\u00eb m\u00eb njohin, sepse me t\u00eb v\u00ebrtet\u00eb m\u00eb transformon shum\u00eb, e p\u00ebr k\u00ebt\u00eb m\u00eb kan\u00eb b\u00ebr\u00eb shum\u00eb njer\u00ebz komplimente\u201d. Tuna\u00a0 mesa [&hellip;]<\/p>\n","protected":false},"author":1,"featured_media":0,"comment_status":"open","ping_status":"closed","sticky":false,"template":"","format":"standard","meta":{"spay_email":"","jetpack_publicize_message":"","jetpack_is_tweetstorm":false,"jetpack_publicize_feature_enabled":true},"categories":[1],"tags":[4972],"jetpack_publicize_connections":[],"yoast_head":"<!-- This site is optimized with the Yoast SEO plugin v19.1 - https:\/\/yoast.com\/wordpress\/plugins\/seo\/ -->\n<title>Ja si maskohet Altuna Sejdiu - Lajme nga Ulqini<\/title>\n<meta name=\"description\" content=\"Tuna tregon se ka bler\u00eb nj\u00eb paruke t\u00eb zez\u00eb me fije floku natyral\u00eb dhe ndonj\u00ebher\u00eb kur dua t\u00eb maskohem q\u00eb t\u00eb dal diku e vendos. K\u00ebng\u00ebtarja shpreht se t\u00eb\" \/>\n<meta name=\"robots\" content=\"index, follow, max-snippet:-1, max-image-preview:large, max-video-preview:-1\" \/>\n<link rel=\"canonical\" href=\"https:\/\/www.visit-ulcinj.com\/blog\/2009\/10\/17\/ja-si-maskohet-altuna-sejdiu\/\" \/>\n<meta property=\"og:locale\" content=\"en_US\" \/>\n<meta property=\"og:type\" content=\"article\" \/>\n<meta property=\"og:title\" content=\"Ja si maskohet Altuna Sejdiu - Lajme nga Ulqini\" \/>\n<meta property=\"og:description\" content=\"Tuna tregon se ka bler\u00eb nj\u00eb paruke t\u00eb zez\u00eb me fije floku natyral\u00eb dhe ndonj\u00ebher\u00eb kur dua t\u00eb maskohem q\u00eb t\u00eb dal diku e vendos. K\u00ebng\u00ebtarja shpreht se t\u00eb\" \/>\n<meta property=\"og:url\" content=\"https:\/\/www.visit-ulcinj.com\/blog\/2009\/10\/17\/ja-si-maskohet-altuna-sejdiu\/\" \/>\n<meta property=\"og:site_name\" content=\"Lajme nga Ulqini\" \/>\n<meta property=\"article:published_time\" content=\"2009-10-17T15:27:29+00:00\" \/>\n<meta property=\"og:image\" content=\"https:\/\/www.visit-ulcinj.com\/blog\/wp-content\/uploads\/2009\/10\/Altuna-Sejdiu-150x150.jpg\" \/>\n<meta name=\"twitter:label1\" content=\"Written by\" \/>\n\t<meta name=\"twitter:data1\" content=\"ulqini\" \/>\n\t<meta name=\"twitter:label2\" content=\"Est. reading time\" \/>\n\t<meta name=\"twitter:data2\" content=\"1 minute\" \/>\n<script type=\"application\/ld+json\" class=\"yoast-schema-graph\">{\"@context\":\"https:\/\/schema.org\",\"@graph\":[{\"@type\":\"WebSite\",\"@id\":\"https:\/\/www.visit-ulcinj.com\/blog\/#website\",\"url\":\"https:\/\/www.visit-ulcinj.com\/blog\/\",\"name\":\"Lajme nga Ulqini\",\"description\":\"Lajme,Vijesti,Ulqini,Ulqin,Crna Gora,Mali i Zi\",\"potentialAction\":[{\"@type\":\"SearchAction\",\"target\":{\"@type\":\"EntryPoint\",\"urlTemplate\":\"https:\/\/www.visit-ulcinj.com\/blog\/?s={search_term_string}\"},\"query-input\":\"required name=search_term_string\"}],\"inLanguage\":\"en-US\"},{\"@type\":\"ImageObject\",\"inLanguage\":\"en-US\",\"@id\":\"https:\/\/www.visit-ulcinj.com\/blog\/2009\/10\/17\/ja-si-maskohet-altuna-sejdiu\/#primaryimage\",\"url\":\"https:\/\/www.visit-ulcinj.com\/blog\/wp-content\/uploads\/2009\/10\/Altuna-Sejdiu.jpg\",\"contentUrl\":\"https:\/\/www.visit-ulcinj.com\/blog\/wp-content\/uploads\/2009\/10\/Altuna-Sejdiu.jpg\",\"width\":\"550\",\"height\":\"347\"},{\"@type\":\"WebPage\",\"@id\":\"https:\/\/www.visit-ulcinj.com\/blog\/2009\/10\/17\/ja-si-maskohet-altuna-sejdiu\/#webpage\",\"url\":\"https:\/\/www.visit-ulcinj.com\/blog\/2009\/10\/17\/ja-si-maskohet-altuna-sejdiu\/\",\"name\":\"Ja si maskohet Altuna Sejdiu - Lajme nga Ulqini\",\"isPartOf\":{\"@id\":\"https:\/\/www.visit-ulcinj.com\/blog\/#website\"},\"primaryImageOfPage\":{\"@id\":\"https:\/\/www.visit-ulcinj.com\/blog\/2009\/10\/17\/ja-si-maskohet-altuna-sejdiu\/#primaryimage\"},\"datePublished\":\"2009-10-17T15:27:29+00:00\",\"dateModified\":\"2009-10-17T15:27:29+00:00\",\"author\":{\"@id\":\"https:\/\/www.visit-ulcinj.com\/blog\/#\/schema\/person\/dcab619c614d3038751c63bc2aadc06d\"},\"description\":\"Tuna tregon se ka bler\u00eb nj\u00eb paruke t\u00eb zez\u00eb me fije floku natyral\u00eb dhe ndonj\u00ebher\u00eb kur dua t\u00eb maskohem q\u00eb t\u00eb dal diku e vendos. K\u00ebng\u00ebtarja shpreht se t\u00eb\",\"breadcrumb\":{\"@id\":\"https:\/\/www.visit-ulcinj.com\/blog\/2009\/10\/17\/ja-si-maskohet-altuna-sejdiu\/#breadcrumb\"},\"inLanguage\":\"en-US\",\"potentialAction\":[{\"@type\":\"ReadAction\",\"target\":[\"https:\/\/www.visit-ulcinj.com\/blog\/2009\/10\/17\/ja-si-maskohet-altuna-sejdiu\/\"]}]},{\"@type\":\"BreadcrumbList\",\"@id\":\"https:\/\/www.visit-ulcinj.com\/blog\/2009\/10\/17\/ja-si-maskohet-altuna-sejdiu\/#breadcrumb\",\"itemListElement\":[{\"@type\":\"ListItem\",\"position\":1,\"name\":\"Ja si maskohet Altuna Sejdiu\"}]},{\"@type\":\"Person\",\"@id\":\"https:\/\/www.visit-ulcinj.com\/blog\/#\/schema\/person\/dcab619c614d3038751c63bc2aadc06d\",\"name\":\"ulqini\",\"sameAs\":[\"http:\/\/www.visit-ulcinj.com\"],\"url\":\"https:\/\/www.visit-ulcinj.com\/blog\/author\/admin\/\"}]}<\/script>\n<!-- \/ Yoast SEO plugin. -->","yoast_head_json":{"title":"Ja si maskohet Altuna Sejdiu - Lajme nga Ulqini","description":"Tuna tregon se ka bler\u00eb nj\u00eb paruke t\u00eb zez\u00eb me fije floku natyral\u00eb dhe ndonj\u00ebher\u00eb kur dua t\u00eb maskohem q\u00eb t\u00eb dal diku e vendos. K\u00ebng\u00ebtarja shpreht se t\u00eb","robots":{"index":"index","follow":"follow","max-snippet":"max-snippet:-1","max-image-preview":"max-image-preview:large","max-video-preview":"max-video-preview:-1"},"canonical":"https:\/\/www.visit-ulcinj.com\/blog\/2009\/10\/17\/ja-si-maskohet-altuna-sejdiu\/","og_locale":"en_US","og_type":"article","og_title":"Ja si maskohet Altuna Sejdiu - Lajme nga Ulqini","og_description":"Tuna tregon se ka bler\u00eb nj\u00eb paruke t\u00eb zez\u00eb me fije floku natyral\u00eb dhe ndonj\u00ebher\u00eb kur dua t\u00eb maskohem q\u00eb t\u00eb dal diku e vendos. K\u00ebng\u00ebtarja shpreht se t\u00eb","og_url":"https:\/\/www.visit-ulcinj.com\/blog\/2009\/10\/17\/ja-si-maskohet-altuna-sejdiu\/","og_site_name":"Lajme nga Ulqini","article_published_time":"2009-10-17T15:27:29+00:00","og_image":[{"url":"https:\/\/www.visit-ulcinj.com\/blog\/wp-content\/uploads\/2009\/10\/Altuna-Sejdiu-150x150.jpg"}],"twitter_misc":{"Written by":"ulqini","Est. reading time":"1 minute"},"schema":{"@context":"https:\/\/schema.org","@graph":[{"@type":"WebSite","@id":"https:\/\/www.visit-ulcinj.com\/blog\/#website","url":"https:\/\/www.visit-ulcinj.com\/blog\/","name":"Lajme nga Ulqini","description":"Lajme,Vijesti,Ulqini,Ulqin,Crna Gora,Mali i Zi","potentialAction":[{"@type":"SearchAction","target":{"@type":"EntryPoint","urlTemplate":"https:\/\/www.visit-ulcinj.com\/blog\/?s={search_term_string}"},"query-input":"required name=search_term_string"}],"inLanguage":"en-US"},{"@type":"ImageObject","inLanguage":"en-US","@id":"https:\/\/www.visit-ulcinj.com\/blog\/2009\/10\/17\/ja-si-maskohet-altuna-sejdiu\/#primaryimage","url":"https:\/\/www.visit-ulcinj.com\/blog\/wp-content\/uploads\/2009\/10\/Altuna-Sejdiu.jpg","contentUrl":"https:\/\/www.visit-ulcinj.com\/blog\/wp-content\/uploads\/2009\/10\/Altuna-Sejdiu.jpg","width":"550","height":"347"},{"@type":"WebPage","@id":"https:\/\/www.visit-ulcinj.com\/blog\/2009\/10\/17\/ja-si-maskohet-altuna-sejdiu\/#webpage","url":"https:\/\/www.visit-ulcinj.com\/blog\/2009\/10\/17\/ja-si-maskohet-altuna-sejdiu\/","name":"Ja si maskohet Altuna Sejdiu - Lajme nga Ulqini","isPartOf":{"@id":"https:\/\/www.visit-ulcinj.com\/blog\/#website"},"primaryImageOfPage":{"@id":"https:\/\/www.visit-ulcinj.com\/blog\/2009\/10\/17\/ja-si-maskohet-altuna-sejdiu\/#primaryimage"},"datePublished":"2009-10-17T15:27:29+00:00","dateModified":"2009-10-17T15:27:29+00:00","author":{"@id":"https:\/\/www.visit-ulcinj.com\/blog\/#\/schema\/person\/dcab619c614d3038751c63bc2aadc06d"},"description":"Tuna tregon se ka bler\u00eb nj\u00eb paruke t\u00eb zez\u00eb me fije floku natyral\u00eb dhe ndonj\u00ebher\u00eb kur dua t\u00eb maskohem q\u00eb t\u00eb dal diku e vendos. K\u00ebng\u00ebtarja shpreht se t\u00eb","breadcrumb":{"@id":"https:\/\/www.visit-ulcinj.com\/blog\/2009\/10\/17\/ja-si-maskohet-altuna-sejdiu\/#breadcrumb"},"inLanguage":"en-US","potentialAction":[{"@type":"ReadAction","target":["https:\/\/www.visit-ulcinj.com\/blog\/2009\/10\/17\/ja-si-maskohet-altuna-sejdiu\/"]}]},{"@type":"BreadcrumbList","@id":"https:\/\/www.visit-ulcinj.com\/blog\/2009\/10\/17\/ja-si-maskohet-altuna-sejdiu\/#breadcrumb","itemListElement":[{"@type":"ListItem","position":1,"name":"Ja si maskohet Altuna Sejdiu"}]},{"@type":"Person","@id":"https:\/\/www.visit-ulcinj.com\/blog\/#\/schema\/person\/dcab619c614d3038751c63bc2aadc06d","name":"ulqini","sameAs":["http:\/\/www.visit-ulcinj.com"],"url":"https:\/\/www.visit-ulcinj.com\/blog\/author\/admin\/"}]}},"jetpack_featured_media_url":"","jetpack_sharing_enabled":true,"jetpack_shortlink":"https:\/\/wp.me\/pe6lTn-6UA","_links":{"self":[{"href":"https:\/\/www.visit-ulcinj.com\/blog\/wp-json\/wp\/v2\/posts\/26572"}],"collection":[{"href":"https:\/\/www.visit-ulcinj.com\/blog\/wp-json\/wp\/v2\/posts"}],"about":[{"href":"https:\/\/www.visit-ulcinj.com\/blog\/wp-json\/wp\/v2\/types\/post"}],"author":[{"embeddable":true,"href":"https:\/\/www.visit-ulcinj.com\/blog\/wp-json\/wp\/v2\/users\/1"}],"replies":[{"embeddable":true,"href":"https:\/\/www.visit-ulcinj.com\/blog\/wp-json\/wp\/v2\/comments?post=26572"}],"version-history":[{"count":0,"href":"https:\/\/www.visit-ulcinj.com\/blog\/wp-json\/wp\/v2\/posts\/26572\/revisions"}],"wp:attachment":[{"href":"https:\/\/www.visit-ulcinj.com\/blog\/wp-json\/wp\/v2\/media?parent=26572"}],"wp:term":[{"taxonomy":"category","embeddable":true,"href":"https:\/\/www.visit-ulcinj.com\/blog\/wp-json\/wp\/v2\/categories?post=26572"},{"taxonomy":"post_tag","embeddable":true,"href":"https:\/\/www.visit-ulcinj.com\/blog\/wp-json\/wp\/v2\/tags?post=26572"}],"curies":[{"name":"wp","href":"https:\/\/api.w.org\/{rel}","templated":true}]}}