{"id":266,"date":"2008-01-24T16:57:58","date_gmt":"2008-01-24T21:57:58","guid":{"rendered":"http:\/\/www.visit-ulcinj.com\/blog\/2008\/01\/24\/varri-i-sabbatait-zevit-ne-%e2%80%9ctyrben-e-manajve%e2%80%9d-ulqin\/"},"modified":"2024-01-10T22:33:32","modified_gmt":"2024-01-10T21:33:32","slug":"varri-i-sabbatait-zevit-ne-tyrben-e-manajve-ulqin","status":"publish","type":"post","link":"https:\/\/www.visit-ulcinj.com\/blog\/2008\/01\/24\/varri-i-sabbatait-zevit-ne-tyrben-e-manajve-ulqin\/","title":{"rendered":"Varri i Sabbatait Zevit n\u00eb \u201cTyrben e Manajve\u201d Ulqin"},"content":{"rendered":"<p><img loading=\"lazy\" src=\"http:\/\/www.visit-ulcinj.com\/blog\/wp-content\/uploads\/2008\/01\/bougie.jpg\" alt=\"Tyrbja\" width=\"1\" height=\"1\" align=\"left\" border=\"0\" hspace=\"2\" vspace=\"2\" \/><a title=\"Tyrbja\" href=\"http:\/\/www.visit-ulcinj.com\/blog\/2008\/01\/24\/varri-i-sabbatait-zevit-ne-%e2%80%9ctyrben-e-manajve%e2%80%9d-ulqin\/tyrbja\/\" rel=\"attachment wp-att-274\"><img loading=\"lazy\" style=\"width: 165px; height: 195px;\" src=\"http:\/\/www.visit-ulcinj.com\/blog\/wp-content\/uploads\/2008\/01\/bougie.jpg\" alt=\"Tyrbja\" width=\"867\" height=\"921\" align=\"left\" border=\"0\" hspace=\"2\" vspace=\"2\" \/><\/a><img loading=\"lazy\" src=\"http:\/\/www.visit-ulcinj.com\/blog\/wp-content\/uploads\/2008\/01\/sabbatai-zevi.jpg\" alt=\"Sabbatai Zevi\" width=\"1\" height=\"1\" align=\"left\" border=\"0\" hspace=\"2\" vspace=\"2\" \/>Sabbatai Zevi lindi n\u00eb Smyrna (Izmiri ne Turqi) n\u00eb vitin 1626 dhe supozohet se prinderit i kishte nga Patra e Peloponezit. Q\u00eb heret e t\u00ebrhjek\u00eb v\u00ebmendjen me dukjen e tij t\u00eb sh\u00ebndosht\u00eb n\u00eb \u00e7do pik\u00ebpamje. Kishte nj\u00eb goj\u00ebambelsi n\u00eb t\u00eb k\u00ebnduar ku fitoi shum\u00eb dashamir dhe adhurues nd\u00ebr bashk\u00ebqytetar\u00ebt e vet n\u00eb Izmir. Mesuesi i tij i pare ishte Gadol Reb.<!--more--> Isaak di Alba, an\u00ebtar i sektit t\u00eb Bais Din t\u00eb cil\u00ebt studionin \u201cKabbalen\u201d (ne p\u00ebrkthim \u201cNj\u00eb trashigimi e cila p\u00ebrcillet brez pas brezi), sidomos librin e Zoharit (Shkelqesi).<\/p>\n<p>Edhepse, sipas Scholemit (1), ai vuante nga smundja mendore e marr\u00ebsis deshpruese, kjo kurr nuk e kufizoi ate n\u00eb veprimet e tija, por p\u00ebrkundrazi e gj\u00ebrsoi edhe m\u00eb tej adhurimin ndaj tij dhe besimin ne Zotin nj\u00eb. Pas gjasht\u00eb viteve m\u00ebsim tek Mjeshtri Isaak ai i vazhdon studimet tek Rabi (udheheqes fetar \u00e7ifut) Joseph Eskapha, ku e fiton titullin \u201csmicha\u201d \u2013 \u201ci dituri\u201d ku i vazhdon studimet deri ne moshen adoloshente. Ne vitet e mevonshme percjell\u00ebsit e tij do e njohin edhe me titullin \u201cAmirah\u201d (Besimi ne nje Zot). Ne vitin 1648 ai rregullisht i then dogmat e at\u00ebhershme n\u00eb bot\u00ebkuptimin e shkrimeve fetare t\u00eb Talmudid, sidomos n\u00eb trajtimin e \u201cMemes\u201d nj\u00eb pjes\u00eb e trashigimis, ku duhet p\u00ebrcaktuar besimi dhe thedhimi n\u00eb besim se Zoti \u00ebsht\u00eb nj\u00eb.<\/p>\n<p>Ne vitin 1651 ai d\u00ebbohet nga Izmiri p\u00ebr n\u00eb Selanik (Greqi, Thesaly, Peleponez) ku e v\u00ebrejm nj\u00eb tendenc\u00eb t\u00eb re tek Sabbatai n\u00eb nd\u00ebrlidhjen me shkrimet e Torahut-Talmudit (Pese librat e Moisuit-Musaut). Ai pa dyshim n\u00eb veprimet e veta e skandalizon jet\u00ebn e udh\u00ebheqsve fetar \u00e7ifut me martesen q\u00eb e b\u00ebn haptas me libr\u00ebn e shenjt\u00eb.Ne shtegtimet e tija n\u00eb vendet e huaja rruga do ta shpien edhe n\u00eb Palestin\u00eb dhe nuk \u00ebsht\u00eb e rastit q\u00eb n\u00eb k\u00ebt\u00eb vend t\u00eb shenjt do ia rifilloin edhe bindjen se ai \u00ebsht\u00eb n\u00eb fakt nj\u00eb Mesi. Librat biblike kan\u00eb nje epiqend\u00ebr: Iden\u00eb e Prij\u00ebsit te ardh\u00ebshem te shpetimtarit, q\u00eb n\u00eb gjuh\u00ebn Aramike quhet M E S I. Atje ai takohet me njeriun i cili do ta ndyshoi antinomin e lajkatarit tek Sabbatai n\u00eb nj\u00eb MESI. Pra, ne vitin 1665 ai njeri e kishte emrin Nathan Levi prej Gaze, cili p\u00ebr Sabbatain u b\u00eb menj\u00ebher porsi John (Jahja) Pagzuesi p\u00ebr Jezusin (Isain) n\u00eb nj\u00eb besim se m\u00eb n\u00eb fund popullit \u00e7ifut i erdhi Mesia i vertet. Nathan Levi i Gazes n\u00eb karakterin e vet ishte nj\u00eb figur\u00eb e cila b\u00ebnte levizje t\u00eb pand\u00ebrprera dhe tejet pragmatik i hapur n\u00eb biseda dhe pothuajse e kund\u00ebrta e Sabbatait karizmatik. Ne nj\u00eb vizion te dalldisun Nathani i Gazes (vdiq ne Shkup i varfer ne vitin 1680) e shpall Sabbatai Zevin si Mesi. Ne vitin 1666 ai shpall, se gjykimi hyjnor dhe mbret\u00ebria e Zotit do jen\u00eb ne duart e tija.<a title=\"Sabbatai\" href=\"http:\/\/www.visit-ulcinj.com\/blog\/2008\/01\/24\/varri-i-sabbatait-zevit-ne-%e2%80%9ctyrben-e-manajve%e2%80%9d-ulqin\/sabbatai\/\" rel=\"attachment wp-att-271\"><img loading=\"lazy\" src=\"http:\/\/www.visit-ulcinj.com\/blog\/wp-content\/uploads\/2008\/01\/1625sabbateands.jpg\" alt=\"Sabbatai\" width=\"1\" height=\"1\" align=\"right\" border=\"0\" hspace=\"2\" vspace=\"2\" \/><\/a><img loading=\"lazy\" src=\"http:\/\/www.visit-ulcinj.com\/blog\/wp-content\/uploads\/2008\/01\/1625sabbateands.jpg\" alt=\"Sabbatai\" width=\"1\" height=\"1\" align=\"right\" border=\"0\" hspace=\"2\" vspace=\"2\" \/> T\u00eb nderuar lexues, duhet ta kemi parasyesh se gjer\u00eb at\u00ebhere n\u00eb historin e Izraelitve-\u00e7ifutave, nuk ka patur nj\u00eb figur\u00eb kaq bashkuese p\u00ebr nj\u00eb komb t\u00eb ndar n\u00eb t\u00eb kat\u00ebr an\u00ebt e bot\u00ebs dhe si i atill\u00eb ai mundet, t\u00eb themi haptas, t\u00eb shpallet edhe si fillestari i shtetit t\u00eb sot\u00ebm Izraelit, me nj\u00eb larg\u00ebpamsi hamed\u00ebse. Sabattai k\u00ebrkonte lirin\u00eb e hebrenjve. Ai qe nj\u00eb teolog i liris\u00eb. Ai kuptoi se liria qe di\u00e7ka m\u00eb e madhe dhe plotfuqishme se sa doktrinat fetare t\u00eb ndryshme por megjithate, jan\u00eb edhe t\u00eb njejta.<\/p>\n<p>Pasi Sabbatai ishte nj\u00eb reformator dhe, sikurse edhe Jezusi-Isa para tij, ai i jep disa udh\u00ebra q\u00eb gjer\u00eb at\u00ebher\u00eb kerkush nuk guxonte ti shkelte; ku e ndalon agjirimin ritual n\u00eb shpallje q\u00eb p\u00ebrve\u00e7 se lumturis dhe trijumfit shpirt\u00ebror asgj\u00eb tjet\u00ebr nuk guxon t\u00eb mbijetoi tek besimtar\u00ebt.<\/p>\n<p><img loading=\"lazy\" src=\"http:\/\/www.visit-ulcinj.com\/blog\/wp-content\/uploads\/2008\/01\/sabbatai.jpg\" alt=\"Sabbatai Zevit\" width=\"1\" height=\"1\" align=\"left\" border=\"0\" hspace=\"2\" vspace=\"2\" \/>Ne dhjetor te vitit 1665 ai rikthehet n\u00eb vendlindje ku n\u00eb nj\u00eb menyr\u00eb demonstrative merr sopaten-sakicen dhe e shp\u00ebrthen der\u00ebn e Sinagoges Portugeze ku percjellsit e tij filluan ta quanin vetvehten \u201cbesimtar\u00ebt e v\u00ebrtet\u201d. Menyra e nd\u00ebrlidhjes s\u00eb besimeve (ekumenizmi), Sabbatait i shkaktoin mjaft armiq\u00eb sidomos tek disa Rabi t\u00eb cil\u00ebt levizjet e tija dhe shpalljen e tij si Mesi e shikoshin me nj\u00eb sy t\u00eb dyshimte. Sidmos vlen t\u00eb permenden ndryshimet e b\u00ebra n\u00eb trajtimin e rolit t\u00eb gruas ku barazimi i gjinive ishte lart\u00eb n\u00eb agjenden e tij. Influenc\u00eb n\u00eb k\u00ebt\u00eb drejtim padyshim e kishte edhe bashk\u00ebshortje e Sabbatait \u2013 Sarah, me te cilen u martu ne Kairo me 1664. Sarah ishte nj\u00eb grua me shiqime liberale n\u00eb kusht\u00ebzimin q\u00eb liria e gruas ishte nj\u00eb paramaunt ne k\u00ebt\u00eb sfid\u00eb t\u00eb pabarabart\u00eb.<a title=\"Sabbatai\" href=\"http:\/\/www.visit-ulcinj.com\/blog\/2008\/01\/24\/varri-i-sabbatait-zevit-ne-%e2%80%9ctyrben-e-manajve%e2%80%9d-ulqin\/sabbatai\/\" rel=\"attachment wp-att-271\"><img loading=\"lazy\" src=\"http:\/\/www.visit-ulcinj.com\/blog\/wp-content\/uploads\/2008\/01\/1625sabbateands.jpg\" alt=\"Sabbatai\" width=\"1\" height=\"1\" align=\"right\" border=\"0\" hspace=\"2\" vspace=\"2\" \/><\/a><img loading=\"lazy\" src=\"http:\/\/www.visit-ulcinj.com\/blog\/wp-content\/uploads\/2008\/01\/1625sabbateands.jpg\" alt=\"Sabbatai\" width=\"1\" height=\"1\" align=\"right\" border=\"0\" hspace=\"2\" vspace=\"2\" \/><\/p>\n<p>Dymb\u00ebdhjet\u00eb dit\u00eb pas ngjarjeve n\u00eb Izmir dhe shperthimit te tij ne Sinagog\u00ebn Portugeze, niset p\u00ebr n\u00eb Stamboll\u00eb ku fama e tij ishte b\u00eb gati si nj\u00eb legjend\u00eb e gjall\u00eb; nuk shpallet Mesi \u00e7do kushe perdite, ishte di\u00e7ka q\u00eb perandoria Osmane ia kishte frig\u00ebn sepse nuk u pranonte p\u00ebrceptimin se p\u00ebrve\u00e7 vul\u00ebs s\u00eb profetave Muhamedit a.s. ka Mesi tjeter.<\/p>\n<p>Ai n\u00eb syt\u00eb e Sulltanit ishte anmik i perandoris\u00eb dhe si i till\u00eb, pasi tregtia u kontrollonte nga popullata \u00e7ifute, ardhja e Sabbatait mund\u00eb shume lehte te \u201ciu dilte nga dora\u201d. Pasi rrebelizmi kund\u00ebr Sulltanit ishte nj\u00eb d\u00ebnim i cili u d\u00ebnonte me vdekje hallka kund\u00ebr Sabbatait po u ngushtotete dita dites. Sabbatai burgoset p\u00ebr shtat\u00eb muaj n\u00eb fortes\u00ebn e Gallipolit ku mbahet ne \u201ckullen e qendreses\u201d<\/p>\n<p>Ne shtator te vitit 1666 m\u00eb n\u00eb fund del\u00eb para Sulltanit Mehmeti IV; q\u00eb p\u00ebr kuriozitet, veziret e tij ishin fara e famshme e K\u00fcprylve (Kuiprillve Shqiptar). Kishte vet\u00ebm dy rrugedalje, ose t\u00eb b\u00ebhet shenjest\u00ebr e gjall\u00eb p\u00ebr shigjetar\u00ebt e oborrit mbretror, ku ne rast se shp\u00ebton i pranohet titulli i Mesis, apo ta ndrroi besimin-fen e vet\u00eb ne Islam. Kushtet e jashtzakonshme e b\u00ebjne q\u00eb Sabbatai ta pranojne Islamin si besimin e tij kryesor me zhgarkimin e t\u00eb gjitha detyrave q\u00eb i kishte kund\u00ebr percjell\u00ebsave t\u00eb tij t\u00eb shum\u00ebt t\u00eb cil\u00ebt i fton t\u00eb konvertohen ne Islam. Prej at\u00ebher\u00eb femohuesit e Sabbatait do njihen me emrin Turk D\u00d6NME (te shkeputurit).<a title=\"Sabbatai\" href=\"http:\/\/www.visit-ulcinj.com\/blog\/2008\/01\/24\/varri-i-sabbatait-zevit-ne-%e2%80%9ctyrben-e-manajve%e2%80%9d-ulqin\/sabbatai\/\" rel=\"attachment wp-att-271\"><img loading=\"lazy\" src=\"http:\/\/www.visit-ulcinj.com\/blog\/wp-content\/uploads\/2008\/01\/1625sabbateands.jpg\" alt=\"Sabbatai\" width=\"1\" height=\"1\" align=\"right\" border=\"0\" hspace=\"2\" vspace=\"2\" \/><\/a><img loading=\"lazy\" src=\"http:\/\/www.visit-ulcinj.com\/blog\/wp-content\/uploads\/2008\/01\/1625sabbateands.jpg\" alt=\"Sabbatai\" width=\"1\" height=\"1\" align=\"right\" border=\"0\" hspace=\"2\" vspace=\"2\" \/><\/p>\n<p>N\u00eb kushte normale femohimi i nj\u00eb Mesije do shkaktonte \u00e7\u2019rregullsi t\u00eb m\u00ebdha, por k\u00ebto kushte nuk ishin te zakonshme, prandaj edhe duhet t\u00eb shikohet n\u00eb prizm\u00ebn e asaj kohe t\u00eb shekullit 16-t\u00eb. Sabbatai me ndryshimin e fes\u00eb ndrron edhe emrin n\u00eb Mehmet Kapi\u00e7i Bashi dhe menjiher\u00eb d\u00ebbohet t\u00eb jen i internuar p\u00ebrjet\u00eb n\u00eb skaj te perandoris Osmane Ulqin-\u00dclg\u00fcn (turqisht), Alqun (Hebreisht).<\/p>\n<p>Shum\u00eb pak dihet rreth jet\u00ebs dhe qendrimit t\u00eb tij n\u00eb Ulqin. Edhe sot e k\u00ebsaj dite ne \u201cKullen e Ballshajeve\u201d v\u00ebrehen shenjat e yllit te Davudit (Davidi) po aty ku u falte i madhi Sabbatai Zevi i mbiquajtur Mehmet Dadai ne Ulqin. Nuk \u00ebsht\u00eb e rastit, edhe pse pohom Shekspirin, kur themi se rasti \u00ebsht\u00eb mbreti i bot\u00ebs, mbiemri me t\u00eb cilin e njihnin Ulqinak\u00ebt Dadai eshte i ngjajsh\u00ebm me Sabbatai. Misticizma Islame dhe sufizmi ne p\u00ebrgjith\u00ebsi, n\u00eb shum\u00eb raste t\u00ebrheqjen e tij e krahasoin me nj\u00eb mistik t\u00eb madh\u00eb n\u00eb sufiz\u00ebm Ibn al-Arabi dhe menyra e jet\u00ebs\u00eb s\u00eb tij n\u00eb Ulqin ka t\u00eb bej shum\u00eb me Bektashizmin.<\/p>\n<p>Ne \u00e7do legjend\u00eb mundemi ta gjejm\u00eb te v\u00ebrtet\u00ebn. Ne Ulqin edhe sot e kesaj dite ruhet \u201cTyrbja e familjes se Manajve\u201d ku ndermjet te tjerash thuhet se ai e la si nj\u00eb amanet q\u00eb kurr\u00ebn e kurr\u00ebs kjo tyrbe mos t\u00eb hapet dhe sekreti i Mehmet Dadait kurr mos t\u00eb b\u00ebhet objekt kulti, ku njerzit do vin\u00eb e ti luteshin atij. Ne vitin 1667 i lind edhe djali Ismail Morelecai ku shum\u00eb miq\u00eb dhe dashamir\u00eb t\u00eb tij e vizitojn dhe nuk e l\u00ebn\u00eb t\u00eb shkoj n\u00eb harres. Edhe shum\u00eb shkrime t\u00eb cilat i b\u00ebn\u00eb n\u00eb k\u00ebt\u00eb koh\u00eb t\u00eb internimit ne Ulqin e deshmojn ket\u00eb.<\/p>\n<p>Nd\u00ebr popull t\u00eb Ulqinit akoma ruhen kujtimet se si Mehmet Dadai e b\u00ebri ringjalljen e nj\u00eb femiu t\u00eb cilin e udh\u00ebroi t\u00eb mos hypi ne fik, por djaloshi kureshtar nuk e ndigjoj dhe ra nga fiku ku vdiq ne vend\u2026 Mehmetit (Sabbatait) femiu u dhimb\u00ebte shum\u00eb e pasi e shikonte vehten si fajtor. Ai e luti Zotin q\u00eb t\u00eb ia marri jet\u00ebn atij dhe ta ringjalli djalin, \u00e7ka edhe ndodhi.<\/p>\n<p>Sabbatai Zevi vdiq pik\u00ebrishte ne dit\u00ebn e Shp\u00ebrblimit (sipas kalendarit hebraik 54337) apo shtator te vitit 1676, dy jave para se i mbush te pes\u00ebdhjetat.<\/p>\n<p>Gati kater shekuj kan kaluar dhe esht\u00ebrat e Sabbatait jane te qeta ne \u201cTyrben e Manajve\u201d. Kjo familje akoma sot e ndez qiririn p\u00ebr hir\u00eb t\u00eb shpirtit t\u00eb tij t\u00eb past\u00ebr. N\u00eb \u00ebndrrat e tija ai akoma fluturon lart si nj\u00eb njeri, mistik i v\u00ebrtet t\u00eb cilin nuk e mbuloi harresa por perkundrazi, vepra e tij dhe fillimi i levizjes s\u00eb tij inspiruan formimin e shtetit Izraelit q\u00eb deri n\u00eb fillim t\u00eb shekullit t\u00eb kaluar ishte nj\u00eb utopi e v\u00ebrtet\u00eb.<\/p>\n","protected":false},"excerpt":{"rendered":"<p><img loading=\"lazy\" src=\"http:\/\/www.visit-ulcinj.com\/blog\/wp-content\/uploads\/2008\/01\/bougie.jpg\" alt=\"Tyrbja\" height=\"140\" width=\"140\" \/><\/p>\n","protected":false},"author":1,"featured_media":0,"comment_status":"open","ping_status":"closed","sticky":false,"template":"","format":"standard","meta":{"spay_email":"","jetpack_publicize_message":"","jetpack_is_tweetstorm":false,"jetpack_publicize_feature_enabled":true},"categories":[15],"tags":[1239,765,764,766,763],"jetpack_publicize_connections":[],"yoast_head":"<!-- This site is optimized with the Yoast SEO plugin v19.1 - https:\/\/yoast.com\/wordpress\/plugins\/seo\/ -->\n<title>Varri i Sabbatait Zevit n\u00eb \u201cTyrben e Manajve\u201d Ulqin - Lajme nga Ulqini<\/title>\n<meta name=\"robots\" content=\"index, follow, max-snippet:-1, max-image-preview:large, max-video-preview:-1\" \/>\n<link rel=\"canonical\" href=\"https:\/\/www.visit-ulcinj.com\/blog\/2008\/01\/24\/varri-i-sabbatait-zevit-ne-tyrben-e-manajve-ulqin\/\" \/>\n<meta property=\"og:locale\" content=\"en_US\" \/>\n<meta property=\"og:type\" content=\"article\" \/>\n<meta property=\"og:title\" content=\"Varri i Sabbatait Zevit n\u00eb \u201cTyrben e Manajve\u201d Ulqin - Lajme nga Ulqini\" \/>\n<meta property=\"og:url\" content=\"https:\/\/www.visit-ulcinj.com\/blog\/2008\/01\/24\/varri-i-sabbatait-zevit-ne-tyrben-e-manajve-ulqin\/\" \/>\n<meta property=\"og:site_name\" content=\"Lajme nga Ulqini\" \/>\n<meta property=\"article:published_time\" content=\"2008-01-24T21:57:58+00:00\" \/>\n<meta property=\"article:modified_time\" content=\"2024-01-10T21:33:32+00:00\" \/>\n<meta property=\"og:image\" content=\"http:\/\/www.visit-ulcinj.com\/blog\/wp-content\/uploads\/2008\/01\/bougie.jpg\" \/>\n<meta name=\"twitter:label1\" content=\"Written by\" \/>\n\t<meta name=\"twitter:data1\" content=\"ulqini\" \/>\n\t<meta name=\"twitter:label2\" content=\"Est. reading time\" \/>\n\t<meta name=\"twitter:data2\" content=\"9 minutes\" \/>\n<script type=\"application\/ld+json\" class=\"yoast-schema-graph\">{\"@context\":\"https:\/\/schema.org\",\"@graph\":[{\"@type\":\"WebSite\",\"@id\":\"https:\/\/www.visit-ulcinj.com\/blog\/#website\",\"url\":\"https:\/\/www.visit-ulcinj.com\/blog\/\",\"name\":\"Lajme nga Ulqini\",\"description\":\"Lajme,Vijesti,Ulqini,Ulqin,Crna Gora,Mali i Zi\",\"potentialAction\":[{\"@type\":\"SearchAction\",\"target\":{\"@type\":\"EntryPoint\",\"urlTemplate\":\"https:\/\/www.visit-ulcinj.com\/blog\/?s={search_term_string}\"},\"query-input\":\"required name=search_term_string\"}],\"inLanguage\":\"en-US\"},{\"@type\":\"ImageObject\",\"inLanguage\":\"en-US\",\"@id\":\"https:\/\/www.visit-ulcinj.com\/blog\/2008\/01\/24\/varri-i-sabbatait-zevit-ne-tyrben-e-manajve-ulqin\/#primaryimage\",\"url\":\"http:\/\/www.visit-ulcinj.com\/blog\/wp-content\/uploads\/2008\/01\/bougie.jpg\",\"contentUrl\":\"http:\/\/www.visit-ulcinj.com\/blog\/wp-content\/uploads\/2008\/01\/bougie.jpg\"},{\"@type\":\"WebPage\",\"@id\":\"https:\/\/www.visit-ulcinj.com\/blog\/2008\/01\/24\/varri-i-sabbatait-zevit-ne-tyrben-e-manajve-ulqin\/#webpage\",\"url\":\"https:\/\/www.visit-ulcinj.com\/blog\/2008\/01\/24\/varri-i-sabbatait-zevit-ne-tyrben-e-manajve-ulqin\/\",\"name\":\"Varri i Sabbatait Zevit n\u00eb \u201cTyrben e Manajve\u201d Ulqin - Lajme nga Ulqini\",\"isPartOf\":{\"@id\":\"https:\/\/www.visit-ulcinj.com\/blog\/#website\"},\"primaryImageOfPage\":{\"@id\":\"https:\/\/www.visit-ulcinj.com\/blog\/2008\/01\/24\/varri-i-sabbatait-zevit-ne-tyrben-e-manajve-ulqin\/#primaryimage\"},\"datePublished\":\"2008-01-24T21:57:58+00:00\",\"dateModified\":\"2024-01-10T21:33:32+00:00\",\"author\":{\"@id\":\"https:\/\/www.visit-ulcinj.com\/blog\/#\/schema\/person\/dcab619c614d3038751c63bc2aadc06d\"},\"breadcrumb\":{\"@id\":\"https:\/\/www.visit-ulcinj.com\/blog\/2008\/01\/24\/varri-i-sabbatait-zevit-ne-tyrben-e-manajve-ulqin\/#breadcrumb\"},\"inLanguage\":\"en-US\",\"potentialAction\":[{\"@type\":\"ReadAction\",\"target\":[\"https:\/\/www.visit-ulcinj.com\/blog\/2008\/01\/24\/varri-i-sabbatait-zevit-ne-tyrben-e-manajve-ulqin\/\"]}]},{\"@type\":\"BreadcrumbList\",\"@id\":\"https:\/\/www.visit-ulcinj.com\/blog\/2008\/01\/24\/varri-i-sabbatait-zevit-ne-tyrben-e-manajve-ulqin\/#breadcrumb\",\"itemListElement\":[{\"@type\":\"ListItem\",\"position\":1,\"name\":\"Varri i Sabbatait Zevit n\u00eb \u201cTyrben e Manajve\u201d Ulqin\"}]},{\"@type\":\"Person\",\"@id\":\"https:\/\/www.visit-ulcinj.com\/blog\/#\/schema\/person\/dcab619c614d3038751c63bc2aadc06d\",\"name\":\"ulqini\",\"sameAs\":[\"http:\/\/www.visit-ulcinj.com\"],\"url\":\"https:\/\/www.visit-ulcinj.com\/blog\/author\/admin\/\"}]}<\/script>\n<!-- \/ Yoast SEO plugin. -->","yoast_head_json":{"title":"Varri i Sabbatait Zevit n\u00eb \u201cTyrben e Manajve\u201d Ulqin - Lajme nga Ulqini","robots":{"index":"index","follow":"follow","max-snippet":"max-snippet:-1","max-image-preview":"max-image-preview:large","max-video-preview":"max-video-preview:-1"},"canonical":"https:\/\/www.visit-ulcinj.com\/blog\/2008\/01\/24\/varri-i-sabbatait-zevit-ne-tyrben-e-manajve-ulqin\/","og_locale":"en_US","og_type":"article","og_title":"Varri i Sabbatait Zevit n\u00eb \u201cTyrben e Manajve\u201d Ulqin - Lajme nga Ulqini","og_url":"https:\/\/www.visit-ulcinj.com\/blog\/2008\/01\/24\/varri-i-sabbatait-zevit-ne-tyrben-e-manajve-ulqin\/","og_site_name":"Lajme nga Ulqini","article_published_time":"2008-01-24T21:57:58+00:00","article_modified_time":"2024-01-10T21:33:32+00:00","og_image":[{"url":"http:\/\/www.visit-ulcinj.com\/blog\/wp-content\/uploads\/2008\/01\/bougie.jpg"}],"twitter_misc":{"Written by":"ulqini","Est. reading time":"9 minutes"},"schema":{"@context":"https:\/\/schema.org","@graph":[{"@type":"WebSite","@id":"https:\/\/www.visit-ulcinj.com\/blog\/#website","url":"https:\/\/www.visit-ulcinj.com\/blog\/","name":"Lajme nga Ulqini","description":"Lajme,Vijesti,Ulqini,Ulqin,Crna Gora,Mali i Zi","potentialAction":[{"@type":"SearchAction","target":{"@type":"EntryPoint","urlTemplate":"https:\/\/www.visit-ulcinj.com\/blog\/?s={search_term_string}"},"query-input":"required name=search_term_string"}],"inLanguage":"en-US"},{"@type":"ImageObject","inLanguage":"en-US","@id":"https:\/\/www.visit-ulcinj.com\/blog\/2008\/01\/24\/varri-i-sabbatait-zevit-ne-tyrben-e-manajve-ulqin\/#primaryimage","url":"http:\/\/www.visit-ulcinj.com\/blog\/wp-content\/uploads\/2008\/01\/bougie.jpg","contentUrl":"http:\/\/www.visit-ulcinj.com\/blog\/wp-content\/uploads\/2008\/01\/bougie.jpg"},{"@type":"WebPage","@id":"https:\/\/www.visit-ulcinj.com\/blog\/2008\/01\/24\/varri-i-sabbatait-zevit-ne-tyrben-e-manajve-ulqin\/#webpage","url":"https:\/\/www.visit-ulcinj.com\/blog\/2008\/01\/24\/varri-i-sabbatait-zevit-ne-tyrben-e-manajve-ulqin\/","name":"Varri i Sabbatait Zevit n\u00eb \u201cTyrben e Manajve\u201d Ulqin - Lajme nga Ulqini","isPartOf":{"@id":"https:\/\/www.visit-ulcinj.com\/blog\/#website"},"primaryImageOfPage":{"@id":"https:\/\/www.visit-ulcinj.com\/blog\/2008\/01\/24\/varri-i-sabbatait-zevit-ne-tyrben-e-manajve-ulqin\/#primaryimage"},"datePublished":"2008-01-24T21:57:58+00:00","dateModified":"2024-01-10T21:33:32+00:00","author":{"@id":"https:\/\/www.visit-ulcinj.com\/blog\/#\/schema\/person\/dcab619c614d3038751c63bc2aadc06d"},"breadcrumb":{"@id":"https:\/\/www.visit-ulcinj.com\/blog\/2008\/01\/24\/varri-i-sabbatait-zevit-ne-tyrben-e-manajve-ulqin\/#breadcrumb"},"inLanguage":"en-US","potentialAction":[{"@type":"ReadAction","target":["https:\/\/www.visit-ulcinj.com\/blog\/2008\/01\/24\/varri-i-sabbatait-zevit-ne-tyrben-e-manajve-ulqin\/"]}]},{"@type":"BreadcrumbList","@id":"https:\/\/www.visit-ulcinj.com\/blog\/2008\/01\/24\/varri-i-sabbatait-zevit-ne-tyrben-e-manajve-ulqin\/#breadcrumb","itemListElement":[{"@type":"ListItem","position":1,"name":"Varri i Sabbatait Zevit n\u00eb \u201cTyrben e Manajve\u201d Ulqin"}]},{"@type":"Person","@id":"https:\/\/www.visit-ulcinj.com\/blog\/#\/schema\/person\/dcab619c614d3038751c63bc2aadc06d","name":"ulqini","sameAs":["http:\/\/www.visit-ulcinj.com"],"url":"https:\/\/www.visit-ulcinj.com\/blog\/author\/admin\/"}]}},"jetpack_featured_media_url":"","jetpack_sharing_enabled":true,"jetpack_shortlink":"https:\/\/wp.me\/pe6lTn-4i","_links":{"self":[{"href":"https:\/\/www.visit-ulcinj.com\/blog\/wp-json\/wp\/v2\/posts\/266"}],"collection":[{"href":"https:\/\/www.visit-ulcinj.com\/blog\/wp-json\/wp\/v2\/posts"}],"about":[{"href":"https:\/\/www.visit-ulcinj.com\/blog\/wp-json\/wp\/v2\/types\/post"}],"author":[{"embeddable":true,"href":"https:\/\/www.visit-ulcinj.com\/blog\/wp-json\/wp\/v2\/users\/1"}],"replies":[{"embeddable":true,"href":"https:\/\/www.visit-ulcinj.com\/blog\/wp-json\/wp\/v2\/comments?post=266"}],"version-history":[{"count":1,"href":"https:\/\/www.visit-ulcinj.com\/blog\/wp-json\/wp\/v2\/posts\/266\/revisions"}],"predecessor-version":[{"id":106965,"href":"https:\/\/www.visit-ulcinj.com\/blog\/wp-json\/wp\/v2\/posts\/266\/revisions\/106965"}],"wp:attachment":[{"href":"https:\/\/www.visit-ulcinj.com\/blog\/wp-json\/wp\/v2\/media?parent=266"}],"wp:term":[{"taxonomy":"category","embeddable":true,"href":"https:\/\/www.visit-ulcinj.com\/blog\/wp-json\/wp\/v2\/categories?post=266"},{"taxonomy":"post_tag","embeddable":true,"href":"https:\/\/www.visit-ulcinj.com\/blog\/wp-json\/wp\/v2\/tags?post=266"}],"curies":[{"name":"wp","href":"https:\/\/api.w.org\/{rel}","templated":true}]}}