{"id":26716,"date":"2009-10-19T19:07:47","date_gmt":"2009-10-19T17:07:47","guid":{"rendered":"http:\/\/www.visit-ulcinj.com\/blog\/?p=26716"},"modified":"2009-10-19T19:07:47","modified_gmt":"2009-10-19T17:07:47","slug":"prof-dr-sime-dobreci-dijetar-i-permasave-kombetare","status":"publish","type":"post","link":"https:\/\/www.visit-ulcinj.com\/blog\/2009\/10\/19\/prof-dr-sime-dobreci-dijetar-i-permasave-kombetare\/","title":{"rendered":"Prof. Dr. Sim\u00eb Dobreci: Dijetar i p\u00ebrmasave komb\u00ebtare"},"content":{"rendered":"<p><a href=\"http:\/\/www.visit-ulcinj.com\/blog\/wp-content\/uploads\/2009\/10\/Prof.-Dr.-Sim\u00eb-Dobreci.jpg\"><img loading=\"lazy\" class=\"alignleft size-full wp-image-26717\" title=\"Prof. Dr. Sim\u00eb Dobreci\" src=\"http:\/\/www.visit-ulcinj.com\/blog\/wp-content\/uploads\/2009\/10\/Prof.-Dr.-Sim\u00eb-Dobreci.jpg\" alt=\"Prof. Dr. Sim\u00eb Dobreci\" width=\"440\" height=\"214\" \/><\/a>T\u00eb gjith\u00eb fol\u00ebsit vler\u00ebsuan rolin dhe kontributin e prof. Dobrecit jo vet\u00ebm n\u00eb fush\u00ebn e dermatologjis\u00eb dhe mjek\u00ebsis\u00eb, por edhe n\u00eb fush\u00ebn e arsimit, kultur\u00ebs dhe mjaft fusha t\u00eb tjera. Ata e vler\u00ebsuan dr. Sim\u00ebn jo vet\u00ebm si intelektual, por edhe si humanist, si njeri q\u00eb me pun\u00ebn e vet ka nd\u00ebrtuar nj\u00eb shembull p\u00ebr t\u00eb tjer\u00ebt dhe ka merituar respektin e t\u00eb gjith\u00ebve.<\/p>\n<p>75 vjetori i lindjes s\u00eb Prof. Dr. Sim\u00eb Dobrecit ka grumbulluar t\u00eb shtun\u00ebn n\u00eb Bibliotek\u00ebn e Qytetit n\u00eb Ulqin miq dhe koleg\u00eb t\u00eb tij, dashamir\u00eb t\u00eb kultur\u00ebs dhe t\u00eb artit, n\u00eb nj\u00eb mbr\u00ebmje t\u00eb organuzuar nga Bashkimi i Krijuesve Shqiptar\u00eb n\u00eb Mal t\u00eb Zi dhe Qendra e Kultur\u00ebs s\u00eb Ulqinit.<br \/>\nMe k\u00ebt\u00eb rast u b\u00eb edhe promovimi i botimit t\u00eb kat\u00ebrt t\u00eb librit t\u00eb tij \u201cDermatologjia\u201d, botim i plot\u00ebsuar dhe i p\u00ebrmir\u00ebsuar.<br \/>\nT\u00eb gjith\u00eb fol\u00ebsit vler\u00ebsuan rolin dhe kontributin e prof. Dobrecit jo vet\u00ebm n\u00eb fush\u00ebn e dermatologjis\u00eb dhe mjek\u00ebsis\u00eb n\u00eb p\u00ebrgjith\u00ebsi, por edhe n\u00eb fush\u00ebn e arsimit, kultur\u00ebs dhe mjaft fusha t\u00eb tjera. Ata e vler\u00ebsuan dr. Sim\u00ebn jo vet\u00ebm si intelektual, por edhe si humanist, si njeri q\u00eb me pun\u00ebn e vet ka nd\u00ebrtuar nj\u00eb shembull p\u00ebr t\u00eb tjer\u00ebt dhe ka merituar respektin e t\u00eb gjith\u00ebve.<br \/>\nProf. Dr. Ruzhdi Ushaku tha se prof. Dr. Sim\u00eb Dobreci \u00ebsht\u00eb nj\u00eb dijetar i p\u00ebrmasave komb\u00ebtare.<br \/>\n\u201cMe dijen dhe p\u00ebrgatitjen e tij solide teorike dhe praktike ka formuar me dhjetra gjenerata student\u00ebsh, asistent\u00ebsh, m\u00ebsimdh\u00ebn\u00ebsish t\u00eb cil\u00ebt kan\u00eb treguar respektin m\u00eb t\u00eb lart\u00eb p\u00ebr Sim\u00ebn si profesionist i nivelit t\u00eb lart\u00eb dituror, shkencor, pedagogjik, por edhe p\u00ebr Sim\u00ebn si njeri i kultur\u00ebs n\u00eb kuptimin e p\u00ebrgjithsh\u00ebm dhe njeri, burr\u00eb i dheut n\u00eb kuptimin m\u00eb t\u00eb mir\u00eb dhe m\u00eb t\u00eb plot\u00eb t\u00eb fjal\u00ebs\u201d, tha ai.<br \/>\nProf. Ushaku vler\u00ebsoi nd\u00ebr t\u00eb tjera edhe kontributin e Dobrecit p\u00ebr botimin e revist\u00ebs \u201cBuzuku\u201d.<br \/>\n\u201cAjo, p\u00ebr mendimin tim, ka qen\u00eb dhe mbetet nd\u00ebr revistat m\u00eb t\u00eb q\u00eblluara, m\u00eb t\u00eb dobishme, m\u00eb kuptimplote, n\u00eb rend t\u00eb par\u00eb p\u00ebr lexuesit shqiptar\u00eb n\u00eb Mal t\u00eb Zi por edhe m\u00eb gjer\u00eb. Ajo ka qen\u00eb dhe mbetet tribun\u00eb, tryez\u00eb e fjal\u00ebs artistike, historike, shkencore, e fjal\u00ebs burimore buzukiane, folklorit popullor, tribun\u00eb e dijes dhe e shijes s\u00eb dijetar\u00ebve, p\u00ebrkat\u00ebsisht krijuesve eminent\u00eb. Dhe jo vet\u00ebm t\u00eb tyre, por edhe t\u00eb atyre t\u00eb tjer\u00ebve q\u00eb Sima i ka nxitur, inkurajuar edhe me shembullin e tij personal, q\u00eb t\u00eb mbledhin apo gjurmojn\u00eb, prezantojn\u00eb thesarin kulturor vendor, shpesh n\u00eb m\u00ebnyr\u00eb autentike, n\u00eb gjuh\u00ebn arkaike, burimore t\u00eb trev\u00ebs s\u00eb Shestanit dhe t\u00eb trevave p\u00ebrreth\u201d, tha ai.<br \/>\nKryetari i Bashkimit t\u00eb Krijuesve Shqiptar\u00eb n\u00eb Mal t\u00eb Zi, prim. dr. Gani Karamanaga n\u00ebnvizoi nd\u00ebr t\u00eb tjera aspektin humanist t\u00eb pun\u00ebs s\u00eb prof. Dobrecit.<br \/>\n\u201cGjat\u00eb vuajtjeve t\u00eb popullit shqiptar n\u00eb Kosov\u00eb, shum\u00eb mjek\u00eb e kan\u00eb shfryt\u00ebzuar k\u00ebt\u00eb p\u00ebr t\u2019u pasuruar, nd\u00ebrsa dr. Sim\u00eb Dobreci me disa mjek\u00eb t\u00eb tjer\u00eb ka qen\u00eb n\u00eb nivelin e lart\u00eb t\u00eb betimit t\u00eb Hipokratit. Ai \u00ebsht\u00eb pasuruar v\u00ebrtet\u00eb, por vet\u00ebm me bamir\u00ebsi, korrekt\u00ebsi dhe dashuri t\u00eb madhe p\u00ebr pacient\u00ebt e tij\u201d, tha ai.<br \/>\nSipas Karamanag\u00ebs, profesor Sim\u00eb Dobreci \u00ebsht\u00eb nj\u00eb figur\u00eb, personalitet t\u00eb cilin e respektojn\u00eb t\u00eb gjitha gjeneratat. Ai vler\u00ebsoi edhe pun\u00ebn e prof. Dobrecit n\u00eb drejtimin e revist\u00ebs mjek\u00ebsore \u201cPraxis Medica\u201d, t\u00eb cil\u00ebn ai e ka drejtuar p\u00ebr nj\u00eb koh\u00eb, duke e cil\u00ebsuar si \u201ckryeredaktorin m\u00eb t\u00eb suksessh\u00ebm t\u00eb saj\u201d.<br \/>\nDuke folur p\u00ebr botimin e kat\u00ebrt t\u00eb tekstit \u201cDermatologjia\u201d, ai tha se ky tekst p\u00ebrdoret n\u00eb t\u00eb gjitha fakultetet n\u00eb hap\u00ebsir\u00ebn shqiptare, por \u201cme nj\u00eb mir\u00ebkuptim m\u00eb t\u00eb madh, me siguri ky tekst e ka vendin edhe n\u00eb universitetet e tjera joshqipfol\u00ebse\u201d.<br \/>\nGazetari dhe publicisti Gjek\u00eb Gjonaj e cil\u00ebsoi prof. Sim\u00eb Dobrecin si personalitet t\u00eb nderuar t\u00eb mjek\u00ebsis\u00eb shqiptare.<br \/>\n\u201cBetimin e Hipokratit dr. Sima e kishte rr\u00ebnjosur mir\u00eb n\u00eb kok\u00eb. Dhe t\u00eb till\u00eb e ruajti figur\u00ebn e tij si mjek dhe si njeri. La mangut koh\u00ebn e gjumit, t\u00eb pushimit dhe t\u00eb \u00e7lodhjes, e privoi veten nga shum\u00eb gj\u00ebra t\u00eb tjera q\u00eb njeriu d\u00ebshiron t\u00eb provoj\u00eb n\u00eb jet\u00eb, duke i kthyer ato t\u00eb gjitha n\u00eb sh\u00ebrbim t\u00eb jet\u00ebs s\u00eb njer\u00ebzve. N\u00eb k\u00ebt\u00eb rast ai u b\u00eb shembull, duke p\u00ebrfaq\u00ebsuar me shum\u00eb dinjitet njeriun idealist dhe mjekun me shpirt t\u00eb madh\u201d, tha Gjonaj.<br \/>\nAi po ashtu tha se dr. Dobreci p\u00ebrb\u00ebn nj\u00eb misionar t\u00eb p\u00ebrkushtuar ndaj \u00e7\u00ebshtjes komb\u00ebtare.<br \/>\n<a href=\"http:\/\/www.visit-ulcinj.com\/blog\/wp-content\/uploads\/2009\/10\/SIM\u00cb-DOBRECI.jpg\"><img loading=\"lazy\" class=\"alignleft size-full wp-image-26231\" title=\"SIM\u00cb DOBRECI\" src=\"http:\/\/www.visit-ulcinj.com\/blog\/wp-content\/uploads\/2009\/10\/SIM\u00cb-DOBRECI.jpg\" alt=\"SIM\u00cb DOBRECI\" width=\"364\" height=\"302\" \/><\/a>\u201cGjat\u00eb miq\u00ebsis\u00eb sime me dr. Sim\u00eb Dobrecin kuptova se ai nuk \u00ebsht\u00eb vet\u00ebm nd\u00ebr personalitetet e rralla n\u00eb fush\u00ebn e dermatologjis\u00eb, por \u00ebsht\u00eb edhe nj\u00eb patriot e atdhetar i pal\u00ebkundur, nj\u00eb misionar i p\u00ebrkushtuar i \u00e7\u00ebshtjes shqiptare\u201d, tha Gjonaj.<br \/>\nUdh\u00ebheq\u00ebsja e Bibliotek\u00ebs s\u00eb Qytetit n\u00eb Ulqin, Ardita Rama, tha se prof. Dr. Sim\u00eb Dobreci edhe kur jetoi n\u00eb Kosov\u00eb nuk e harroi kurr\u00eb vendlindjen.<br \/>\n\u201cMegjith\u00eb pranin\u00eb dhe angazhimin e tij n\u00eb Kosov\u00eb, dr. Sima asnj\u00ebher\u00eb nuk e harroi vendlindjen. Edhe kur ishte n\u00eb Prishtin\u00eb ai asnj\u00ebher\u00eb nuk ishte i harruar as n\u00eb Kraj\u00eb, as n\u00eb Ulqin e as jasht\u00eb\u201d, tha ajo.<br \/>\nRama theksoi se botimi i tekstit \u201cDermatologjia\u201d d\u00ebshmon \u201cpun\u00ebn e tij t\u00eb palodhshme prej studiuesi t\u00eb nj\u00ebmendt\u00eb i cili n\u00eb koh\u00ebn m\u00eb t\u00eb nevojshme p\u00ebr shkenc\u00ebn e mjek\u00ebsis\u00eb shqiptare hartoi k\u00ebt\u00eb tekst\u201d.<br \/>\nShkrimtari Hajro Ulqinaku i cili drejtoi mbr\u00ebmjen, gjat\u00eb fjal\u00ebs s\u00eb tij, shpjegoi se si lindi ideja p\u00ebr organizimin e saj.<br \/>\nAi po ashtu lexoi kumtes\u00ebn e prof. Dr. Mentor Dish\u00ebs mbi librin \u201cDermatologjia\u201d, i cili e vler\u00ebson at\u00eb si \u201clib\u00ebr me vler\u00eb t\u00eb madhe shkencore teorike dhe praktike\u201d.<br \/>\n\u201cGjat\u00eb plot\u00ebsimit t\u00eb tekstit, autori ka angazhuar edhe bashk\u00ebpun\u00ebtor\u00ebt e tij, me \u00e7ka si pedagog i mir\u00ebfillt\u00eb ka p\u00ebrcjell\u00eb p\u00ebrvoj\u00ebn e tij t\u00eb \u00e7mueshme te pedagog\u00ebt e ardhsh\u00ebm t\u00eb dermatologjis\u00eb, p\u00ebrvoj\u00ebn e tij se si shkruhet nj\u00eb tekst universitar. P\u00ebrshkrimi i njohurive t\u00eb reja diagnostifikuese dhe mjekuese \u00ebsht\u00eb n\u00eb p\u00ebrshtatje me ndryshimet e reja n\u00eb fush\u00ebn e dermatologjis\u00eb. Autori ka arritur t\u00eb na jap\u00eb nj\u00eb tekst me atribute q\u00eb p\u00ebrb\u00ebjn\u00eb vler\u00ebn e nj\u00eb cil\u00ebsie t\u00eb lart\u00eb\u201d, vler\u00ebson nd\u00ebr t\u00eb tjera Disha, sipas t\u00eb cilit, \u201clibrit ia rrit vler\u00ebn m\u00ebnyra e kuptueshme e t\u00eb shkruarit, terminologjia profesionale kryesisht e shqip\u00ebruar\u201d.<br \/>\nVet\u00eb prof. Dr. Sim\u00eb Dobreci n\u00eb fjal\u00ebn e tij fal\u00ebndero organizator\u00ebt dhe gjith\u00eb t\u00eb pranishmit e mbr\u00ebmjes.<br \/>\nAi foli p\u00ebr rrug\u00ebn e botimit dhe ribotimit q\u00eb ka ndjekur libri \u201cDermatologjia\u201d.<br \/>\n\u201cPuna me tekstet shkollore, universitare \u00ebsht\u00eb si puna e Sizifit. Pra, p\u00ebrs\u00ebri \u00ebsht\u00eb dashur t\u00eb filloj ta shkruaj at\u00eb p\u00ebr arsye t\u00eb informacioneve t\u00eb reja\u201d, tha ai.<br \/>\nN\u00eb fund t\u00eb mbr\u00ebmjes, prof. Dr. Sim\u00eb Dobrecit iu dha Mir\u00ebnjohje nga Bashkimi i Krijuesve Shqiptar\u00eb n\u00eb Mal t\u00eb Zi \u201cp\u00ebr kontributin e jasht\u00ebzakonsh\u00ebm dh\u00ebn\u00eb kultur\u00ebs, artit dhe shkenc\u00ebs komb\u00ebtare\u201d.<br \/>\nAtij po ashtu me k\u00ebt\u00eb rast iu dhuruan dy piktura, nj\u00ebra e piktorit Rudi Goga, dhurat\u00eb e Sht\u00ebpis\u00eb s\u00eb Sh\u00ebndetit n\u00eb Ulqin, kurse tjetra e piktorit Mehmet Aloja, dhurat\u00eb e Shoqat\u00ebs s\u00eb Artist\u00ebve Figurativ\u00eb t\u00eb Ulqinit, si dhe nj\u00eb fotografi artistike nga fotografi Gazmend \u00c7itaku.<br \/>\n<strong><br \/>\nI.Kallaba<br \/>\nKoha Javore<\/strong><\/p>\n","protected":false},"excerpt":{"rendered":"<p>T\u00eb gjith\u00eb fol\u00ebsit vler\u00ebsuan rolin dhe kontributin e prof. Dobrecit jo vet\u00ebm n\u00eb fush\u00ebn e dermatologjis\u00eb dhe mjek\u00ebsis\u00eb, por edhe n\u00eb fush\u00ebn e arsimit, kultur\u00ebs dhe mjaft fusha t\u00eb tjera. Ata e vler\u00ebsuan dr. Sim\u00ebn jo vet\u00ebm si intelektual, por edhe si humanist, si njeri q\u00eb me pun\u00ebn e vet ka nd\u00ebrtuar nj\u00eb shembull p\u00ebr [&hellip;]<\/p>\n","protected":false},"author":1,"featured_media":0,"comment_status":"open","ping_status":"closed","sticky":false,"template":"","format":"standard","meta":{"spay_email":"","jetpack_publicize_message":"","jetpack_is_tweetstorm":false,"jetpack_publicize_feature_enabled":true},"categories":[4],"tags":[12685],"jetpack_publicize_connections":[],"yoast_head":"<!-- This site is optimized with the Yoast SEO plugin v19.1 - https:\/\/yoast.com\/wordpress\/plugins\/seo\/ -->\n<title>Prof. Dr. Sim\u00eb Dobreci: Dijetar i p\u00ebrmasave komb\u00ebtare - Lajme nga Ulqini<\/title>\n<meta name=\"description\" content=\"T\u00eb gjith\u00eb fol\u00ebsit vler\u00ebsuan rolin dhe kontributin e prof. Dobrecit jo vet\u00ebm n\u00eb fush\u00ebn e dermatologjis\u00eb dhe mjek\u00ebsis\u00eb, por edhe n\u00eb fush\u00ebn e arsimit,\" \/>\n<meta name=\"robots\" content=\"index, follow, max-snippet:-1, max-image-preview:large, max-video-preview:-1\" \/>\n<link rel=\"canonical\" href=\"https:\/\/www.visit-ulcinj.com\/blog\/2009\/10\/19\/prof-dr-sime-dobreci-dijetar-i-permasave-kombetare\/\" \/>\n<meta property=\"og:locale\" content=\"en_US\" \/>\n<meta property=\"og:type\" content=\"article\" \/>\n<meta property=\"og:title\" content=\"Prof. Dr. Sim\u00eb Dobreci: Dijetar i p\u00ebrmasave komb\u00ebtare - Lajme nga Ulqini\" \/>\n<meta property=\"og:description\" content=\"T\u00eb gjith\u00eb fol\u00ebsit vler\u00ebsuan rolin dhe kontributin e prof. Dobrecit jo vet\u00ebm n\u00eb fush\u00ebn e dermatologjis\u00eb dhe mjek\u00ebsis\u00eb, por edhe n\u00eb fush\u00ebn e arsimit,\" \/>\n<meta property=\"og:url\" content=\"https:\/\/www.visit-ulcinj.com\/blog\/2009\/10\/19\/prof-dr-sime-dobreci-dijetar-i-permasave-kombetare\/\" \/>\n<meta property=\"og:site_name\" content=\"Lajme nga Ulqini\" \/>\n<meta property=\"article:published_time\" content=\"2009-10-19T17:07:47+00:00\" \/>\n<meta name=\"twitter:label1\" content=\"Written by\" \/>\n\t<meta name=\"twitter:data1\" content=\"ulqini\" \/>\n\t<meta name=\"twitter:label2\" content=\"Est. reading time\" \/>\n\t<meta name=\"twitter:data2\" content=\"7 minutes\" \/>\n<script type=\"application\/ld+json\" class=\"yoast-schema-graph\">{\"@context\":\"https:\/\/schema.org\",\"@graph\":[{\"@type\":\"WebSite\",\"@id\":\"https:\/\/www.visit-ulcinj.com\/blog\/#website\",\"url\":\"https:\/\/www.visit-ulcinj.com\/blog\/\",\"name\":\"Lajme nga Ulqini\",\"description\":\"Lajme,Vijesti,Ulqini,Ulqin,Crna Gora,Mali i Zi\",\"potentialAction\":[{\"@type\":\"SearchAction\",\"target\":{\"@type\":\"EntryPoint\",\"urlTemplate\":\"https:\/\/www.visit-ulcinj.com\/blog\/?s={search_term_string}\"},\"query-input\":\"required name=search_term_string\"}],\"inLanguage\":\"en-US\"},{\"@type\":\"WebPage\",\"@id\":\"https:\/\/www.visit-ulcinj.com\/blog\/2009\/10\/19\/prof-dr-sime-dobreci-dijetar-i-permasave-kombetare\/#webpage\",\"url\":\"https:\/\/www.visit-ulcinj.com\/blog\/2009\/10\/19\/prof-dr-sime-dobreci-dijetar-i-permasave-kombetare\/\",\"name\":\"Prof. Dr. Sim\u00eb Dobreci: Dijetar i p\u00ebrmasave komb\u00ebtare - Lajme nga Ulqini\",\"isPartOf\":{\"@id\":\"https:\/\/www.visit-ulcinj.com\/blog\/#website\"},\"datePublished\":\"2009-10-19T17:07:47+00:00\",\"dateModified\":\"2009-10-19T17:07:47+00:00\",\"author\":{\"@id\":\"https:\/\/www.visit-ulcinj.com\/blog\/#\/schema\/person\/dcab619c614d3038751c63bc2aadc06d\"},\"description\":\"T\u00eb gjith\u00eb fol\u00ebsit vler\u00ebsuan rolin dhe kontributin e prof. Dobrecit jo vet\u00ebm n\u00eb fush\u00ebn e dermatologjis\u00eb dhe mjek\u00ebsis\u00eb, por edhe n\u00eb fush\u00ebn e arsimit,\",\"breadcrumb\":{\"@id\":\"https:\/\/www.visit-ulcinj.com\/blog\/2009\/10\/19\/prof-dr-sime-dobreci-dijetar-i-permasave-kombetare\/#breadcrumb\"},\"inLanguage\":\"en-US\",\"potentialAction\":[{\"@type\":\"ReadAction\",\"target\":[\"https:\/\/www.visit-ulcinj.com\/blog\/2009\/10\/19\/prof-dr-sime-dobreci-dijetar-i-permasave-kombetare\/\"]}]},{\"@type\":\"BreadcrumbList\",\"@id\":\"https:\/\/www.visit-ulcinj.com\/blog\/2009\/10\/19\/prof-dr-sime-dobreci-dijetar-i-permasave-kombetare\/#breadcrumb\",\"itemListElement\":[{\"@type\":\"ListItem\",\"position\":1,\"name\":\"Prof. Dr. Sim\u00eb Dobreci: Dijetar i p\u00ebrmasave komb\u00ebtare\"}]},{\"@type\":\"Person\",\"@id\":\"https:\/\/www.visit-ulcinj.com\/blog\/#\/schema\/person\/dcab619c614d3038751c63bc2aadc06d\",\"name\":\"ulqini\",\"sameAs\":[\"http:\/\/www.visit-ulcinj.com\"],\"url\":\"https:\/\/www.visit-ulcinj.com\/blog\/author\/admin\/\"}]}<\/script>\n<!-- \/ Yoast SEO plugin. -->","yoast_head_json":{"title":"Prof. Dr. Sim\u00eb Dobreci: Dijetar i p\u00ebrmasave komb\u00ebtare - Lajme nga Ulqini","description":"T\u00eb gjith\u00eb fol\u00ebsit vler\u00ebsuan rolin dhe kontributin e prof. Dobrecit jo vet\u00ebm n\u00eb fush\u00ebn e dermatologjis\u00eb dhe mjek\u00ebsis\u00eb, por edhe n\u00eb fush\u00ebn e arsimit,","robots":{"index":"index","follow":"follow","max-snippet":"max-snippet:-1","max-image-preview":"max-image-preview:large","max-video-preview":"max-video-preview:-1"},"canonical":"https:\/\/www.visit-ulcinj.com\/blog\/2009\/10\/19\/prof-dr-sime-dobreci-dijetar-i-permasave-kombetare\/","og_locale":"en_US","og_type":"article","og_title":"Prof. Dr. Sim\u00eb Dobreci: Dijetar i p\u00ebrmasave komb\u00ebtare - Lajme nga Ulqini","og_description":"T\u00eb gjith\u00eb fol\u00ebsit vler\u00ebsuan rolin dhe kontributin e prof. Dobrecit jo vet\u00ebm n\u00eb fush\u00ebn e dermatologjis\u00eb dhe mjek\u00ebsis\u00eb, por edhe n\u00eb fush\u00ebn e arsimit,","og_url":"https:\/\/www.visit-ulcinj.com\/blog\/2009\/10\/19\/prof-dr-sime-dobreci-dijetar-i-permasave-kombetare\/","og_site_name":"Lajme nga Ulqini","article_published_time":"2009-10-19T17:07:47+00:00","twitter_misc":{"Written by":"ulqini","Est. reading time":"7 minutes"},"schema":{"@context":"https:\/\/schema.org","@graph":[{"@type":"WebSite","@id":"https:\/\/www.visit-ulcinj.com\/blog\/#website","url":"https:\/\/www.visit-ulcinj.com\/blog\/","name":"Lajme nga Ulqini","description":"Lajme,Vijesti,Ulqini,Ulqin,Crna Gora,Mali i Zi","potentialAction":[{"@type":"SearchAction","target":{"@type":"EntryPoint","urlTemplate":"https:\/\/www.visit-ulcinj.com\/blog\/?s={search_term_string}"},"query-input":"required name=search_term_string"}],"inLanguage":"en-US"},{"@type":"WebPage","@id":"https:\/\/www.visit-ulcinj.com\/blog\/2009\/10\/19\/prof-dr-sime-dobreci-dijetar-i-permasave-kombetare\/#webpage","url":"https:\/\/www.visit-ulcinj.com\/blog\/2009\/10\/19\/prof-dr-sime-dobreci-dijetar-i-permasave-kombetare\/","name":"Prof. Dr. Sim\u00eb Dobreci: Dijetar i p\u00ebrmasave komb\u00ebtare - Lajme nga Ulqini","isPartOf":{"@id":"https:\/\/www.visit-ulcinj.com\/blog\/#website"},"datePublished":"2009-10-19T17:07:47+00:00","dateModified":"2009-10-19T17:07:47+00:00","author":{"@id":"https:\/\/www.visit-ulcinj.com\/blog\/#\/schema\/person\/dcab619c614d3038751c63bc2aadc06d"},"description":"T\u00eb gjith\u00eb fol\u00ebsit vler\u00ebsuan rolin dhe kontributin e prof. Dobrecit jo vet\u00ebm n\u00eb fush\u00ebn e dermatologjis\u00eb dhe mjek\u00ebsis\u00eb, por edhe n\u00eb fush\u00ebn e arsimit,","breadcrumb":{"@id":"https:\/\/www.visit-ulcinj.com\/blog\/2009\/10\/19\/prof-dr-sime-dobreci-dijetar-i-permasave-kombetare\/#breadcrumb"},"inLanguage":"en-US","potentialAction":[{"@type":"ReadAction","target":["https:\/\/www.visit-ulcinj.com\/blog\/2009\/10\/19\/prof-dr-sime-dobreci-dijetar-i-permasave-kombetare\/"]}]},{"@type":"BreadcrumbList","@id":"https:\/\/www.visit-ulcinj.com\/blog\/2009\/10\/19\/prof-dr-sime-dobreci-dijetar-i-permasave-kombetare\/#breadcrumb","itemListElement":[{"@type":"ListItem","position":1,"name":"Prof. Dr. Sim\u00eb Dobreci: Dijetar i p\u00ebrmasave komb\u00ebtare"}]},{"@type":"Person","@id":"https:\/\/www.visit-ulcinj.com\/blog\/#\/schema\/person\/dcab619c614d3038751c63bc2aadc06d","name":"ulqini","sameAs":["http:\/\/www.visit-ulcinj.com"],"url":"https:\/\/www.visit-ulcinj.com\/blog\/author\/admin\/"}]}},"jetpack_featured_media_url":"","jetpack_sharing_enabled":true,"jetpack_shortlink":"https:\/\/wp.me\/pe6lTn-6WU","_links":{"self":[{"href":"https:\/\/www.visit-ulcinj.com\/blog\/wp-json\/wp\/v2\/posts\/26716"}],"collection":[{"href":"https:\/\/www.visit-ulcinj.com\/blog\/wp-json\/wp\/v2\/posts"}],"about":[{"href":"https:\/\/www.visit-ulcinj.com\/blog\/wp-json\/wp\/v2\/types\/post"}],"author":[{"embeddable":true,"href":"https:\/\/www.visit-ulcinj.com\/blog\/wp-json\/wp\/v2\/users\/1"}],"replies":[{"embeddable":true,"href":"https:\/\/www.visit-ulcinj.com\/blog\/wp-json\/wp\/v2\/comments?post=26716"}],"version-history":[{"count":0,"href":"https:\/\/www.visit-ulcinj.com\/blog\/wp-json\/wp\/v2\/posts\/26716\/revisions"}],"wp:attachment":[{"href":"https:\/\/www.visit-ulcinj.com\/blog\/wp-json\/wp\/v2\/media?parent=26716"}],"wp:term":[{"taxonomy":"category","embeddable":true,"href":"https:\/\/www.visit-ulcinj.com\/blog\/wp-json\/wp\/v2\/categories?post=26716"},{"taxonomy":"post_tag","embeddable":true,"href":"https:\/\/www.visit-ulcinj.com\/blog\/wp-json\/wp\/v2\/tags?post=26716"}],"curies":[{"name":"wp","href":"https:\/\/api.w.org\/{rel}","templated":true}]}}