{"id":26741,"date":"2009-10-19T21:01:45","date_gmt":"2009-10-19T19:01:45","guid":{"rendered":"http:\/\/www.visit-ulcinj.com\/blog\/?p=26741"},"modified":"2009-11-03T20:58:18","modified_gmt":"2009-11-03T18:58:18","slug":"klubi-i-karatese-%e2%80%9cchampion%e2%80%9d-rezultatet-e-arritura-sukses","status":"publish","type":"post","link":"https:\/\/www.visit-ulcinj.com\/blog\/2009\/10\/19\/klubi-i-karatese-%e2%80%9cchampion%e2%80%9d-rezultatet-e-arritura-sukses\/","title":{"rendered":"Klubi i Karates\u00eb \u201cChampion\u201d: Rezultatet e arritura sukses"},"content":{"rendered":"<p><a href=\"http:\/\/www.visit-ulcinj.com\/blog\/wp-content\/uploads\/2009\/10\/klubi-karates-\u201cChampion\u201d-ulqin.jpg\"><img loading=\"lazy\" class=\"alignleft size-full wp-image-26742\" title=\"klubi  karates \u201cChampion\u201d ulqin\" src=\"http:\/\/www.visit-ulcinj.com\/blog\/wp-content\/uploads\/2009\/10\/klubi-karates-\u201cChampion\u201d-ulqin.jpg\" alt=\"klubi  karates \u201cChampion\u201d ulqin\" width=\"300\" height=\"225\" \/><\/a>Sipas trajner\u00ebve t\u00eb KK \u201cChampion\u201d, Lek\u00eb Markiqi dhe Nail Kurtoviqi, rezultatet e arritura n\u00eb k\u00ebt\u00eb turne p\u00ebrb\u00ebjn\u00eb sukses p\u00ebr klubin e tyre. Ata thon\u00eb se \u201cturneu ishte mjaft i r\u00ebnd\u00ebsish\u00ebm sepse n\u00eb t\u00eb mor\u00ebn pjes\u00eb klubet m\u00eb t\u00eb dalluara t\u00eb Malit t\u00eb Zi\u201d.<br \/>\nKlubi i Karates\u00eb \u201cChampion\u201d nga Ulqini fitoi 32 medalje, prej t\u00eb cilave dhjet\u00eb t\u00eb arta, tet\u00eb t\u00eb argjendta dhe 14 t\u00eb bronzta n\u00eb Turneun Nd\u00ebrkomb\u00ebtar \u201cKollashinski Pobjednik\u201d q\u00eb u mbajt t\u00eb shtun\u00ebn n\u00eb Kollashin.<br \/>\nN\u00eb kata individuale me medalje t\u00eb arta u kuror\u00ebzuan Admir Sella dhe Ermir Kurtoviq i cili tregoi talent duke arritur t\u00eb p\u00ebrballoj\u00eb konkurrent\u00ebt me rezultate maksimale. Trajner\u00ebt e KK \u201cChampion\u201d thon\u00eb se ky garues i ri meriton l\u00ebvdata duke marr\u00eb parasysh mosh\u00ebn e tij shum\u00eb t\u00eb re. Me medalje t\u00eb argjendt\u00eb, po n\u00eb kata individuale, u kuror\u00ebzua Martina Peciq, nd\u00ebrsa me medalje t\u00eb bronzta Eliza Markiq dhe Adonis Markashi.<br \/>\nN\u00eb lufta individuale, medalje t\u00eb arta fituan Nikolla dhe Ardit Murati, medalje t\u00eb argjendta Ervin Deljanin, Edmond Mehmedi dhe Ena Kova\u00e7eviq, nd\u00ebrsa medalje t\u00eb bronzt\u00eb Lejla<br \/>\nSulejmani.<br \/>\nN\u00eb kategorin\u00eb ekipore, ekipi i katave i grupmosh\u00ebs 2000 e m\u00eb t\u00eb rinj i p\u00ebrb\u00ebr\u00eb nga Eliza Markiq, Ajla Murati dhe Martina Peciq u kuror\u00ebzua me medalje t\u00eb art\u00eb.<br \/>\nMedalje t\u00eb art\u00eb fitoi edhe ekipi i katave, grupmosha 2000 e m\u00eb t\u00eb rinj, i p\u00ebrb\u00ebr\u00eb nga Admir Sella, Goran Kilibarda dhe Elvir Deljanin, nd\u00ebrsa ekipi i katave, grupmosha `96\/97, i p\u00ebrb\u00ebr\u00eb nga Adonis Markashi, Edmond Mehmedi dhe Ardit Murati u kuror\u00ebzua me medalje t\u00eb bronzt\u00eb.<br \/>\nN\u00eb disiplin\u00ebn e luftave, ekipi i grupmosh\u00ebs `98\/99, n\u00eb p\u00ebrb\u00ebrje Ivana Rangjelloviq, Lejla Sulejmani, Jehona Koleni dhe Ena Kova\u00e7eviq u kuror\u00ebzua me medalje t\u00eb argjendt\u00eb, nd\u00ebrsa medalje t\u00eb bronzta fituan ekipi i grupmosh\u00ebs `99\/98, i p\u00ebrb\u00ebr\u00eb nga Nikolla Junkoviq, Ervin<br \/>\nDeljanin, Elvir Lika dhe Ardian Gazivoda, si dhe ekipi i grupmosh\u00ebs `97\/96 n\u00eb p\u00ebrb\u00ebrje Adonis Markashi, Edmond Mehmedi, Ardit Murati dhe Eldin Murati.<br \/>\nN\u00eb Turneun \u201cKollashinski Pobjednik 2009\u201d mor\u00ebn pjes\u00eb 466 garues nga 23 klube t\u00eb Malit t\u00eb Zi, nd\u00ebrsa \u201cChampion\u201d u p\u00ebrfaq\u00ebsua me nj\u00ebzet garues.<br \/>\nSipas trajner\u00ebve t\u00eb KK \u201cChampion\u201d, Lek\u00eb Markiqi dhe Nail Kurtoviqi, rezultatet e arritura n\u00eb k\u00ebt\u00eb turne p\u00ebrb\u00ebjn\u00eb sukses p\u00ebr klubin e tyre.<br \/>\n\u201cTurneu ishte mjaft i r\u00ebnd\u00ebsish\u00ebm sepse n\u00eb t\u00eb mor\u00ebn pjes\u00eb klubet m\u00eb t\u00eb dalluara t\u00eb Malit t\u00eb Zi\u201d, thon\u00eb ata duke fal\u00ebnderuar p\u00ebr mb\u00ebshtetjen p\u00ebr t\u00eb marr\u00eb pjes\u00eb n\u00eb k\u00ebt\u00eb turne kryetarin e Komun\u00ebs s\u00eb Ulqinit, G\u00ebzim Hajdinaga, restorantin &#8220;Antique&#8221; dhe sponsorin e p\u00ebrgjithsh\u00ebm t\u00eb k\u00ebtij klubi \u201cBanka e Pare Malazeze\u201d.<br \/>\n<strong><br \/>\nKohapress<\/strong><\/p>\n<p><strong>\n\t\t<style type=\"text\/css\">\n\t\t\t#gallery-1 {\n\t\t\t\tmargin: auto;\n\t\t\t}\n\t\t\t#gallery-1 .gallery-item {\n\t\t\t\tfloat: left;\n\t\t\t\tmargin-top: 10px;\n\t\t\t\ttext-align: center;\n\t\t\t\twidth: 33%;\n\t\t\t}\n\t\t\t#gallery-1 img {\n\t\t\t\tborder: 2px solid #cfcfcf;\n\t\t\t}\n\t\t\t#gallery-1 .gallery-caption {\n\t\t\t\tmargin-left: 0;\n\t\t\t}\n\t\t\t\/* see gallery_shortcode() in wp-includes\/media.php *\/\n\t\t<\/style>\n\t\t<div id='gallery-1' class='gallery galleryid-26741 gallery-columns-3 gallery-size-thumbnail'><dl class='gallery-item'>\n\t\t\t<dt class='gallery-icon '>\n\t\t\t\t<a href='https:\/\/www.visit-ulcinj.com\/blog\/wp-content\/uploads\/2009\/10\/klubi-karates-\u00e2\u20ac\u0153Champion\u00e2\u20ac\u009d-ulqin.jpg'><img width=\"1\" height=\"1\" src=\"https:\/\/www.visit-ulcinj.com\/blog\/wp-content\/uploads\/2009\/10\/klubi-karates-\u00e2\u20ac\u0153Champion\u00e2\u20ac\u009d-ulqin.jpg\" class=\"attachment-thumbnail size-thumbnail\" alt=\"\" loading=\"lazy\" \/><\/a>\n\t\t\t<\/dt><\/dl><dl class='gallery-item'>\n\t\t\t<dt class='gallery-icon landscape'>\n\t\t\t\t<a href='https:\/\/www.visit-ulcinj.com\/blog\/wp-content\/uploads\/2009\/10\/ardi-bani-edo.jpg'><img width=\"150\" height=\"150\" src=\"https:\/\/www.visit-ulcinj.com\/blog\/wp-content\/uploads\/2009\/10\/ardi-bani-edo-150x150.jpg\" class=\"attachment-thumbnail size-thumbnail\" alt=\"\" loading=\"lazy\" \/><\/a>\n\t\t\t<\/dt><\/dl><dl class='gallery-item'>\n\t\t\t<dt class='gallery-icon portrait'>\n\t\t\t\t<a href='https:\/\/www.visit-ulcinj.com\/blog\/wp-content\/uploads\/2009\/10\/ardi-bani.jpg'><img width=\"150\" height=\"150\" src=\"https:\/\/www.visit-ulcinj.com\/blog\/wp-content\/uploads\/2009\/10\/ardi-bani-150x150.jpg\" class=\"attachment-thumbnail size-thumbnail\" alt=\"\" loading=\"lazy\" srcset=\"https:\/\/www.visit-ulcinj.com\/blog\/wp-content\/uploads\/2009\/10\/ardi-bani-150x150.jpg 150w, https:\/\/www.visit-ulcinj.com\/blog\/wp-content\/uploads\/2009\/10\/ardi-bani.jpg 581w\" sizes=\"(max-width: 150px) 100vw, 150px\" \/><\/a>\n\t\t\t<\/dt><\/dl><br style=\"clear: both\" \/><dl class='gallery-item'>\n\t\t\t<dt class='gallery-icon landscape'>\n\t\t\t\t<a href='https:\/\/www.visit-ulcinj.com\/blog\/wp-content\/uploads\/2009\/10\/bani-ardijhj.jpg'><img width=\"150\" height=\"150\" src=\"https:\/\/www.visit-ulcinj.com\/blog\/wp-content\/uploads\/2009\/10\/bani-ardijhj-150x150.jpg\" class=\"attachment-thumbnail size-thumbnail\" alt=\"\" loading=\"lazy\" \/><\/a>\n\t\t\t<\/dt><\/dl><dl class='gallery-item'>\n\t\t\t<dt class='gallery-icon landscape'>\n\t\t\t\t<a href='https:\/\/www.visit-ulcinj.com\/blog\/wp-content\/uploads\/2009\/10\/bani.jpg'><img width=\"150\" height=\"150\" src=\"https:\/\/www.visit-ulcinj.com\/blog\/wp-content\/uploads\/2009\/10\/bani-150x150.jpg\" class=\"attachment-thumbnail size-thumbnail\" alt=\"\" loading=\"lazy\" \/><\/a>\n\t\t\t<\/dt><\/dl><dl class='gallery-item'>\n\t\t\t<dt class='gallery-icon landscape'>\n\t\t\t\t<a href='https:\/\/www.visit-ulcinj.com\/blog\/wp-content\/uploads\/2009\/10\/K.k.ch-podgorica.jpg'><img width=\"150\" height=\"150\" src=\"https:\/\/www.visit-ulcinj.com\/blog\/wp-content\/uploads\/2009\/10\/K.k.ch-podgorica-150x150.jpg\" class=\"attachment-thumbnail size-thumbnail\" alt=\"\" loading=\"lazy\" \/><\/a>\n\t\t\t<\/dt><\/dl><br style=\"clear: both\" \/><dl class='gallery-item'>\n\t\t\t<dt class='gallery-icon landscape'>\n\t\t\t\t<a href='https:\/\/www.visit-ulcinj.com\/blog\/wp-content\/uploads\/2009\/10\/kc-ch.jpg'><img width=\"150\" height=\"150\" src=\"https:\/\/www.visit-ulcinj.com\/blog\/wp-content\/uploads\/2009\/10\/kc-ch-150x150.jpg\" class=\"attachment-thumbnail size-thumbnail\" alt=\"\" loading=\"lazy\" \/><\/a>\n\t\t\t<\/dt><\/dl><dl class='gallery-item'>\n\t\t\t<dt class='gallery-icon landscape'>\n\t\t\t\t<a href='https:\/\/www.visit-ulcinj.com\/blog\/wp-content\/uploads\/2009\/10\/kc-ch-photos.jpg'><img width=\"150\" height=\"150\" src=\"https:\/\/www.visit-ulcinj.com\/blog\/wp-content\/uploads\/2009\/10\/kc-ch-photos-150x150.jpg\" class=\"attachment-thumbnail size-thumbnail\" alt=\"\" loading=\"lazy\" \/><\/a>\n\t\t\t<\/dt><\/dl>\n\t\t\t<br style='clear: both' \/>\n\t\t<\/div>\n<br \/>\n<\/strong><\/p>\n","protected":false},"excerpt":{"rendered":"<p>Sipas trajner\u00ebve t\u00eb KK \u201cChampion\u201d, Lek\u00eb Markiqi dhe Nail Kurtoviqi, rezultatet e arritura n\u00eb k\u00ebt\u00eb turne p\u00ebrb\u00ebjn\u00eb sukses p\u00ebr klubin e tyre. Ata thon\u00eb se \u201cturneu ishte mjaft i r\u00ebnd\u00ebsish\u00ebm sepse n\u00eb t\u00eb mor\u00ebn pjes\u00eb klubet m\u00eb t\u00eb dalluara t\u00eb Malit t\u00eb Zi\u201d. Klubi i Karates\u00eb \u201cChampion\u201d nga Ulqini fitoi 32 medalje, prej t\u00eb cilave [&hellip;]<\/p>\n","protected":false},"author":1,"featured_media":0,"comment_status":"open","ping_status":"closed","sticky":false,"template":"","format":"standard","meta":{"spay_email":"","jetpack_publicize_message":"","jetpack_is_tweetstorm":false,"jetpack_publicize_feature_enabled":true},"categories":[3],"tags":[12726,12699,8996],"jetpack_publicize_connections":[],"yoast_head":"<!-- This site is optimized with the Yoast SEO plugin v19.1 - https:\/\/yoast.com\/wordpress\/plugins\/seo\/ -->\n<title>Klubi i Karates\u00eb \u201cChampion\u201d: Rezultatet e arritura sukses - Lajme nga Ulqini<\/title>\n<meta name=\"description\" content=\"Sipas trajner\u00ebve t\u00eb KK \u201cChampion\u201d, Lek\u00eb Markiqi dhe Nail Kurtoviqi, rezultatet e arritura n\u00eb k\u00ebt\u00eb turne p\u00ebrb\u00ebjn\u00eb sukses p\u00ebr klubin e tyre. Ata thon\u00eb se\" \/>\n<meta name=\"robots\" content=\"index, follow, max-snippet:-1, max-image-preview:large, max-video-preview:-1\" \/>\n<link rel=\"canonical\" href=\"https:\/\/www.visit-ulcinj.com\/blog\/2009\/10\/19\/klubi-i-karatese-\u201cchampion\u201d-rezultatet-e-arritura-sukses\/\" \/>\n<meta property=\"og:locale\" content=\"en_US\" \/>\n<meta property=\"og:type\" content=\"article\" \/>\n<meta property=\"og:title\" content=\"Klubi i Karates\u00eb \u201cChampion\u201d: Rezultatet e arritura sukses - Lajme nga Ulqini\" \/>\n<meta property=\"og:description\" content=\"Sipas trajner\u00ebve t\u00eb KK \u201cChampion\u201d, Lek\u00eb Markiqi dhe Nail Kurtoviqi, rezultatet e arritura n\u00eb k\u00ebt\u00eb turne p\u00ebrb\u00ebjn\u00eb sukses p\u00ebr klubin e tyre. Ata thon\u00eb se\" \/>\n<meta property=\"og:url\" content=\"https:\/\/www.visit-ulcinj.com\/blog\/2009\/10\/19\/klubi-i-karatese-\u201cchampion\u201d-rezultatet-e-arritura-sukses\/\" \/>\n<meta property=\"og:site_name\" content=\"Lajme nga Ulqini\" \/>\n<meta property=\"article:published_time\" content=\"2009-10-19T19:01:45+00:00\" \/>\n<meta property=\"article:modified_time\" content=\"2009-11-03T18:58:18+00:00\" \/>\n<meta property=\"og:image\" content=\"https:\/\/www.visit-ulcinj.com\/blog\/wp-content\/uploads\/2009\/10\/klubi-karates-\u00e2\u20ac\u0153Champion\u00e2\u20ac\u009d-ulqin.jpg\" \/>\n<meta name=\"twitter:label1\" content=\"Written by\" \/>\n\t<meta name=\"twitter:data1\" content=\"ulqini\" \/>\n\t<meta name=\"twitter:label2\" content=\"Est. reading time\" \/>\n\t<meta name=\"twitter:data2\" content=\"2 minutes\" \/>\n<script type=\"application\/ld+json\" class=\"yoast-schema-graph\">{\"@context\":\"https:\/\/schema.org\",\"@graph\":[{\"@type\":\"WebSite\",\"@id\":\"https:\/\/www.visit-ulcinj.com\/blog\/#website\",\"url\":\"https:\/\/www.visit-ulcinj.com\/blog\/\",\"name\":\"Lajme nga Ulqini\",\"description\":\"Lajme,Vijesti,Ulqini,Ulqin,Crna Gora,Mali i Zi\",\"potentialAction\":[{\"@type\":\"SearchAction\",\"target\":{\"@type\":\"EntryPoint\",\"urlTemplate\":\"https:\/\/www.visit-ulcinj.com\/blog\/?s={search_term_string}\"},\"query-input\":\"required name=search_term_string\"}],\"inLanguage\":\"en-US\"},{\"@type\":\"WebPage\",\"@id\":\"https:\/\/www.visit-ulcinj.com\/blog\/2009\/10\/19\/klubi-i-karatese-%e2%80%9cchampion%e2%80%9d-rezultatet-e-arritura-sukses\/#webpage\",\"url\":\"https:\/\/www.visit-ulcinj.com\/blog\/2009\/10\/19\/klubi-i-karatese-%e2%80%9cchampion%e2%80%9d-rezultatet-e-arritura-sukses\/\",\"name\":\"Klubi i Karates\u00eb \u201cChampion\u201d: Rezultatet e arritura sukses - Lajme nga Ulqini\",\"isPartOf\":{\"@id\":\"https:\/\/www.visit-ulcinj.com\/blog\/#website\"},\"datePublished\":\"2009-10-19T19:01:45+00:00\",\"dateModified\":\"2009-11-03T18:58:18+00:00\",\"author\":{\"@id\":\"https:\/\/www.visit-ulcinj.com\/blog\/#\/schema\/person\/dcab619c614d3038751c63bc2aadc06d\"},\"description\":\"Sipas trajner\u00ebve t\u00eb KK \u201cChampion\u201d, Lek\u00eb Markiqi dhe Nail Kurtoviqi, rezultatet e arritura n\u00eb k\u00ebt\u00eb turne p\u00ebrb\u00ebjn\u00eb sukses p\u00ebr klubin e tyre. Ata thon\u00eb se\",\"breadcrumb\":{\"@id\":\"https:\/\/www.visit-ulcinj.com\/blog\/2009\/10\/19\/klubi-i-karatese-%e2%80%9cchampion%e2%80%9d-rezultatet-e-arritura-sukses\/#breadcrumb\"},\"inLanguage\":\"en-US\",\"potentialAction\":[{\"@type\":\"ReadAction\",\"target\":[\"https:\/\/www.visit-ulcinj.com\/blog\/2009\/10\/19\/klubi-i-karatese-%e2%80%9cchampion%e2%80%9d-rezultatet-e-arritura-sukses\/\"]}]},{\"@type\":\"BreadcrumbList\",\"@id\":\"https:\/\/www.visit-ulcinj.com\/blog\/2009\/10\/19\/klubi-i-karatese-%e2%80%9cchampion%e2%80%9d-rezultatet-e-arritura-sukses\/#breadcrumb\",\"itemListElement\":[{\"@type\":\"ListItem\",\"position\":1,\"name\":\"Klubi i Karates\u00eb \u201cChampion\u201d: Rezultatet e arritura sukses\"}]},{\"@type\":\"Person\",\"@id\":\"https:\/\/www.visit-ulcinj.com\/blog\/#\/schema\/person\/dcab619c614d3038751c63bc2aadc06d\",\"name\":\"ulqini\",\"sameAs\":[\"http:\/\/www.visit-ulcinj.com\"],\"url\":\"https:\/\/www.visit-ulcinj.com\/blog\/author\/admin\/\"}]}<\/script>\n<!-- \/ Yoast SEO plugin. -->","yoast_head_json":{"title":"Klubi i Karates\u00eb \u201cChampion\u201d: Rezultatet e arritura sukses - Lajme nga Ulqini","description":"Sipas trajner\u00ebve t\u00eb KK \u201cChampion\u201d, Lek\u00eb Markiqi dhe Nail Kurtoviqi, rezultatet e arritura n\u00eb k\u00ebt\u00eb turne p\u00ebrb\u00ebjn\u00eb sukses p\u00ebr klubin e tyre. Ata thon\u00eb se","robots":{"index":"index","follow":"follow","max-snippet":"max-snippet:-1","max-image-preview":"max-image-preview:large","max-video-preview":"max-video-preview:-1"},"canonical":"https:\/\/www.visit-ulcinj.com\/blog\/2009\/10\/19\/klubi-i-karatese-\u201cchampion\u201d-rezultatet-e-arritura-sukses\/","og_locale":"en_US","og_type":"article","og_title":"Klubi i Karates\u00eb \u201cChampion\u201d: Rezultatet e arritura sukses - Lajme nga Ulqini","og_description":"Sipas trajner\u00ebve t\u00eb KK \u201cChampion\u201d, Lek\u00eb Markiqi dhe Nail Kurtoviqi, rezultatet e arritura n\u00eb k\u00ebt\u00eb turne p\u00ebrb\u00ebjn\u00eb sukses p\u00ebr klubin e tyre. Ata thon\u00eb se","og_url":"https:\/\/www.visit-ulcinj.com\/blog\/2009\/10\/19\/klubi-i-karatese-\u201cchampion\u201d-rezultatet-e-arritura-sukses\/","og_site_name":"Lajme nga Ulqini","article_published_time":"2009-10-19T19:01:45+00:00","article_modified_time":"2009-11-03T18:58:18+00:00","og_image":[{"url":"https:\/\/www.visit-ulcinj.com\/blog\/wp-content\/uploads\/2009\/10\/klubi-karates-\u00e2\u20ac\u0153Champion\u00e2\u20ac\u009d-ulqin.jpg"}],"twitter_misc":{"Written by":"ulqini","Est. reading time":"2 minutes"},"schema":{"@context":"https:\/\/schema.org","@graph":[{"@type":"WebSite","@id":"https:\/\/www.visit-ulcinj.com\/blog\/#website","url":"https:\/\/www.visit-ulcinj.com\/blog\/","name":"Lajme nga Ulqini","description":"Lajme,Vijesti,Ulqini,Ulqin,Crna Gora,Mali i Zi","potentialAction":[{"@type":"SearchAction","target":{"@type":"EntryPoint","urlTemplate":"https:\/\/www.visit-ulcinj.com\/blog\/?s={search_term_string}"},"query-input":"required name=search_term_string"}],"inLanguage":"en-US"},{"@type":"WebPage","@id":"https:\/\/www.visit-ulcinj.com\/blog\/2009\/10\/19\/klubi-i-karatese-%e2%80%9cchampion%e2%80%9d-rezultatet-e-arritura-sukses\/#webpage","url":"https:\/\/www.visit-ulcinj.com\/blog\/2009\/10\/19\/klubi-i-karatese-%e2%80%9cchampion%e2%80%9d-rezultatet-e-arritura-sukses\/","name":"Klubi i Karates\u00eb \u201cChampion\u201d: Rezultatet e arritura sukses - Lajme nga Ulqini","isPartOf":{"@id":"https:\/\/www.visit-ulcinj.com\/blog\/#website"},"datePublished":"2009-10-19T19:01:45+00:00","dateModified":"2009-11-03T18:58:18+00:00","author":{"@id":"https:\/\/www.visit-ulcinj.com\/blog\/#\/schema\/person\/dcab619c614d3038751c63bc2aadc06d"},"description":"Sipas trajner\u00ebve t\u00eb KK \u201cChampion\u201d, Lek\u00eb Markiqi dhe Nail Kurtoviqi, rezultatet e arritura n\u00eb k\u00ebt\u00eb turne p\u00ebrb\u00ebjn\u00eb sukses p\u00ebr klubin e tyre. Ata thon\u00eb se","breadcrumb":{"@id":"https:\/\/www.visit-ulcinj.com\/blog\/2009\/10\/19\/klubi-i-karatese-%e2%80%9cchampion%e2%80%9d-rezultatet-e-arritura-sukses\/#breadcrumb"},"inLanguage":"en-US","potentialAction":[{"@type":"ReadAction","target":["https:\/\/www.visit-ulcinj.com\/blog\/2009\/10\/19\/klubi-i-karatese-%e2%80%9cchampion%e2%80%9d-rezultatet-e-arritura-sukses\/"]}]},{"@type":"BreadcrumbList","@id":"https:\/\/www.visit-ulcinj.com\/blog\/2009\/10\/19\/klubi-i-karatese-%e2%80%9cchampion%e2%80%9d-rezultatet-e-arritura-sukses\/#breadcrumb","itemListElement":[{"@type":"ListItem","position":1,"name":"Klubi i Karates\u00eb \u201cChampion\u201d: Rezultatet e arritura sukses"}]},{"@type":"Person","@id":"https:\/\/www.visit-ulcinj.com\/blog\/#\/schema\/person\/dcab619c614d3038751c63bc2aadc06d","name":"ulqini","sameAs":["http:\/\/www.visit-ulcinj.com"],"url":"https:\/\/www.visit-ulcinj.com\/blog\/author\/admin\/"}]}},"jetpack_featured_media_url":"","jetpack_sharing_enabled":true,"jetpack_shortlink":"https:\/\/wp.me\/pe6lTn-6Xj","_links":{"self":[{"href":"https:\/\/www.visit-ulcinj.com\/blog\/wp-json\/wp\/v2\/posts\/26741"}],"collection":[{"href":"https:\/\/www.visit-ulcinj.com\/blog\/wp-json\/wp\/v2\/posts"}],"about":[{"href":"https:\/\/www.visit-ulcinj.com\/blog\/wp-json\/wp\/v2\/types\/post"}],"author":[{"embeddable":true,"href":"https:\/\/www.visit-ulcinj.com\/blog\/wp-json\/wp\/v2\/users\/1"}],"replies":[{"embeddable":true,"href":"https:\/\/www.visit-ulcinj.com\/blog\/wp-json\/wp\/v2\/comments?post=26741"}],"version-history":[{"count":0,"href":"https:\/\/www.visit-ulcinj.com\/blog\/wp-json\/wp\/v2\/posts\/26741\/revisions"}],"wp:attachment":[{"href":"https:\/\/www.visit-ulcinj.com\/blog\/wp-json\/wp\/v2\/media?parent=26741"}],"wp:term":[{"taxonomy":"category","embeddable":true,"href":"https:\/\/www.visit-ulcinj.com\/blog\/wp-json\/wp\/v2\/categories?post=26741"},{"taxonomy":"post_tag","embeddable":true,"href":"https:\/\/www.visit-ulcinj.com\/blog\/wp-json\/wp\/v2\/tags?post=26741"}],"curies":[{"name":"wp","href":"https:\/\/api.w.org\/{rel}","templated":true}]}}