{"id":26766,"date":"2009-10-21T22:01:44","date_gmt":"2009-10-21T20:01:44","guid":{"rendered":"http:\/\/www.visit-ulcinj.com\/blog\/?p=26766"},"modified":"2009-10-21T22:01:44","modified_gmt":"2009-10-21T20:01:44","slug":"elvana-gjata-pasionet-e-kengetares-dhe-elektrizimi-ne-skene","status":"publish","type":"post","link":"https:\/\/www.visit-ulcinj.com\/blog\/2009\/10\/21\/elvana-gjata-pasionet-e-kengetares-dhe-elektrizimi-ne-skene\/","title":{"rendered":"Elvana Gjata, pasionet e kengetares dhe elektrizimi ne skene"},"content":{"rendered":"<p><a href=\"http:\/\/www.visit-ulcinj.com\/blog\/wp-content\/uploads\/2009\/10\/Elvana-Gjata.1.jpg\"><img loading=\"lazy\" class=\"alignleft size-full wp-image-26769\" title=\"Elvana Gjata.1\" src=\"http:\/\/www.visit-ulcinj.com\/blog\/wp-content\/uploads\/2009\/10\/Elvana-Gjata.1.jpg\" alt=\"Elvana Gjata.1\" width=\"580\" height=\"400\" \/><\/a>T\u00eb gjith\u00ebve na ka rastisur t\u00eb pakt\u00ebn nj\u00eb her\u00eb, q\u00eb ta d\u00ebgjojm\u00eb dhe t\u00eb ndiejm\u00eb energjin\u00eb e interpretimeve t\u00eb saj. Skena e elektrizon Elvan\u00ebn, sa her\u00eb q\u00eb \u201cetheistes\u201d t\u00eb dikurshme i duhet t\u00eb interpretoj\u00eb. Dashuria m\u00eb e madhe p\u00ebrve\u00e7 motr\u00ebs dhe familjes, natyrisht q\u00eb mbetet k\u00ebnga. Si\u00e7 tashm\u00eb e keni kuptuar, personazhi i k\u00ebsaj jave n\u00eb suplementin \u201cAlbania Weekend\u201d \u00ebsht\u00eb Elvana Gjata. K\u00ebng\u00ebtarja e ka pranuar ftes\u00ebn e gazet\u00ebs p\u00ebr t\u00eb folur mbi jet\u00ebn e saj; d\u00ebshirat dhe pasionet, marr\u00ebdh\u00ebnien me prind\u00ebrit, dashurin\u00eb e par\u00eb, emocionet e sken\u00ebs, hobet, preferencat, planet p\u00ebr t\u00eb ardhmen\u2026 Elvana, p\u00ebrve\u00e7 k\u00ebng\u00ebs vazhdon edhe studimet p\u00ebr regjisur\u00eb, ku shpreson t\u00eb ec\u00eb para. Gjithashtu, jemi p\u00ebrpjekur t\u00eb zbulojm\u00eb di\u00e7ka nga karakteri i saj, pa harruar ta lidhim k\u00ebt\u00eb me m\u00ebnyr\u00ebn e t\u00eb veshurit dhe stilin e k\u00ebng\u00ebtares simpatike. Vajza e n\u00ebnkolonelit Fatmir Gjata nuk i ka shum\u00eb p\u00ebrzem\u00ebr uniformat, ndon\u00ebse ajo ka b\u00ebr\u00eb edhe nj\u00eb klip me uniforma sportivo-ushtarake. Sipas Elvan\u00ebs, buz\u00ebqeshja q\u00eb e karakterizon at\u00eb n\u00eb \u00e7do moment, nuk para shkon me seriozitetin e uniform\u00ebs ushtarake e policore\u2026 Nd\u00ebrsa kur e pyesim Elvan\u00ebn mbi sensualitetin n\u00eb sken\u00eb, p\u00ebrgjigja \u00ebsht\u00eb e shkurt\u00ebr dhe e zgjuar: Nj\u00eb k\u00ebng\u00ebtare duhet t\u00eb ket\u00eb stilin dhe vokalin e mir\u00eb!<\/p>\n<p><strong>Elvana, le ta nisim k\u00ebt\u00eb bised\u00eb me kujtimet. Si ka qen\u00eb f\u00ebmij\u00ebria t\u00ebnde duke qen\u00eb se je rritur n\u00eb nj\u00eb sht\u00ebpi ushtaraku?<\/strong><br \/>\nKam kaluar nj\u00eb f\u00ebmij\u00ebri shum\u00eb t\u00eb bukur, jo vet\u00ebm me dashuri dhe harmoni n\u00eb familje por dhe me disiplin\u00ebn e mjaftueshme p\u00ebr nj\u00eb formim t\u00eb mir\u00eb.<br \/>\n<strong><br \/>\nMe cilin nga prind\u00ebrit ke pasur lidhje m\u00eb t\u00eb ngusht\u00eb?<\/strong><br \/>\nNdon\u00ebse me mamin flas m\u00eb hapur, babin e kam pik\u00eb t\u00eb dob\u00ebt\u2026<\/p>\n<p><strong>Cila ishte marr\u00ebdh\u00ebnia me babain t\u00ebnd, n\u00ebnkolonel Fatmir Gjat\u00ebn?<\/strong><br \/>\nIm at\u00eb ka qen\u00eb dhe \u00ebsht\u00eb nj\u00eb prind q\u00eb di t\u00eb nd\u00ebrthurr\u00eb rrept\u00ebsin\u00eb e nj\u00eb ushtaraku me tempin e nj\u00eb njeriu mjaft gazmor dhe t\u00eb dashur. Kur isha e vog\u00ebl nuk kishim ndonj\u00eb marr\u00ebdh\u00ebnie t\u00eb ngusht\u00eb por tani jemi afruar shum\u00eb.<\/p>\n<p><strong>Ke marr\u00eb ndonj\u00ebher\u00eb, nj\u00eb shuplak\u00eb prej tij, p\u00ebr t\u00eb cil\u00ebn m\u00eb pas \u00ebsht\u00eb penduar?<\/strong><br \/>\nSi f\u00ebmij\u00eb i l\u00ebvizur dhe i shkath\u00ebt q\u00eb kam qen\u00eb, kam ngr\u00ebn\u00eb ndonj\u00eb t\u00eb vock\u00ebl, (qesh) por babi gjithmon\u00eb m\u00eb qortonte m\u00eb tep\u00ebr me shikimin dhe fjal\u00ebn e tij.<\/p>\n<p><strong>T\u00eb kemi par\u00eb t\u00eb zgjedh\u00ebsh p\u00ebr paraqitje n\u00eb publik edhe uniforma tip sportive-ushtarake. Kjo ka t\u00eb b\u00ebj\u00eb m\u00eb tep\u00ebr me rrym\u00ebn q\u00eb k\u00ebndoje apo i dashuron uniformat?<\/strong><br \/>\nKa t\u00eb b\u00ebj\u00eb m\u00eb tep\u00ebr me stilin e veshjes. At\u00ebher\u00eb k\u00ebshtu ishte moda.<\/p>\n<p><strong>Amerikanet parap\u00eblqejn\u00eb uniformat, sidomos ato t\u00eb marinsave e t\u00eb pilot\u00ebve, po ti?<\/strong><br \/>\nNuk kam ndonj\u00eb preferenc\u00eb n\u00eb ve\u00e7anti.<br \/>\n<strong><br \/>\nE ke menduar ndonj\u00ebher\u00eb sikur t\u00eb ishe ushtarake ose police?<\/strong><br \/>\nBo bo\u2026 Nuk m\u00eb shkon fare. Pastaj, buz\u00ebqeshja q\u00eb m\u00eb karakterizon nuk m\u00eb favorizon n\u00eb asnj\u00eb prej k\u00ebtyre profesioneve.<br \/>\n<strong><br \/>\nMe motr\u00ebn, Migen\u00ebn, a vazhdon t\u00eb mendosh p\u00ebr bashk\u00ebpunime?<\/strong><br \/>\nP\u00ebr mua, ajo \u00ebsht\u00eb gj\u00ebja m\u00eb e shtrenjt\u00eb n\u00eb bot\u00eb. Kam shum\u00eb d\u00ebshir\u00eb q\u00eb ta b\u00ebj nj\u00eb k\u00ebng\u00eb me t\u00eb por s\u2019di kur do ta realizoj sepse kam nj\u00eb mori projektesh p\u00ebrpara.<\/p>\n<p><strong>Je shprehur se ke dob\u00ebsi p\u00ebr t\u00eb, nj\u00eb lidhje t\u00eb fort\u00eb afeksionale dhe e ke idhull. Kur ka qen\u00eb momenti m\u00eb i v\u00ebshtir\u00eb q\u00eb motra t\u00eb ka q\u00ebndruar pran\u00eb dhe si t\u00eb ka ndihmuar?<\/strong><br \/>\nKam kaluar shum\u00eb momente t\u00eb v\u00ebshtira, qofshin personale apo profesionale. Ajo ka ditur t\u00eb m\u00eb q\u00ebndroj\u00eb af\u00ebr n\u00eb m\u00ebnyr\u00ebn m\u00eb t\u00eb mir\u00eb t\u00eb mundshme.<\/p>\n<p><strong>Vazhdon t\u00eb flesh me macen?<\/strong><br \/>\nAjo vazhdon t\u00eb flej\u00eb me mua\u2026 (Qesh) E dua shum\u00eb macen pasi \u00ebsht\u00eb nj\u00eb antistres i mir\u00eb.<\/p>\n<p><strong>Si e ka emrin?<\/strong><br \/>\nMilka, sepse \u00ebsht\u00eb e emb\u00ebl si \u00e7okollat\u00eb. \u00cbsht\u00eb komplet e bardh\u00eb, rac\u00eb persiane.<br \/>\n<strong><br \/>\nPo kafsh\u00eb tjet\u00ebr, a t\u00eb p\u00eblqen t\u00eb mbash?<\/strong><br \/>\nKafsh\u00eb tjet\u00ebr nuk kam por do doja te mbaja edhe nj\u00eb zog e njady peshq t\u00eb vegj\u00ebl.<br \/>\n<strong><br \/>\nTatuazhet kan\u00eb qen\u00eb nj\u00eb nga hobet e tua. Kemi ndonj\u00eb tjet\u00ebr t\u00eb re?<\/strong><br \/>\nKan\u00eb qen\u00eb dikur por tani jo dhe aq, megjithat\u00eb, nuk do t\u00eb ishte \u00e7udi po t\u00eb m\u00eb shikonit me nj\u00eb kryq t\u00eb madh n\u00eb shpin\u00eb\u2026<\/p>\n<p><strong>Nuk t\u00eb shkon ndonj\u00ebher\u00eb n\u00eb mendje se mund t\u00eb pendohesh p\u00ebr nj\u00eb tatuazh q\u00eb e b\u00ebn dhe t\u00eb vuash p\u00ebr ta fshir\u00eb nga trupi?<\/strong><br \/>\nJo, deri tani kjo nuk m\u00eb ka ndodhur.<\/p>\n<p><strong>Je shprehur se mod\u00ebn nuk e ndjek por e krijon vet\u00eb. Si duhet kuptuar kjo, q\u00eb ke vetvler\u00ebsim t\u00eb madh, talent apo ndoshta dhe pak egoiz\u00ebm?<\/strong><br \/>\nI p\u00ebrshtatem tendencave dhe n\u00eb t\u00eb nj\u00ebjt\u00ebn koh\u00eb, mundohem q\u00eb t\u00eb b\u00ebj mod\u00eb me imazhin dhe stilin tim t\u00eb muzik\u00ebs. Sa p\u00ebr veshjet, ia kam besuar nj\u00ebr\u00ebs prej stilisteve m\u00eb t\u00eb mira n\u00eb Shqip\u00ebri, si\u00e7 \u00ebsht\u00eb Jona Mu\u00e7a.<br \/>\n<strong><br \/>\nSi ka evoluar deri tani marr\u00ebdh\u00ebnia t\u00ebnde me Florin dhe Getoarin?<\/strong><br \/>\nMe Florin gjithmon\u00eb e m\u00eb mir\u00eb; ai vazhdon t\u00eb m\u00eb menaxhoj\u00eb, nd\u00ebrsa me Getoarn kam pasur thjesht nj\u00eb bashk\u00ebpunim. Ai vazhdon karier\u00ebn e vet dhe un\u00eb timen.<\/p>\n<p><strong>A jan\u00eb b\u00ebr\u00eb ndonj\u00ebher\u00eb xheloz\u00eb p\u00ebr nj\u00ebri-tjetrin ata, sa i takon koh\u00ebs q\u00eb kalonin me ty?<\/strong><br \/>\nP\u00ebr \u00e7far\u00eb t\u00eb b\u00ebheshin xheloz\u00eb?!\u2026<br \/>\n<strong><br \/>\nPo ti vet\u00eb, a je ndopak xheloze si natyr\u00eb?<\/strong><br \/>\nE kam xhelozin\u00eb n\u00eb vija normale.<\/p>\n<p>Po sa i takon partnerit, \u00e7far\u00eb do t\u2019i lejoje dhe deri ku do t\u2019ia caktoje limitet.<br \/>\nVaret.<strong><\/p>\n<p>Kthehemi pak pas n\u00eb koh\u00eb; si e mban mend hyrjen n\u00eb \u201cEthet\u2026\u201d?<\/strong><br \/>\nO Zot sa e vog\u00ebl! Jan\u00eb emocione t\u00eb jasht\u00ebzakonshme dhe t\u00eb paharrueshme\u2026<br \/>\n<strong><br \/>\nEmocionet, ndrojtja, mendimet naive t\u00eb asaj kohe\u2026 Nuk t\u00eb duket vetja pak qesharake kur e mendon?<\/strong><br \/>\nMendoj se kan\u00eb qen\u00eb gj\u00ebra normale p\u00ebr mosh\u00ebn q\u00eb kisha.<\/p>\n<p><strong>Kush ka qen\u00eb dashuria e par\u00eb platonike p\u00ebr Elvan\u00ebn?<\/strong><br \/>\nNuk e mbaj mend; nj\u00eb djal\u00eb shum\u00eb i mir\u00eb n\u00eb m\u00ebsime\u2026<br \/>\n<strong><br \/>\nMendon se nj\u00eb k\u00ebng\u00ebtare duhet t\u00eb jet\u00eb patjet\u00ebr sensuale n\u00eb sken\u00eb?<\/strong><br \/>\nN\u00eb radh\u00eb t\u00eb par\u00eb, nj\u00eb k\u00ebng\u00ebtare duhet t\u00eb ket\u00eb patjet\u00ebr stil dhe vokal t\u00eb mir\u00eb.<br \/>\n<strong><br \/>\nCila nga pjes\u00ebt e trupit t\u00eb p\u00eblqen m\u00eb shum\u00eb?<\/strong><br \/>\nBrryli. (Qesh)<br \/>\n<strong><br \/>\nPo m\u00eb pak?<\/strong><br \/>\nGjuri.<\/p>\n<p><strong>Do t\u00eb ishe gati q\u00eb t\u00eb b\u00ebje nj\u00eb nd\u00ebrhyrje kirurgjikale, kur me kalimin e viteve t\u00eb shfaqen rudhat?<\/strong><br \/>\nJo. M\u00eb p\u00eblqen natyrshm\u00ebria.<br \/>\n<strong><br \/>\nJe shprehur se lexon shum\u00eb. \u00c7far\u00eb ke n\u00eb duar tani?<\/strong><br \/>\nV\u00ebllimin e dyt\u00eb me novela t\u00eb Stefan Cvajgut.<\/p>\n<p><strong>Do t\u00eb doje t\u00eb ishe n\u00eb vend t\u00eb dikujt tjet\u00ebr?<\/strong><br \/>\nNdihem mir\u00eb me jet\u00ebn q\u00eb b\u00ebj.<br \/>\n<strong><br \/>\nA do t\u00eb ishe gati nj\u00eb dit\u00eb, q\u00eb t\u00eb b\u00ebje nj\u00eb lib\u00ebr kujtimesh dhe t\u2019i shkruaje t\u00eb gjitha p\u00ebrvojat si kan\u00eb ndodhur n\u00eb t\u00eb v\u00ebrtet\u00eb?<\/strong><br \/>\nJo. Gjith\u00e7ka dua ta mbaj t\u00eb mbyllur n\u00eb memorien time.<br \/>\n<strong><br \/>\nSi ndihesh kur k\u00ebndon; euforike, apo je m\u00eb shum\u00eb n\u00eb ankth?<\/strong><br \/>\n\u00cbsht\u00eb nj\u00eb nd\u00ebrthurrje emocionesh q\u00eb m\u00eb elektrizon.<br \/>\n<strong><br \/>\nPo t\u00eb k\u00ebnduarit n\u00eb vetvete, \u00e7far\u00eb sinjifikon p\u00ebr Elvan\u00ebn?<\/strong><br \/>\nNj\u00eb dashuri e ve\u00e7ant\u00eb\u2026<br \/>\n<strong><br \/>\nMendon se e ke gjetur dashurin\u00eb e jet\u00ebs t\u00ebnde?<\/strong><br \/>\nM\u00eb l\u00ebr dhe pak koh\u00eb dhe pastaj do t\u00eb p\u00ebrgjigjem!<br \/>\n<strong><br \/>\nDashurin\u00eb, si do ta p\u00ebrcaktoje?<\/strong><br \/>\nDhurata m\u00eb e bukur q\u00eb t\u00eb jep Zoti.<br \/>\n<strong><br \/>\nKa p\u00ebrpar\u00ebsi zemra apo mendja n\u00eb vendimet e tua?<\/strong><br \/>\nVaret\u2026<\/p>\n<p><strong>I beson intuit\u00ebs?<\/strong><br \/>\nPo<\/p>\n<p><strong>Po miqve?<\/strong><br \/>\nU besoj shum\u00eb.<br \/>\n<strong><br \/>\nRasti m\u00eb i hidhur kur jeni zhg\u00ebnjyer nga dikush?<\/strong><br \/>\nKa pasur, po nuk ja vlen q\u00eb t\u2019i p\u00ebrmend.<br \/>\n<strong><br \/>\nN\u00eb nj\u00eb jet\u00eb tjet\u00ebr, do t\u00eb doje t\u00eb ishe kafsh\u00eb, shpend, insekt apo peshk?<\/strong><br \/>\nZog.<br \/>\n<strong><br \/>\nT\u00eb p\u00eblqen vera e kuqe?<\/strong><br \/>\nJo, m\u00eb p\u00eblqen e bardha<\/p>\n<p><strong>Je romantike?<\/strong><br \/>\nShum\u00eb.<br \/>\n<strong><br \/>\nKe p\u00ebrgatitur ndonj\u00ebher\u00eb nj\u00eb mbr\u00ebmje intime n\u00ebn drit\u00ebn e qirinjve?<\/strong><br \/>\nPo ti, a ke p\u00ebrgatitur ndonj\u00ebher\u00eb kek me moll\u00eb?<\/p>\n<p><strong>\u00c7far\u00eb vendesh frekuenton m\u00eb shpesh?<\/strong><br \/>\nVendet e qeta.<\/p>\n<p><strong>A di t\u00eb gatuash ndopak apo kulinaria nuk hyn n\u00eb pasionet e tua?<\/strong><br \/>\nGatuaj mrekullisht mir\u00eb.<br \/>\n<strong><br \/>\nMendon se nj\u00eb dit\u00eb do t\u00eb jesh gruaja klasike apo femra n\u00eb karier\u00eb?<\/strong><br \/>\nJet\u00ebs nuk i dihet asnj\u00ebher\u00eb\u2026<\/p>\n<p><strong>Po p\u00ebr regjin\u00eb, si lindi ideja?<\/strong><br \/>\nNuk ishte ide por pasion.<\/p>\n<p><strong>\u00c7far\u00eb synon t\u00eb arrish me k\u00ebt\u00eb deg\u00eb pas p\u00ebrfundimit t\u00eb studimeve?<\/strong><br \/>\nAt\u00eb p\u00ebr t\u00eb cil\u00ebn u futa n\u00eb shkoll\u00eb.<br \/>\n<strong><br \/>\n\u00c7\u2019mendim ke p\u00ebr veten kur shikohesh n\u00eb pasqyr\u00eb?<\/strong><br \/>\nT\u00eb nj\u00ebjtin mendim q\u00eb kam edhe kur nuk shikohem n\u00eb pasqyr\u00eb.<\/p>\n<p>Po si k\u00ebng\u00ebtare, si do ta p\u00ebrcaktoje vetveten?<br \/>\nT\u00eb sukseshme, por me shum\u00eb pun\u00eb q\u00eb presin ende p\u00ebr t\u2019u b\u00ebr\u00eb.<\/p>\n<p><strong>Cila mendon se \u00ebsht\u00eb arma jote m\u00eb e fort\u00eb?<\/strong><br \/>\nVaret nga situata.<\/p>\n<p><strong>Po pika m\u00eb e dob\u00ebt?<\/strong><br \/>\nMir\u00ebsjellja.<\/p>\n<p><strong>Nj\u00eb ves q\u00eb nuk e duron dot?<\/strong><br \/>\nArroganca.<br \/>\n<strong><br \/>\nVirtyti q\u00eb admiron?<\/strong><br \/>\nNdershm\u00ebria.<br \/>\n<strong><br \/>\nP\u00ebr \u00e7far\u00eb je penduar q\u00eb nuk e ke b\u00ebr\u00eb si\u00e7 duhej deri m\u00eb sot?<\/strong><br \/>\nMbase p\u00ebr pun\u00ebt e sht\u00ebpis\u00eb.<\/p>\n<p><strong>S\u00eb fundi, a do t\u00eb kemi ndonj\u00eb k\u00ebng\u00eb t\u00eb re k\u00ebto koh\u00eb dhe n\u00ebse po, p\u00ebr \u00e7far\u00eb b\u00ebhet fjal\u00eb?<\/strong><br \/>\nMbas \u201cK\u00ebnga magjike\u201d m\u00eb pret nj\u00eb sing\u00ebll i ri dhe albumi i dyt\u00eb.<br \/>\n<strong><br \/>\nGazeta Albania<\/strong><\/p>\n<p><strong><br \/>\n<!--YouTube Error: bad URL entered--><br \/>\n<\/strong><\/p>\n","protected":false},"excerpt":{"rendered":"<p>T\u00eb gjith\u00ebve na ka rastisur t\u00eb pakt\u00ebn nj\u00eb her\u00eb, q\u00eb ta d\u00ebgjojm\u00eb dhe t\u00eb ndiejm\u00eb energjin\u00eb e interpretimeve t\u00eb saj. Skena e elektrizon Elvan\u00ebn, sa her\u00eb q\u00eb \u201cetheistes\u201d t\u00eb dikurshme i duhet t\u00eb interpretoj\u00eb. Dashuria m\u00eb e madhe p\u00ebrve\u00e7 motr\u00ebs dhe familjes, natyrisht q\u00eb mbetet k\u00ebnga. Si\u00e7 tashm\u00eb e keni kuptuar, personazhi i k\u00ebsaj jave [&hellip;]<\/p>\n","protected":false},"author":1,"featured_media":0,"comment_status":"open","ping_status":"closed","sticky":false,"template":"","format":"standard","meta":{"spay_email":"","jetpack_publicize_message":"","jetpack_is_tweetstorm":false,"jetpack_publicize_feature_enabled":true},"categories":[1],"tags":[7760],"jetpack_publicize_connections":[],"yoast_head":"<!-- This site is optimized with the Yoast SEO plugin v19.1 - https:\/\/yoast.com\/wordpress\/plugins\/seo\/ -->\n<title>Elvana Gjata, pasionet e kengetares dhe elektrizimi ne skene - Lajme nga Ulqini<\/title>\n<meta name=\"description\" content=\"T\u00eb gjith\u00ebve na ka rastisur t\u00eb pakt\u00ebn nj\u00eb her\u00eb, q\u00eb ta d\u00ebgjojm\u00eb dhe t\u00eb ndiejm\u00eb energjin\u00eb e interpretimeve t\u00eb saj. Skena e elektrizon Elvan\u00ebn, sa her\u00eb q\u00eb\" \/>\n<meta name=\"robots\" content=\"index, follow, max-snippet:-1, max-image-preview:large, max-video-preview:-1\" \/>\n<link rel=\"canonical\" href=\"https:\/\/www.visit-ulcinj.com\/blog\/2009\/10\/21\/elvana-gjata-pasionet-e-kengetares-dhe-elektrizimi-ne-skene\/\" \/>\n<meta property=\"og:locale\" content=\"en_US\" \/>\n<meta property=\"og:type\" content=\"article\" \/>\n<meta property=\"og:title\" content=\"Elvana Gjata, pasionet e kengetares dhe elektrizimi ne skene - Lajme nga Ulqini\" \/>\n<meta property=\"og:description\" content=\"T\u00eb gjith\u00ebve na ka rastisur t\u00eb pakt\u00ebn nj\u00eb her\u00eb, q\u00eb ta d\u00ebgjojm\u00eb dhe t\u00eb ndiejm\u00eb energjin\u00eb e interpretimeve t\u00eb saj. Skena e elektrizon Elvan\u00ebn, sa her\u00eb q\u00eb\" \/>\n<meta property=\"og:url\" content=\"https:\/\/www.visit-ulcinj.com\/blog\/2009\/10\/21\/elvana-gjata-pasionet-e-kengetares-dhe-elektrizimi-ne-skene\/\" \/>\n<meta property=\"og:site_name\" content=\"Lajme nga Ulqini\" \/>\n<meta property=\"article:published_time\" content=\"2009-10-21T20:01:44+00:00\" \/>\n<meta property=\"og:image\" content=\"https:\/\/www.visit-ulcinj.com\/blog\/wp-content\/uploads\/2009\/10\/Elvana-Gjata-150x150.jpg\" \/>\n<meta name=\"twitter:label1\" content=\"Written by\" \/>\n\t<meta name=\"twitter:data1\" content=\"ulqini\" \/>\n\t<meta name=\"twitter:label2\" content=\"Est. reading time\" \/>\n\t<meta name=\"twitter:data2\" content=\"8 minutes\" \/>\n<script type=\"application\/ld+json\" class=\"yoast-schema-graph\">{\"@context\":\"https:\/\/schema.org\",\"@graph\":[{\"@type\":\"WebSite\",\"@id\":\"https:\/\/www.visit-ulcinj.com\/blog\/#website\",\"url\":\"https:\/\/www.visit-ulcinj.com\/blog\/\",\"name\":\"Lajme nga Ulqini\",\"description\":\"Lajme,Vijesti,Ulqini,Ulqin,Crna Gora,Mali i Zi\",\"potentialAction\":[{\"@type\":\"SearchAction\",\"target\":{\"@type\":\"EntryPoint\",\"urlTemplate\":\"https:\/\/www.visit-ulcinj.com\/blog\/?s={search_term_string}\"},\"query-input\":\"required name=search_term_string\"}],\"inLanguage\":\"en-US\"},{\"@type\":\"ImageObject\",\"inLanguage\":\"en-US\",\"@id\":\"https:\/\/www.visit-ulcinj.com\/blog\/2009\/10\/21\/elvana-gjata-pasionet-e-kengetares-dhe-elektrizimi-ne-skene\/#primaryimage\",\"url\":\"http:\/\/www.visit-ulcinj.com\/blog\/wp-content\/uploads\/2009\/10\/Elvana-Gjata.1.jpg\",\"contentUrl\":\"http:\/\/www.visit-ulcinj.com\/blog\/wp-content\/uploads\/2009\/10\/Elvana-Gjata.1.jpg\"},{\"@type\":\"WebPage\",\"@id\":\"https:\/\/www.visit-ulcinj.com\/blog\/2009\/10\/21\/elvana-gjata-pasionet-e-kengetares-dhe-elektrizimi-ne-skene\/#webpage\",\"url\":\"https:\/\/www.visit-ulcinj.com\/blog\/2009\/10\/21\/elvana-gjata-pasionet-e-kengetares-dhe-elektrizimi-ne-skene\/\",\"name\":\"Elvana Gjata, pasionet e kengetares dhe elektrizimi ne skene - Lajme nga Ulqini\",\"isPartOf\":{\"@id\":\"https:\/\/www.visit-ulcinj.com\/blog\/#website\"},\"primaryImageOfPage\":{\"@id\":\"https:\/\/www.visit-ulcinj.com\/blog\/2009\/10\/21\/elvana-gjata-pasionet-e-kengetares-dhe-elektrizimi-ne-skene\/#primaryimage\"},\"datePublished\":\"2009-10-21T20:01:44+00:00\",\"dateModified\":\"2009-10-21T20:01:44+00:00\",\"author\":{\"@id\":\"https:\/\/www.visit-ulcinj.com\/blog\/#\/schema\/person\/dcab619c614d3038751c63bc2aadc06d\"},\"description\":\"T\u00eb gjith\u00ebve na ka rastisur t\u00eb pakt\u00ebn nj\u00eb her\u00eb, q\u00eb ta d\u00ebgjojm\u00eb dhe t\u00eb ndiejm\u00eb energjin\u00eb e interpretimeve t\u00eb saj. Skena e elektrizon Elvan\u00ebn, sa her\u00eb q\u00eb\",\"breadcrumb\":{\"@id\":\"https:\/\/www.visit-ulcinj.com\/blog\/2009\/10\/21\/elvana-gjata-pasionet-e-kengetares-dhe-elektrizimi-ne-skene\/#breadcrumb\"},\"inLanguage\":\"en-US\",\"potentialAction\":[{\"@type\":\"ReadAction\",\"target\":[\"https:\/\/www.visit-ulcinj.com\/blog\/2009\/10\/21\/elvana-gjata-pasionet-e-kengetares-dhe-elektrizimi-ne-skene\/\"]}]},{\"@type\":\"BreadcrumbList\",\"@id\":\"https:\/\/www.visit-ulcinj.com\/blog\/2009\/10\/21\/elvana-gjata-pasionet-e-kengetares-dhe-elektrizimi-ne-skene\/#breadcrumb\",\"itemListElement\":[{\"@type\":\"ListItem\",\"position\":1,\"name\":\"Elvana Gjata, pasionet e kengetares dhe elektrizimi ne skene\"}]},{\"@type\":\"Person\",\"@id\":\"https:\/\/www.visit-ulcinj.com\/blog\/#\/schema\/person\/dcab619c614d3038751c63bc2aadc06d\",\"name\":\"ulqini\",\"sameAs\":[\"http:\/\/www.visit-ulcinj.com\"],\"url\":\"https:\/\/www.visit-ulcinj.com\/blog\/author\/admin\/\"}]}<\/script>\n<!-- \/ Yoast SEO plugin. -->","yoast_head_json":{"title":"Elvana Gjata, pasionet e kengetares dhe elektrizimi ne skene - Lajme nga Ulqini","description":"T\u00eb gjith\u00ebve na ka rastisur t\u00eb pakt\u00ebn nj\u00eb her\u00eb, q\u00eb ta d\u00ebgjojm\u00eb dhe t\u00eb ndiejm\u00eb energjin\u00eb e interpretimeve t\u00eb saj. Skena e elektrizon Elvan\u00ebn, sa her\u00eb q\u00eb","robots":{"index":"index","follow":"follow","max-snippet":"max-snippet:-1","max-image-preview":"max-image-preview:large","max-video-preview":"max-video-preview:-1"},"canonical":"https:\/\/www.visit-ulcinj.com\/blog\/2009\/10\/21\/elvana-gjata-pasionet-e-kengetares-dhe-elektrizimi-ne-skene\/","og_locale":"en_US","og_type":"article","og_title":"Elvana Gjata, pasionet e kengetares dhe elektrizimi ne skene - Lajme nga Ulqini","og_description":"T\u00eb gjith\u00ebve na ka rastisur t\u00eb pakt\u00ebn nj\u00eb her\u00eb, q\u00eb ta d\u00ebgjojm\u00eb dhe t\u00eb ndiejm\u00eb energjin\u00eb e interpretimeve t\u00eb saj. Skena e elektrizon Elvan\u00ebn, sa her\u00eb q\u00eb","og_url":"https:\/\/www.visit-ulcinj.com\/blog\/2009\/10\/21\/elvana-gjata-pasionet-e-kengetares-dhe-elektrizimi-ne-skene\/","og_site_name":"Lajme nga Ulqini","article_published_time":"2009-10-21T20:01:44+00:00","og_image":[{"url":"https:\/\/www.visit-ulcinj.com\/blog\/wp-content\/uploads\/2009\/10\/Elvana-Gjata-150x150.jpg"}],"twitter_misc":{"Written by":"ulqini","Est. reading time":"8 minutes"},"schema":{"@context":"https:\/\/schema.org","@graph":[{"@type":"WebSite","@id":"https:\/\/www.visit-ulcinj.com\/blog\/#website","url":"https:\/\/www.visit-ulcinj.com\/blog\/","name":"Lajme nga Ulqini","description":"Lajme,Vijesti,Ulqini,Ulqin,Crna Gora,Mali i Zi","potentialAction":[{"@type":"SearchAction","target":{"@type":"EntryPoint","urlTemplate":"https:\/\/www.visit-ulcinj.com\/blog\/?s={search_term_string}"},"query-input":"required name=search_term_string"}],"inLanguage":"en-US"},{"@type":"ImageObject","inLanguage":"en-US","@id":"https:\/\/www.visit-ulcinj.com\/blog\/2009\/10\/21\/elvana-gjata-pasionet-e-kengetares-dhe-elektrizimi-ne-skene\/#primaryimage","url":"http:\/\/www.visit-ulcinj.com\/blog\/wp-content\/uploads\/2009\/10\/Elvana-Gjata.1.jpg","contentUrl":"http:\/\/www.visit-ulcinj.com\/blog\/wp-content\/uploads\/2009\/10\/Elvana-Gjata.1.jpg"},{"@type":"WebPage","@id":"https:\/\/www.visit-ulcinj.com\/blog\/2009\/10\/21\/elvana-gjata-pasionet-e-kengetares-dhe-elektrizimi-ne-skene\/#webpage","url":"https:\/\/www.visit-ulcinj.com\/blog\/2009\/10\/21\/elvana-gjata-pasionet-e-kengetares-dhe-elektrizimi-ne-skene\/","name":"Elvana Gjata, pasionet e kengetares dhe elektrizimi ne skene - Lajme nga Ulqini","isPartOf":{"@id":"https:\/\/www.visit-ulcinj.com\/blog\/#website"},"primaryImageOfPage":{"@id":"https:\/\/www.visit-ulcinj.com\/blog\/2009\/10\/21\/elvana-gjata-pasionet-e-kengetares-dhe-elektrizimi-ne-skene\/#primaryimage"},"datePublished":"2009-10-21T20:01:44+00:00","dateModified":"2009-10-21T20:01:44+00:00","author":{"@id":"https:\/\/www.visit-ulcinj.com\/blog\/#\/schema\/person\/dcab619c614d3038751c63bc2aadc06d"},"description":"T\u00eb gjith\u00ebve na ka rastisur t\u00eb pakt\u00ebn nj\u00eb her\u00eb, q\u00eb ta d\u00ebgjojm\u00eb dhe t\u00eb ndiejm\u00eb energjin\u00eb e interpretimeve t\u00eb saj. Skena e elektrizon Elvan\u00ebn, sa her\u00eb q\u00eb","breadcrumb":{"@id":"https:\/\/www.visit-ulcinj.com\/blog\/2009\/10\/21\/elvana-gjata-pasionet-e-kengetares-dhe-elektrizimi-ne-skene\/#breadcrumb"},"inLanguage":"en-US","potentialAction":[{"@type":"ReadAction","target":["https:\/\/www.visit-ulcinj.com\/blog\/2009\/10\/21\/elvana-gjata-pasionet-e-kengetares-dhe-elektrizimi-ne-skene\/"]}]},{"@type":"BreadcrumbList","@id":"https:\/\/www.visit-ulcinj.com\/blog\/2009\/10\/21\/elvana-gjata-pasionet-e-kengetares-dhe-elektrizimi-ne-skene\/#breadcrumb","itemListElement":[{"@type":"ListItem","position":1,"name":"Elvana Gjata, pasionet e kengetares dhe elektrizimi ne skene"}]},{"@type":"Person","@id":"https:\/\/www.visit-ulcinj.com\/blog\/#\/schema\/person\/dcab619c614d3038751c63bc2aadc06d","name":"ulqini","sameAs":["http:\/\/www.visit-ulcinj.com"],"url":"https:\/\/www.visit-ulcinj.com\/blog\/author\/admin\/"}]}},"jetpack_featured_media_url":"","jetpack_sharing_enabled":true,"jetpack_shortlink":"https:\/\/wp.me\/pe6lTn-6XI","_links":{"self":[{"href":"https:\/\/www.visit-ulcinj.com\/blog\/wp-json\/wp\/v2\/posts\/26766"}],"collection":[{"href":"https:\/\/www.visit-ulcinj.com\/blog\/wp-json\/wp\/v2\/posts"}],"about":[{"href":"https:\/\/www.visit-ulcinj.com\/blog\/wp-json\/wp\/v2\/types\/post"}],"author":[{"embeddable":true,"href":"https:\/\/www.visit-ulcinj.com\/blog\/wp-json\/wp\/v2\/users\/1"}],"replies":[{"embeddable":true,"href":"https:\/\/www.visit-ulcinj.com\/blog\/wp-json\/wp\/v2\/comments?post=26766"}],"version-history":[{"count":0,"href":"https:\/\/www.visit-ulcinj.com\/blog\/wp-json\/wp\/v2\/posts\/26766\/revisions"}],"wp:attachment":[{"href":"https:\/\/www.visit-ulcinj.com\/blog\/wp-json\/wp\/v2\/media?parent=26766"}],"wp:term":[{"taxonomy":"category","embeddable":true,"href":"https:\/\/www.visit-ulcinj.com\/blog\/wp-json\/wp\/v2\/categories?post=26766"},{"taxonomy":"post_tag","embeddable":true,"href":"https:\/\/www.visit-ulcinj.com\/blog\/wp-json\/wp\/v2\/tags?post=26766"}],"curies":[{"name":"wp","href":"https:\/\/api.w.org\/{rel}","templated":true}]}}