{"id":2679,"date":"2008-08-23T09:56:30","date_gmt":"2008-08-23T14:56:30","guid":{"rendered":"http:\/\/www.visit-ulcinj.com\/blog\/?p=2679"},"modified":"2008-08-23T09:56:30","modified_gmt":"2008-08-23T14:56:30","slug":"ankohen-shqiptaret-por-edhe-malazezet","status":"publish","type":"post","link":"https:\/\/www.visit-ulcinj.com\/blog\/2008\/08\/23\/ankohen-shqiptaret-por-edhe-malazezet\/","title":{"rendered":"Ankohen shqiptar\u00ebt, por edhe malazez\u00ebt"},"content":{"rendered":"<p><a href=\"http:\/\/www.vlada.cg.yu\/img\/1210932345.jpg\"><img loading=\"lazy\" class=\"alignleft\" title=\"SASA ZEKOVIC\" src=\"http:\/\/www.vlada.cg.yu\/img\/1210932345.jpg\" alt=\"\" width=\"169\" height=\"242\" \/><\/a><strong>Komisioni p\u00ebr t\u00eb drejtat e njeriut dhe mbrojtjen e pakicave komb\u00ebtare n\u00eb tuz pas kat\u00ebr muajsh veprimtari konfirmon<\/strong><br \/>\nTuz- Zyra e L\u00ebvizjes &#8220;Atdheu na Bashkon&#8221; -Komisioni p\u00ebr t\u00eb Drejtat e Njeriut dhe Mbrojtjen e Pakicave Komb\u00ebtare n\u00eb Tuz q\u00eb nga hapja ka kontaktuar me t\u00eb gjitha zyrat n\u00eb Mal t\u00eb Zi q\u00eb merren me t\u00eb drejtat e njeriut dhe mbrojtjen e tyre.<br \/>\n&#8220;S\u00eb bashku me Zyr\u00ebn e hulumtuesit p\u00ebr t\u00eb drejtat e njeriut n\u00eb Podgoric\u00eb, Aleksander Sasha Zekoviq jemi dakorduar p\u00ebr nj\u00eb bashk\u00ebpunim t\u00eb ngusht\u00eb dhe t\u00eb sinqert\u00eb n\u00eb realizimin dhe mbrojtjen e t\u00eb drejtave t\u00eb qytetar\u00ebve tan\u00eb, si dhe kemi realizuar edhe disa projekte&#8221;, thot\u00eb Muhamed Gjokaj, duke njoftuar se kemi insistuar dhe insistojm\u00eb q\u00eb t\u00eb kemi bashk\u00ebpunim edhe me OJQ-t\u00eb e tjera.<br \/>\nSipas tij, nga NAAC-u (K\u00ebshilli Komb\u00ebtar Shqiptaro-Amerikan, zyra e t\u00eb cilit gjendet n\u00eb Podgoric\u00eb) \u00ebsht\u00eb pritur nj\u00eb p\u00ebrkrahje m\u00eb konkrete, me q\u00ebllim q\u00eb t`u bashk\u00ebngjitet atyre n\u00eb k\u00ebrkesat e panum\u00ebrta p\u00ebr lirimin e t\u00eb arrestuarve n\u00eb aksionin policor &#8220;Fluturimi i Shqiponj\u00ebs&#8221;, pastaj edhe n\u00eb k\u00ebrkes\u00ebn e ruajtjes s\u00eb gjuh\u00ebs, kultur\u00ebs, identitetit etj.<br \/>\nGjokaj deklaron se ankesat e popullat\u00ebs shqiptare drejtuar k\u00ebsaj Zyre jan\u00eb t\u00eb shumta.<br \/>\nN\u00eb radh\u00eb t\u00eb par\u00eb ai p\u00ebrmend ankesat e familjar\u00ebve t\u00eb t\u00eb burgosurve n\u00eb aksionin policor, &#8220;Fluturimi i Shqiponj\u00ebs&#8221;, pastaj ankesat p\u00ebr mosfitimin e patentit t\u00eb shoferit me em\u00ebr dhe mbiem\u00ebr origjinal n\u00eb gjuh\u00ebn shqipe, si n\u00eb dokumentet tjera personale etj.<\/p>\n<div id=\"attachment_2680\" style=\"width: 290px\" class=\"wp-caption alignright\"><a href=\"http:\/\/www.visit-ulcinj.com\/blog\/wp-content\/uploads\/2008\/08\/muhamed-gjokaj.jpg\"><img aria-describedby=\"caption-attachment-2680\" loading=\"lazy\" class=\"size-medium wp-image-2680\" title=\"muhamed-gjokaj\" src=\"http:\/\/www.visit-ulcinj.com\/blog\/wp-content\/uploads\/2008\/08\/muhamed-gjokaj.jpg\" alt=\"P\u00ebrfaq\u00ebsuesi i Komisionit p\u00ebr t\u00eb drejtat e njeriut i L\u00ebvizjes \u201cAtdheu na Bashkon\u201d Muhamed Gjokaj\" width=\"280\" height=\"210\" \/><\/a><p id=\"caption-attachment-2680\" class=\"wp-caption-text\">P\u00ebrfaq\u00ebsuesi i Komisionit p\u00ebr t\u00eb drejtat e njeriut i L\u00ebvizjes \u201cAtdheu na Bashkon\u201d Muhamed Gjokaj<\/p><\/div>\n<p>P\u00ebrve\u00e7 k\u00ebtyre, Gjokaj shton se k\u00ebsaj Zyr\u00eb n\u00eb Tuz i jan\u00eb ankuar edhe malazez\u00eb, t\u00eb cil\u00ebt ankohen p\u00ebr prolongimin e proceseve gjyq\u00ebsore n\u00eb Mal t\u00eb Zi, q\u00eb po zgjasin me vite. &#8220;Ankesat e njer\u00ebzve q\u00eb i jan\u00eb drejtuar k\u00ebsaj Zyr\u00eb do t\u00eb jen\u00eb pjes\u00eb e raportit vjetor q\u00eb do t`i paraqiten organizmave nd\u00ebrkomb\u00ebtar\u00eb dhe administrat\u00ebs amerikane&#8221;, njofton Gjokaj, i cili thot\u00eb se q\u00eb nga hapja e Zyr\u00ebs kemi p\u00ebrkrahur k\u00ebrkesa legjitime t\u00eb qytetar\u00ebve t\u00eb Ulqinit n\u00eb lidhje me pronat n\u00eb Valdanos, pastaj kemi organizuar edhe konferenca p\u00ebr mediat, monitoruar proceset gjyq\u00ebsore, t\u00eb cilat mendojm\u00eb se jan\u00eb t\u00eb montuara.<br \/>\nZyra e Komisionit p\u00ebr t\u00eb Drejtat e Njeriut dhe Mbrojtjen e Pakicave Komb\u00ebtare n\u00eb Tuz \u00ebsht\u00eb e hapur p\u00ebr t\u00eb gjith\u00eb njer\u00ebzit q\u00eb ndiejn\u00eb se t\u00eb drejtat e tyre jan\u00eb cunguar dhe i fton ata q\u00eb t\u00eb paraqiten.<br \/>\nKomisioni p\u00ebr t\u00eb Drejtat e Njeriut dhe Mbrojtjen e Pakicave Komb\u00ebtare n\u00eb Tuz \u00ebsht\u00eb hapur m\u00eb 4 prill t\u00eb k\u00ebtij viti.<br \/>\n<strong>autor \/ rr.d.<br \/>\nBurimi \/ Koha Javore<\/strong><\/p>\n","protected":false},"excerpt":{"rendered":"<p><img loading=\"lazy\" class=\"alignleft\" title=\"SASA ZEKOVIC\" src=\"http:\/\/www.vlada.cg.yu\/img\/1210932345.jpg\" alt=\"\" width=\"140\" height=\"140\" \/><\/p>\n","protected":false},"author":1,"featured_media":0,"comment_status":"open","ping_status":"closed","sticky":false,"template":"","format":"standard","meta":{"spay_email":"","jetpack_publicize_message":"","jetpack_is_tweetstorm":false,"jetpack_publicize_feature_enabled":true},"categories":[6,12],"tags":[4412,4413],"jetpack_publicize_connections":[],"yoast_head":"<!-- This site is optimized with the Yoast SEO plugin v19.1 - https:\/\/yoast.com\/wordpress\/plugins\/seo\/ -->\n<title>Ankohen shqiptar\u00ebt, por edhe malazez\u00ebt - Lajme nga Ulqini<\/title>\n<meta name=\"robots\" content=\"index, follow, max-snippet:-1, max-image-preview:large, max-video-preview:-1\" \/>\n<link rel=\"canonical\" href=\"https:\/\/www.visit-ulcinj.com\/blog\/2008\/08\/23\/ankohen-shqiptaret-por-edhe-malazezet\/\" \/>\n<meta property=\"og:locale\" content=\"en_US\" \/>\n<meta property=\"og:type\" content=\"article\" \/>\n<meta property=\"og:title\" content=\"Ankohen shqiptar\u00ebt, por edhe malazez\u00ebt - Lajme nga Ulqini\" \/>\n<meta property=\"og:url\" content=\"https:\/\/www.visit-ulcinj.com\/blog\/2008\/08\/23\/ankohen-shqiptaret-por-edhe-malazezet\/\" \/>\n<meta property=\"og:site_name\" content=\"Lajme nga Ulqini\" \/>\n<meta property=\"article:published_time\" content=\"2008-08-23T14:56:30+00:00\" \/>\n<meta property=\"og:image\" content=\"http:\/\/www.vlada.cg.yu\/img\/1210932345.jpg\" \/>\n<meta name=\"twitter:label1\" content=\"Written by\" \/>\n\t<meta name=\"twitter:data1\" content=\"ulqini\" \/>\n\t<meta name=\"twitter:label2\" content=\"Est. reading time\" \/>\n\t<meta name=\"twitter:data2\" content=\"2 minutes\" \/>\n<script type=\"application\/ld+json\" class=\"yoast-schema-graph\">{\"@context\":\"https:\/\/schema.org\",\"@graph\":[{\"@type\":\"WebSite\",\"@id\":\"https:\/\/www.visit-ulcinj.com\/blog\/#website\",\"url\":\"https:\/\/www.visit-ulcinj.com\/blog\/\",\"name\":\"Lajme nga Ulqini\",\"description\":\"Lajme,Vijesti,Ulqini,Ulqin,Crna Gora,Mali i Zi\",\"potentialAction\":[{\"@type\":\"SearchAction\",\"target\":{\"@type\":\"EntryPoint\",\"urlTemplate\":\"https:\/\/www.visit-ulcinj.com\/blog\/?s={search_term_string}\"},\"query-input\":\"required name=search_term_string\"}],\"inLanguage\":\"en-US\"},{\"@type\":\"ImageObject\",\"inLanguage\":\"en-US\",\"@id\":\"https:\/\/www.visit-ulcinj.com\/blog\/2008\/08\/23\/ankohen-shqiptaret-por-edhe-malazezet\/#primaryimage\",\"url\":\"http:\/\/www.vlada.cg.yu\/img\/1210932345.jpg\",\"contentUrl\":\"http:\/\/www.vlada.cg.yu\/img\/1210932345.jpg\"},{\"@type\":\"WebPage\",\"@id\":\"https:\/\/www.visit-ulcinj.com\/blog\/2008\/08\/23\/ankohen-shqiptaret-por-edhe-malazezet\/#webpage\",\"url\":\"https:\/\/www.visit-ulcinj.com\/blog\/2008\/08\/23\/ankohen-shqiptaret-por-edhe-malazezet\/\",\"name\":\"Ankohen shqiptar\u00ebt, por edhe malazez\u00ebt - Lajme nga Ulqini\",\"isPartOf\":{\"@id\":\"https:\/\/www.visit-ulcinj.com\/blog\/#website\"},\"primaryImageOfPage\":{\"@id\":\"https:\/\/www.visit-ulcinj.com\/blog\/2008\/08\/23\/ankohen-shqiptaret-por-edhe-malazezet\/#primaryimage\"},\"datePublished\":\"2008-08-23T14:56:30+00:00\",\"dateModified\":\"2008-08-23T14:56:30+00:00\",\"author\":{\"@id\":\"https:\/\/www.visit-ulcinj.com\/blog\/#\/schema\/person\/dcab619c614d3038751c63bc2aadc06d\"},\"breadcrumb\":{\"@id\":\"https:\/\/www.visit-ulcinj.com\/blog\/2008\/08\/23\/ankohen-shqiptaret-por-edhe-malazezet\/#breadcrumb\"},\"inLanguage\":\"en-US\",\"potentialAction\":[{\"@type\":\"ReadAction\",\"target\":[\"https:\/\/www.visit-ulcinj.com\/blog\/2008\/08\/23\/ankohen-shqiptaret-por-edhe-malazezet\/\"]}]},{\"@type\":\"BreadcrumbList\",\"@id\":\"https:\/\/www.visit-ulcinj.com\/blog\/2008\/08\/23\/ankohen-shqiptaret-por-edhe-malazezet\/#breadcrumb\",\"itemListElement\":[{\"@type\":\"ListItem\",\"position\":1,\"name\":\"Ankohen shqiptar\u00ebt, por edhe malazez\u00ebt\"}]},{\"@type\":\"Person\",\"@id\":\"https:\/\/www.visit-ulcinj.com\/blog\/#\/schema\/person\/dcab619c614d3038751c63bc2aadc06d\",\"name\":\"ulqini\",\"sameAs\":[\"http:\/\/www.visit-ulcinj.com\"],\"url\":\"https:\/\/www.visit-ulcinj.com\/blog\/author\/admin\/\"}]}<\/script>\n<!-- \/ Yoast SEO plugin. -->","yoast_head_json":{"title":"Ankohen shqiptar\u00ebt, por edhe malazez\u00ebt - Lajme nga Ulqini","robots":{"index":"index","follow":"follow","max-snippet":"max-snippet:-1","max-image-preview":"max-image-preview:large","max-video-preview":"max-video-preview:-1"},"canonical":"https:\/\/www.visit-ulcinj.com\/blog\/2008\/08\/23\/ankohen-shqiptaret-por-edhe-malazezet\/","og_locale":"en_US","og_type":"article","og_title":"Ankohen shqiptar\u00ebt, por edhe malazez\u00ebt - Lajme nga Ulqini","og_url":"https:\/\/www.visit-ulcinj.com\/blog\/2008\/08\/23\/ankohen-shqiptaret-por-edhe-malazezet\/","og_site_name":"Lajme nga Ulqini","article_published_time":"2008-08-23T14:56:30+00:00","og_image":[{"url":"http:\/\/www.vlada.cg.yu\/img\/1210932345.jpg"}],"twitter_misc":{"Written by":"ulqini","Est. reading time":"2 minutes"},"schema":{"@context":"https:\/\/schema.org","@graph":[{"@type":"WebSite","@id":"https:\/\/www.visit-ulcinj.com\/blog\/#website","url":"https:\/\/www.visit-ulcinj.com\/blog\/","name":"Lajme nga Ulqini","description":"Lajme,Vijesti,Ulqini,Ulqin,Crna Gora,Mali i Zi","potentialAction":[{"@type":"SearchAction","target":{"@type":"EntryPoint","urlTemplate":"https:\/\/www.visit-ulcinj.com\/blog\/?s={search_term_string}"},"query-input":"required name=search_term_string"}],"inLanguage":"en-US"},{"@type":"ImageObject","inLanguage":"en-US","@id":"https:\/\/www.visit-ulcinj.com\/blog\/2008\/08\/23\/ankohen-shqiptaret-por-edhe-malazezet\/#primaryimage","url":"http:\/\/www.vlada.cg.yu\/img\/1210932345.jpg","contentUrl":"http:\/\/www.vlada.cg.yu\/img\/1210932345.jpg"},{"@type":"WebPage","@id":"https:\/\/www.visit-ulcinj.com\/blog\/2008\/08\/23\/ankohen-shqiptaret-por-edhe-malazezet\/#webpage","url":"https:\/\/www.visit-ulcinj.com\/blog\/2008\/08\/23\/ankohen-shqiptaret-por-edhe-malazezet\/","name":"Ankohen shqiptar\u00ebt, por edhe malazez\u00ebt - Lajme nga Ulqini","isPartOf":{"@id":"https:\/\/www.visit-ulcinj.com\/blog\/#website"},"primaryImageOfPage":{"@id":"https:\/\/www.visit-ulcinj.com\/blog\/2008\/08\/23\/ankohen-shqiptaret-por-edhe-malazezet\/#primaryimage"},"datePublished":"2008-08-23T14:56:30+00:00","dateModified":"2008-08-23T14:56:30+00:00","author":{"@id":"https:\/\/www.visit-ulcinj.com\/blog\/#\/schema\/person\/dcab619c614d3038751c63bc2aadc06d"},"breadcrumb":{"@id":"https:\/\/www.visit-ulcinj.com\/blog\/2008\/08\/23\/ankohen-shqiptaret-por-edhe-malazezet\/#breadcrumb"},"inLanguage":"en-US","potentialAction":[{"@type":"ReadAction","target":["https:\/\/www.visit-ulcinj.com\/blog\/2008\/08\/23\/ankohen-shqiptaret-por-edhe-malazezet\/"]}]},{"@type":"BreadcrumbList","@id":"https:\/\/www.visit-ulcinj.com\/blog\/2008\/08\/23\/ankohen-shqiptaret-por-edhe-malazezet\/#breadcrumb","itemListElement":[{"@type":"ListItem","position":1,"name":"Ankohen shqiptar\u00ebt, por edhe malazez\u00ebt"}]},{"@type":"Person","@id":"https:\/\/www.visit-ulcinj.com\/blog\/#\/schema\/person\/dcab619c614d3038751c63bc2aadc06d","name":"ulqini","sameAs":["http:\/\/www.visit-ulcinj.com"],"url":"https:\/\/www.visit-ulcinj.com\/blog\/author\/admin\/"}]}},"jetpack_featured_media_url":"","jetpack_sharing_enabled":true,"jetpack_shortlink":"https:\/\/wp.me\/pe6lTn-Hd","_links":{"self":[{"href":"https:\/\/www.visit-ulcinj.com\/blog\/wp-json\/wp\/v2\/posts\/2679"}],"collection":[{"href":"https:\/\/www.visit-ulcinj.com\/blog\/wp-json\/wp\/v2\/posts"}],"about":[{"href":"https:\/\/www.visit-ulcinj.com\/blog\/wp-json\/wp\/v2\/types\/post"}],"author":[{"embeddable":true,"href":"https:\/\/www.visit-ulcinj.com\/blog\/wp-json\/wp\/v2\/users\/1"}],"replies":[{"embeddable":true,"href":"https:\/\/www.visit-ulcinj.com\/blog\/wp-json\/wp\/v2\/comments?post=2679"}],"version-history":[{"count":0,"href":"https:\/\/www.visit-ulcinj.com\/blog\/wp-json\/wp\/v2\/posts\/2679\/revisions"}],"wp:attachment":[{"href":"https:\/\/www.visit-ulcinj.com\/blog\/wp-json\/wp\/v2\/media?parent=2679"}],"wp:term":[{"taxonomy":"category","embeddable":true,"href":"https:\/\/www.visit-ulcinj.com\/blog\/wp-json\/wp\/v2\/categories?post=2679"},{"taxonomy":"post_tag","embeddable":true,"href":"https:\/\/www.visit-ulcinj.com\/blog\/wp-json\/wp\/v2\/tags?post=2679"}],"curies":[{"name":"wp","href":"https:\/\/api.w.org\/{rel}","templated":true}]}}