{"id":2687,"date":"2008-08-24T11:40:38","date_gmt":"2008-08-24T16:40:38","guid":{"rendered":"http:\/\/www.visit-ulcinj.com\/blog\/?p=2687"},"modified":"2009-08-23T16:05:07","modified_gmt":"2009-08-23T14:05:07","slug":"grosbrand-zwingt-touristen-zu-flucht","status":"publish","type":"post","link":"https:\/\/www.visit-ulcinj.com\/blog\/2008\/08\/24\/grosbrand-zwingt-touristen-zu-flucht\/","title":{"rendered":"Gro\u00dfbrand zwingt Touristen zu Flucht"},"content":{"rendered":"<p><a href=\"http:\/\/www.michaeltyler.co.uk\/uploaded_images\/budva-montenegro2-754340.jpg\"><img loading=\"lazy\" class=\"alignleft\" title=\"Budva\" src=\"http:\/\/www.michaeltyler.co.uk\/uploaded_images\/budva-montenegro2-754340.jpg\" alt=\"\" width=\"346\" height=\"230\" \/><\/a><strong>Touristenhochburg im Flammenmeer: Ein Gro\u00dfbrand tobt in den Vororten des Adria-Badeortes Budva in Montenegro. Jetzt helfen L\u00f6schflugzeuge aus dem Ausland, die Katastrophe einzud\u00e4mmen.<\/strong><\/p>\n<p>Podgorica &#8211; Die Flammen bedrohen seit Donnerstag mehrere Touristenhotels in Budva, so dass Urlauber evakuiert werden mussten. Wie Medien am Freitag berichten, w\u00fcrden bei der Bek\u00e4mpfung des Gro\u00dfbrands auch L\u00f6schflugzeuge aus Italien und Serbien eingesetzt. Einige Feuerwehrleute erlitten leichtere Verletzungen.<\/p>\n<p>B\u00fcrgermeister Rajko Kuljaca schloss Brandstiftungen nicht aus. Das Flammenmeer erreichte auch die Badestr\u00e4nde, darunter auch den gro\u00dfen Strand Jaz, auf dem Popstar Madonna am 25. September auftreten will.<\/p>\n<p>Im August hatten Urlauberhochburgen in Montenegro mehrfach f\u00fcr Negativschlagzeilen in den lokalen Zeitungen gesorgt. In Becici an Montenegros Adriak\u00fcste sp\u00fclte eine offensichtlich unsachgem\u00e4\u00df verlegte Wasserleitung fast den ganzen Sandstrand ins Meer. In der nahe gelegenen Bucht von Kotor, die seit 25 Jahren unter Unesco-Schutz steht, sprengte ein windiger &#8220;Unternehmer&#8221; illegal einen halben Berg, um Platz f\u00fcr ein Hotel und einen neuen Strand zu bekommen. Und im Ort Ulcinj sorgte die M\u00fcckenbek\u00e4mpfung am helllichten Tag mit chemischen Keulen unter den Touristen f\u00fcr &#8220;Panik&#8221;, wie Zeitungen berichteten.<\/p>\n<div style=\"width: 378px\" class=\"wp-caption alignright\"><a href=\"http:\/\/www.cerna-hora.net\/ulcinjska_riviera\/img\/ulcinj2.jpg\"><img loading=\"lazy\" title=\"Ulcinj\" src=\"http:\/\/www.cerna-hora.net\/ulcinjska_riviera\/img\/ulcinj2.jpg\" alt=\"Ulcinj\" width=\"368\" height=\"245\" \/><\/a><p class=\"wp-caption-text\">Ulcinj<\/p><\/div>\n<p>Montenegro hatte seine Tourismusangebote in den vergangenen Jahren massiv ausgebaut. Es entstanden F\u00fcnf-Sterne-Hotels, immer neue Luxusapartements f\u00fcr betuchte ausl\u00e4ndische Kundschaft und komplette D\u00f6rfer mit Top-Villen f\u00fcr steinreiche russische Interessenten hoch in den Bergen mit phantastischem Blick aufs Meer. Trotzdem ist f\u00fcr Hoteliers, Souvenirh\u00e4ndler und Tretbootverleiher die laufende Saison ein Flop.<br \/>\nVor allem der jahrelange Wildwuchs illegal errichteter Quartiere macht der atemberaubend sch\u00f6nen K\u00fcste zu schaffen. Da der weitaus gr\u00f6\u00dfte Teil des knapp 300 Kilometer langen Ufers Steilk\u00fcste ist, sind die Str\u00e4nde zu klein, um Massentourismus verkraften zu k\u00f6nnen. Trotzdem geht der Bauboom trotz aller Warnungen vor fehlender Infrastruktur ungehemmt weiter.<\/p>\n<p><strong>sto\/dpa<br \/>\nStern<br \/>\n<\/strong><strong><a href=\"mailto:info.ulqini@gmail.com\" target=\"_blank\">Email:<\/a><\/strong><strong><a href=\"mailto:info.ulqini@gmail.com\" target=\"_blank\"> info.ulqini@gmail.com<\/a><\/strong><strong><br \/>\nLink:<a title=\"Urlaub im ulcinj montenegro\" href=\"http:\/\/visit-ulcinj.com\/\" target=\"_blank\"> www.visit-ulcinj.com\/<\/a><\/strong><\/p>\n<p><!--YouTube Error: bad URL entered--><br \/>\n<strong><a href=\"mailto:info.ulqini@gmail.com\" target=\"_blank\"><br \/>\n<\/a><\/strong><strong><a title=\"Urlaub im ulcinj montenegro\" href=\"http:\/\/visit-ulcinj.com\/\" target=\"_blank\"><\/a><\/strong><\/p>\n","protected":false},"excerpt":{"rendered":"<p><img loading=\"lazy\" class=\"alignleft\" title=\"Budva\" src=\"http:\/\/www.michaeltyler.co.uk\/uploaded_images\/budva-montenegro2-754340.jpg\" alt=\"\" width=\"140\" height=\"140\" \/><\/p>\n","protected":false},"author":1,"featured_media":0,"comment_status":"open","ping_status":"closed","sticky":false,"template":"","format":"standard","meta":{"spay_email":"","jetpack_publicize_message":"","jetpack_is_tweetstorm":false,"jetpack_publicize_feature_enabled":true},"categories":[12,15],"tags":[21,79,19],"jetpack_publicize_connections":[],"yoast_head":"<!-- This site is optimized with the Yoast SEO plugin v19.1 - https:\/\/yoast.com\/wordpress\/plugins\/seo\/ -->\n<title>Gro\u00dfbrand zwingt Touristen zu Flucht - Lajme nga Ulqini<\/title>\n<meta name=\"robots\" content=\"index, follow, max-snippet:-1, max-image-preview:large, max-video-preview:-1\" \/>\n<link rel=\"canonical\" href=\"https:\/\/www.visit-ulcinj.com\/blog\/2008\/08\/24\/grosbrand-zwingt-touristen-zu-flucht\/\" \/>\n<meta property=\"og:locale\" content=\"en_US\" \/>\n<meta property=\"og:type\" content=\"article\" \/>\n<meta property=\"og:title\" content=\"Gro\u00dfbrand zwingt Touristen zu Flucht - Lajme nga Ulqini\" \/>\n<meta property=\"og:url\" content=\"https:\/\/www.visit-ulcinj.com\/blog\/2008\/08\/24\/grosbrand-zwingt-touristen-zu-flucht\/\" \/>\n<meta property=\"og:site_name\" content=\"Lajme nga Ulqini\" \/>\n<meta property=\"article:published_time\" content=\"2008-08-24T16:40:38+00:00\" \/>\n<meta property=\"article:modified_time\" content=\"2009-08-23T14:05:07+00:00\" \/>\n<meta property=\"og:image\" content=\"http:\/\/www.michaeltyler.co.uk\/uploaded_images\/budva-montenegro2-754340.jpg\" \/>\n<meta name=\"twitter:label1\" content=\"Written by\" \/>\n\t<meta name=\"twitter:data1\" content=\"ulqini\" \/>\n\t<meta name=\"twitter:label2\" content=\"Est. reading time\" \/>\n\t<meta name=\"twitter:data2\" content=\"2 minutes\" \/>\n<script type=\"application\/ld+json\" class=\"yoast-schema-graph\">{\"@context\":\"https:\/\/schema.org\",\"@graph\":[{\"@type\":\"WebSite\",\"@id\":\"https:\/\/www.visit-ulcinj.com\/blog\/#website\",\"url\":\"https:\/\/www.visit-ulcinj.com\/blog\/\",\"name\":\"Lajme nga Ulqini\",\"description\":\"Lajme,Vijesti,Ulqini,Ulqin,Crna Gora,Mali i Zi\",\"potentialAction\":[{\"@type\":\"SearchAction\",\"target\":{\"@type\":\"EntryPoint\",\"urlTemplate\":\"https:\/\/www.visit-ulcinj.com\/blog\/?s={search_term_string}\"},\"query-input\":\"required name=search_term_string\"}],\"inLanguage\":\"en-US\"},{\"@type\":\"ImageObject\",\"inLanguage\":\"en-US\",\"@id\":\"https:\/\/www.visit-ulcinj.com\/blog\/2008\/08\/24\/grosbrand-zwingt-touristen-zu-flucht\/#primaryimage\",\"url\":\"http:\/\/www.michaeltyler.co.uk\/uploaded_images\/budva-montenegro2-754340.jpg\",\"contentUrl\":\"http:\/\/www.michaeltyler.co.uk\/uploaded_images\/budva-montenegro2-754340.jpg\"},{\"@type\":\"WebPage\",\"@id\":\"https:\/\/www.visit-ulcinj.com\/blog\/2008\/08\/24\/grosbrand-zwingt-touristen-zu-flucht\/#webpage\",\"url\":\"https:\/\/www.visit-ulcinj.com\/blog\/2008\/08\/24\/grosbrand-zwingt-touristen-zu-flucht\/\",\"name\":\"Gro\u00dfbrand zwingt Touristen zu Flucht - Lajme nga Ulqini\",\"isPartOf\":{\"@id\":\"https:\/\/www.visit-ulcinj.com\/blog\/#website\"},\"primaryImageOfPage\":{\"@id\":\"https:\/\/www.visit-ulcinj.com\/blog\/2008\/08\/24\/grosbrand-zwingt-touristen-zu-flucht\/#primaryimage\"},\"datePublished\":\"2008-08-24T16:40:38+00:00\",\"dateModified\":\"2009-08-23T14:05:07+00:00\",\"author\":{\"@id\":\"https:\/\/www.visit-ulcinj.com\/blog\/#\/schema\/person\/dcab619c614d3038751c63bc2aadc06d\"},\"breadcrumb\":{\"@id\":\"https:\/\/www.visit-ulcinj.com\/blog\/2008\/08\/24\/grosbrand-zwingt-touristen-zu-flucht\/#breadcrumb\"},\"inLanguage\":\"en-US\",\"potentialAction\":[{\"@type\":\"ReadAction\",\"target\":[\"https:\/\/www.visit-ulcinj.com\/blog\/2008\/08\/24\/grosbrand-zwingt-touristen-zu-flucht\/\"]}]},{\"@type\":\"BreadcrumbList\",\"@id\":\"https:\/\/www.visit-ulcinj.com\/blog\/2008\/08\/24\/grosbrand-zwingt-touristen-zu-flucht\/#breadcrumb\",\"itemListElement\":[{\"@type\":\"ListItem\",\"position\":1,\"name\":\"Gro\u00dfbrand zwingt Touristen zu Flucht\"}]},{\"@type\":\"Person\",\"@id\":\"https:\/\/www.visit-ulcinj.com\/blog\/#\/schema\/person\/dcab619c614d3038751c63bc2aadc06d\",\"name\":\"ulqini\",\"sameAs\":[\"http:\/\/www.visit-ulcinj.com\"],\"url\":\"https:\/\/www.visit-ulcinj.com\/blog\/author\/admin\/\"}]}<\/script>\n<!-- \/ Yoast SEO plugin. -->","yoast_head_json":{"title":"Gro\u00dfbrand zwingt Touristen zu Flucht - Lajme nga Ulqini","robots":{"index":"index","follow":"follow","max-snippet":"max-snippet:-1","max-image-preview":"max-image-preview:large","max-video-preview":"max-video-preview:-1"},"canonical":"https:\/\/www.visit-ulcinj.com\/blog\/2008\/08\/24\/grosbrand-zwingt-touristen-zu-flucht\/","og_locale":"en_US","og_type":"article","og_title":"Gro\u00dfbrand zwingt Touristen zu Flucht - Lajme nga Ulqini","og_url":"https:\/\/www.visit-ulcinj.com\/blog\/2008\/08\/24\/grosbrand-zwingt-touristen-zu-flucht\/","og_site_name":"Lajme nga Ulqini","article_published_time":"2008-08-24T16:40:38+00:00","article_modified_time":"2009-08-23T14:05:07+00:00","og_image":[{"url":"http:\/\/www.michaeltyler.co.uk\/uploaded_images\/budva-montenegro2-754340.jpg"}],"twitter_misc":{"Written by":"ulqini","Est. reading time":"2 minutes"},"schema":{"@context":"https:\/\/schema.org","@graph":[{"@type":"WebSite","@id":"https:\/\/www.visit-ulcinj.com\/blog\/#website","url":"https:\/\/www.visit-ulcinj.com\/blog\/","name":"Lajme nga Ulqini","description":"Lajme,Vijesti,Ulqini,Ulqin,Crna Gora,Mali i Zi","potentialAction":[{"@type":"SearchAction","target":{"@type":"EntryPoint","urlTemplate":"https:\/\/www.visit-ulcinj.com\/blog\/?s={search_term_string}"},"query-input":"required name=search_term_string"}],"inLanguage":"en-US"},{"@type":"ImageObject","inLanguage":"en-US","@id":"https:\/\/www.visit-ulcinj.com\/blog\/2008\/08\/24\/grosbrand-zwingt-touristen-zu-flucht\/#primaryimage","url":"http:\/\/www.michaeltyler.co.uk\/uploaded_images\/budva-montenegro2-754340.jpg","contentUrl":"http:\/\/www.michaeltyler.co.uk\/uploaded_images\/budva-montenegro2-754340.jpg"},{"@type":"WebPage","@id":"https:\/\/www.visit-ulcinj.com\/blog\/2008\/08\/24\/grosbrand-zwingt-touristen-zu-flucht\/#webpage","url":"https:\/\/www.visit-ulcinj.com\/blog\/2008\/08\/24\/grosbrand-zwingt-touristen-zu-flucht\/","name":"Gro\u00dfbrand zwingt Touristen zu Flucht - Lajme nga Ulqini","isPartOf":{"@id":"https:\/\/www.visit-ulcinj.com\/blog\/#website"},"primaryImageOfPage":{"@id":"https:\/\/www.visit-ulcinj.com\/blog\/2008\/08\/24\/grosbrand-zwingt-touristen-zu-flucht\/#primaryimage"},"datePublished":"2008-08-24T16:40:38+00:00","dateModified":"2009-08-23T14:05:07+00:00","author":{"@id":"https:\/\/www.visit-ulcinj.com\/blog\/#\/schema\/person\/dcab619c614d3038751c63bc2aadc06d"},"breadcrumb":{"@id":"https:\/\/www.visit-ulcinj.com\/blog\/2008\/08\/24\/grosbrand-zwingt-touristen-zu-flucht\/#breadcrumb"},"inLanguage":"en-US","potentialAction":[{"@type":"ReadAction","target":["https:\/\/www.visit-ulcinj.com\/blog\/2008\/08\/24\/grosbrand-zwingt-touristen-zu-flucht\/"]}]},{"@type":"BreadcrumbList","@id":"https:\/\/www.visit-ulcinj.com\/blog\/2008\/08\/24\/grosbrand-zwingt-touristen-zu-flucht\/#breadcrumb","itemListElement":[{"@type":"ListItem","position":1,"name":"Gro\u00dfbrand zwingt Touristen zu Flucht"}]},{"@type":"Person","@id":"https:\/\/www.visit-ulcinj.com\/blog\/#\/schema\/person\/dcab619c614d3038751c63bc2aadc06d","name":"ulqini","sameAs":["http:\/\/www.visit-ulcinj.com"],"url":"https:\/\/www.visit-ulcinj.com\/blog\/author\/admin\/"}]}},"jetpack_featured_media_url":"","jetpack_sharing_enabled":true,"jetpack_shortlink":"https:\/\/wp.me\/pe6lTn-Hl","_links":{"self":[{"href":"https:\/\/www.visit-ulcinj.com\/blog\/wp-json\/wp\/v2\/posts\/2687"}],"collection":[{"href":"https:\/\/www.visit-ulcinj.com\/blog\/wp-json\/wp\/v2\/posts"}],"about":[{"href":"https:\/\/www.visit-ulcinj.com\/blog\/wp-json\/wp\/v2\/types\/post"}],"author":[{"embeddable":true,"href":"https:\/\/www.visit-ulcinj.com\/blog\/wp-json\/wp\/v2\/users\/1"}],"replies":[{"embeddable":true,"href":"https:\/\/www.visit-ulcinj.com\/blog\/wp-json\/wp\/v2\/comments?post=2687"}],"version-history":[{"count":0,"href":"https:\/\/www.visit-ulcinj.com\/blog\/wp-json\/wp\/v2\/posts\/2687\/revisions"}],"wp:attachment":[{"href":"https:\/\/www.visit-ulcinj.com\/blog\/wp-json\/wp\/v2\/media?parent=2687"}],"wp:term":[{"taxonomy":"category","embeddable":true,"href":"https:\/\/www.visit-ulcinj.com\/blog\/wp-json\/wp\/v2\/categories?post=2687"},{"taxonomy":"post_tag","embeddable":true,"href":"https:\/\/www.visit-ulcinj.com\/blog\/wp-json\/wp\/v2\/tags?post=2687"}],"curies":[{"name":"wp","href":"https:\/\/api.w.org\/{rel}","templated":true}]}}