{"id":26910,"date":"2009-11-11T16:04:26","date_gmt":"2009-11-11T14:04:26","guid":{"rendered":"http:\/\/www.visit-ulcinj.com\/blog\/?p=26910"},"modified":"2009-11-12T17:35:05","modified_gmt":"2009-11-12T15:35:05","slug":"%e2%80%9ce-ka-mizen-nen-kesule%e2%80%9d-ky","status":"publish","type":"post","link":"https:\/\/www.visit-ulcinj.com\/blog\/2009\/11\/11\/%e2%80%9ce-ka-mizen-nen-kesule%e2%80%9d-ky\/","title":{"rendered":"\u201cE ka miz\u00ebn n\u00ebn k\u00ebsul\u00eb\u201d, ky !"},"content":{"rendered":"<p><a href=\"http:\/\/www.visit-ulcinj.com\/blog\/wp-content\/uploads\/2009\/11\/shaban-peraj.jpg\"><img loading=\"lazy\" class=\"alignleft size-full wp-image-27019\" title=\"shaban-peraj\" src=\"http:\/\/www.visit-ulcinj.com\/blog\/wp-content\/uploads\/2009\/11\/shaban-peraj.jpg\" alt=\"shaban-peraj\" width=\"419\" height=\"382\" srcset=\"https:\/\/www.visit-ulcinj.com\/blog\/wp-content\/uploads\/2009\/11\/shaban-peraj.jpg 453w, https:\/\/www.visit-ulcinj.com\/blog\/wp-content\/uploads\/2009\/11\/shaban-peraj-300x273.jpg 300w\" sizes=\"(max-width: 419px) 100vw, 419px\" \/><\/a>K\u00ebto rregulla nuk i di dhe nuk i respekton z. Nika pasi q\u00eb p\u00ebrmes votave s\u00eb partis\u00eb sime n\u00eb ato vite, dhe vot\u00ebs sime personale \u00ebsht\u00eb b\u00ebr\u00eb \u201ckryetar partiak i Kuvendit\u201d t\u00eb Ulqinit e assesi nga \u201caft\u00ebsit\u00eb\u201d q\u00eb ka. Aktualisht ai dhe un\u00eb ndajm\u00eb mendime t\u00eb kund\u00ebrta p\u00ebr situat\u00ebn politike t\u00eb krijuar kryesisht nga ai dhe askush tjet\u00ebr, ndaj un\u00eb do t\u00eb mbet\u00ebm thjesht gazetar, i p\u00eblqeu apo jo kjo z. Nika.<\/p>\n<p>Lajmotivi p\u00ebr t\u00eb shkruar k\u00ebt\u00eb artikull \u00ebsht\u00eb shkrimi i z. Nika nj\u00eb jav\u00eb m\u00eb par\u00eb n\u00eb gazet\u00ebn \u201cKoha javore\u201d, dat\u00eb 29 Tetor 2009, me titull \u201cSa posht\u00eb paska r\u00ebn\u00eb Shabani\u201d i cili parap\u00eblqen t\u00eb vazhdoj\u00eb me ide p\u00ebr t\u2019u shitur mend t\u00eb tjer\u00ebve i bindur se vet \u00ebsht\u00eb \u201cevlja\u201d dhe se t\u00eb tjer\u00ebt sipas tij jan\u00eb t\u00eb paditur, apolitik\u00eb e analfabet\u00eb. P\u00ebr \u00e7do gj\u00eb q\u00eb nuk i shkon p\u00ebr shtati z. Nika, ai e fillon duke shar\u00eb e shpifur p\u00ebr t\u00eb tjer\u00ebt, bile q\u00eb n\u00eb krye t\u00eb titullit. Me k\u00ebt\u00eb mundohet t\u00eb tregoj\u00eb n\u00eb opinion gjoja se fajin ia kan\u00eb t\u00eb tjer\u00ebt q\u00eb i kan\u00eb r\u00ebn\u00eb n\u00eb qaf\u00eb, pasiq\u00eb un\u00eb nuk e kam p\u00ebrmendur fare dhe kjo tregon se sa e njeh gazetarin\u00eb. Po t\u00eb mos ishte k\u00ebshtu, at\u00ebher\u00eb p\u00ebrse ky person paraqitet me k\u00ebt\u00eb shkrim pasi askush nuk merert me te, duke m\u00eb b\u00ebr\u00eb me dije se un\u00eb nuk jam n\u00eb rrug\u00ebn time. At\u00ebher\u00eb, \u00e7far\u00eb pati, apo e ka \u201cmiz\u00ebn n\u00ebn k\u00ebsul\u00eb\u201d, dhe ia nisi gjoja se n\u00eb shkrimin tim nuk ka t\u00eb v\u00ebrteta. Gabohet r\u00ebnd\u00eb, shenjat e para kan\u00eb filluar, por pasi m\u00eb ka shar\u00eb e shpifur, thjesht jam i detyruar t\u2019i p\u00ebrgjigjem. Ai n\u00eb vend q\u00eb t\u00eb pranoj\u00eb publikisht p\u00ebr \u201cprojektet q\u00eb priten t\u00eb realizohen\u201d ka kaluar n\u00eb sulme personale p\u00ebr t\u2019i dh\u00ebn\u00eb vetes t\u00eb drejt\u00eb t\u00eb hyj\u00eb edhe n\u00eb biografin\u00eb time. Prej nga k\u00ebt\u00eb guxim e di ai, por jam i detyruar t\u2019i them se \u00ebsht\u00eb b\u00ebr\u00eb \u201cdajre e shkyme\u201dnga fakti se un\u00eb ndaj mendime t\u00eb kund\u00ebrta me te. Nuk i njoh edhe aq sjelljet e tija personale q\u00eb ta akuzoj privatisht, por le t\u00eb m\u00eb lejohet t\u2019i kujtoj nj\u00eb gj\u00eb q\u00eb ka t\u00eb b\u00ebj\u00eb me te personalisht- njer\u00ebzisht do duhej q\u00eb edhe personalisht ky, po po ky, t\u00eb m\u00eb falenderoj\u00eb p\u00ebr ato q\u00eb kam b\u00ebr\u00eb p\u00ebr te n\u00eb ato vite kur ishim bashk\u00eb dhe kur ai p\u00ebr mua e familjen time \u00e7oi shum\u00eb tym p\u00ebr t\u00eb m\u00eb eliminuar politikisht.Un\u00eb nuk do duhej t\u2019i k\u00ebrkoja fare llogari sepse nuk \u00ebsht\u00eb treguar fare i njer\u00ebzish\u00ebm me mua, por ka mjaftuar t\u00eb ishte korrekt me lexusit e gazet\u00ebs.E para jam gazetar q\u00eb n\u00eb dit\u00ebt e para t\u00eb shtypit shqip n\u00eb Mal t\u00eb Zi dhe n\u00eb asnj\u00eb artikull nuk merrem me emra t\u00eb personave-(vet\u00ebm n\u00eb nj\u00eb rast),un\u00eb shkruaj p\u00ebr dukurit\u00eb e krijuara n\u00eb shoq\u00ebrin\u00eb ton\u00eb, dhe kjo \u00ebsht\u00eb e drejt\u00eb e imja, ky \u00ebsht\u00eb i vetmi profesion krahas atij t\u00eb arsimit q\u00eb kam b\u00ebr\u00eb n\u00eb jet\u00eb. P\u00ebr k\u00ebt\u00eb s\u00eb paku nuk mund t\u00eb m\u00eb akuzoj\u00eb z. Nika se a kam qen\u00eb \u201ckryeredaktor partiak\u201d kur dihen disa rregulla t\u00eb v\u00ebna n\u00eb shoq\u00ebrin\u00eb ton\u00eb. K\u00ebto rregulla nuk i di dhe nuk i respekton z. Nika pasi q\u00eb p\u00ebrmes votave s\u00eb partis\u00eb sime n\u00eb ato vite, dhe vot\u00ebs sime personale \u00ebsht\u00eb b\u00ebr\u00eb \u201ckryetar partiak i Kuvendit\u201d t\u00eb Ulqinit e assesi nga \u201caft\u00ebsit\u00eb\u201d q\u00eb ka. Aktualisht ai dhe un\u00eb ndajm\u00eb mendime t\u00eb kund\u00ebrta p\u00ebr situat\u00ebn politike t\u00eb krijuar kryesisht nga ai dhe askush tjet\u00ebr, ndaj un\u00eb do t\u00eb mbet\u00ebm thjesht gazetar, i p\u00eblqeu apo jo kjo z. Nika. Nuk e kam nd\u00ebrmend t\u00eb m\u00ebsoj askend sepse kjo nuk \u00ebsht\u00eb n\u00eb sedren time, por ajo q\u00eb z.Nika shprehet p\u00ebr mua se paskam b\u00ebr\u00eb gabime drejtshkrimore dua ta p\u00ebrkujtoj ate se shkrimin e drejtshkrimin e kam b\u00ebr\u00eb m\u00eb heret se ai dhe se kur un\u00eb kam filluar t\u00eb punoj me shkrime, i nj\u00ebjti ka \u201cgjuajtur gur\u00eb n\u00eb dardhat p\u00ebrreth\u201d, ndaj do ta kisha k\u00ebshilluar si mik i sinqert q\u00eb mos t\u2019i hyj\u00eb k\u00ebsaj pune dhe mos ta lejoj\u00eb veten t\u00eb bie posht\u00eb (edhe pse kaher\u00eb ka r\u00ebn\u00eb) me pretendimet se \u00ebsht\u00eb \u201cdikushi\u201d. N\u00eb p\u00ebrp\u00ebjekjet p\u00ebr t\u2019u treguar bujar dhe i dobish\u00ebm mund t\u00eb b\u00ebhet altruist gjer aty sa t\u00eb jet\u00eb i gatsh\u00ebm p\u00ebr ta flijuar edhe jet\u00ebn p\u00ebr t\u00eb tjer\u00ebt, por ai k\u00ebt\u00eb nuk mund ta b\u00ebj\u00eb nga rehatia e m\u00ebsuar. Vet\u00ebm se, q\u00eb kjo lloj burr\u00ebrie t\u00eb b\u00ebhet p\u00ebr njeriun virtyt, duhet q\u00eb sinqeriteti, bujaria dhe kthjell\u00ebsia t\u00eb jen\u00eb larg fanatizmit t\u00eb njeriut i cili b\u00ebrtet me t\u00eb madhe pa treguar af\u00ebrsi me ata q\u00eb dikur e nxorren nga mjedisi i vet. Ndaj z. Nika nuk duhet t\u00eb rremoj\u00eb p\u00ebr t\u00eb m\u00ebsuar t\u00eb metat e tjetrit, k\u00ebsaj i thon\u00eb paturp\u00ebsi, ta p\u00ebrfol\u00ebsh ate majtas e djathtas \u00ebsht\u00eb ves i pavlefsh\u00ebm dhe tipat fanatik si ky thyejn\u00eb e cop\u00ebtojn\u00eb \u00e7do gj\u00eb q\u00eb u ze dora&#8230;Ky edhe pse nuk \u00ebsht\u00eb p\u00ebrmendur n\u00eb shkrimin tim, vazhdon p\u00ebr t\u2019mi treguar ca gj\u00ebra gjer\u00eb e gjat\u00eb duke sjellur nj\u00eb s\u00ebr\u00eb d\u00ebmesh, jo p\u00ebr mua, por p\u00ebr veten e tij, duke krijuar mund\u00ebsi p\u00ebr kontradikta q\u00eb nxjerrin n\u00eb shesh pyetje t\u00eb reja gj\u00eb q\u00eb, p\u00ebr bashk\u00ebbiseduesin p\u00ebrb\u00ebn d\u00ebm e jo dobi. Po aq mir\u00eb e di z. Nika se ka t\u00eb fshehta q\u00eb kan\u00eb t\u00eb b\u00ebjn\u00eb me individin e shoq\u00ebrin\u00eb, prandaj edhe t\u00eb par\u00ebt kan\u00eb th\u00ebn\u00eb: \u201cE fshehta \u00ebsht\u00eb robi yt, por, po e zbulove, ti b\u00ebhesh rob i saj\u201d. \u00cbsht\u00eb nj\u00eb parim (q\u00eb z. Nika nuk e ka) q\u00eb shum\u00eb pun\u00eb me vler\u00eb t\u00eb madhe k\u00ebrkojn\u00eb mbajtjen e t\u00eb fsheht\u00ebs, kur ka ndodhur q\u00eb ata q\u00eb i kan\u00eb pasur n\u00eb dor\u00eb k\u00ebto pun\u00eb, nuk e kan\u00eb mbajtur t\u00eb fsheht\u00ebn, nuk ka qen\u00eb e mundur t\u00eb hidhet qoft\u00eb edhe nj\u00eb hap p\u00ebrpara, madje iniciativat jan\u00eb rrezikuar seriozisht pik\u00ebrisht fal\u00eb \u201cstrategjis\u00eb\u201d s\u00eb fjal\u00ebve q\u00eb thot\u00eb, gj\u00eb q\u00eb do t\u00eb thot\u00eb munges\u00eb respekti p\u00ebr t\u00eb tjer\u00ebt. \u00c7do gj\u00eb mund t\u00eb vihet n\u00ebn kontroll, por jo karakteri i z. Nika&#8230;ndaj lejon t\u00eb flas\u00eb p\u00ebr veten, p\u00ebr \u00e7ka flasin pun\u00ebt dhe sjelljet e tij ndaj t\u00eb tjer\u00ebve.<br \/>\nSa p\u00ebr ate se un\u00eb nuk kam treguar sinqeritet, d\u00ebshiroj t\u2019i them z. Nika se pik\u00ebrisht \u00ebsht\u00eb kjo ajo q\u00eb m\u00eb ka mbajur n\u00eb jet\u00eb dhe p\u00ebr k\u00ebt\u00eb jam shum\u00eb krenar,un\u00eb as nuk jam ngritur as nuk kam r\u00ebn\u00eb posht\u00eb sikur ai, n\u00eb t\u00eb kund\u00ebrten do t\u00eb isha n\u00eb vendin e tij. Se kush shpik\u00eb, kjo tashm\u00eb dihet, kush jeton me thasheth\u00ebme edhe ajo dihet, ndaj ky fat\u00ebzi i sheh t\u00eb tjer\u00ebt me dylbin\u00eb e ndjesive t\u00eb veta dhe, p\u00ebr shkak t\u00eb turbullirave q\u00eb ka krijuar, gjithk\u00ebn e gjith\u00eb\u00e7ka e sheh turbull. \u00c7\u2019\u00ebsht\u00eb e drejta, egoisti i r\u00ebn\u00eb n\u00eb k\u00ebt\u00eb situat\u00eb, e pandeh gji\u00e7ka p\u00ebrreth t\u00eb shkat\u00ebrruar, por \u00ebsht\u00eb ai vet q\u00eb \u00ebsht\u00eb shkat\u00ebrruar dhe nuk mund t\u00eb dal\u00eb nga kjo vorbull. K\u00ebt\u00eb do ta d\u00ebshmoj\u00eb koha, dhe personat si ky q\u00eb nuk kan\u00eb siguruar afinitetin e duhur me shpirtin e vet, \u00ebsht\u00eb mjaft e v\u00ebshtir\u00eb t\u00eb p\u00ebrfaq\u00ebsoj\u00eb rregullat morale p\u00ebr nj\u00eb koh\u00eb t\u00eb gjat\u00eb.<br \/>\nM\u00eb tutje z. Nika vazhdon: \u201cKemi p\u00ebrshtypjen se ju nuk dini t\u2019i shprehni opinionet tuaja ashtu si\u00e7 i mendoni te lexuesi ose ata u kuptojn\u00eb n\u00eb forma t\u00eb ndryshme\u201d, dua t\u00eb sakt\u00ebsoj q\u00eb t\u00eb mos merakoset edhe aq p\u00ebr opinionet e mia sepse shpirti vullgar i shprehur me mendimet e tija e q\u00eb k\u00ebrkon t\u2019ua detyroj\u00eb edhe t\u00eb tjer\u00ebve, shihen gjithmon\u00eb me p\u00ebrbuzje dhe bezdi nga mjedisi. Nuk ia vlen\u00eb q\u00eb z, Nika t\u00eb hap\u00eb porta q\u00eb s\u2019do t\u00eb mund t\u2019i mbyll\u00eb pastaj. T\u00eb m\u00eb b\u00ebj\u00eb moralizime,politik\u00eb e krahasime duke m\u00eb p\u00ebrkujtuar z. Qosja, nj\u00eb person si ky prish\u00eb gjuh\u00ebn njer\u00ebzore duke e kthyer at\u00eb n\u00eb gjuh\u00eb zogjsh i vet\u00ebdijsh\u00ebm se nuk ka individ q\u00eb ka mbetur n\u00eb majat e p\u00ebrjet\u00ebsis\u00eb. Si snobist q\u00eb paraqitet, harron se un\u00eb nga qyteti n\u00eb qytet kam ardhur, kurse ky nga mali n\u00eb Totosh! Ky harron, por m\u00eb tep\u00ebr dua t\u00eb besoj se nuk di t\u00eb marr\u00eb masat e nevojshme, ndryshe n\u00eb mendimet e veta p\u00ebr t\u2019u treguar i gjthansh\u00ebm mbetet gjithmon\u00eb f\u00ebminor! Meq\u00eb mendja \u00ebsht\u00eb nj\u00eb institucion i hapur p\u00ebr \u00e7do lloj mendimi t\u00eb q\u00eblluar apo t\u00eb paq\u00eblluar \u00ebsht\u00eb e domosdoshme q\u00eb s\u00eb pari t\u00eb disiplinoj\u00eb shpirtin p\u00ebr t\u2019u ruajtur nga pasionet q\u00eb ka ndaj profet\u00ebnve (tallet me ta para syve t\u00eb opinionit duke p\u00ebrdorur mikrofonin partiak), i bindur se nuk \u00ebsht\u00eb ai q\u00eb me th\u00ebniet e tyre shet \u201cdushk p\u00ebr gogla\u201d, nga ku k\u00ebrkohet t\u00eb dij\u00eb profesionin dhe pun\u00ebn e tij me aq sa e lejojn\u00eb mund\u00ebsit\u00eb e t\u00eb mbetet brenda fush\u00ebs s\u00eb specialietit q\u00eb ka, anipse i vet\u00ebdijsh\u00ebm p\u00ebr munges\u00eb profesioni p\u00ebr t\u00eb cilin nuk e ka b\u00ebr\u00eb edhe asnj\u00eb hap. M\u00ebsuesi nuk mund t\u00eb b\u00ebj\u00eb mjek\u00ebsi, kurse mjeku nuk duhet ta vej\u00eb n\u00eb v\u00ebshtir\u00ebsi veten duke th\u00ebn\u00eb \u201cdo t\u00eb b\u00ebhem jurist\u201d. Duke tentuar n\u00eb shkrimin e tij q\u00eb t\u00eb turbullojn\u00eb mendimet e brezave t\u00eb rinj (t\u00eb vjetrit e din\u00eb kush \u00ebsht\u00eb ky)me njohuri t\u00eb pav\u00ebrteta ose t\u00eb njohura e t\u00eb papranueshme p\u00ebr t\u00eb tjer\u00ebt, nuk jan\u00eb vet\u00ebm t\u00eb d\u00ebmsh\u00ebm, konsiderohen edhe tradhtar\u00eb. Ankthi q\u00eb e ka kapluar dhe e ka v\u00ebn\u00eb n\u00eb siklet p\u00ebr t\u00eb m\u00eb treguar mua se si shkruhet nj\u00eb artikull gazetaresk \u00ebsht\u00eb n\u00eb p\u00ebrpjes\u00ebtim t\u00eb drejt\u00eb me thell\u00ebsin\u00eb kuturore e morale t\u00eb tij. Edhe nj\u00eb njeri i ul\u00ebt e i pavler\u00eb si ky, madje, mund t\u00eb jet\u00eb \u00e7do koh\u00eb i pasur, por i nderuar kurr\u00eb. Sado t\u00eb shumta t\u00eb jen\u00eb ato q\u00eb pretendon se ka lexuar p\u00ebr profetet, kurr\u00eb nuk duhet ta pengojn\u00eb pse edhe t\u00eb tjer\u00ebt lexojn\u00eb, dhe nuk merren me gj\u00ebra p\u00ebr t\u2019m\u00eb p\u00ebrshkruar mua se merrem me katundin (respekt p\u00ebr ta duke e ditur mir\u00eb se kam nj\u00eb tradit\u00eb m\u00eb t\u00eb hershme se ai) , e v\u00ebrteta s\u00eb shpejti do t\u00eb nis\u00eb t\u00eb flas\u00eb, ndaj injoranca e zem\u00ebron, fanatizmi e shqet\u00ebson dhe sado q\u00eb pretendon se di prap\u00ebseprap injorant mbetet. Sa p\u00ebr diferencime politke q\u00eb m\u00eb p\u00ebrmend z. Nika dua ta p\u00ebrkujtoj at\u00eb se k\u00ebt\u00eb th\u00ebnie duhet ta marr\u00eb me vete e ta vendos\u00eb n\u00eb at\u00eb xhaket\u00ebn q\u00eb \u201cmban krah\u00ebve p\u00ebr t\u00eb mbuluar kubur\u00ebn\u201d, t\u00eb shikoj\u00eb traun e vet dhe mos t\u2019u hyj\u00eb k\u00ebtyre pun\u00ebve, posa\u00e7\u00ebrisht kur flitet p\u00ebr mua dhe familjen time, p\u00ebr k\u00ebt\u00eb \u00ebsht\u00eb i vog\u00ebl e i vonsh\u00ebm dhe nisur nga kjo nuk \u00ebsht\u00eb i vet\u00ebdijsh\u00ebm p\u00ebr jet\u00ebn q\u00eb jeton, nuk do t\u00eb mund t\u00eb arrin\u00eb nj\u00eb p\u00ebrjetim t\u00eb till\u00eb e ti jipet rasti t\u00eb d\u00ebgjoj\u00eb \u201clegjenda\u201d p\u00ebr t\u00eb tjer\u00ebt n\u00eb nj\u00eb koh\u00eb kur ai vet \u00ebsht\u00eb b\u00ebr\u00eb \u201cdajre e shkyme\u201d, ndaj nxehet, b\u00ebrtet e th\u00ebrret edhe atje ku \u201cbostanxhis\u00eb, bostan nuk mund t\u2019i shes\u00eb\u201d,q\u00eb t\u00eb ballafaqohet me t\u00eb v\u00ebrteten. N\u00ebse i ka mbetur merak \u201cp\u00ebr diferencimet politike\u201d, k\u00ebtu jam un\u00eb, k\u00ebtu kam qen\u00eb edhe m\u00eb heret, prandaj zikzaket e vazhdueshme q\u00eb mundohet t\u2019i hedh\u00eb n\u00eb tregun politik nuk i pin\u00eb uj\u00eb, megjith\u00ebse rezultati p\u00ebr te nuk ka qen\u00eb i mundur t\u00eb arrihet kur brezat si ky nuk jan\u00eb edukuar me kultu\u00ebn komb\u00ebtare pa lodhur trurin se pun\u00ebt nuk b\u00ebhen duke u \u00e7jerrur p\u00ebr veprimet foshnjarake dhe n\u00eb k\u00ebt\u00eb drejtim as dhe nj\u00eb pash\u00eb rrug\u00eb nuk ka p\u00ebr ta b\u00ebr\u00eb dot. Sinqerisht e k\u00ebshilloj t\u00eb mos u hyj\u00eb k\u00ebtyre pun\u00ebve, megjith\u00ebse, aft\u00ebsia e tij p\u00ebr t\u00eb hulumtuar atje ku nuk do duhej \u00ebsht\u00eb paksa e shitueme prej mbeturinave t\u00eb gur\u00ebve q\u00eb i kan\u00eb mbetur n\u00ebp\u00ebr k\u00ebmb\u00eb. \u201cK\u00ebt\u00eb intelektual\u201d (n\u00ebse mund t\u00eb quhet) injorant e k\u00ebshilloj t\u00eb jet\u00eb korrekt s\u00eb pari me vetveten i vet\u00ebdijsh\u00ebm se e ka humbur rrug\u00ebn p\u00ebr n\u00eb sht\u00ebpi, e at\u00ebher\u00eb edhe me t\u00eb tjer\u00ebt, pasi kjo tashm\u00eb dihet nga t\u00eb gjith\u00eb. Ky dhe askush tjet\u00ebr shiti veten p\u00ebr interesa personale, p\u00ebr nj\u00eb karrig\u00eb, p\u00ebr nj\u00eb vend pune, p\u00ebr nj\u00eb banes\u00eb e p\u00ebr aq koh\u00eb sa ishte drejtues partiak i kultur\u00ebs e sakatoi ate pa kritere dhe tani \u00e7irret n\u00ebp\u00ebr foltore e ekrane televizive i bindur se nuk e njeh edhe katundi i tij rr\u00ebz\u00eb malit. Kush e di, ndoshta do t\u00eb duhet q\u00eb t\u00ebr\u00eb bashk\u00ebsia e cila nuk e ka kuptuar ende orientimin e k\u00ebtij personi, t\u00eb mbetet edhe p\u00ebr nj\u00eb koh\u00eb n\u00eb gjendjen ekzistuese, derisa t\u00eb shpall\u00eb- \u201cvdekjen politike\u201d.<\/p>\n<p><strong>Shaban Peraj<br \/>\nKoha Javore<\/strong><\/p>\n","protected":false},"excerpt":{"rendered":"<p>K\u00ebto rregulla nuk i di dhe nuk i respekton z. Nika pasi q\u00eb p\u00ebrmes votave s\u00eb partis\u00eb sime n\u00eb ato vite, dhe vot\u00ebs sime personale \u00ebsht\u00eb b\u00ebr\u00eb \u201ckryetar partiak i Kuvendit\u201d t\u00eb Ulqinit e assesi nga \u201caft\u00ebsit\u00eb\u201d q\u00eb ka. Aktualisht ai dhe un\u00eb ndajm\u00eb mendime t\u00eb kund\u00ebrta p\u00ebr situat\u00ebn politike t\u00eb krijuar kryesisht nga ai [&hellip;]<\/p>\n","protected":false},"author":1,"featured_media":0,"comment_status":"open","ping_status":"closed","sticky":false,"template":"","format":"standard","meta":{"spay_email":"","jetpack_publicize_message":"","jetpack_is_tweetstorm":false,"jetpack_publicize_feature_enabled":true},"categories":[11],"tags":[944,3180],"jetpack_publicize_connections":[],"yoast_head":"<!-- This site is optimized with the Yoast SEO plugin v19.1 - https:\/\/yoast.com\/wordpress\/plugins\/seo\/ -->\n<title>\u201cE ka miz\u00ebn n\u00ebn k\u00ebsul\u00eb\u201d, ky ! - Lajme nga Ulqini<\/title>\n<meta name=\"description\" content=\"K\u00ebto rregulla nuk i di dhe nuk i respekton z. Nika pasi q\u00eb p\u00ebrmes votave s\u00eb partis\u00eb sime n\u00eb ato vite, dhe vot\u00ebs sime personale \u00ebsht\u00eb b\u00ebr\u00eb \u201ckryetar partiak\" \/>\n<meta name=\"robots\" content=\"index, follow, max-snippet:-1, max-image-preview:large, max-video-preview:-1\" \/>\n<link rel=\"canonical\" href=\"https:\/\/www.visit-ulcinj.com\/blog\/2009\/11\/11\/\u201ce-ka-mizen-nen-kesule\u201d-ky\/\" \/>\n<meta property=\"og:locale\" content=\"en_US\" \/>\n<meta property=\"og:type\" content=\"article\" \/>\n<meta property=\"og:title\" content=\"\u201cE ka miz\u00ebn n\u00ebn k\u00ebsul\u00eb\u201d, ky ! - Lajme nga Ulqini\" \/>\n<meta property=\"og:description\" content=\"K\u00ebto rregulla nuk i di dhe nuk i respekton z. Nika pasi q\u00eb p\u00ebrmes votave s\u00eb partis\u00eb sime n\u00eb ato vite, dhe vot\u00ebs sime personale \u00ebsht\u00eb b\u00ebr\u00eb \u201ckryetar partiak\" \/>\n<meta property=\"og:url\" content=\"https:\/\/www.visit-ulcinj.com\/blog\/2009\/11\/11\/\u201ce-ka-mizen-nen-kesule\u201d-ky\/\" \/>\n<meta property=\"og:site_name\" content=\"Lajme nga Ulqini\" \/>\n<meta property=\"article:published_time\" content=\"2009-11-11T14:04:26+00:00\" \/>\n<meta property=\"article:modified_time\" content=\"2009-11-12T15:35:05+00:00\" \/>\n<meta property=\"og:image\" content=\"http:\/\/www.visit-ulcinj.com\/blog\/wp-content\/uploads\/2009\/11\/shaban-peraj.jpg\" \/>\n<meta name=\"twitter:label1\" content=\"Written by\" \/>\n\t<meta name=\"twitter:data1\" content=\"ulqini\" \/>\n\t<meta name=\"twitter:label2\" content=\"Est. reading time\" \/>\n\t<meta name=\"twitter:data2\" content=\"12 minutes\" \/>\n<script type=\"application\/ld+json\" class=\"yoast-schema-graph\">{\"@context\":\"https:\/\/schema.org\",\"@graph\":[{\"@type\":\"WebSite\",\"@id\":\"https:\/\/www.visit-ulcinj.com\/blog\/#website\",\"url\":\"https:\/\/www.visit-ulcinj.com\/blog\/\",\"name\":\"Lajme nga Ulqini\",\"description\":\"Lajme,Vijesti,Ulqini,Ulqin,Crna Gora,Mali i Zi\",\"potentialAction\":[{\"@type\":\"SearchAction\",\"target\":{\"@type\":\"EntryPoint\",\"urlTemplate\":\"https:\/\/www.visit-ulcinj.com\/blog\/?s={search_term_string}\"},\"query-input\":\"required name=search_term_string\"}],\"inLanguage\":\"en-US\"},{\"@type\":\"ImageObject\",\"inLanguage\":\"en-US\",\"@id\":\"https:\/\/www.visit-ulcinj.com\/blog\/2009\/11\/11\/%e2%80%9ce-ka-mizen-nen-kesule%e2%80%9d-ky\/#primaryimage\",\"url\":\"https:\/\/www.visit-ulcinj.com\/blog\/wp-content\/uploads\/2009\/11\/shaban-peraj.jpg\",\"contentUrl\":\"https:\/\/www.visit-ulcinj.com\/blog\/wp-content\/uploads\/2009\/11\/shaban-peraj.jpg\",\"width\":\"453\",\"height\":\"413\"},{\"@type\":\"WebPage\",\"@id\":\"https:\/\/www.visit-ulcinj.com\/blog\/2009\/11\/11\/%e2%80%9ce-ka-mizen-nen-kesule%e2%80%9d-ky\/#webpage\",\"url\":\"https:\/\/www.visit-ulcinj.com\/blog\/2009\/11\/11\/%e2%80%9ce-ka-mizen-nen-kesule%e2%80%9d-ky\/\",\"name\":\"\u201cE ka miz\u00ebn n\u00ebn k\u00ebsul\u00eb\u201d, ky ! - Lajme nga Ulqini\",\"isPartOf\":{\"@id\":\"https:\/\/www.visit-ulcinj.com\/blog\/#website\"},\"primaryImageOfPage\":{\"@id\":\"https:\/\/www.visit-ulcinj.com\/blog\/2009\/11\/11\/%e2%80%9ce-ka-mizen-nen-kesule%e2%80%9d-ky\/#primaryimage\"},\"datePublished\":\"2009-11-11T14:04:26+00:00\",\"dateModified\":\"2009-11-12T15:35:05+00:00\",\"author\":{\"@id\":\"https:\/\/www.visit-ulcinj.com\/blog\/#\/schema\/person\/dcab619c614d3038751c63bc2aadc06d\"},\"description\":\"K\u00ebto rregulla nuk i di dhe nuk i respekton z. Nika pasi q\u00eb p\u00ebrmes votave s\u00eb partis\u00eb sime n\u00eb ato vite, dhe vot\u00ebs sime personale \u00ebsht\u00eb b\u00ebr\u00eb \u201ckryetar partiak\",\"breadcrumb\":{\"@id\":\"https:\/\/www.visit-ulcinj.com\/blog\/2009\/11\/11\/%e2%80%9ce-ka-mizen-nen-kesule%e2%80%9d-ky\/#breadcrumb\"},\"inLanguage\":\"en-US\",\"potentialAction\":[{\"@type\":\"ReadAction\",\"target\":[\"https:\/\/www.visit-ulcinj.com\/blog\/2009\/11\/11\/%e2%80%9ce-ka-mizen-nen-kesule%e2%80%9d-ky\/\"]}]},{\"@type\":\"BreadcrumbList\",\"@id\":\"https:\/\/www.visit-ulcinj.com\/blog\/2009\/11\/11\/%e2%80%9ce-ka-mizen-nen-kesule%e2%80%9d-ky\/#breadcrumb\",\"itemListElement\":[{\"@type\":\"ListItem\",\"position\":1,\"name\":\"\u201cE ka miz\u00ebn n\u00ebn k\u00ebsul\u00eb\u201d, ky !\"}]},{\"@type\":\"Person\",\"@id\":\"https:\/\/www.visit-ulcinj.com\/blog\/#\/schema\/person\/dcab619c614d3038751c63bc2aadc06d\",\"name\":\"ulqini\",\"sameAs\":[\"http:\/\/www.visit-ulcinj.com\"],\"url\":\"https:\/\/www.visit-ulcinj.com\/blog\/author\/admin\/\"}]}<\/script>\n<!-- \/ Yoast SEO plugin. -->","yoast_head_json":{"title":"\u201cE ka miz\u00ebn n\u00ebn k\u00ebsul\u00eb\u201d, ky ! - Lajme nga Ulqini","description":"K\u00ebto rregulla nuk i di dhe nuk i respekton z. Nika pasi q\u00eb p\u00ebrmes votave s\u00eb partis\u00eb sime n\u00eb ato vite, dhe vot\u00ebs sime personale \u00ebsht\u00eb b\u00ebr\u00eb \u201ckryetar partiak","robots":{"index":"index","follow":"follow","max-snippet":"max-snippet:-1","max-image-preview":"max-image-preview:large","max-video-preview":"max-video-preview:-1"},"canonical":"https:\/\/www.visit-ulcinj.com\/blog\/2009\/11\/11\/\u201ce-ka-mizen-nen-kesule\u201d-ky\/","og_locale":"en_US","og_type":"article","og_title":"\u201cE ka miz\u00ebn n\u00ebn k\u00ebsul\u00eb\u201d, ky ! - Lajme nga Ulqini","og_description":"K\u00ebto rregulla nuk i di dhe nuk i respekton z. Nika pasi q\u00eb p\u00ebrmes votave s\u00eb partis\u00eb sime n\u00eb ato vite, dhe vot\u00ebs sime personale \u00ebsht\u00eb b\u00ebr\u00eb \u201ckryetar partiak","og_url":"https:\/\/www.visit-ulcinj.com\/blog\/2009\/11\/11\/\u201ce-ka-mizen-nen-kesule\u201d-ky\/","og_site_name":"Lajme nga Ulqini","article_published_time":"2009-11-11T14:04:26+00:00","article_modified_time":"2009-11-12T15:35:05+00:00","og_image":[{"url":"http:\/\/www.visit-ulcinj.com\/blog\/wp-content\/uploads\/2009\/11\/shaban-peraj.jpg"}],"twitter_misc":{"Written by":"ulqini","Est. reading time":"12 minutes"},"schema":{"@context":"https:\/\/schema.org","@graph":[{"@type":"WebSite","@id":"https:\/\/www.visit-ulcinj.com\/blog\/#website","url":"https:\/\/www.visit-ulcinj.com\/blog\/","name":"Lajme nga Ulqini","description":"Lajme,Vijesti,Ulqini,Ulqin,Crna Gora,Mali i Zi","potentialAction":[{"@type":"SearchAction","target":{"@type":"EntryPoint","urlTemplate":"https:\/\/www.visit-ulcinj.com\/blog\/?s={search_term_string}"},"query-input":"required name=search_term_string"}],"inLanguage":"en-US"},{"@type":"ImageObject","inLanguage":"en-US","@id":"https:\/\/www.visit-ulcinj.com\/blog\/2009\/11\/11\/%e2%80%9ce-ka-mizen-nen-kesule%e2%80%9d-ky\/#primaryimage","url":"https:\/\/www.visit-ulcinj.com\/blog\/wp-content\/uploads\/2009\/11\/shaban-peraj.jpg","contentUrl":"https:\/\/www.visit-ulcinj.com\/blog\/wp-content\/uploads\/2009\/11\/shaban-peraj.jpg","width":"453","height":"413"},{"@type":"WebPage","@id":"https:\/\/www.visit-ulcinj.com\/blog\/2009\/11\/11\/%e2%80%9ce-ka-mizen-nen-kesule%e2%80%9d-ky\/#webpage","url":"https:\/\/www.visit-ulcinj.com\/blog\/2009\/11\/11\/%e2%80%9ce-ka-mizen-nen-kesule%e2%80%9d-ky\/","name":"\u201cE ka miz\u00ebn n\u00ebn k\u00ebsul\u00eb\u201d, ky ! - Lajme nga Ulqini","isPartOf":{"@id":"https:\/\/www.visit-ulcinj.com\/blog\/#website"},"primaryImageOfPage":{"@id":"https:\/\/www.visit-ulcinj.com\/blog\/2009\/11\/11\/%e2%80%9ce-ka-mizen-nen-kesule%e2%80%9d-ky\/#primaryimage"},"datePublished":"2009-11-11T14:04:26+00:00","dateModified":"2009-11-12T15:35:05+00:00","author":{"@id":"https:\/\/www.visit-ulcinj.com\/blog\/#\/schema\/person\/dcab619c614d3038751c63bc2aadc06d"},"description":"K\u00ebto rregulla nuk i di dhe nuk i respekton z. Nika pasi q\u00eb p\u00ebrmes votave s\u00eb partis\u00eb sime n\u00eb ato vite, dhe vot\u00ebs sime personale \u00ebsht\u00eb b\u00ebr\u00eb \u201ckryetar partiak","breadcrumb":{"@id":"https:\/\/www.visit-ulcinj.com\/blog\/2009\/11\/11\/%e2%80%9ce-ka-mizen-nen-kesule%e2%80%9d-ky\/#breadcrumb"},"inLanguage":"en-US","potentialAction":[{"@type":"ReadAction","target":["https:\/\/www.visit-ulcinj.com\/blog\/2009\/11\/11\/%e2%80%9ce-ka-mizen-nen-kesule%e2%80%9d-ky\/"]}]},{"@type":"BreadcrumbList","@id":"https:\/\/www.visit-ulcinj.com\/blog\/2009\/11\/11\/%e2%80%9ce-ka-mizen-nen-kesule%e2%80%9d-ky\/#breadcrumb","itemListElement":[{"@type":"ListItem","position":1,"name":"\u201cE ka miz\u00ebn n\u00ebn k\u00ebsul\u00eb\u201d, ky !"}]},{"@type":"Person","@id":"https:\/\/www.visit-ulcinj.com\/blog\/#\/schema\/person\/dcab619c614d3038751c63bc2aadc06d","name":"ulqini","sameAs":["http:\/\/www.visit-ulcinj.com"],"url":"https:\/\/www.visit-ulcinj.com\/blog\/author\/admin\/"}]}},"jetpack_featured_media_url":"","jetpack_sharing_enabled":true,"jetpack_shortlink":"https:\/\/wp.me\/pe6lTn-702","_links":{"self":[{"href":"https:\/\/www.visit-ulcinj.com\/blog\/wp-json\/wp\/v2\/posts\/26910"}],"collection":[{"href":"https:\/\/www.visit-ulcinj.com\/blog\/wp-json\/wp\/v2\/posts"}],"about":[{"href":"https:\/\/www.visit-ulcinj.com\/blog\/wp-json\/wp\/v2\/types\/post"}],"author":[{"embeddable":true,"href":"https:\/\/www.visit-ulcinj.com\/blog\/wp-json\/wp\/v2\/users\/1"}],"replies":[{"embeddable":true,"href":"https:\/\/www.visit-ulcinj.com\/blog\/wp-json\/wp\/v2\/comments?post=26910"}],"version-history":[{"count":0,"href":"https:\/\/www.visit-ulcinj.com\/blog\/wp-json\/wp\/v2\/posts\/26910\/revisions"}],"wp:attachment":[{"href":"https:\/\/www.visit-ulcinj.com\/blog\/wp-json\/wp\/v2\/media?parent=26910"}],"wp:term":[{"taxonomy":"category","embeddable":true,"href":"https:\/\/www.visit-ulcinj.com\/blog\/wp-json\/wp\/v2\/categories?post=26910"},{"taxonomy":"post_tag","embeddable":true,"href":"https:\/\/www.visit-ulcinj.com\/blog\/wp-json\/wp\/v2\/tags?post=26910"}],"curies":[{"name":"wp","href":"https:\/\/api.w.org\/{rel}","templated":true}]}}