{"id":26913,"date":"2009-11-11T16:19:58","date_gmt":"2009-11-11T14:19:58","guid":{"rendered":"http:\/\/www.visit-ulcinj.com\/blog\/?p=26913"},"modified":"2009-11-11T16:19:58","modified_gmt":"2009-11-11T14:19:58","slug":"interviste-me-mehmet-zenken-deputet-i-udsh-se-ne-parlamentin-e-malit-te-zi","status":"publish","type":"post","link":"https:\/\/www.visit-ulcinj.com\/blog\/2009\/11\/11\/interviste-me-mehmet-zenken-deputet-i-udsh-se-ne-parlamentin-e-malit-te-zi\/","title":{"rendered":"Intervist\u00eb me Mehmet Zenk\u00ebn, deputet i UDSH-s\u00eb n\u00eb parlamentin e Malit t\u00eb Zi"},"content":{"rendered":"<p><strong><img loading=\"lazy\" class=\"alignleft\" title=\"MEHMET ZENKA\" src=\"http:\/\/www.visit-ulcinj.com\/blog\/wp-content\/uploads\/2009\/03\/mehmet-zenka_nenkryetari-i-unionit-demokratik-te-shqiptareve.jpg\" alt=\"\" width=\"374\" height=\"286\" \/>Vet\u00ebm s\u00eb bashku mund t\u2019i p\u00ebrballojm\u00eb sfidat<\/strong><br \/>\nKoha javore: Z. Zenka, redaksia e gazet\u00ebs \u201cKoha javore\u201d ka hapur tem\u00ebn n\u00eb lidhje me pjes\u00ebmarrjen e pakicave n\u00eb jet\u00ebn publike. Cili \u00ebsht\u00eb q\u00ebndrimi i UDSH-s\u00eb mbi k\u00ebt\u00eb \u00e7\u00ebshtje?<br \/>\nM. Zenka: Q\u00ebndrimi i UDSH-s\u00eb dhe i imi \u00ebsht\u00eb se nuk ka aspak vend q\u00eb t\u00eb jemi t\u00eb k\u00ebnaqur me p\u00ebrfaq\u00ebsimin apo pjes\u00ebmarrjen e pakicave n\u00eb jet\u00ebn publike sepse realiteti tregon se pakicat, duke i llogaritur edhe ata pjes\u00ebtar\u00eb t\u00eb pakicave q\u00eb b\u00ebjn\u00eb pjes\u00eb n\u00eb partit\u00eb qytetare, pothuajse gjenden pak mbi pragun e t\u00eb lejuar\u00ebs, edhe pse viteve t\u00eb fundit v\u00ebrehet nj\u00eb p\u00ebrmir\u00ebsim, por tejet i pamjaftuesh\u00ebm.<br \/>\nPushtetar\u00ebt e Malit t\u00eb Zi vite me radh\u00eb jan\u00eb p\u00ebrpjekur dhe p\u00ebrpiqen q\u00eb k\u00ebt\u00eb gjendje ta zbukurojn\u00eb duke deklaruar se te ne mbizot\u00ebron nj\u00eb harmoni nd\u00ebrnacionale dhe nd\u00ebrfetare, dhe q\u00eb dita-dit\u00ebs p\u00ebrpjekjet e tyre shkojn\u00eb kah p\u00ebrmir\u00ebsimi n\u00eb favor t\u00eb pjes\u00ebmarrjes s\u00eb pakicave n\u00eb jet\u00ebn publike (sidomos n\u00eb kontakte me t\u00eb huajt). Por realiteti zhg\u00ebnjen dhe flet ndryshe. \u00cbsht\u00eb e v\u00ebrtet\u00eb q\u00eb ekziston nj\u00eb harmoni e respektueshme tolerance nd\u00ebrnacionale dhe fetare, merit\u00eb e cila iu takon t\u00eb dyja pal\u00ebve, por shtrohet pyetja se \u00e7far\u00eb pengon q\u00eb kjo harmoni t\u00eb mos kuror\u00ebzohet me nj\u00eb pjes\u00ebmarrje t\u00eb denj\u00eb (reale) t\u00eb pakicave n\u00eb gjitha poret politiko shoq\u00ebrore t\u00eb Malit t\u00eb Zi.<br \/>\nP\u00ebrgjigjja q\u00ebndron n\u00eb faktin se shumica ende nuk mund t\u00eb pajtohet me faktin se shqiptar\u00ebt jan\u00eb k\u00ebtu (ku ishim gjithmon\u00eb), t\u00eb gatsh\u00ebm p\u00ebr t\u00eb marr\u00eb vendet q\u00eb iu takojn\u00eb me t\u00eb gjitha p\u00ebrgjegj\u00ebsit\u00eb q\u00eb i p\u00ebrcjellin.<br \/>\nAngazhimet dhe kontributi yn\u00eb d\u00ebshmon q\u00eb nuk d\u00ebshirojm\u00eb t\u00eb kemi pozit\u00eb inferiore, por duam p\u00ebrfshirje n\u00eb t\u00eb gjitha segmentet jet\u00ebsore e sidomos n\u00eb ato ku jemi m\u00eb s\u00eb shumti t\u00eb prekur, si ekonomi, turiz\u00ebm, kultur\u00eb, gjyqe, prokurori, etj.<br \/>\nDecentralizimi dhe komuna e plot\u00eb e Tuzit (Mal\u00ebsis\u00eb) do t\u00eb p\u00ebrmir\u00ebsonte duksh\u00ebm pozit\u00ebn e shqiptar\u00ebve dhe do t\u00eb plot\u00ebsonte duksh\u00ebm zbraz\u00ebtir\u00ebn n\u00eb pjes\u00ebmarrjen e tyre n\u00eb jet\u00ebn politiko shoq\u00ebrore. P\u00ebrgjegj\u00ebsia q\u00ebndron edhe te ne &#8211; subjektet politike shqiptare. \u00cbsht\u00eb d\u00ebshp\u00ebrues fakti i moskoordinimit ton\u00eb, sidomos n\u00eb harmonizimin e disa k\u00ebrkesave me r\u00ebnd\u00ebsi jetike p\u00ebr ne.<\/p>\n<p>Koha javore: Pjes\u00ebmarrja e pakicave n\u00eb jet\u00ebn publike \u00ebsht\u00eb nj\u00eb nga parakushtet e institucioneve europiane parashtruar shteteve q\u00eb kan\u00eb aspirata t\u00eb an\u00ebtar\u00ebsohen n\u00eb Bashkimin Eur?pian. \u00c7far\u00eb do t\u00eb b\u00ebni Ju si deputet q\u00eb k\u00ebto rekomandime t\u00eb jet\u00ebsohen?<br \/>\nM. Zenka: Mali i Zi nuk do t\u00eb mund t\u00eb q\u00ebndroj\u00eb shurdh\u00ebr ndaj k\u00ebrkesave q\u00eb i parashtrojn\u00eb institucionet evropiane, normalisht po qe se ka pretendime serioze q\u00eb t\u00eb ky\u00e7et n\u00eb Bashkimin Evropian, e nj\u00ebri nga k\u00ebto kushte \u00ebsht\u00eb edhe integrimi i pakicave n\u00eb jet\u00ebn publike. P\u00ebr k\u00ebt\u00eb jan\u00eb t\u00eb vet\u00ebdijshme edhe strukturat udh\u00ebheq\u00ebse t\u00eb Malit t\u00eb Zi, por e kan\u00eb pak t\u00eb v\u00ebshtir\u00eb ta g\u00eblltisin k\u00ebt\u00eb. Prandaj detyra ime si deputet \u00ebsht\u00eb p\u00ebr t\u2019i ndihmuar n\u00eb k\u00ebt\u00eb drejtim.<\/p>\n<p>Koha javore: \u00c7far\u00eb mund t\u00eb b\u00ebni ju si parti politike, por edhe si pjes\u00eb e pushtetit q\u00eb shqiptar\u00ebt t\u00eb jen\u00eb m\u00eb t\u00eb inkuadruar n\u00eb institucionet shtet\u00ebrore dhe gjyq\u00ebsore duke e ditur realitetin se n\u00eb disa nga ato nuk ka fare pjes\u00ebtar\u00eb t\u00eb pakic\u00ebs shqiptare?<br \/>\nM. Zenka: Ne si parti e cila participon n\u00eb pushtet (si\u00e7 dihet UDSH vite me radh\u00eb drejton Ministrin\u00eb p\u00ebr Pakica) do sillemi konform programit ton\u00eb partiak, q\u00eb dometh\u00ebn\u00eb p\u00ebrfaq\u00ebsim i denj\u00eb dhe meritor i shqiptar\u00ebve n\u00eb t\u00eb gjitha institucionet shtet\u00ebrore, sidomos n\u00eb ato t\u00eb cilat drejtp\u00ebrdrejt prekin interesat tona si pakic\u00eb, si\u00e7 \u00ebsht\u00eb decentralizimi, komuna e plot\u00eb e Tuzit, privatizimi, zhvillimi dhe valorizimi i vlerave dhe potencialit turistik, pjes\u00ebmarrje e drejt\u00ebp\u00ebrdrejt\u00eb n\u00eb hartimin e programeve m\u00ebsimore, pjes\u00ebmarrje konform p\u00ebrqindjes n\u00eb organet gjyq\u00ebsore, prokurori, polici, diplomaci, etj.<br \/>\nVendimi yn\u00eb, vite m\u00eb par\u00eb, q\u00eb t\u00eb marrim pjes\u00eb n\u00eb qeveri, d\u00ebshmoi q\u00eb jemi n\u00eb rrug\u00eb t\u00eb drejt\u00eb sepse u realizuan disa projekte t\u00eb cilat m\u00eb par\u00eb na u duk\u00ebn shum\u00eb larg, kurse tani jan\u00eb pjes\u00eb e t\u00eb kaluar\u00ebs, si\u00e7 jan\u00eb hapja e pikave kufitare, Fakulteti i M\u00ebsuesis\u00eb, Ligji p\u00ebr pakica, Ligji mbi p\u00ebrdorimin e simboleve komb\u00ebtare, sigurimi i kuotave p\u00ebr student\u00ebt tan\u00eb n\u00eb universitetet e Shqip\u00ebris\u00eb dhe Kosov\u00ebs. Po ashtu n\u00ebn patronatin e Ministris\u00eb s\u00eb Pakicave u organizuan nj\u00eb s\u00ebr\u00eb aktivitetesh kulturore t\u00eb cilat tani jan\u00eb shnd\u00ebrruar n\u00eb aktivitete tradicionale.<br \/>\nMe r\u00ebnd\u00ebsi t\u00eb ve\u00e7ant\u00eb \u00ebsht\u00eb se u b\u00ebm\u00eb ur\u00eb e r\u00ebnd\u00ebsishme lidh\u00ebse dhe miq\u00ebsie mes shtetit ton\u00eb am\u00eb Shqip\u00ebris\u00eb, Kosov\u00ebs dhe Malit t\u00eb Zi. D\u00ebshmuam se pakicat mund t\u00eb jen\u00eb faktor i r\u00ebnd\u00ebsish\u00ebm n\u00eb marr\u00ebdh\u00ebniet e mira nd\u00ebrshtet\u00ebrore, \u00e7ka edhe sygjyrohet nga institucionet evropiane.<br \/>\nP\u00ebr hir t\u00eb s\u00eb v\u00ebrtet\u00ebs d\u00ebshiroj t\u00eb n\u00ebnvizoj se t\u00eb gjitha k\u00ebto veprime dhe angazhime politike UDSH i ka nd\u00ebrmarr\u00eb n\u00eb m\u00ebnyr\u00eb t\u00eb hapur dhe para opinionit, e vet\u00ebdijshme p\u00ebr p\u00ebrgjegj\u00ebsin\u00eb q\u00eb merr mbi vete. Edhe at\u00ebher\u00eb kur kemi gabuar, kurr\u00eb nuk kemi shitur mjegull.<br \/>\nE gjith\u00eb kjo rezultoi q\u00eb UDSH t\u00eb ket\u00eb nj\u00eb volum votash stabile, t\u00eb shtrira n\u00eb t\u00eb gjitha trevat ku jetojn\u00eb shqiptar\u00ebt, dhe t\u00eb jet\u00eb partia q\u00eb grumbullon numrin m\u00eb t\u00eb madh t\u00eb votave t\u00eb elektoratit shqiptar.<\/p>\n<p>Koha Javore: Cili \u00ebsht\u00eb q\u00ebndrimi Juaj n\u00eb lidhje me procesin e privatizimeve n\u00eb Komun\u00ebn e Ulqinit.<br \/>\nM. Zenka: P\u00ebr privatizimin dhe m\u00ebnyr\u00ebn e realizimit t\u00eb tij mund t\u00eb p\u00ebrdor vet\u00ebm fjal\u00ebt e popullit i cili thot\u00eb: \u201eMjerim, marre e p\u00ebr faqe t\u00eb zez\u00eb\u201c; sidomos kur b\u00ebhet fjal\u00eb p\u00ebr zon\u00ebn e Komun\u00ebs s\u00eb Ulqinit, ku edhe ekziston potenciali m\u00eb i madh i zhvillimit ekonomik, posa\u00e7\u00ebrisht n\u00eb valorizimin e vlerave turistike.<br \/>\nNd\u00ebrmarrjet t\u00eb cilat dikur ishin shtyll\u00eb e ekonomis\u00eb s\u00eb Ulqinit u zhvler\u00ebsuan dhe u shiten p\u00ebr buk\u00eb goje. Hoteleria p\u00ebsoi m\u00eb s\u00eb keqi, ku hoteli \u201eOtrant\u201c iu shit kushedi kujt me nj\u00eb \u00e7mim mizerab\u00ebl dhe tani \u00ebsht\u00eb i tipit t\u00eb mbyllur, q\u00eb do t\u00eb thot\u00eb se nuk mund ta vizitojn\u00eb turist\u00ebt e tjer\u00eb, p\u00ebrpos atyre q\u00eb kan\u00eb b\u00ebr\u00eb prenotime; hoteli \u201eAlbatros\u201c u shit po n\u00eb t\u00eb nj\u00ebjt\u00ebn m\u00ebnyr\u00eb dhe tani e ka statusin e nj\u00eb gjysm\u00eb t\u00eb vdekuri; hoteli \u201eJadran\u201c s\u2019dihet si dhe kujt iu shit, as p\u00ebr \u00e7far\u00eb shume u shit; ishte \u2013 s\u2019\u00ebsht\u00eb m\u00eb dhe s\u2019dihet se a do t\u00eb jet\u00eb hoteli \u201eGaleb\u201c. Ai u shit dhe pa pik\u00eb ndjenje u prish, nd\u00ebrsa pun\u00ebtor\u00ebt t\u00eb cil\u00ebt dikur ishin ajka e gastronomis\u00eb u shnd\u00ebrruan n\u00eb cigareshit\u00ebs; hoteli \u201eMediteran\u201c u shit po ashtu dhe dita-dit\u00ebs presim surpriz\u00eb p\u00ebr t\u00eb mir\u00eb, por kam frik\u00eb q\u00eb po plakemi pa e par\u00eb; hoteli \u201eLido\u201c u shit. Premtime ka shum\u00eb dhe mbetet t\u00eb presim. Tani p\u00ebr tani shohim vet\u00ebm rr\u00ebnoja; Hotelet \u201eBellevue\u201c, \u201eOlympique\u201c dhe kompleksi Ada mbijetojn\u00eb dhe presin bler\u00ebsit. Si pun\u00ebtor shum\u00ebvje\u00e7ar i k\u00ebsaj nd\u00ebrrmarrjeje turistike, un\u00eb si t\u00eb gjith\u00eb qytetar\u00ebt e Ulqinit presim dhe shpresojm\u00eb q\u00eb t\u00eb mos ken\u00eb fatin e hoteleve t\u00eb tjera.<br \/>\nQyteti i cili deri n\u00eb fund t\u00eb viteve \u201990 kishte m\u00eb se 30% t\u00eb kapaciteteve vendos\u00ebse n\u00eb nivel t\u00eb Malit t\u00eb Zi, tani nuk posedon as 10% t\u00eb kapacitetit (e kam fjal\u00ebn p\u00ebr m\u00ebnyr\u00ebn e organizuar t\u00eb pranimit t\u00eb klient\u00ebve).<br \/>\nP\u00ebr Ulqinin thuhet me t\u00eb drejt\u00eb se posedon dhe \u00ebsht\u00eb destinacioni m\u00eb atraktiv p\u00ebr investime n\u00eb turiz\u00ebm, por e gjith\u00eb kjo \u00ebsht\u00eb e kot\u00eb n\u00eb qoft\u00eb se dikush tjet\u00ebr d\u00ebshiron t\u00eb na tregoj\u00eb se si ruhet, zhvillohet dhe duhet Ulqini. Nga veprimet e deritanishme kemi kuptuar zot\u00ebsin\u00eb e tyre, prandaj edhe k\u00ebrkojm\u00eb, me plot t\u00eb drejt\u00eb, decentralizim t\u00eb pushtetit qendror n\u00eb favor t\u00eb pushtetit lokal sepse d\u00ebshirojm\u00eb t\u00eb jemi pjes\u00ebmarr\u00ebs aktive n\u00eb zhvillimin e qytetit ton\u00eb. Jam i sigurt se do t\u00eb jemi nikoqir m\u00eb t\u00eb mir\u00eb dhe se at\u00ebher\u00eb edhe shteti do t\u00eb ket\u00eb p\u00ebrfitime m\u00eb t\u00eb m\u00ebdha.<br \/>\nPopulli i Ulqinit i mir\u00ebpret investimet, por me nj\u00eb politik\u00eb t\u00eb mir\u00ebfillt\u00eb strategjike zhvillimore ku do t\u00eb vijn\u00eb n\u00eb shprehje t\u00eb gjitha interesat lokale dhe shtet\u00ebrore, g\u00ebrshetimi i t\u00eb cilave duhet t\u00eb jet\u00eb me interes t\u00eb dyansh\u00ebm. Me nj\u00eb fjal\u00eb, duam dhe k\u00ebrkojm\u00eb t\u00eb pyetemi.<\/p>\n<p>Koha Javore: Na tregoni p\u00ebr ecurin\u00eb e formimit t\u00eb klubit t\u00eb deputetev\u00eb shqiptar\u00eb n\u00eb Parlamentin e Malit t\u00eb Zi dhe rolin Tuaj n\u00eb k\u00ebt\u00eb drejtim?<br \/>\nM. Zenka: Q\u00ebndrimi UDSH-s\u00eb k\u00ebtu \u00ebsht\u00eb m\u00eb se i qart\u00eb: formimi i klubit t\u00eb partive shqiptare \u00ebsht\u00eb i domosdosh\u00ebm n\u00ebse d\u00ebshirojm\u00eb t\u00eb jemi sa m\u00eb t\u00eb fort\u00eb dhe sa m\u00eb t\u00eb q\u00ebndruesh\u00ebm n\u00eb realizimin e k\u00ebrkesave tona.<br \/>\nNe, si\u00e7 e dini, iu kemi b\u00ebr\u00eb ftes\u00eb me shkrim partive t\u00eb tjera shqiptare menj\u00ebher\u00eb pas zgjedhjeve dhe p\u00ebr mendimin tim kemi ofruar kushte tejet korrekte: t\u00eb formohet klubi, kryetar i t\u00eb cilit do t\u00eb jet\u00eb secili prej kat\u00ebr subjekteve nga nj\u00eb vit, duke filluar prej partis\u00eb e cila ka fituar m\u00eb shum\u00eb vota n\u00eb zgjedhjet parlamentare e deri tek ajo q\u00eb ka fituar m\u00eb pak. Mir\u00ebpo deri tani nuk kemi marr\u00eb asnj\u00eb p\u00ebrgjigje me shkrim. N\u00eb kontaktet dhe bisedat e b\u00ebra me koleg\u00ebt e mi kam kuptuar q\u00eb ata as nuk d\u00ebshirojn\u00eb t\u00eb bisedojn\u00eb me ne lidhur me k\u00ebt\u00eb \u00e7\u00ebshtje. P\u00ebr mua dhe subjektin q\u00eb e p\u00ebrfaq\u00ebsoj \u00ebsht\u00eb e papranueshme q\u00eb dikush t\u2019i minimizoj\u00eb dhe mos t\u2019i respektoj\u00eb 4800 vota t\u00eb fituara n\u00eb zgjedhjet parlamentare. Shpesh p\u00ebrmendet arsyeja se gjoja ne jemi n\u00eb pushtet, nd\u00ebrsa ata jan\u00eb opozit\u00eb. Un\u00eb iu p\u00ebrgjigjem q\u00eb ta formojm\u00eb klubin, si\u00e7 d\u00ebshirojn\u00eb dhe me t\u00eb drejt\u00eb presin votuesit tan\u00eb, t\u00eb harmonizohemi rreth pikave p\u00ebr t\u00eb cilat t\u00eb gjith\u00eb pajtohemi dhe pastaj t\u00eb shohim se kush \u00ebsht\u00eb me pushtet e kush jo!<br \/>\nUn\u00eb parashtroj pyetjen: Po kur nuk dashkeni me ne, \u00e7far\u00eb iu pengon ju t\u00eb treve q\u00eb t\u00eb formoni klubin? UDSH me siguri jo.<br \/>\nDeklarojn\u00eb q\u00eb duhet t\u00eb jemi s\u00eb bashku dhe se duhet t\u2019i shmangemi ndasit\u00eb dhe interesat personale. At\u00ebher\u00eb, zot\u00ebrinj t\u00eb nderuar, veproni n\u00eb at\u00eb drejtim sepse para nesh jan\u00eb sfida shum\u00eb t\u00eb v\u00ebshtira t\u00eb cilat vet\u00ebm s\u00eb bashku kemi shans t\u2019i zgjidhim dhe t\u2019i realizojm\u00eb.<br \/>\nN\u00eb koh\u00eb t\u00eb fundit m\u00eb kan\u00eb kontaktuar shum\u00eb dashamir\u00eb nga Mali i Zi, diaspora, Kosova, Shqip\u00ebria dhe me t\u00eb drejt\u00eb kan\u00eb k\u00ebrkuar q\u00eb t\u00eb bashkojm\u00eb forcat e t\u00eb formojm\u00eb klubin e p\u00ebrbashk\u00ebt dhe m\u00eb kan\u00eb t\u00ebrhequr v\u00ebrejtjen se duhet t\u00eb jemi p\u00ebrgjegj\u00ebs p\u00ebr problemet t\u00eb cilat i kemi dhe q\u00eb po na trokasin n\u00eb der\u00eb. Para nesh \u00ebsht\u00eb hartimi i Ligjit zgjedhor, ku neve na kanoset rreziku q\u00eb edhe k\u00ebto t\u00eb drejta t\u00eb arriturra t\u2019i humbasim (mandatet e garantuara t\u00eb deputet\u00ebve p\u00ebr pakica), Ligji mbi organizimin territorial, ku rrezikohet t\u00eb mos realizohet k\u00ebrkesa p\u00ebr komun\u00ebn e plot\u00eb t\u00eb Tuzit dhe nj\u00eb mori k\u00ebrkesash p\u00ebr t\u00eb cilat t\u00eb gjith\u00eb ne deklarohemi se jemi pro.<br \/>\nEdhe marr\u00ebveshja e arritur n\u00eb vitin 1997 p\u00ebr mandate t\u00eb posa\u00e7me p\u00ebr shqiptar\u00ebt \u00ebsht\u00eb arritje e UDSH-s\u00eb, sepse ve\u00e7 ajo e n\u00ebnshkroi (subjekti tjet\u00ebr shqiptar jo), por edhe k\u00ebt\u00eb si faz\u00eb kalimtare deri n\u00eb faz\u00ebn finale ku do ishte: kat\u00ebr mandate t\u00eb garantuara p\u00ebr pakic\u00ebn shqiptare, me t\u00eb drejt\u00eb konkurrimi vet\u00ebm p\u00ebr subjektet nacionale.<br \/>\nAkuzohemi se kemi zgjedhur rrug\u00ebn e vet, tashm\u00eb t\u00eb njohur p\u00ebr t\u00eb gjith\u00eb! \u00cbsht\u00eb e v\u00ebrtet\u00eb. Rrug\u00ebn e vet e kemi zgjedhur me plot dinjitet dhe p\u00ebrgjigjen e kemi fituar t\u00eb gjith\u00eb prej votuesve tan\u00eb. Atyre iu mbetet t\u00eb zgjedhin pasi jan\u00eb ky\u00e7ur pak si me vones\u00eb dhe sinqerisht iu sugjerojm\u00eb q\u00eb t\u00eb jen\u00eb t\u00eb kujdessh\u00ebm n\u00eb zgjedhjen e rrug\u00ebve sepse fare leht\u00eb mund t\u00eb humbasin (uroj nga zemra q\u00eb jo).<br \/>\nQ\u00eb t\u00eb mos mbetemi duke faj\u00ebsuar nj\u00ebri tjetrin dhe duke qen\u00eb i vet\u00ebdijsh\u00ebm p\u00ebr r\u00ebnd\u00ebsin\u00eb e momentit, un\u00eb i ftoj edhe nj\u00eb her\u00eb q\u00eb t\u00eb bashkohemi rreth nj\u00eb klubi t\u00eb p\u00ebrbashk\u00ebt, sepse ia kemi borxh k\u00ebtij populli dhe, pavar\u00ebsisht nga mosmarr\u00ebveshjet tona, t\u00eb bashkohemi rreth pikave ky\u00e7e t\u00eb cilat besoj i kemi t\u00eb nj\u00ebjta, t\u00eb veprojm\u00eb p\u00ebr realizimin e tyre, sepse koha nuk pret.<\/p>\n<p>Koha javore: Me ardhjen Tuaj n\u00eb Parlamentin e Malit t\u00eb Zi, a mund t\u00eb shpresojm\u00eb se k\u00ebrkesat tona do t\u00eb mbrohen denj\u00ebsisht, pasi shum\u00eb njer\u00ebz shohin te Ju nj\u00eb politikan t\u00eb guximsh\u00ebm dhe t\u00eb vendosur p\u00ebr k\u00ebrkesat e shqiptar\u00ebve n\u00eb Mal t\u00eb Zi?<br \/>\nM. Zenka: Ashtu si\u00e7 m\u00eb shohin, ashtu do t\u00eb jem edhe m\u00eb gjat\u00eb.<\/p>\n<p><strong>Bisedoi: Muhamed Gjokaj<\/strong><\/p>\n","protected":false},"excerpt":{"rendered":"<p>Vet\u00ebm s\u00eb bashku mund t\u2019i p\u00ebrballojm\u00eb sfidat Koha javore: Z. Zenka, redaksia e gazet\u00ebs \u201cKoha javore\u201d ka hapur tem\u00ebn n\u00eb lidhje me pjes\u00ebmarrjen e pakicave n\u00eb jet\u00ebn publike. Cili \u00ebsht\u00eb q\u00ebndrimi i UDSH-s\u00eb mbi k\u00ebt\u00eb \u00e7\u00ebshtje? M. Zenka: Q\u00ebndrimi i UDSH-s\u00eb dhe i imi \u00ebsht\u00eb se nuk ka aspak vend q\u00eb t\u00eb jemi t\u00eb k\u00ebnaqur [&hellip;]<\/p>\n","protected":false},"author":1,"featured_media":0,"comment_status":"open","ping_status":"closed","sticky":false,"template":"","format":"standard","meta":{"spay_email":"","jetpack_publicize_message":"","jetpack_is_tweetstorm":false,"jetpack_publicize_feature_enabled":true},"categories":[5],"tags":[3371],"jetpack_publicize_connections":[],"yoast_head":"<!-- This site is optimized with the Yoast SEO plugin v19.1 - https:\/\/yoast.com\/wordpress\/plugins\/seo\/ -->\n<title>Intervist\u00eb me Mehmet Zenk\u00ebn, deputet i UDSH-s\u00eb n\u00eb parlamentin e Malit t\u00eb Zi - Lajme nga Ulqini<\/title>\n<meta name=\"description\" content=\"Vet\u00ebm s\u00eb bashku mund t\u2019i p\u00ebrballojm\u00eb sfidat Koha javore: Z. Zenka, redaksia e gazet\u00ebs \u201cKoha javore\u201d ka hapur tem\u00ebn n\u00eb lidhje me pjes\u00ebmarrjen e pakicave n\u00eb\" \/>\n<meta name=\"robots\" content=\"index, follow, max-snippet:-1, max-image-preview:large, max-video-preview:-1\" \/>\n<link rel=\"canonical\" href=\"https:\/\/www.visit-ulcinj.com\/blog\/2009\/11\/11\/interviste-me-mehmet-zenken-deputet-i-udsh-se-ne-parlamentin-e-malit-te-zi\/\" \/>\n<meta property=\"og:locale\" content=\"en_US\" \/>\n<meta property=\"og:type\" content=\"article\" \/>\n<meta property=\"og:title\" content=\"Intervist\u00eb me Mehmet Zenk\u00ebn, deputet i UDSH-s\u00eb n\u00eb parlamentin e Malit t\u00eb Zi - Lajme nga Ulqini\" \/>\n<meta property=\"og:description\" content=\"Vet\u00ebm s\u00eb bashku mund t\u2019i p\u00ebrballojm\u00eb sfidat Koha javore: Z. Zenka, redaksia e gazet\u00ebs \u201cKoha javore\u201d ka hapur tem\u00ebn n\u00eb lidhje me pjes\u00ebmarrjen e pakicave n\u00eb\" \/>\n<meta property=\"og:url\" content=\"https:\/\/www.visit-ulcinj.com\/blog\/2009\/11\/11\/interviste-me-mehmet-zenken-deputet-i-udsh-se-ne-parlamentin-e-malit-te-zi\/\" \/>\n<meta property=\"og:site_name\" content=\"Lajme nga Ulqini\" \/>\n<meta property=\"article:published_time\" content=\"2009-11-11T14:19:58+00:00\" \/>\n<meta property=\"og:image\" content=\"http:\/\/www.visit-ulcinj.com\/blog\/wp-content\/uploads\/2009\/03\/mehmet-zenka_nenkryetari-i-unionit-demokratik-te-shqiptareve.jpg\" \/>\n<meta name=\"twitter:label1\" content=\"Written by\" \/>\n\t<meta name=\"twitter:data1\" content=\"ulqini\" \/>\n\t<meta name=\"twitter:label2\" content=\"Est. reading time\" \/>\n\t<meta name=\"twitter:data2\" content=\"11 minutes\" \/>\n<script type=\"application\/ld+json\" class=\"yoast-schema-graph\">{\"@context\":\"https:\/\/schema.org\",\"@graph\":[{\"@type\":\"WebSite\",\"@id\":\"https:\/\/www.visit-ulcinj.com\/blog\/#website\",\"url\":\"https:\/\/www.visit-ulcinj.com\/blog\/\",\"name\":\"Lajme nga Ulqini\",\"description\":\"Lajme,Vijesti,Ulqini,Ulqin,Crna Gora,Mali i Zi\",\"potentialAction\":[{\"@type\":\"SearchAction\",\"target\":{\"@type\":\"EntryPoint\",\"urlTemplate\":\"https:\/\/www.visit-ulcinj.com\/blog\/?s={search_term_string}\"},\"query-input\":\"required name=search_term_string\"}],\"inLanguage\":\"en-US\"},{\"@type\":\"ImageObject\",\"inLanguage\":\"en-US\",\"@id\":\"https:\/\/www.visit-ulcinj.com\/blog\/2009\/11\/11\/interviste-me-mehmet-zenken-deputet-i-udsh-se-ne-parlamentin-e-malit-te-zi\/#primaryimage\",\"url\":\"https:\/\/www.visit-ulcinj.com\/blog\/wp-content\/uploads\/2009\/03\/mehmet-zenka_nenkryetari-i-unionit-demokratik-te-shqiptareve.jpg\",\"contentUrl\":\"https:\/\/www.visit-ulcinj.com\/blog\/wp-content\/uploads\/2009\/03\/mehmet-zenka_nenkryetari-i-unionit-demokratik-te-shqiptareve.jpg\",\"width\":\"468\",\"height\":\"358\"},{\"@type\":\"WebPage\",\"@id\":\"https:\/\/www.visit-ulcinj.com\/blog\/2009\/11\/11\/interviste-me-mehmet-zenken-deputet-i-udsh-se-ne-parlamentin-e-malit-te-zi\/#webpage\",\"url\":\"https:\/\/www.visit-ulcinj.com\/blog\/2009\/11\/11\/interviste-me-mehmet-zenken-deputet-i-udsh-se-ne-parlamentin-e-malit-te-zi\/\",\"name\":\"Intervist\u00eb me Mehmet Zenk\u00ebn, deputet i UDSH-s\u00eb n\u00eb parlamentin e Malit t\u00eb Zi - Lajme nga Ulqini\",\"isPartOf\":{\"@id\":\"https:\/\/www.visit-ulcinj.com\/blog\/#website\"},\"primaryImageOfPage\":{\"@id\":\"https:\/\/www.visit-ulcinj.com\/blog\/2009\/11\/11\/interviste-me-mehmet-zenken-deputet-i-udsh-se-ne-parlamentin-e-malit-te-zi\/#primaryimage\"},\"datePublished\":\"2009-11-11T14:19:58+00:00\",\"dateModified\":\"2009-11-11T14:19:58+00:00\",\"author\":{\"@id\":\"https:\/\/www.visit-ulcinj.com\/blog\/#\/schema\/person\/dcab619c614d3038751c63bc2aadc06d\"},\"description\":\"Vet\u00ebm s\u00eb bashku mund t\u2019i p\u00ebrballojm\u00eb sfidat Koha javore: Z. Zenka, redaksia e gazet\u00ebs \u201cKoha javore\u201d ka hapur tem\u00ebn n\u00eb lidhje me pjes\u00ebmarrjen e pakicave n\u00eb\",\"breadcrumb\":{\"@id\":\"https:\/\/www.visit-ulcinj.com\/blog\/2009\/11\/11\/interviste-me-mehmet-zenken-deputet-i-udsh-se-ne-parlamentin-e-malit-te-zi\/#breadcrumb\"},\"inLanguage\":\"en-US\",\"potentialAction\":[{\"@type\":\"ReadAction\",\"target\":[\"https:\/\/www.visit-ulcinj.com\/blog\/2009\/11\/11\/interviste-me-mehmet-zenken-deputet-i-udsh-se-ne-parlamentin-e-malit-te-zi\/\"]}]},{\"@type\":\"BreadcrumbList\",\"@id\":\"https:\/\/www.visit-ulcinj.com\/blog\/2009\/11\/11\/interviste-me-mehmet-zenken-deputet-i-udsh-se-ne-parlamentin-e-malit-te-zi\/#breadcrumb\",\"itemListElement\":[{\"@type\":\"ListItem\",\"position\":1,\"name\":\"Intervist\u00eb me Mehmet Zenk\u00ebn, deputet i UDSH-s\u00eb n\u00eb parlamentin e Malit t\u00eb Zi\"}]},{\"@type\":\"Person\",\"@id\":\"https:\/\/www.visit-ulcinj.com\/blog\/#\/schema\/person\/dcab619c614d3038751c63bc2aadc06d\",\"name\":\"ulqini\",\"sameAs\":[\"http:\/\/www.visit-ulcinj.com\"],\"url\":\"https:\/\/www.visit-ulcinj.com\/blog\/author\/admin\/\"}]}<\/script>\n<!-- \/ Yoast SEO plugin. -->","yoast_head_json":{"title":"Intervist\u00eb me Mehmet Zenk\u00ebn, deputet i UDSH-s\u00eb n\u00eb parlamentin e Malit t\u00eb Zi - Lajme nga Ulqini","description":"Vet\u00ebm s\u00eb bashku mund t\u2019i p\u00ebrballojm\u00eb sfidat Koha javore: Z. Zenka, redaksia e gazet\u00ebs \u201cKoha javore\u201d ka hapur tem\u00ebn n\u00eb lidhje me pjes\u00ebmarrjen e pakicave n\u00eb","robots":{"index":"index","follow":"follow","max-snippet":"max-snippet:-1","max-image-preview":"max-image-preview:large","max-video-preview":"max-video-preview:-1"},"canonical":"https:\/\/www.visit-ulcinj.com\/blog\/2009\/11\/11\/interviste-me-mehmet-zenken-deputet-i-udsh-se-ne-parlamentin-e-malit-te-zi\/","og_locale":"en_US","og_type":"article","og_title":"Intervist\u00eb me Mehmet Zenk\u00ebn, deputet i UDSH-s\u00eb n\u00eb parlamentin e Malit t\u00eb Zi - Lajme nga Ulqini","og_description":"Vet\u00ebm s\u00eb bashku mund t\u2019i p\u00ebrballojm\u00eb sfidat Koha javore: Z. Zenka, redaksia e gazet\u00ebs \u201cKoha javore\u201d ka hapur tem\u00ebn n\u00eb lidhje me pjes\u00ebmarrjen e pakicave n\u00eb","og_url":"https:\/\/www.visit-ulcinj.com\/blog\/2009\/11\/11\/interviste-me-mehmet-zenken-deputet-i-udsh-se-ne-parlamentin-e-malit-te-zi\/","og_site_name":"Lajme nga Ulqini","article_published_time":"2009-11-11T14:19:58+00:00","og_image":[{"url":"http:\/\/www.visit-ulcinj.com\/blog\/wp-content\/uploads\/2009\/03\/mehmet-zenka_nenkryetari-i-unionit-demokratik-te-shqiptareve.jpg"}],"twitter_misc":{"Written by":"ulqini","Est. reading time":"11 minutes"},"schema":{"@context":"https:\/\/schema.org","@graph":[{"@type":"WebSite","@id":"https:\/\/www.visit-ulcinj.com\/blog\/#website","url":"https:\/\/www.visit-ulcinj.com\/blog\/","name":"Lajme nga Ulqini","description":"Lajme,Vijesti,Ulqini,Ulqin,Crna Gora,Mali i Zi","potentialAction":[{"@type":"SearchAction","target":{"@type":"EntryPoint","urlTemplate":"https:\/\/www.visit-ulcinj.com\/blog\/?s={search_term_string}"},"query-input":"required name=search_term_string"}],"inLanguage":"en-US"},{"@type":"ImageObject","inLanguage":"en-US","@id":"https:\/\/www.visit-ulcinj.com\/blog\/2009\/11\/11\/interviste-me-mehmet-zenken-deputet-i-udsh-se-ne-parlamentin-e-malit-te-zi\/#primaryimage","url":"https:\/\/www.visit-ulcinj.com\/blog\/wp-content\/uploads\/2009\/03\/mehmet-zenka_nenkryetari-i-unionit-demokratik-te-shqiptareve.jpg","contentUrl":"https:\/\/www.visit-ulcinj.com\/blog\/wp-content\/uploads\/2009\/03\/mehmet-zenka_nenkryetari-i-unionit-demokratik-te-shqiptareve.jpg","width":"468","height":"358"},{"@type":"WebPage","@id":"https:\/\/www.visit-ulcinj.com\/blog\/2009\/11\/11\/interviste-me-mehmet-zenken-deputet-i-udsh-se-ne-parlamentin-e-malit-te-zi\/#webpage","url":"https:\/\/www.visit-ulcinj.com\/blog\/2009\/11\/11\/interviste-me-mehmet-zenken-deputet-i-udsh-se-ne-parlamentin-e-malit-te-zi\/","name":"Intervist\u00eb me Mehmet Zenk\u00ebn, deputet i UDSH-s\u00eb n\u00eb parlamentin e Malit t\u00eb Zi - Lajme nga Ulqini","isPartOf":{"@id":"https:\/\/www.visit-ulcinj.com\/blog\/#website"},"primaryImageOfPage":{"@id":"https:\/\/www.visit-ulcinj.com\/blog\/2009\/11\/11\/interviste-me-mehmet-zenken-deputet-i-udsh-se-ne-parlamentin-e-malit-te-zi\/#primaryimage"},"datePublished":"2009-11-11T14:19:58+00:00","dateModified":"2009-11-11T14:19:58+00:00","author":{"@id":"https:\/\/www.visit-ulcinj.com\/blog\/#\/schema\/person\/dcab619c614d3038751c63bc2aadc06d"},"description":"Vet\u00ebm s\u00eb bashku mund t\u2019i p\u00ebrballojm\u00eb sfidat Koha javore: Z. Zenka, redaksia e gazet\u00ebs \u201cKoha javore\u201d ka hapur tem\u00ebn n\u00eb lidhje me pjes\u00ebmarrjen e pakicave n\u00eb","breadcrumb":{"@id":"https:\/\/www.visit-ulcinj.com\/blog\/2009\/11\/11\/interviste-me-mehmet-zenken-deputet-i-udsh-se-ne-parlamentin-e-malit-te-zi\/#breadcrumb"},"inLanguage":"en-US","potentialAction":[{"@type":"ReadAction","target":["https:\/\/www.visit-ulcinj.com\/blog\/2009\/11\/11\/interviste-me-mehmet-zenken-deputet-i-udsh-se-ne-parlamentin-e-malit-te-zi\/"]}]},{"@type":"BreadcrumbList","@id":"https:\/\/www.visit-ulcinj.com\/blog\/2009\/11\/11\/interviste-me-mehmet-zenken-deputet-i-udsh-se-ne-parlamentin-e-malit-te-zi\/#breadcrumb","itemListElement":[{"@type":"ListItem","position":1,"name":"Intervist\u00eb me Mehmet Zenk\u00ebn, deputet i UDSH-s\u00eb n\u00eb parlamentin e Malit t\u00eb Zi"}]},{"@type":"Person","@id":"https:\/\/www.visit-ulcinj.com\/blog\/#\/schema\/person\/dcab619c614d3038751c63bc2aadc06d","name":"ulqini","sameAs":["http:\/\/www.visit-ulcinj.com"],"url":"https:\/\/www.visit-ulcinj.com\/blog\/author\/admin\/"}]}},"jetpack_featured_media_url":"","jetpack_sharing_enabled":true,"jetpack_shortlink":"https:\/\/wp.me\/pe6lTn-705","_links":{"self":[{"href":"https:\/\/www.visit-ulcinj.com\/blog\/wp-json\/wp\/v2\/posts\/26913"}],"collection":[{"href":"https:\/\/www.visit-ulcinj.com\/blog\/wp-json\/wp\/v2\/posts"}],"about":[{"href":"https:\/\/www.visit-ulcinj.com\/blog\/wp-json\/wp\/v2\/types\/post"}],"author":[{"embeddable":true,"href":"https:\/\/www.visit-ulcinj.com\/blog\/wp-json\/wp\/v2\/users\/1"}],"replies":[{"embeddable":true,"href":"https:\/\/www.visit-ulcinj.com\/blog\/wp-json\/wp\/v2\/comments?post=26913"}],"version-history":[{"count":0,"href":"https:\/\/www.visit-ulcinj.com\/blog\/wp-json\/wp\/v2\/posts\/26913\/revisions"}],"wp:attachment":[{"href":"https:\/\/www.visit-ulcinj.com\/blog\/wp-json\/wp\/v2\/media?parent=26913"}],"wp:term":[{"taxonomy":"category","embeddable":true,"href":"https:\/\/www.visit-ulcinj.com\/blog\/wp-json\/wp\/v2\/categories?post=26913"},{"taxonomy":"post_tag","embeddable":true,"href":"https:\/\/www.visit-ulcinj.com\/blog\/wp-json\/wp\/v2\/tags?post=26913"}],"curies":[{"name":"wp","href":"https:\/\/api.w.org\/{rel}","templated":true}]}}