{"id":26929,"date":"2009-11-11T20:11:17","date_gmt":"2009-11-11T18:11:17","guid":{"rendered":"http:\/\/www.visit-ulcinj.com\/blog\/?p=26929"},"modified":"2009-11-11T20:11:17","modified_gmt":"2009-11-11T18:11:17","slug":"dinosina-izjava-pred-evropskim-parlamentom","status":"publish","type":"post","link":"https:\/\/www.visit-ulcinj.com\/blog\/2009\/11\/11\/dinosina-izjava-pred-evropskim-parlamentom\/","title":{"rendered":"Dino\u0161ina izjava pred Evropskim parlamentom"},"content":{"rendered":"<p><a href=\"http:\/\/www.visit-ulcinj.com\/blog\/wp-content\/uploads\/2009\/11\/Ferhat-Dino\u0161a.jpg\"><img loading=\"lazy\" class=\"alignleft size-full wp-image-26930\" title=\"Politika\" src=\"http:\/\/www.visit-ulcinj.com\/blog\/wp-content\/uploads\/2009\/11\/Ferhat-Dino\u0161a.jpg\" alt=\"Politika\" width=\"422\" height=\"277\" \/><\/a>Podgorica &#8211; Predsjednik Savjeta Konferencije Pravda na Balkanu: jednakost za seksualne manjine i osniva? jedne od najuticajnijih organizacija koja se bavi pravima LGBT populacije, Kana?anin Daglas Eliot saop\u0161tio je ju?e da ?e izjava crnogorskog ministra Ferhata Dino\u0161e \u201cda je za Crnu Goru lo\u0161a vijest postojanje i jedne homoseksualne osobe\u201d biti uvr\u0161tena u izvje\u0161taj koji ?e biti uskoro predstavljen Evropskom parlamentu.<br \/>\n\u201cPremijer Milo ?ukanovi? bi trebalo da zatra\u017ei od ministra da se izvini zbog izjave i da ga pozove da se edukuje o homoseksualizmu, ako misli da i dalje bude na ?elu Ministarstva za za\u0161titu ljudskih i manjinskih prava\u201d, kazao je Eliot ju?e \u201cVijestima\u201d.<br \/>\n\u201cUkoliko Dino\u0161a to ne uradi\u201d, tvrdi Eliot, \u201cto bi zna?ilo da ?ukanovi? nema ministra za za\u0161titu manjina, ve? ministra za diskriminaciju\u201d.<br \/>\nEliot je ocijenio da Dino\u0161a \u201cne shvata ni zakon, niti razumije \u0161ta je to diskriminacija\u201d.<br \/>\n\u201cNjegova izjava nije primjerena, i ukazuje, prije svega na njegovo neznanje\u201d, kazao je Eliot.<br \/>\nOn je naglasio da bi osoba koja se nalazi na mjestu ministra za ljudska i manjinska prava trebalo da \u0161titi prava svih manjina, umjesto \u0161to kvalifikuje vijesti na dobre i lo\u0161e.<br \/>\n\u201cU slu?aju da ministar nema informacije o tome da li ima homoseksualaca u Crnoj Gori, ja mu garantujem da ih ima, jer sam bio u Podgorici, i sreo neke od njih. Da se ministar pojavio na Konferenciji, i on bi vidio mnogo homoseksualaca\u201d, poru?io je Eliot.<br \/>\nOn je kazao da smatra da Dino\u0161a treba da se edukuje, naro?ito zato \u0161to je njegova odgovornost da \u0161titi prava svih manjina, a ne samo, tvrdi Eliot, onih ?ijeg je postojanja crnogorski ministar svjestan ili koje mu se dopadaju.<br \/>\n\u201cCrna Gora, idu?i ka Evropskoj uniji ima odre?ene me?unarodne obaveze, a jedna od njih je i dono\u0161enje Zakon o zabrani diskriminacije\u201d, kazao je Eliot, nagla\u0161avaju?i da ?e se sve to na?i u izvje\u0161taju koji se sprema za Evropski parlament.<br \/>\nEliot, koji je otvorio prvu gej Konferenciju u Crnoj Gori prije dvije sedmice, kazao je \u201cVijestiam\u201d da je krajnje neobi?no da njemu nije bio problem da do?e ?ak iz Kanade da bi govorio o pravima LGBT populacije, za razliku od ministra koji, kako ka\u017ee, nije mogao da pre?e preko jedne ulice da upozna homoseksualce.<br \/>\nIako je Inicijativa mladih za ljudska prava (YIHR) zatra\u017eila od kancelarije ombudsmana da ocijeni da li je Dino\u0161a povrijedio ljudska prava i slobode svojom izjavom datoj Televiziji Vijesti, iz kancelarije za\u0161titnika ljudskih prava stigao je samo odgovor \u201cda je va\u017eno uva\u017eavati ljudske i intelektualne kapacitete svake osobe, pa tako i pripadnika seksualnih manjina\u201d.<br \/>\n\u201cSeksualne manjine u Crnoj Gori se suo?avaju sa brojnim predrasudama i diskriminacijom, o ?emu govore istra\u017eivanja nevladinog sektora. Oni su zbog toga, uglavnom, prinu?eni da \u017eive dvostrukim \u017eivotom, to jest da kriju svoju seksualnu orijentaciju\u201d, saop\u0161tili su iz kancelarije ombudsmana.<br \/>\nNeophodnost diskrecije u pogledu seksualne orijentacije u velikom broju slu?ajeva onemogu?uje prijavljivanje konkretnih slu?ajeva nasilja i diskriminacije koje do\u017eivljavaju u dr\u017eavnim institucijama, \u0161to spre?ava postupanje policije, tu\u017eila\u0161tva, sudova, kao i institucije ombudsmana \u201ci ?ini dimenzije problema nevidljivim\u201d, saop\u0161tila je ju?e zamjenica ombudsmana Marijana Lakovi?.<br \/>\n\u201cZa\u0161titnik ljudskih prava i sloboda ?e redovno pratiti aktivnosti me?unarodnih organizacija u pogledu unapre?ivanja prava LGBT osoba, a naro?ito izvje\u0161taje Savjeta Evrope, presude Evropskog suda za ljudska prava u Strazburu i Evropskog suda pravde u Luksemburgu\u201d, zaklju?uje se u saop\u0161tenju.<\/p>\n<p>Oglasio se iz Strazbura<br \/>\nCrnogorska Vlada se ju?e, i pored brojnih reakcija doma?eg civilnog sektora, nije ogradila od Dino\u0161ine izjave, dok je na sajtu Ministarstva iznenada, pola sata nakon \u0161to je ministar obe?ao \u201cVijestima\u201d da ?e svoju izjavu objasniti kada se vrati iz Strazbura gdje ?e biti do srijede, osvanulo poja\u0161njenje njegovog javnog istupa.<br \/>\n\u201cPovodom moje izjave TV Vijestima o pravima seksualnih manjina u Crnoj Gori, kao i neutemeljenih kritika koje su uslijedile tim povodom, \u017eelim da pojasnim moj stav:<br \/>\nIzjavio sam da u konzervativnom i patrijarhalnom dru\u0161tvu, kakvo je i na\u0161e, postojanje LGBT grupa nije dobra vijest i da ni ja li?no zbog toga nijesam mnogo sre?an. Naglasio sam, me?utim, da treba biti realisti?an i da ih, kada takve osobe ve? postoje, ne treba gu\u0161iti nego im stvoriti prostor na na?in da kori\u0161?enje njihovih prava ne stvara nikakav dru\u0161tveni konflikt\u201d, navodi se na zvani?nom sajtu.<br \/>\nDino\u0161a je u kratkom poja\u0161njenju svoje izjave objasnio i da je crnogorska Vlada podr\u017eala Konferenciju o pravima seksualnih manjina na Balkanu, kojoj je bila doma?in od 23. do 26. oktobra u Podgorici.<br \/>\n\u201cUbije?en sam da ?e Vlada nastaviti da \u0161titi njihova prava, saglasno iskustvima u demokratskim zemljama svijeta i saglasno potpisanim konvencijama Ujedinjenih nacija, u kojima je strogo zabranjen svaki vid diskriminacije. Ovo Ministarstvo ostaje posve?eno primjeni ukupnog korpusa ljudskih i manjinskih prava, koja uklju?uju naravno i prava seksualnih manjina\u201d, zaklju?uje se u izjavi ministra.<\/p>\n<p><strong>T.PAVI?EVI? &#8211; M.SEKULOVI?<br \/>\n<a href=\"http:\/\/www.vijesti.me\/index.php?id=321446\" target=\"_blank\">Vijesti<\/a><\/strong><\/p>\n","protected":false},"excerpt":{"rendered":"<p>Podgorica &#8211; Predsjednik Savjeta Konferencije Pravda na Balkanu: jednakost za seksualne manjine i osniva? jedne od najuticajnijih organizacija koja se bavi pravima LGBT populacije, Kana?anin Daglas Eliot saop\u0161tio je ju?e da ?e izjava crnogorskog ministra Ferhata Dino\u0161e \u201cda je za Crnu Goru lo\u0161a vijest postojanje i jedne homoseksualne osobe\u201d biti uvr\u0161tena u izvje\u0161taj koji ?e [&hellip;]<\/p>\n","protected":false},"author":1,"featured_media":0,"comment_status":"open","ping_status":"closed","sticky":false,"template":"","format":"standard","meta":{"spay_email":"","jetpack_publicize_message":"","jetpack_is_tweetstorm":false,"jetpack_publicize_feature_enabled":true},"categories":[8337],"tags":[88],"jetpack_publicize_connections":[],"yoast_head":"<!-- This site is optimized with the Yoast SEO plugin v19.1 - https:\/\/yoast.com\/wordpress\/plugins\/seo\/ -->\n<title>Dino\u0161ina izjava pred Evropskim parlamentom - Lajme nga Ulqini<\/title>\n<meta name=\"description\" content=\"Podgorica - Predsjednik Savjeta Konferencije Pravda na Balkanu: jednakost za seksualne manjine i osniva? jedne od najuticajnijih organizacija koja se bavi\" \/>\n<meta name=\"robots\" content=\"index, follow, max-snippet:-1, max-image-preview:large, max-video-preview:-1\" \/>\n<link rel=\"canonical\" href=\"https:\/\/www.visit-ulcinj.com\/blog\/2009\/11\/11\/dinosina-izjava-pred-evropskim-parlamentom\/\" \/>\n<meta property=\"og:locale\" content=\"en_US\" \/>\n<meta property=\"og:type\" content=\"article\" \/>\n<meta property=\"og:title\" content=\"Dino\u0161ina izjava pred Evropskim parlamentom - Lajme nga Ulqini\" \/>\n<meta property=\"og:description\" content=\"Podgorica - Predsjednik Savjeta Konferencije Pravda na Balkanu: jednakost za seksualne manjine i osniva? jedne od najuticajnijih organizacija koja se bavi\" \/>\n<meta property=\"og:url\" content=\"https:\/\/www.visit-ulcinj.com\/blog\/2009\/11\/11\/dinosina-izjava-pred-evropskim-parlamentom\/\" \/>\n<meta property=\"og:site_name\" content=\"Lajme nga Ulqini\" \/>\n<meta property=\"article:published_time\" content=\"2009-11-11T18:11:17+00:00\" \/>\n<meta name=\"twitter:label1\" content=\"Written by\" \/>\n\t<meta name=\"twitter:data1\" content=\"ulqini\" \/>\n\t<meta name=\"twitter:label2\" content=\"Est. reading time\" \/>\n\t<meta name=\"twitter:data2\" content=\"4 minutes\" \/>\n<script type=\"application\/ld+json\" class=\"yoast-schema-graph\">{\"@context\":\"https:\/\/schema.org\",\"@graph\":[{\"@type\":\"WebSite\",\"@id\":\"https:\/\/www.visit-ulcinj.com\/blog\/#website\",\"url\":\"https:\/\/www.visit-ulcinj.com\/blog\/\",\"name\":\"Lajme nga Ulqini\",\"description\":\"Lajme,Vijesti,Ulqini,Ulqin,Crna Gora,Mali i Zi\",\"potentialAction\":[{\"@type\":\"SearchAction\",\"target\":{\"@type\":\"EntryPoint\",\"urlTemplate\":\"https:\/\/www.visit-ulcinj.com\/blog\/?s={search_term_string}\"},\"query-input\":\"required name=search_term_string\"}],\"inLanguage\":\"en-US\"},{\"@type\":\"WebPage\",\"@id\":\"https:\/\/www.visit-ulcinj.com\/blog\/2009\/11\/11\/dinosina-izjava-pred-evropskim-parlamentom\/#webpage\",\"url\":\"https:\/\/www.visit-ulcinj.com\/blog\/2009\/11\/11\/dinosina-izjava-pred-evropskim-parlamentom\/\",\"name\":\"Dino\u0161ina izjava pred Evropskim parlamentom - Lajme nga Ulqini\",\"isPartOf\":{\"@id\":\"https:\/\/www.visit-ulcinj.com\/blog\/#website\"},\"datePublished\":\"2009-11-11T18:11:17+00:00\",\"dateModified\":\"2009-11-11T18:11:17+00:00\",\"author\":{\"@id\":\"https:\/\/www.visit-ulcinj.com\/blog\/#\/schema\/person\/dcab619c614d3038751c63bc2aadc06d\"},\"description\":\"Podgorica - Predsjednik Savjeta Konferencije Pravda na Balkanu: jednakost za seksualne manjine i osniva? jedne od najuticajnijih organizacija koja se bavi\",\"breadcrumb\":{\"@id\":\"https:\/\/www.visit-ulcinj.com\/blog\/2009\/11\/11\/dinosina-izjava-pred-evropskim-parlamentom\/#breadcrumb\"},\"inLanguage\":\"en-US\",\"potentialAction\":[{\"@type\":\"ReadAction\",\"target\":[\"https:\/\/www.visit-ulcinj.com\/blog\/2009\/11\/11\/dinosina-izjava-pred-evropskim-parlamentom\/\"]}]},{\"@type\":\"BreadcrumbList\",\"@id\":\"https:\/\/www.visit-ulcinj.com\/blog\/2009\/11\/11\/dinosina-izjava-pred-evropskim-parlamentom\/#breadcrumb\",\"itemListElement\":[{\"@type\":\"ListItem\",\"position\":1,\"name\":\"Dino\u0161ina izjava pred Evropskim parlamentom\"}]},{\"@type\":\"Person\",\"@id\":\"https:\/\/www.visit-ulcinj.com\/blog\/#\/schema\/person\/dcab619c614d3038751c63bc2aadc06d\",\"name\":\"ulqini\",\"sameAs\":[\"http:\/\/www.visit-ulcinj.com\"],\"url\":\"https:\/\/www.visit-ulcinj.com\/blog\/author\/admin\/\"}]}<\/script>\n<!-- \/ Yoast SEO plugin. -->","yoast_head_json":{"title":"Dino\u0161ina izjava pred Evropskim parlamentom - Lajme nga Ulqini","description":"Podgorica - Predsjednik Savjeta Konferencije Pravda na Balkanu: jednakost za seksualne manjine i osniva? jedne od najuticajnijih organizacija koja se bavi","robots":{"index":"index","follow":"follow","max-snippet":"max-snippet:-1","max-image-preview":"max-image-preview:large","max-video-preview":"max-video-preview:-1"},"canonical":"https:\/\/www.visit-ulcinj.com\/blog\/2009\/11\/11\/dinosina-izjava-pred-evropskim-parlamentom\/","og_locale":"en_US","og_type":"article","og_title":"Dino\u0161ina izjava pred Evropskim parlamentom - Lajme nga Ulqini","og_description":"Podgorica - Predsjednik Savjeta Konferencije Pravda na Balkanu: jednakost za seksualne manjine i osniva? jedne od najuticajnijih organizacija koja se bavi","og_url":"https:\/\/www.visit-ulcinj.com\/blog\/2009\/11\/11\/dinosina-izjava-pred-evropskim-parlamentom\/","og_site_name":"Lajme nga Ulqini","article_published_time":"2009-11-11T18:11:17+00:00","twitter_misc":{"Written by":"ulqini","Est. reading time":"4 minutes"},"schema":{"@context":"https:\/\/schema.org","@graph":[{"@type":"WebSite","@id":"https:\/\/www.visit-ulcinj.com\/blog\/#website","url":"https:\/\/www.visit-ulcinj.com\/blog\/","name":"Lajme nga Ulqini","description":"Lajme,Vijesti,Ulqini,Ulqin,Crna Gora,Mali i Zi","potentialAction":[{"@type":"SearchAction","target":{"@type":"EntryPoint","urlTemplate":"https:\/\/www.visit-ulcinj.com\/blog\/?s={search_term_string}"},"query-input":"required name=search_term_string"}],"inLanguage":"en-US"},{"@type":"WebPage","@id":"https:\/\/www.visit-ulcinj.com\/blog\/2009\/11\/11\/dinosina-izjava-pred-evropskim-parlamentom\/#webpage","url":"https:\/\/www.visit-ulcinj.com\/blog\/2009\/11\/11\/dinosina-izjava-pred-evropskim-parlamentom\/","name":"Dino\u0161ina izjava pred Evropskim parlamentom - Lajme nga Ulqini","isPartOf":{"@id":"https:\/\/www.visit-ulcinj.com\/blog\/#website"},"datePublished":"2009-11-11T18:11:17+00:00","dateModified":"2009-11-11T18:11:17+00:00","author":{"@id":"https:\/\/www.visit-ulcinj.com\/blog\/#\/schema\/person\/dcab619c614d3038751c63bc2aadc06d"},"description":"Podgorica - Predsjednik Savjeta Konferencije Pravda na Balkanu: jednakost za seksualne manjine i osniva? jedne od najuticajnijih organizacija koja se bavi","breadcrumb":{"@id":"https:\/\/www.visit-ulcinj.com\/blog\/2009\/11\/11\/dinosina-izjava-pred-evropskim-parlamentom\/#breadcrumb"},"inLanguage":"en-US","potentialAction":[{"@type":"ReadAction","target":["https:\/\/www.visit-ulcinj.com\/blog\/2009\/11\/11\/dinosina-izjava-pred-evropskim-parlamentom\/"]}]},{"@type":"BreadcrumbList","@id":"https:\/\/www.visit-ulcinj.com\/blog\/2009\/11\/11\/dinosina-izjava-pred-evropskim-parlamentom\/#breadcrumb","itemListElement":[{"@type":"ListItem","position":1,"name":"Dino\u0161ina izjava pred Evropskim parlamentom"}]},{"@type":"Person","@id":"https:\/\/www.visit-ulcinj.com\/blog\/#\/schema\/person\/dcab619c614d3038751c63bc2aadc06d","name":"ulqini","sameAs":["http:\/\/www.visit-ulcinj.com"],"url":"https:\/\/www.visit-ulcinj.com\/blog\/author\/admin\/"}]}},"jetpack_featured_media_url":"","jetpack_sharing_enabled":true,"jetpack_shortlink":"https:\/\/wp.me\/pe6lTn-70l","_links":{"self":[{"href":"https:\/\/www.visit-ulcinj.com\/blog\/wp-json\/wp\/v2\/posts\/26929"}],"collection":[{"href":"https:\/\/www.visit-ulcinj.com\/blog\/wp-json\/wp\/v2\/posts"}],"about":[{"href":"https:\/\/www.visit-ulcinj.com\/blog\/wp-json\/wp\/v2\/types\/post"}],"author":[{"embeddable":true,"href":"https:\/\/www.visit-ulcinj.com\/blog\/wp-json\/wp\/v2\/users\/1"}],"replies":[{"embeddable":true,"href":"https:\/\/www.visit-ulcinj.com\/blog\/wp-json\/wp\/v2\/comments?post=26929"}],"version-history":[{"count":0,"href":"https:\/\/www.visit-ulcinj.com\/blog\/wp-json\/wp\/v2\/posts\/26929\/revisions"}],"wp:attachment":[{"href":"https:\/\/www.visit-ulcinj.com\/blog\/wp-json\/wp\/v2\/media?parent=26929"}],"wp:term":[{"taxonomy":"category","embeddable":true,"href":"https:\/\/www.visit-ulcinj.com\/blog\/wp-json\/wp\/v2\/categories?post=26929"},{"taxonomy":"post_tag","embeddable":true,"href":"https:\/\/www.visit-ulcinj.com\/blog\/wp-json\/wp\/v2\/tags?post=26929"}],"curies":[{"name":"wp","href":"https:\/\/api.w.org\/{rel}","templated":true}]}}