{"id":26933,"date":"2009-11-11T20:17:57","date_gmt":"2009-11-11T18:17:57","guid":{"rendered":"http:\/\/www.visit-ulcinj.com\/blog\/?p=26933"},"modified":"2009-11-11T20:17:57","modified_gmt":"2009-11-11T18:17:57","slug":"da-ode-sam-ili-ga-smijenite","status":"publish","type":"post","link":"https:\/\/www.visit-ulcinj.com\/blog\/2009\/11\/11\/da-ode-sam-ili-ga-smijenite\/","title":{"rendered":"Da ode sam ili ga smijenite"},"content":{"rendered":"<p><strong><a href=\"http:\/\/www.visit-ulcinj.com\/blog\/wp-content\/uploads\/2009\/11\/Ferhat-Dino\u0161a_Milo-?ukanovi?1.jpg\"><img loading=\"lazy\" class=\"alignleft size-full wp-image-26934\" title=\"Politika\" src=\"http:\/\/www.visit-ulcinj.com\/blog\/wp-content\/uploads\/2009\/11\/Ferhat-Dino\u0161a_Milo-?ukanovi?1.jpg\" alt=\"Politika\" width=\"357\" height=\"234\" \/><\/a>NVO PISALE PREMIJERU ?UKANOVI?U, ZBOG DINO\u0160E<\/strong><br \/>\nPodgorica \u2013 Predatsvnici nevladinog sektora zatra\u017eili su ju?e da premijer Milo ?ukanovi? predlo\u017ei Skup\u0161tini razrje\u0161enje ministra za ljudska i manjinska prava Ferhata Dino\u0161u, zbog njegovog \u201cjavno iskazanog odnosa prema pripadnicima seksualnih manjina\u201d.<br \/>\nTaj odnos, kako su naveli u pismu, Dino\u0161u \u201c u potpunosti diskvalifikuje kao osobu koja bi mogla biti nadle\u017ena za dalje unaprije?ivanje ljudskih prava svih gra?ana Crne Gore\u00bb, navodi se u pismu koje je potpisalo 14t NVO.<br \/>\nPredstavnici civilnog sektora su objasnili da je sa aspekta ljudskih prava, potpuno svejedno da li je ministar rekao da za Crnu Goru nije dobra vijest postojanje albanske nacionalne manjine ili glasa?a DPS-a, ili postojanje homoseksualaca.<br \/>\n\u00abMinistar je pokazao da ne posjeduje elementarno po\u0161tovanje osnovnog na?ela ljudskih prava &#8211; jednakosti svih ljudi, bez obzira na njihov pol, nacionalnu ili etni?ku pripadnost, seksualnu orijentaciju ili politi?ko opredjeljenje\u00bb, navodi se u pismu.<br \/>\nPotpisnici su u pismu ?ukanovi?u ocijenili da obja\u0161njenje ministrove izjave, koja se na\u0161la na sajtu Ministarstva tri dana nakon njegovog gostovanja u emisiji televizije \u00abVijesti\u00bb, ni na koji na?in ne pokazuje \u017ealjenje zbog prethodno izre?ene ocjene.<br \/>\n\u201cCijenimo da je na ovaj na?in ministar ljudskih i manjinskih prava dokazao svoje nedovoljne kapacitete za obavljanje veoma odgovorne du\u017enosti koju ste mu Vi i Skup\u0161tina povjerili u ime svih crnogorskih gra?ana\/ki\u201d, pi\u0161e u pismu.<br \/>\n\u201cIspoljeno ne korespondira ni sa dosada\u0161njim me?unarodnim i doma?im obavezama Vlade u oblasti za\u0161tite ljudskih prava i na putu pristupanja zemlje EU. Posebno Vam ukazujemo na ?injenicu da je Evropska komisija u izvje\u0161taju o napretku Crne Gore za 2009. godinu naglasila da su osobe koje pripadaju LGBT populaciji marginalizovane i diskriminisane u crnogorskom dru\u0161tvu\u00bb, ocjenjuju u civilnom sektoru.<br \/>\n\u00abO?ekujemo da u cilju doprinosa unaprije?enju ljudskih prava svih gra?ana\/ki Crne Gore, bez diskriminacije, ministar Dino\u0161a podnese ostavku na funkciju ministra, odnosno da se Vi odlu?ite da Skup\u0161tini predlo\u017eite njegovo razrje\u0161enje\u00bb, navodi se u pismu koje potpisuju Akcija za ljudska prava, Centar za \u017eensko i mirovno obrazovanje \\&#8221;Anima\\&#8221;, Sigurna \u017eenska ku?a, Institut Alternativa, Centar za anti-diskriminaciju \\&#8221;Ekvista\\&#8221;, Expeditio, Omladinski kulturni centar Juventas, Evropski pokret u Crnoj Gori, SOS telefon za \u017eene i djecu \u017ertve nasilja Nik\u0161i?, Forum mladi i neformalna edukacija, Centar za monitoring, Mre\u017ea za afirmaciju nevladinog sektora i istra\u017eiva? kr\u0161enja ljudskih prava Aleksandar Sa\u0161a Zekovi?.<br \/>\nU Crnoj Gori treba otvoriti pitanje slobode seksualnog opredjeljenja, kako bi se ono \u0161to bolje razumjelo u kontekstu po\u0161tovanja ljudskih prava, smatra predsjednik parlamenta Ranko Krivokapi?.<br \/>\nKomentari\u0161u?i Dino\u0161inu izjavu Krivokapi? je kazao da je njegovo naknadno poja\u0161njenje shvatio kao izvinjenje.<br \/>\n<strong><br \/>\nT.P.<br \/>\n<a href=\"http:\/\/www.vijesti.me\/index.php?id=321697\" target=\"_blank\">Vijesti<\/a><\/strong><\/p>\n","protected":false},"excerpt":{"rendered":"<p>NVO PISALE PREMIJERU ?UKANOVI?U, ZBOG DINO\u0160E Podgorica \u2013 Predatsvnici nevladinog sektora zatra\u017eili su ju?e da premijer Milo ?ukanovi? predlo\u017ei Skup\u0161tini razrje\u0161enje ministra za ljudska i manjinska prava Ferhata Dino\u0161u, zbog njegovog \u201cjavno iskazanog odnosa prema pripadnicima seksualnih manjina\u201d. Taj odnos, kako su naveli u pismu, Dino\u0161u \u201c u potpunosti diskvalifikuje kao osobu koja bi mogla [&hellip;]<\/p>\n","protected":false},"author":1,"featured_media":0,"comment_status":"open","ping_status":"closed","sticky":false,"template":"","format":"standard","meta":{"spay_email":"","jetpack_publicize_message":"","jetpack_is_tweetstorm":false,"jetpack_publicize_feature_enabled":true},"categories":[8337],"tags":[12734,12735],"jetpack_publicize_connections":[],"yoast_head":"<!-- This site is optimized with the Yoast SEO plugin v19.1 - https:\/\/yoast.com\/wordpress\/plugins\/seo\/ -->\n<title>Da ode sam ili ga smijenite - Lajme nga Ulqini<\/title>\n<meta name=\"description\" content=\"NVO PISALE PREMIJERU ?UKANOVI?U, ZBOG DINO\u0160E Podgorica \u2013 Predatsvnici nevladinog sektora zatra\u017eili su ju?e da premijer Milo ?ukanovi? predlo\u017ei Skup\u0161tini\" \/>\n<meta name=\"robots\" content=\"index, follow, max-snippet:-1, max-image-preview:large, max-video-preview:-1\" \/>\n<link rel=\"canonical\" href=\"https:\/\/www.visit-ulcinj.com\/blog\/2009\/11\/11\/da-ode-sam-ili-ga-smijenite\/\" \/>\n<meta property=\"og:locale\" content=\"en_US\" \/>\n<meta property=\"og:type\" content=\"article\" \/>\n<meta property=\"og:title\" content=\"Da ode sam ili ga smijenite - Lajme nga Ulqini\" \/>\n<meta property=\"og:description\" content=\"NVO PISALE PREMIJERU ?UKANOVI?U, ZBOG DINO\u0160E Podgorica \u2013 Predatsvnici nevladinog sektora zatra\u017eili su ju?e da premijer Milo ?ukanovi? predlo\u017ei Skup\u0161tini\" \/>\n<meta property=\"og:url\" content=\"https:\/\/www.visit-ulcinj.com\/blog\/2009\/11\/11\/da-ode-sam-ili-ga-smijenite\/\" \/>\n<meta property=\"og:site_name\" content=\"Lajme nga Ulqini\" \/>\n<meta property=\"article:published_time\" content=\"2009-11-11T18:17:57+00:00\" \/>\n<meta name=\"twitter:label1\" content=\"Written by\" \/>\n\t<meta name=\"twitter:data1\" content=\"ulqini\" \/>\n\t<meta name=\"twitter:label2\" content=\"Est. reading time\" \/>\n\t<meta name=\"twitter:data2\" content=\"2 minutes\" \/>\n<script type=\"application\/ld+json\" class=\"yoast-schema-graph\">{\"@context\":\"https:\/\/schema.org\",\"@graph\":[{\"@type\":\"WebSite\",\"@id\":\"https:\/\/www.visit-ulcinj.com\/blog\/#website\",\"url\":\"https:\/\/www.visit-ulcinj.com\/blog\/\",\"name\":\"Lajme nga Ulqini\",\"description\":\"Lajme,Vijesti,Ulqini,Ulqin,Crna Gora,Mali i Zi\",\"potentialAction\":[{\"@type\":\"SearchAction\",\"target\":{\"@type\":\"EntryPoint\",\"urlTemplate\":\"https:\/\/www.visit-ulcinj.com\/blog\/?s={search_term_string}\"},\"query-input\":\"required name=search_term_string\"}],\"inLanguage\":\"en-US\"},{\"@type\":\"WebPage\",\"@id\":\"https:\/\/www.visit-ulcinj.com\/blog\/2009\/11\/11\/da-ode-sam-ili-ga-smijenite\/#webpage\",\"url\":\"https:\/\/www.visit-ulcinj.com\/blog\/2009\/11\/11\/da-ode-sam-ili-ga-smijenite\/\",\"name\":\"Da ode sam ili ga smijenite - Lajme nga Ulqini\",\"isPartOf\":{\"@id\":\"https:\/\/www.visit-ulcinj.com\/blog\/#website\"},\"datePublished\":\"2009-11-11T18:17:57+00:00\",\"dateModified\":\"2009-11-11T18:17:57+00:00\",\"author\":{\"@id\":\"https:\/\/www.visit-ulcinj.com\/blog\/#\/schema\/person\/dcab619c614d3038751c63bc2aadc06d\"},\"description\":\"NVO PISALE PREMIJERU ?UKANOVI?U, ZBOG DINO\u0160E Podgorica \u2013 Predatsvnici nevladinog sektora zatra\u017eili su ju?e da premijer Milo ?ukanovi? predlo\u017ei Skup\u0161tini\",\"breadcrumb\":{\"@id\":\"https:\/\/www.visit-ulcinj.com\/blog\/2009\/11\/11\/da-ode-sam-ili-ga-smijenite\/#breadcrumb\"},\"inLanguage\":\"en-US\",\"potentialAction\":[{\"@type\":\"ReadAction\",\"target\":[\"https:\/\/www.visit-ulcinj.com\/blog\/2009\/11\/11\/da-ode-sam-ili-ga-smijenite\/\"]}]},{\"@type\":\"BreadcrumbList\",\"@id\":\"https:\/\/www.visit-ulcinj.com\/blog\/2009\/11\/11\/da-ode-sam-ili-ga-smijenite\/#breadcrumb\",\"itemListElement\":[{\"@type\":\"ListItem\",\"position\":1,\"name\":\"Da ode sam ili ga smijenite\"}]},{\"@type\":\"Person\",\"@id\":\"https:\/\/www.visit-ulcinj.com\/blog\/#\/schema\/person\/dcab619c614d3038751c63bc2aadc06d\",\"name\":\"ulqini\",\"sameAs\":[\"http:\/\/www.visit-ulcinj.com\"],\"url\":\"https:\/\/www.visit-ulcinj.com\/blog\/author\/admin\/\"}]}<\/script>\n<!-- \/ Yoast SEO plugin. -->","yoast_head_json":{"title":"Da ode sam ili ga smijenite - Lajme nga Ulqini","description":"NVO PISALE PREMIJERU ?UKANOVI?U, ZBOG DINO\u0160E Podgorica \u2013 Predatsvnici nevladinog sektora zatra\u017eili su ju?e da premijer Milo ?ukanovi? predlo\u017ei Skup\u0161tini","robots":{"index":"index","follow":"follow","max-snippet":"max-snippet:-1","max-image-preview":"max-image-preview:large","max-video-preview":"max-video-preview:-1"},"canonical":"https:\/\/www.visit-ulcinj.com\/blog\/2009\/11\/11\/da-ode-sam-ili-ga-smijenite\/","og_locale":"en_US","og_type":"article","og_title":"Da ode sam ili ga smijenite - Lajme nga Ulqini","og_description":"NVO PISALE PREMIJERU ?UKANOVI?U, ZBOG DINO\u0160E Podgorica \u2013 Predatsvnici nevladinog sektora zatra\u017eili su ju?e da premijer Milo ?ukanovi? predlo\u017ei Skup\u0161tini","og_url":"https:\/\/www.visit-ulcinj.com\/blog\/2009\/11\/11\/da-ode-sam-ili-ga-smijenite\/","og_site_name":"Lajme nga Ulqini","article_published_time":"2009-11-11T18:17:57+00:00","twitter_misc":{"Written by":"ulqini","Est. reading time":"2 minutes"},"schema":{"@context":"https:\/\/schema.org","@graph":[{"@type":"WebSite","@id":"https:\/\/www.visit-ulcinj.com\/blog\/#website","url":"https:\/\/www.visit-ulcinj.com\/blog\/","name":"Lajme nga Ulqini","description":"Lajme,Vijesti,Ulqini,Ulqin,Crna Gora,Mali i Zi","potentialAction":[{"@type":"SearchAction","target":{"@type":"EntryPoint","urlTemplate":"https:\/\/www.visit-ulcinj.com\/blog\/?s={search_term_string}"},"query-input":"required name=search_term_string"}],"inLanguage":"en-US"},{"@type":"WebPage","@id":"https:\/\/www.visit-ulcinj.com\/blog\/2009\/11\/11\/da-ode-sam-ili-ga-smijenite\/#webpage","url":"https:\/\/www.visit-ulcinj.com\/blog\/2009\/11\/11\/da-ode-sam-ili-ga-smijenite\/","name":"Da ode sam ili ga smijenite - Lajme nga Ulqini","isPartOf":{"@id":"https:\/\/www.visit-ulcinj.com\/blog\/#website"},"datePublished":"2009-11-11T18:17:57+00:00","dateModified":"2009-11-11T18:17:57+00:00","author":{"@id":"https:\/\/www.visit-ulcinj.com\/blog\/#\/schema\/person\/dcab619c614d3038751c63bc2aadc06d"},"description":"NVO PISALE PREMIJERU ?UKANOVI?U, ZBOG DINO\u0160E Podgorica \u2013 Predatsvnici nevladinog sektora zatra\u017eili su ju?e da premijer Milo ?ukanovi? predlo\u017ei Skup\u0161tini","breadcrumb":{"@id":"https:\/\/www.visit-ulcinj.com\/blog\/2009\/11\/11\/da-ode-sam-ili-ga-smijenite\/#breadcrumb"},"inLanguage":"en-US","potentialAction":[{"@type":"ReadAction","target":["https:\/\/www.visit-ulcinj.com\/blog\/2009\/11\/11\/da-ode-sam-ili-ga-smijenite\/"]}]},{"@type":"BreadcrumbList","@id":"https:\/\/www.visit-ulcinj.com\/blog\/2009\/11\/11\/da-ode-sam-ili-ga-smijenite\/#breadcrumb","itemListElement":[{"@type":"ListItem","position":1,"name":"Da ode sam ili ga smijenite"}]},{"@type":"Person","@id":"https:\/\/www.visit-ulcinj.com\/blog\/#\/schema\/person\/dcab619c614d3038751c63bc2aadc06d","name":"ulqini","sameAs":["http:\/\/www.visit-ulcinj.com"],"url":"https:\/\/www.visit-ulcinj.com\/blog\/author\/admin\/"}]}},"jetpack_featured_media_url":"","jetpack_sharing_enabled":true,"jetpack_shortlink":"https:\/\/wp.me\/pe6lTn-70p","_links":{"self":[{"href":"https:\/\/www.visit-ulcinj.com\/blog\/wp-json\/wp\/v2\/posts\/26933"}],"collection":[{"href":"https:\/\/www.visit-ulcinj.com\/blog\/wp-json\/wp\/v2\/posts"}],"about":[{"href":"https:\/\/www.visit-ulcinj.com\/blog\/wp-json\/wp\/v2\/types\/post"}],"author":[{"embeddable":true,"href":"https:\/\/www.visit-ulcinj.com\/blog\/wp-json\/wp\/v2\/users\/1"}],"replies":[{"embeddable":true,"href":"https:\/\/www.visit-ulcinj.com\/blog\/wp-json\/wp\/v2\/comments?post=26933"}],"version-history":[{"count":0,"href":"https:\/\/www.visit-ulcinj.com\/blog\/wp-json\/wp\/v2\/posts\/26933\/revisions"}],"wp:attachment":[{"href":"https:\/\/www.visit-ulcinj.com\/blog\/wp-json\/wp\/v2\/media?parent=26933"}],"wp:term":[{"taxonomy":"category","embeddable":true,"href":"https:\/\/www.visit-ulcinj.com\/blog\/wp-json\/wp\/v2\/categories?post=26933"},{"taxonomy":"post_tag","embeddable":true,"href":"https:\/\/www.visit-ulcinj.com\/blog\/wp-json\/wp\/v2\/tags?post=26933"}],"curies":[{"name":"wp","href":"https:\/\/api.w.org\/{rel}","templated":true}]}}