{"id":26980,"date":"2009-11-11T23:13:23","date_gmt":"2009-11-11T21:13:23","guid":{"rendered":"http:\/\/www.visit-ulcinj.com\/blog\/?p=26980"},"modified":"2009-11-11T23:13:23","modified_gmt":"2009-11-11T21:13:23","slug":"kumtese-me-rastin-e-propozimit-te-partise-boshnjake-per-heqjen-e-te-drejtave-te-arritura-te-shqiptareve-ne-numrin-e-deputeteve-ne-mal-te-zi","status":"publish","type":"post","link":"https:\/\/www.visit-ulcinj.com\/blog\/2009\/11\/11\/kumtese-me-rastin-e-propozimit-te-partise-boshnjake-per-heqjen-e-te-drejtave-te-arritura-te-shqiptareve-ne-numrin-e-deputeteve-ne-mal-te-zi\/","title":{"rendered":"Kumtes\u00eb  me rastin e propozimit t\u00eb partis\u00eb  Boshnjake p\u00ebr heqjen e t\u00eb drejtave t\u00eb  arritura t\u00eb shqiptar\u00ebve n\u00eb numrin e deputet\u00ebve n\u00eb Mal t\u00eb Zi"},"content":{"rendered":"<p><strong><img loading=\"lazy\" class=\"alignleft\" title=\"N\u00ebnkryetari i Forc\u00ebs dhe deputet n\u00eb parlament ,Genci Nimanbegu\" src=\"http:\/\/www.visit-ulcinj.com\/blog\/wp-content\/uploads\/2009\/05\/genc-nimanbegu_nenkryetar-i-forces-se-re-demokratike_19-05-2009.jpg\" alt=\"\" width=\"580\" height=\"400\" \/>Kumtese p\u00ebr opinion<\/p>\n<p>Ulqin 11.11.2009<br \/>\nNr: 288\/09<\/p>\n<p>Kumtes\u00eb\u00a0 me rastin e propozimit t\u00eb partis\u00eb\u00a0 Boshnjake p\u00ebr heqjen e t\u00eb drejtave t\u00eb\u00a0 arritura t\u00eb shqiptar\u00ebve n\u00eb numrin e deputet\u00ebve n\u00eb Mal t\u00eb Zi<\/strong><\/p>\n<p>T\u00eb drejtat e shqiptar\u00ebve jan\u00eb t\u00eb garantuara me kushtetut\u00ebn e Malit t\u00eb Zi dhe respektimi i k\u00ebtyre t\u00eb drejtave \u00ebsht\u00eb i domosdosh\u00ebm p\u00ebr t\u00eb garantuar bashk\u00ebjetes\u00ebn etnike brenda Malit t\u00eb Zi, klim\u00ebn e mir\u00eb n\u00eb marr\u00ebdh\u00ebniet me vendet fqinje si dhe plot\u00ebsimin e standardeve p\u00ebr integrimin evropian t\u00eb Malit t\u00eb Zi.<\/p>\n<p>Kemi pritur me shum\u00eb p\u00ebrpjekje p\u00ebr t\u00eb p\u00ebrmir\u00ebsuar, kaq te lavd\u00ebruara, marr\u00ebdh\u00ebniet kulturore, dhe fetare te pakicave ne Malit t\u00eb Zi por, kurrsesi, nuk mund t\u00eb pajtohemi q\u00eb t\u00eb keq\u00ebsohet statusi i pakic\u00ebs s\u00eb vetme specifike (kulturore, gjuh\u00ebsore, e mbi te gjitha autoktone) t\u00eb pakicave n\u00eb Mal te Zi e at\u00eb t\u00eb pakic\u00ebs autoktone shqiptare.<\/p>\n<p>Me keqardhje v\u00ebrejm\u00eb\u00a0 solidaritetin e fshehur antishqiptar\u00eb, p\u00ebr heqjen e te drejtave te arritura ne ligjin zgjedhore, t\u00eb cilat seriozisht k\u00ebrc\u00ebnon harmonin\u00eb\u00a0 nd\u00ebretnike ne Mal te Zi dhe i t\u00ebr\u00eb regjionit.<\/p>\n<p>Shprehim gjithashtu keqardhje q\u00eb ky propozim vjen nga radh\u00ebt e partis\u00eb Boshnjake gjegj\u00ebsisht nga faktori politik, e cila po ashtu p\u00ebrfaq\u00ebson nj\u00eb\u00a0 pakic\u00eb nacionale e cila n\u00eb vend q\u00eb t\u00eb kontrollojn\u00eb dhe te ken\u00eb ndikim me nj\u00eb q\u00ebndrim te p\u00ebrgjegjsh\u00ebm ndaj shumic\u00ebs aktuale t\u00eb cil\u00ebs edhe vet\u00eb i p\u00ebrkasin, vepron n\u00eb drejtim te vet\u00ebm p\u00ebr reduktimin e t\u00eb drejtave te vetmes pakic\u00eb etnike.<\/p>\n<p>Megjithat\u00eb jemi t\u00eb bindur q\u00eb k\u00ebto p\u00ebrpjekje\u00a0 t\u00eb udh\u00ebheq\u00ebsis\u00eb t\u00eb Partis\u00eb Boshnjake nuk paraqesin q\u00ebndrimin e popullit boshnjak, por nj\u00eb p\u00ebrpjekje q\u00eb vetvetes ti i sigurojn\u00eb poen\u00eb t\u00eb ul\u00ebt politik\u00eb.<\/p>\n<p>Pakica etnike autoktone shqiptare ka d\u00ebshmuar besnik\u00ebrin\u00eb ndaj shtetit malazez duke siguruar shumic\u00ebn vendimtare p\u00ebr pavar\u00ebsin\u00eb e Republik\u00ebs s\u00eb\u00a0 Malit t\u00eb Zi n\u00eb referendum prandaj mendojm\u00eb se k\u00ebto plane q\u00ebllimkeqe jan\u00eb nj\u00eb thik\u00eb pas shpine p\u00ebr faktorin shqiptar n\u00eb Malin e Zi. T\u00eb bindur jemi q\u00eb k\u00ebto plane do t\u00eb mbesin t\u00eb d\u00ebshtuara dhe i b\u00ebjm\u00eb thirrje faktor\u00ebve t\u00eb arsyesh\u00ebm e largpam\u00ebs politik n\u00eb Malin e Zi, te cil\u00ebt edhe deri me tani kan\u00eb ruajtur bashk\u00ebjetes\u00ebn etnike dhe nd\u00ebr fetare,\u00a0 faktor\u00ebt nd\u00ebrkomb\u00ebtar dhe shoq\u00ebrin\u00eb civile qe propozimin e Partis\u00eb Boshnjake ta kuptojn\u00eb si nj\u00eb projekt i cili \u00ebsht\u00eb i drejtuar kund\u00ebr popullit shqiptare n\u00eb Mal te Zi\u00a0 dhe q\u00eb mos t\u00eb lejojn\u00eb q\u00eb t\u00eb realizohet ky projekt destruktiv.<\/p>\n<p>Mali Zi asht\u00eb\u00a0 b\u00ebr\u00eb i njohur n\u00eb regjion p\u00ebr arritjet pozitive n\u00eb\u00a0 marrdh\u00ebnjet nd\u00ebretnike prandaj duhet t\u00eb parandaloj k\u00ebto tentativa negative t\u00eb Partis\u00eb Boshnjake.<\/p>\n<p><strong>N\u00ebnkryetari i Forc\u00ebs dhe deputet n\u00eb parlament<br \/>\nGenci Nimanbegu<\/strong><\/p>\n","protected":false},"excerpt":{"rendered":"<p>Kumtese p\u00ebr opinion Ulqin 11.11.2009 Nr: 288\/09 Kumtes\u00eb\u00a0 me rastin e propozimit t\u00eb partis\u00eb\u00a0 Boshnjake p\u00ebr heqjen e t\u00eb drejtave t\u00eb\u00a0 arritura t\u00eb shqiptar\u00ebve n\u00eb numrin e deputet\u00ebve n\u00eb Mal t\u00eb Zi T\u00eb drejtat e shqiptar\u00ebve jan\u00eb t\u00eb garantuara me kushtetut\u00ebn e Malit t\u00eb Zi dhe respektimi i k\u00ebtyre t\u00eb drejtave \u00ebsht\u00eb i domosdosh\u00ebm p\u00ebr [&hellip;]<\/p>\n","protected":false},"author":1,"featured_media":0,"comment_status":"open","ping_status":"closed","sticky":false,"template":"","format":"standard","meta":{"spay_email":"","jetpack_publicize_message":"","jetpack_is_tweetstorm":false,"jetpack_publicize_feature_enabled":true},"categories":[6],"tags":[12743],"jetpack_publicize_connections":[],"yoast_head":"<!-- This site is optimized with the Yoast SEO plugin v19.1 - https:\/\/yoast.com\/wordpress\/plugins\/seo\/ -->\n<title>Kumtes\u00eb me rastin e propozimit t\u00eb partis\u00eb Boshnjake p\u00ebr heqjen e t\u00eb drejtave t\u00eb arritura t\u00eb shqiptar\u00ebve n\u00eb numrin e deputet\u00ebve n\u00eb Mal t\u00eb Zi - Lajme nga Ulqini<\/title>\n<meta name=\"description\" content=\"Kumtese p\u00ebr opinion Ulqin 11.11.2009 Nr: 288\/09 Kumtes\u00eb\u00a0 me rastin e propozimit t\u00eb partis\u00eb\u00a0 Boshnjake p\u00ebr heqjen e t\u00eb drejtave t\u00eb\u00a0 arritura t\u00eb shqiptar\u00ebve\" \/>\n<meta name=\"robots\" content=\"index, follow, max-snippet:-1, max-image-preview:large, max-video-preview:-1\" \/>\n<link rel=\"canonical\" href=\"https:\/\/www.visit-ulcinj.com\/blog\/2009\/11\/11\/kumtese-me-rastin-e-propozimit-te-partise-boshnjake-per-heqjen-e-te-drejtave-te-arritura-te-shqiptareve-ne-numrin-e-deputeteve-ne-mal-te-zi\/\" \/>\n<meta property=\"og:locale\" content=\"en_US\" \/>\n<meta property=\"og:type\" content=\"article\" \/>\n<meta property=\"og:title\" content=\"Kumtes\u00eb me rastin e propozimit t\u00eb partis\u00eb Boshnjake p\u00ebr heqjen e t\u00eb drejtave t\u00eb arritura t\u00eb shqiptar\u00ebve n\u00eb numrin e deputet\u00ebve n\u00eb Mal t\u00eb Zi - Lajme nga Ulqini\" \/>\n<meta property=\"og:description\" content=\"Kumtese p\u00ebr opinion Ulqin 11.11.2009 Nr: 288\/09 Kumtes\u00eb\u00a0 me rastin e propozimit t\u00eb partis\u00eb\u00a0 Boshnjake p\u00ebr heqjen e t\u00eb drejtave t\u00eb\u00a0 arritura t\u00eb shqiptar\u00ebve\" \/>\n<meta property=\"og:url\" content=\"https:\/\/www.visit-ulcinj.com\/blog\/2009\/11\/11\/kumtese-me-rastin-e-propozimit-te-partise-boshnjake-per-heqjen-e-te-drejtave-te-arritura-te-shqiptareve-ne-numrin-e-deputeteve-ne-mal-te-zi\/\" \/>\n<meta property=\"og:site_name\" content=\"Lajme nga Ulqini\" \/>\n<meta property=\"article:published_time\" content=\"2009-11-11T21:13:23+00:00\" \/>\n<meta property=\"og:image\" content=\"http:\/\/www.visit-ulcinj.com\/blog\/wp-content\/uploads\/2009\/05\/genc-nimanbegu_nenkryetar-i-forces-se-re-demokratike_19-05-2009.jpg\" \/>\n<meta name=\"twitter:label1\" content=\"Written by\" \/>\n\t<meta name=\"twitter:data1\" content=\"ulqini\" \/>\n\t<meta name=\"twitter:label2\" content=\"Est. reading time\" \/>\n\t<meta name=\"twitter:data2\" content=\"2 minutes\" \/>\n<script type=\"application\/ld+json\" class=\"yoast-schema-graph\">{\"@context\":\"https:\/\/schema.org\",\"@graph\":[{\"@type\":\"WebSite\",\"@id\":\"https:\/\/www.visit-ulcinj.com\/blog\/#website\",\"url\":\"https:\/\/www.visit-ulcinj.com\/blog\/\",\"name\":\"Lajme nga Ulqini\",\"description\":\"Lajme,Vijesti,Ulqini,Ulqin,Crna Gora,Mali i Zi\",\"potentialAction\":[{\"@type\":\"SearchAction\",\"target\":{\"@type\":\"EntryPoint\",\"urlTemplate\":\"https:\/\/www.visit-ulcinj.com\/blog\/?s={search_term_string}\"},\"query-input\":\"required name=search_term_string\"}],\"inLanguage\":\"en-US\"},{\"@type\":\"ImageObject\",\"inLanguage\":\"en-US\",\"@id\":\"https:\/\/www.visit-ulcinj.com\/blog\/2009\/11\/11\/kumtese-me-rastin-e-propozimit-te-partise-boshnjake-per-heqjen-e-te-drejtave-te-arritura-te-shqiptareve-ne-numrin-e-deputeteve-ne-mal-te-zi\/#primaryimage\",\"url\":\"https:\/\/www.visit-ulcinj.com\/blog\/wp-content\/uploads\/2009\/05\/genc-nimanbegu_nenkryetar-i-forces-se-re-demokratike_19-05-2009.jpg\",\"contentUrl\":\"https:\/\/www.visit-ulcinj.com\/blog\/wp-content\/uploads\/2009\/05\/genc-nimanbegu_nenkryetar-i-forces-se-re-demokratike_19-05-2009.jpg\",\"width\":\"500\",\"height\":\"433\"},{\"@type\":\"WebPage\",\"@id\":\"https:\/\/www.visit-ulcinj.com\/blog\/2009\/11\/11\/kumtese-me-rastin-e-propozimit-te-partise-boshnjake-per-heqjen-e-te-drejtave-te-arritura-te-shqiptareve-ne-numrin-e-deputeteve-ne-mal-te-zi\/#webpage\",\"url\":\"https:\/\/www.visit-ulcinj.com\/blog\/2009\/11\/11\/kumtese-me-rastin-e-propozimit-te-partise-boshnjake-per-heqjen-e-te-drejtave-te-arritura-te-shqiptareve-ne-numrin-e-deputeteve-ne-mal-te-zi\/\",\"name\":\"Kumtes\u00eb me rastin e propozimit t\u00eb partis\u00eb Boshnjake p\u00ebr heqjen e t\u00eb drejtave t\u00eb arritura t\u00eb shqiptar\u00ebve n\u00eb numrin e deputet\u00ebve n\u00eb Mal t\u00eb Zi - Lajme nga Ulqini\",\"isPartOf\":{\"@id\":\"https:\/\/www.visit-ulcinj.com\/blog\/#website\"},\"primaryImageOfPage\":{\"@id\":\"https:\/\/www.visit-ulcinj.com\/blog\/2009\/11\/11\/kumtese-me-rastin-e-propozimit-te-partise-boshnjake-per-heqjen-e-te-drejtave-te-arritura-te-shqiptareve-ne-numrin-e-deputeteve-ne-mal-te-zi\/#primaryimage\"},\"datePublished\":\"2009-11-11T21:13:23+00:00\",\"dateModified\":\"2009-11-11T21:13:23+00:00\",\"author\":{\"@id\":\"https:\/\/www.visit-ulcinj.com\/blog\/#\/schema\/person\/dcab619c614d3038751c63bc2aadc06d\"},\"description\":\"Kumtese p\u00ebr opinion Ulqin 11.11.2009 Nr: 288\/09 Kumtes\u00eb\u00a0 me rastin e propozimit t\u00eb partis\u00eb\u00a0 Boshnjake p\u00ebr heqjen e t\u00eb drejtave t\u00eb\u00a0 arritura t\u00eb shqiptar\u00ebve\",\"breadcrumb\":{\"@id\":\"https:\/\/www.visit-ulcinj.com\/blog\/2009\/11\/11\/kumtese-me-rastin-e-propozimit-te-partise-boshnjake-per-heqjen-e-te-drejtave-te-arritura-te-shqiptareve-ne-numrin-e-deputeteve-ne-mal-te-zi\/#breadcrumb\"},\"inLanguage\":\"en-US\",\"potentialAction\":[{\"@type\":\"ReadAction\",\"target\":[\"https:\/\/www.visit-ulcinj.com\/blog\/2009\/11\/11\/kumtese-me-rastin-e-propozimit-te-partise-boshnjake-per-heqjen-e-te-drejtave-te-arritura-te-shqiptareve-ne-numrin-e-deputeteve-ne-mal-te-zi\/\"]}]},{\"@type\":\"BreadcrumbList\",\"@id\":\"https:\/\/www.visit-ulcinj.com\/blog\/2009\/11\/11\/kumtese-me-rastin-e-propozimit-te-partise-boshnjake-per-heqjen-e-te-drejtave-te-arritura-te-shqiptareve-ne-numrin-e-deputeteve-ne-mal-te-zi\/#breadcrumb\",\"itemListElement\":[{\"@type\":\"ListItem\",\"position\":1,\"name\":\"Kumtes\u00eb me rastin e propozimit t\u00eb partis\u00eb Boshnjake p\u00ebr heqjen e t\u00eb drejtave t\u00eb arritura t\u00eb shqiptar\u00ebve n\u00eb numrin e deputet\u00ebve n\u00eb Mal t\u00eb Zi\"}]},{\"@type\":\"Person\",\"@id\":\"https:\/\/www.visit-ulcinj.com\/blog\/#\/schema\/person\/dcab619c614d3038751c63bc2aadc06d\",\"name\":\"ulqini\",\"sameAs\":[\"http:\/\/www.visit-ulcinj.com\"],\"url\":\"https:\/\/www.visit-ulcinj.com\/blog\/author\/admin\/\"}]}<\/script>\n<!-- \/ Yoast SEO plugin. -->","yoast_head_json":{"title":"Kumtes\u00eb me rastin e propozimit t\u00eb partis\u00eb Boshnjake p\u00ebr heqjen e t\u00eb drejtave t\u00eb arritura t\u00eb shqiptar\u00ebve n\u00eb numrin e deputet\u00ebve n\u00eb Mal t\u00eb Zi - Lajme nga Ulqini","description":"Kumtese p\u00ebr opinion Ulqin 11.11.2009 Nr: 288\/09 Kumtes\u00eb\u00a0 me rastin e propozimit t\u00eb partis\u00eb\u00a0 Boshnjake p\u00ebr heqjen e t\u00eb drejtave t\u00eb\u00a0 arritura t\u00eb shqiptar\u00ebve","robots":{"index":"index","follow":"follow","max-snippet":"max-snippet:-1","max-image-preview":"max-image-preview:large","max-video-preview":"max-video-preview:-1"},"canonical":"https:\/\/www.visit-ulcinj.com\/blog\/2009\/11\/11\/kumtese-me-rastin-e-propozimit-te-partise-boshnjake-per-heqjen-e-te-drejtave-te-arritura-te-shqiptareve-ne-numrin-e-deputeteve-ne-mal-te-zi\/","og_locale":"en_US","og_type":"article","og_title":"Kumtes\u00eb me rastin e propozimit t\u00eb partis\u00eb Boshnjake p\u00ebr heqjen e t\u00eb drejtave t\u00eb arritura t\u00eb shqiptar\u00ebve n\u00eb numrin e deputet\u00ebve n\u00eb Mal t\u00eb Zi - Lajme nga Ulqini","og_description":"Kumtese p\u00ebr opinion Ulqin 11.11.2009 Nr: 288\/09 Kumtes\u00eb\u00a0 me rastin e propozimit t\u00eb partis\u00eb\u00a0 Boshnjake p\u00ebr heqjen e t\u00eb drejtave t\u00eb\u00a0 arritura t\u00eb shqiptar\u00ebve","og_url":"https:\/\/www.visit-ulcinj.com\/blog\/2009\/11\/11\/kumtese-me-rastin-e-propozimit-te-partise-boshnjake-per-heqjen-e-te-drejtave-te-arritura-te-shqiptareve-ne-numrin-e-deputeteve-ne-mal-te-zi\/","og_site_name":"Lajme nga Ulqini","article_published_time":"2009-11-11T21:13:23+00:00","og_image":[{"url":"http:\/\/www.visit-ulcinj.com\/blog\/wp-content\/uploads\/2009\/05\/genc-nimanbegu_nenkryetar-i-forces-se-re-demokratike_19-05-2009.jpg"}],"twitter_misc":{"Written by":"ulqini","Est. reading time":"2 minutes"},"schema":{"@context":"https:\/\/schema.org","@graph":[{"@type":"WebSite","@id":"https:\/\/www.visit-ulcinj.com\/blog\/#website","url":"https:\/\/www.visit-ulcinj.com\/blog\/","name":"Lajme nga Ulqini","description":"Lajme,Vijesti,Ulqini,Ulqin,Crna Gora,Mali i Zi","potentialAction":[{"@type":"SearchAction","target":{"@type":"EntryPoint","urlTemplate":"https:\/\/www.visit-ulcinj.com\/blog\/?s={search_term_string}"},"query-input":"required name=search_term_string"}],"inLanguage":"en-US"},{"@type":"ImageObject","inLanguage":"en-US","@id":"https:\/\/www.visit-ulcinj.com\/blog\/2009\/11\/11\/kumtese-me-rastin-e-propozimit-te-partise-boshnjake-per-heqjen-e-te-drejtave-te-arritura-te-shqiptareve-ne-numrin-e-deputeteve-ne-mal-te-zi\/#primaryimage","url":"https:\/\/www.visit-ulcinj.com\/blog\/wp-content\/uploads\/2009\/05\/genc-nimanbegu_nenkryetar-i-forces-se-re-demokratike_19-05-2009.jpg","contentUrl":"https:\/\/www.visit-ulcinj.com\/blog\/wp-content\/uploads\/2009\/05\/genc-nimanbegu_nenkryetar-i-forces-se-re-demokratike_19-05-2009.jpg","width":"500","height":"433"},{"@type":"WebPage","@id":"https:\/\/www.visit-ulcinj.com\/blog\/2009\/11\/11\/kumtese-me-rastin-e-propozimit-te-partise-boshnjake-per-heqjen-e-te-drejtave-te-arritura-te-shqiptareve-ne-numrin-e-deputeteve-ne-mal-te-zi\/#webpage","url":"https:\/\/www.visit-ulcinj.com\/blog\/2009\/11\/11\/kumtese-me-rastin-e-propozimit-te-partise-boshnjake-per-heqjen-e-te-drejtave-te-arritura-te-shqiptareve-ne-numrin-e-deputeteve-ne-mal-te-zi\/","name":"Kumtes\u00eb me rastin e propozimit t\u00eb partis\u00eb Boshnjake p\u00ebr heqjen e t\u00eb drejtave t\u00eb arritura t\u00eb shqiptar\u00ebve n\u00eb numrin e deputet\u00ebve n\u00eb Mal t\u00eb Zi - Lajme nga Ulqini","isPartOf":{"@id":"https:\/\/www.visit-ulcinj.com\/blog\/#website"},"primaryImageOfPage":{"@id":"https:\/\/www.visit-ulcinj.com\/blog\/2009\/11\/11\/kumtese-me-rastin-e-propozimit-te-partise-boshnjake-per-heqjen-e-te-drejtave-te-arritura-te-shqiptareve-ne-numrin-e-deputeteve-ne-mal-te-zi\/#primaryimage"},"datePublished":"2009-11-11T21:13:23+00:00","dateModified":"2009-11-11T21:13:23+00:00","author":{"@id":"https:\/\/www.visit-ulcinj.com\/blog\/#\/schema\/person\/dcab619c614d3038751c63bc2aadc06d"},"description":"Kumtese p\u00ebr opinion Ulqin 11.11.2009 Nr: 288\/09 Kumtes\u00eb\u00a0 me rastin e propozimit t\u00eb partis\u00eb\u00a0 Boshnjake p\u00ebr heqjen e t\u00eb drejtave t\u00eb\u00a0 arritura t\u00eb shqiptar\u00ebve","breadcrumb":{"@id":"https:\/\/www.visit-ulcinj.com\/blog\/2009\/11\/11\/kumtese-me-rastin-e-propozimit-te-partise-boshnjake-per-heqjen-e-te-drejtave-te-arritura-te-shqiptareve-ne-numrin-e-deputeteve-ne-mal-te-zi\/#breadcrumb"},"inLanguage":"en-US","potentialAction":[{"@type":"ReadAction","target":["https:\/\/www.visit-ulcinj.com\/blog\/2009\/11\/11\/kumtese-me-rastin-e-propozimit-te-partise-boshnjake-per-heqjen-e-te-drejtave-te-arritura-te-shqiptareve-ne-numrin-e-deputeteve-ne-mal-te-zi\/"]}]},{"@type":"BreadcrumbList","@id":"https:\/\/www.visit-ulcinj.com\/blog\/2009\/11\/11\/kumtese-me-rastin-e-propozimit-te-partise-boshnjake-per-heqjen-e-te-drejtave-te-arritura-te-shqiptareve-ne-numrin-e-deputeteve-ne-mal-te-zi\/#breadcrumb","itemListElement":[{"@type":"ListItem","position":1,"name":"Kumtes\u00eb me rastin e propozimit t\u00eb partis\u00eb Boshnjake p\u00ebr heqjen e t\u00eb drejtave t\u00eb arritura t\u00eb shqiptar\u00ebve n\u00eb numrin e deputet\u00ebve n\u00eb Mal t\u00eb Zi"}]},{"@type":"Person","@id":"https:\/\/www.visit-ulcinj.com\/blog\/#\/schema\/person\/dcab619c614d3038751c63bc2aadc06d","name":"ulqini","sameAs":["http:\/\/www.visit-ulcinj.com"],"url":"https:\/\/www.visit-ulcinj.com\/blog\/author\/admin\/"}]}},"jetpack_featured_media_url":"","jetpack_sharing_enabled":true,"jetpack_shortlink":"https:\/\/wp.me\/pe6lTn-71a","_links":{"self":[{"href":"https:\/\/www.visit-ulcinj.com\/blog\/wp-json\/wp\/v2\/posts\/26980"}],"collection":[{"href":"https:\/\/www.visit-ulcinj.com\/blog\/wp-json\/wp\/v2\/posts"}],"about":[{"href":"https:\/\/www.visit-ulcinj.com\/blog\/wp-json\/wp\/v2\/types\/post"}],"author":[{"embeddable":true,"href":"https:\/\/www.visit-ulcinj.com\/blog\/wp-json\/wp\/v2\/users\/1"}],"replies":[{"embeddable":true,"href":"https:\/\/www.visit-ulcinj.com\/blog\/wp-json\/wp\/v2\/comments?post=26980"}],"version-history":[{"count":0,"href":"https:\/\/www.visit-ulcinj.com\/blog\/wp-json\/wp\/v2\/posts\/26980\/revisions"}],"wp:attachment":[{"href":"https:\/\/www.visit-ulcinj.com\/blog\/wp-json\/wp\/v2\/media?parent=26980"}],"wp:term":[{"taxonomy":"category","embeddable":true,"href":"https:\/\/www.visit-ulcinj.com\/blog\/wp-json\/wp\/v2\/categories?post=26980"},{"taxonomy":"post_tag","embeddable":true,"href":"https:\/\/www.visit-ulcinj.com\/blog\/wp-json\/wp\/v2\/tags?post=26980"}],"curies":[{"name":"wp","href":"https:\/\/api.w.org\/{rel}","templated":true}]}}