{"id":26984,"date":"2009-11-11T23:49:18","date_gmt":"2009-11-11T21:49:18","guid":{"rendered":"http:\/\/www.visit-ulcinj.com\/blog\/?p=26984"},"modified":"2009-11-12T00:03:50","modified_gmt":"2009-11-11T22:03:50","slug":"ndahet-nga-e-dashura-do-futet-te-big-brother-i-serbise","status":"publish","type":"post","link":"https:\/\/www.visit-ulcinj.com\/blog\/2009\/11\/11\/ndahet-nga-e-dashura-do-futet-te-big-brother-i-serbise\/","title":{"rendered":"Ndahet nga e dashura, do futet te Big Brother i Serbis\u00eb &#8211; Video"},"content":{"rendered":"<p><a href=\"http:\/\/www.visit-ulcinj.com\/blog\/wp-content\/uploads\/2009\/11\/Adrian-Gaxha-_Violeta-Raleva.jpg\"><img loading=\"lazy\" class=\"alignleft size-full wp-image-26985\" title=\"Adrian Gaxha _Violeta Raleva\" src=\"http:\/\/www.visit-ulcinj.com\/blog\/wp-content\/uploads\/2009\/11\/Adrian-Gaxha-_Violeta-Raleva.jpg\" alt=\"Adrian Gaxha _Violeta Raleva\" width=\"580\" height=\"347\" \/><\/a>Adrian Gaxha dhe Violeta Raleva nd\u00ebrpren\u00eb lidhjen nj\u00eb jav\u00eb p\u00ebrpara se vajza shkupiane t\u00eb hyj\u00eb n\u00eb shoun \u201cV\u00ebllai i madh\u201d, i cili emetohet n\u00eb Serbi. Shqiptari q\u00eb ka qen\u00eb i dashuri i Violeta Ralev\u00ebs, p\u00ebr t\u00eb cilin shkruajn\u00eb mediat serbe \u00ebsht\u00eb pik\u00ebrisht k\u00ebng\u00ebtari i mir\u00ebnjohur Adrian Gaxha.Para disa dit\u00ebve mediat serbe botuan disa fotografi n\u00eb t\u00eb cilat p\u00ebrfaq\u00ebsuesja e Maqedonis\u00eb n\u00eb k\u00ebt\u00eb show mbante nj\u00eb kapele tipike tradicionale shqiptare (foto q\u00eb po e publikojm\u00eb edhe ne).<\/p>\n<p>Ky set me k\u00ebto fotografi ka b\u00ebr\u00eb buj\u00eb t\u00eb madhe n\u00ebp\u00ebr mediat sllave duke u v\u00ebn\u00eb n\u00eb pik\u00ebpyetje n\u00ebse Violeta Raleva \u2013 Viki, mund t\u00eb fitoj\u00eb k\u00ebt\u00eb show? M\u00eb tej mediat komentojn\u00eb se nga mund t\u00eb jen\u00eb b\u00ebr\u00eb k\u00ebto foto, duke u referuar nj\u00eb t\u00eb kaluare t\u00eb Vikit, ajo mund t\u00eb ket\u00eb qen\u00eb n\u00eb lidhje me ndonj\u00eb shqiptar. At\u00eb q\u00eb mediat serbe nuk e din\u00eb se pik\u00ebrisht Violeta Raleva dhe Kristina Raleva, jan\u00eb pjes\u00ebmarr\u00ebse n\u00eb klipin m\u00eb t\u00eb ri t\u00eb k\u00ebn\u00ebg\u00ebtarit Adrian Gaxha n\u00eb k\u00ebng\u00ebn \u201cSkandal\u201d, dhe at\u00ebher\u00eb shum\u00eb u p\u00ebrfol se k\u00ebto t\u00eb dy jan\u00eb n\u00eb lidhje. Adriani n\u00eb at\u00eb koh\u00eb tregoi se i p\u00eblqenin t\u00eb dy motrat t\u00eb cilat jan\u00eb edhe binjake dhe lidhja mes tyre ishte vet\u00ebm shoq\u00ebrore.<\/p>\n<p>Fotot t\u00eb cilat jan\u00eb shp\u00ebrndar\u00eb n\u00ebp\u00ebr mediat serbe jan\u00eb b\u00ebr\u00eb pik\u00ebrisht n\u00eb studion e k\u00ebng\u00ebtarit i cili koh\u00eb t\u00eb gjat\u00eb kontaktonte me dy motrat. I kontaktuar, k\u00ebng\u00ebtari Gaxha tregon: \u201c Un\u00eb vajzat i njoh para se ato t\u00eb jen\u00eb pjes\u00eb e klipit tim, jan\u00eb shum\u00eb Ok dhe nuk u intereson se \u00e7ka thon\u00eb t\u00eb tjer\u00ebt, thjesht\u00eb b\u00ebjn\u00eb at\u00eb q\u00eb duan.<\/p>\n<p>E v\u00ebrtet\u00eb se shoq\u00ebrohesha shum\u00eb me Vikin dhe shum\u00eb njer\u00ebz kan\u00eb pasur mund\u00ebsin\u00eb t\u00eb m\u00eb shohin bashk\u00eb n\u00ebp\u00ebr lokale. Lidhje klasike ka koh\u00eb q\u00eb nuk kam pasur dhe p\u00ebr k\u00ebt\u00eb nuk mund t\u00eb them se kam qen\u00eb n\u00eb lidhje me k\u00ebt\u00eb vajz\u00eb\u201d, duke qeshur deklaron k\u00ebng\u00ebtari. Ndoshta k\u00ebto fotografi jan\u00eb p\u00ebrhapur p\u00ebr shkak se Gaxha tashm\u00eb \u00ebsht\u00eb shum\u00eb i njohur si n\u00eb viset shqiptare ashtu edhe n\u00eb disa vende sllave, ose ndoshta ka qen\u00eb pik\u00ebrisht djaloshi me t\u00eb cilin Violeta ka qen\u00eb n\u00eb lidhj\u00eb t\u00eb shkurt\u00ebr, k\u00ebng\u00ebtari nuk e pohoi por as nuk e mohoi lidhjen.<\/p>\n<p><strong>PanoramaPlus<br \/>\n<\/p>\n<p><\/strong><\/p>\n<p><strong> <\/strong><\/p>\n<p><strong> <\/strong><\/p>\n<p><strong><!--YouTube Error: bad URL entered--><\/strong><\/p>\n<p><strong> <\/strong><\/p>\n","protected":false},"excerpt":{"rendered":"<p>Adrian Gaxha dhe Violeta Raleva nd\u00ebrpren\u00eb lidhjen nj\u00eb jav\u00eb p\u00ebrpara se vajza shkupiane t\u00eb hyj\u00eb n\u00eb shoun \u201cV\u00ebllai i madh\u201d, i cili emetohet n\u00eb Serbi. Shqiptari q\u00eb ka qen\u00eb i dashuri i Violeta Ralev\u00ebs, p\u00ebr t\u00eb cilin shkruajn\u00eb mediat serbe \u00ebsht\u00eb pik\u00ebrisht k\u00ebng\u00ebtari i mir\u00ebnjohur Adrian Gaxha.Para disa dit\u00ebve mediat serbe botuan disa fotografi n\u00eb [&hellip;]<\/p>\n","protected":false},"author":1,"featured_media":0,"comment_status":"open","ping_status":"closed","sticky":false,"template":"","format":"standard","meta":{"spay_email":"","jetpack_publicize_message":"","jetpack_is_tweetstorm":false,"jetpack_publicize_feature_enabled":true},"categories":[1],"tags":[12744],"jetpack_publicize_connections":[],"yoast_head":"<!-- This site is optimized with the Yoast SEO plugin v19.1 - https:\/\/yoast.com\/wordpress\/plugins\/seo\/ -->\n<title>Ndahet nga e dashura, do futet te Big Brother i Serbis\u00eb - Video - Lajme nga Ulqini<\/title>\n<meta name=\"description\" content=\"Adrian Gaxha dhe Violeta Raleva nd\u00ebrpren\u00eb lidhjen nj\u00eb jav\u00eb p\u00ebrpara se vajza shkupiane t\u00eb hyj\u00eb n\u00eb shoun \u201cV\u00ebllai i madh\u201d, i cili emetohet n\u00eb Serbi.\" \/>\n<meta name=\"robots\" content=\"index, follow, max-snippet:-1, max-image-preview:large, max-video-preview:-1\" \/>\n<link rel=\"canonical\" href=\"https:\/\/www.visit-ulcinj.com\/blog\/2009\/11\/11\/ndahet-nga-e-dashura-do-futet-te-big-brother-i-serbise\/\" \/>\n<meta property=\"og:locale\" content=\"en_US\" \/>\n<meta property=\"og:type\" content=\"article\" \/>\n<meta property=\"og:title\" content=\"Ndahet nga e dashura, do futet te Big Brother i Serbis\u00eb - Video - Lajme nga Ulqini\" \/>\n<meta property=\"og:description\" content=\"Adrian Gaxha dhe Violeta Raleva nd\u00ebrpren\u00eb lidhjen nj\u00eb jav\u00eb p\u00ebrpara se vajza shkupiane t\u00eb hyj\u00eb n\u00eb shoun \u201cV\u00ebllai i madh\u201d, i cili emetohet n\u00eb Serbi.\" \/>\n<meta property=\"og:url\" content=\"https:\/\/www.visit-ulcinj.com\/blog\/2009\/11\/11\/ndahet-nga-e-dashura-do-futet-te-big-brother-i-serbise\/\" \/>\n<meta property=\"og:site_name\" content=\"Lajme nga Ulqini\" \/>\n<meta property=\"article:published_time\" content=\"2009-11-11T21:49:18+00:00\" \/>\n<meta property=\"article:modified_time\" content=\"2009-11-11T22:03:50+00:00\" \/>\n<meta property=\"og:image\" content=\"https:\/\/www.visit-ulcinj.com\/blog\/wp-content\/uploads\/2009\/11\/Adrian-Gaxha-_Violeta-Raleva-150x150.jpg\" \/>\n<meta name=\"twitter:label1\" content=\"Written by\" \/>\n\t<meta name=\"twitter:data1\" content=\"ulqini\" \/>\n\t<meta name=\"twitter:label2\" content=\"Est. reading time\" \/>\n\t<meta name=\"twitter:data2\" content=\"2 minutes\" \/>\n<script type=\"application\/ld+json\" class=\"yoast-schema-graph\">{\"@context\":\"https:\/\/schema.org\",\"@graph\":[{\"@type\":\"WebSite\",\"@id\":\"https:\/\/www.visit-ulcinj.com\/blog\/#website\",\"url\":\"https:\/\/www.visit-ulcinj.com\/blog\/\",\"name\":\"Lajme nga Ulqini\",\"description\":\"Lajme,Vijesti,Ulqini,Ulqin,Crna Gora,Mali i Zi\",\"potentialAction\":[{\"@type\":\"SearchAction\",\"target\":{\"@type\":\"EntryPoint\",\"urlTemplate\":\"https:\/\/www.visit-ulcinj.com\/blog\/?s={search_term_string}\"},\"query-input\":\"required name=search_term_string\"}],\"inLanguage\":\"en-US\"},{\"@type\":\"ImageObject\",\"inLanguage\":\"en-US\",\"@id\":\"https:\/\/www.visit-ulcinj.com\/blog\/2009\/11\/11\/ndahet-nga-e-dashura-do-futet-te-big-brother-i-serbise\/#primaryimage\",\"url\":\"http:\/\/www.visit-ulcinj.com\/blog\/wp-content\/uploads\/2009\/11\/Adrian-Gaxha-_Violeta-Raleva.jpg\",\"contentUrl\":\"http:\/\/www.visit-ulcinj.com\/blog\/wp-content\/uploads\/2009\/11\/Adrian-Gaxha-_Violeta-Raleva.jpg\"},{\"@type\":\"WebPage\",\"@id\":\"https:\/\/www.visit-ulcinj.com\/blog\/2009\/11\/11\/ndahet-nga-e-dashura-do-futet-te-big-brother-i-serbise\/#webpage\",\"url\":\"https:\/\/www.visit-ulcinj.com\/blog\/2009\/11\/11\/ndahet-nga-e-dashura-do-futet-te-big-brother-i-serbise\/\",\"name\":\"Ndahet nga e dashura, do futet te Big Brother i Serbis\u00eb - Video - Lajme nga Ulqini\",\"isPartOf\":{\"@id\":\"https:\/\/www.visit-ulcinj.com\/blog\/#website\"},\"primaryImageOfPage\":{\"@id\":\"https:\/\/www.visit-ulcinj.com\/blog\/2009\/11\/11\/ndahet-nga-e-dashura-do-futet-te-big-brother-i-serbise\/#primaryimage\"},\"datePublished\":\"2009-11-11T21:49:18+00:00\",\"dateModified\":\"2009-11-11T22:03:50+00:00\",\"author\":{\"@id\":\"https:\/\/www.visit-ulcinj.com\/blog\/#\/schema\/person\/dcab619c614d3038751c63bc2aadc06d\"},\"description\":\"Adrian Gaxha dhe Violeta Raleva nd\u00ebrpren\u00eb lidhjen nj\u00eb jav\u00eb p\u00ebrpara se vajza shkupiane t\u00eb hyj\u00eb n\u00eb shoun \u201cV\u00ebllai i madh\u201d, i cili emetohet n\u00eb Serbi.\",\"breadcrumb\":{\"@id\":\"https:\/\/www.visit-ulcinj.com\/blog\/2009\/11\/11\/ndahet-nga-e-dashura-do-futet-te-big-brother-i-serbise\/#breadcrumb\"},\"inLanguage\":\"en-US\",\"potentialAction\":[{\"@type\":\"ReadAction\",\"target\":[\"https:\/\/www.visit-ulcinj.com\/blog\/2009\/11\/11\/ndahet-nga-e-dashura-do-futet-te-big-brother-i-serbise\/\"]}]},{\"@type\":\"BreadcrumbList\",\"@id\":\"https:\/\/www.visit-ulcinj.com\/blog\/2009\/11\/11\/ndahet-nga-e-dashura-do-futet-te-big-brother-i-serbise\/#breadcrumb\",\"itemListElement\":[{\"@type\":\"ListItem\",\"position\":1,\"name\":\"Ndahet nga e dashura, do futet te Big Brother i Serbis\u00eb &#8211; Video\"}]},{\"@type\":\"Person\",\"@id\":\"https:\/\/www.visit-ulcinj.com\/blog\/#\/schema\/person\/dcab619c614d3038751c63bc2aadc06d\",\"name\":\"ulqini\",\"sameAs\":[\"http:\/\/www.visit-ulcinj.com\"],\"url\":\"https:\/\/www.visit-ulcinj.com\/blog\/author\/admin\/\"}]}<\/script>\n<!-- \/ Yoast SEO plugin. -->","yoast_head_json":{"title":"Ndahet nga e dashura, do futet te Big Brother i Serbis\u00eb - Video - Lajme nga Ulqini","description":"Adrian Gaxha dhe Violeta Raleva nd\u00ebrpren\u00eb lidhjen nj\u00eb jav\u00eb p\u00ebrpara se vajza shkupiane t\u00eb hyj\u00eb n\u00eb shoun \u201cV\u00ebllai i madh\u201d, i cili emetohet n\u00eb Serbi.","robots":{"index":"index","follow":"follow","max-snippet":"max-snippet:-1","max-image-preview":"max-image-preview:large","max-video-preview":"max-video-preview:-1"},"canonical":"https:\/\/www.visit-ulcinj.com\/blog\/2009\/11\/11\/ndahet-nga-e-dashura-do-futet-te-big-brother-i-serbise\/","og_locale":"en_US","og_type":"article","og_title":"Ndahet nga e dashura, do futet te Big Brother i Serbis\u00eb - Video - Lajme nga Ulqini","og_description":"Adrian Gaxha dhe Violeta Raleva nd\u00ebrpren\u00eb lidhjen nj\u00eb jav\u00eb p\u00ebrpara se vajza shkupiane t\u00eb hyj\u00eb n\u00eb shoun \u201cV\u00ebllai i madh\u201d, i cili emetohet n\u00eb Serbi.","og_url":"https:\/\/www.visit-ulcinj.com\/blog\/2009\/11\/11\/ndahet-nga-e-dashura-do-futet-te-big-brother-i-serbise\/","og_site_name":"Lajme nga Ulqini","article_published_time":"2009-11-11T21:49:18+00:00","article_modified_time":"2009-11-11T22:03:50+00:00","og_image":[{"url":"https:\/\/www.visit-ulcinj.com\/blog\/wp-content\/uploads\/2009\/11\/Adrian-Gaxha-_Violeta-Raleva-150x150.jpg"}],"twitter_misc":{"Written by":"ulqini","Est. reading time":"2 minutes"},"schema":{"@context":"https:\/\/schema.org","@graph":[{"@type":"WebSite","@id":"https:\/\/www.visit-ulcinj.com\/blog\/#website","url":"https:\/\/www.visit-ulcinj.com\/blog\/","name":"Lajme nga Ulqini","description":"Lajme,Vijesti,Ulqini,Ulqin,Crna Gora,Mali i Zi","potentialAction":[{"@type":"SearchAction","target":{"@type":"EntryPoint","urlTemplate":"https:\/\/www.visit-ulcinj.com\/blog\/?s={search_term_string}"},"query-input":"required name=search_term_string"}],"inLanguage":"en-US"},{"@type":"ImageObject","inLanguage":"en-US","@id":"https:\/\/www.visit-ulcinj.com\/blog\/2009\/11\/11\/ndahet-nga-e-dashura-do-futet-te-big-brother-i-serbise\/#primaryimage","url":"http:\/\/www.visit-ulcinj.com\/blog\/wp-content\/uploads\/2009\/11\/Adrian-Gaxha-_Violeta-Raleva.jpg","contentUrl":"http:\/\/www.visit-ulcinj.com\/blog\/wp-content\/uploads\/2009\/11\/Adrian-Gaxha-_Violeta-Raleva.jpg"},{"@type":"WebPage","@id":"https:\/\/www.visit-ulcinj.com\/blog\/2009\/11\/11\/ndahet-nga-e-dashura-do-futet-te-big-brother-i-serbise\/#webpage","url":"https:\/\/www.visit-ulcinj.com\/blog\/2009\/11\/11\/ndahet-nga-e-dashura-do-futet-te-big-brother-i-serbise\/","name":"Ndahet nga e dashura, do futet te Big Brother i Serbis\u00eb - Video - Lajme nga Ulqini","isPartOf":{"@id":"https:\/\/www.visit-ulcinj.com\/blog\/#website"},"primaryImageOfPage":{"@id":"https:\/\/www.visit-ulcinj.com\/blog\/2009\/11\/11\/ndahet-nga-e-dashura-do-futet-te-big-brother-i-serbise\/#primaryimage"},"datePublished":"2009-11-11T21:49:18+00:00","dateModified":"2009-11-11T22:03:50+00:00","author":{"@id":"https:\/\/www.visit-ulcinj.com\/blog\/#\/schema\/person\/dcab619c614d3038751c63bc2aadc06d"},"description":"Adrian Gaxha dhe Violeta Raleva nd\u00ebrpren\u00eb lidhjen nj\u00eb jav\u00eb p\u00ebrpara se vajza shkupiane t\u00eb hyj\u00eb n\u00eb shoun \u201cV\u00ebllai i madh\u201d, i cili emetohet n\u00eb Serbi.","breadcrumb":{"@id":"https:\/\/www.visit-ulcinj.com\/blog\/2009\/11\/11\/ndahet-nga-e-dashura-do-futet-te-big-brother-i-serbise\/#breadcrumb"},"inLanguage":"en-US","potentialAction":[{"@type":"ReadAction","target":["https:\/\/www.visit-ulcinj.com\/blog\/2009\/11\/11\/ndahet-nga-e-dashura-do-futet-te-big-brother-i-serbise\/"]}]},{"@type":"BreadcrumbList","@id":"https:\/\/www.visit-ulcinj.com\/blog\/2009\/11\/11\/ndahet-nga-e-dashura-do-futet-te-big-brother-i-serbise\/#breadcrumb","itemListElement":[{"@type":"ListItem","position":1,"name":"Ndahet nga e dashura, do futet te Big Brother i Serbis\u00eb &#8211; Video"}]},{"@type":"Person","@id":"https:\/\/www.visit-ulcinj.com\/blog\/#\/schema\/person\/dcab619c614d3038751c63bc2aadc06d","name":"ulqini","sameAs":["http:\/\/www.visit-ulcinj.com"],"url":"https:\/\/www.visit-ulcinj.com\/blog\/author\/admin\/"}]}},"jetpack_featured_media_url":"","jetpack_sharing_enabled":true,"jetpack_shortlink":"https:\/\/wp.me\/pe6lTn-71e","_links":{"self":[{"href":"https:\/\/www.visit-ulcinj.com\/blog\/wp-json\/wp\/v2\/posts\/26984"}],"collection":[{"href":"https:\/\/www.visit-ulcinj.com\/blog\/wp-json\/wp\/v2\/posts"}],"about":[{"href":"https:\/\/www.visit-ulcinj.com\/blog\/wp-json\/wp\/v2\/types\/post"}],"author":[{"embeddable":true,"href":"https:\/\/www.visit-ulcinj.com\/blog\/wp-json\/wp\/v2\/users\/1"}],"replies":[{"embeddable":true,"href":"https:\/\/www.visit-ulcinj.com\/blog\/wp-json\/wp\/v2\/comments?post=26984"}],"version-history":[{"count":0,"href":"https:\/\/www.visit-ulcinj.com\/blog\/wp-json\/wp\/v2\/posts\/26984\/revisions"}],"wp:attachment":[{"href":"https:\/\/www.visit-ulcinj.com\/blog\/wp-json\/wp\/v2\/media?parent=26984"}],"wp:term":[{"taxonomy":"category","embeddable":true,"href":"https:\/\/www.visit-ulcinj.com\/blog\/wp-json\/wp\/v2\/categories?post=26984"},{"taxonomy":"post_tag","embeddable":true,"href":"https:\/\/www.visit-ulcinj.com\/blog\/wp-json\/wp\/v2\/tags?post=26984"}],"curies":[{"name":"wp","href":"https:\/\/api.w.org\/{rel}","templated":true}]}}