{"id":2700,"date":"2008-08-25T16:45:37","date_gmt":"2008-08-25T21:45:37","guid":{"rendered":"http:\/\/www.visit-ulcinj.com\/blog\/?p=2700"},"modified":"2008-10-04T12:40:44","modified_gmt":"2008-10-04T17:40:44","slug":"sesion-shkencor-per-shasin","status":"publish","type":"post","link":"https:\/\/www.visit-ulcinj.com\/blog\/2008\/08\/25\/sesion-shkencor-per-shasin\/","title":{"rendered":"Sesion shkencor p\u00ebr Shasin"},"content":{"rendered":"<p><a href=\"http:\/\/www.visit-ulcinj.com\/blog\/wp-content\/uploads\/2008\/08\/shasi.jpg\"><img loading=\"lazy\" class=\"alignleft size-medium wp-image-2702\" title=\"shasi\" src=\"http:\/\/www.visit-ulcinj.com\/blog\/wp-content\/uploads\/2008\/08\/shasi-300x199.jpg\" alt=\"\" width=\"300\" height=\"199\" srcset=\"https:\/\/www.visit-ulcinj.com\/blog\/wp-content\/uploads\/2008\/08\/shasi-300x199.jpg 300w, https:\/\/www.visit-ulcinj.com\/blog\/wp-content\/uploads\/2008\/08\/shasi.jpg 542w\" sizes=\"(max-width: 300px) 100vw, 300px\" \/><\/a>N\u00eb prani t\u00eb personaliteteve t\u00eb jet\u00ebs politike, ekonomike, kulturore, arsimore, shkencore dhe publike, m\u00eb 16-17 maj 2008 n\u00eb Ulqin zhvilloi punimet sesioni shkencor &#8220;Shasi i lasht\u00eb, monument i kultur\u00ebs&#8221;, organizuar nga organizata joqeveritare &#8220;Ora&#8221;. Kryetari i k\u00ebsaj shoqate, Ismet Kallaba, n\u00eb fjal\u00ebn e tij t\u00eb hapjes theksoi r\u00ebnd\u00ebsin\u00eb e sesionit shkencor, i cili si\u00e7 u shpreh ai, i tejkalon kufijt\u00eb e nj\u00eb aktiviteti t\u00eb thjesht\u00eb, \u00e7ka d\u00ebshmon pjes\u00ebmarrja e personaliteteve t\u00eb shquara t\u00eb bot\u00ebs akademike e shkencore nga Mali i Zi, Kosova dhe Shqip\u00ebria. Ai beson se ky sesion, sado i kufizuar n\u00eb numrin e studiuesve, do t\u00eb sh\u00ebrbej\u00eb si nxitje p\u00ebr studime t\u00eb tjera, do t\u00eb p\u00ebrpiqet t\u00eb ndri\u00e7oj\u00eb ndonj\u00ebrin prej mistereve t\u00eb shumta t\u00eb Shasit.<br \/>\nKryetari i Komun\u00ebs s\u00eb Ulqinit, G\u00ebzim Hajdinaga, n\u00eb fjal\u00ebn e tij p\u00ebrsh\u00ebndet\u00ebse fal\u00ebnderoi organizatorin, studiuesit dhe t\u00eb gjith\u00eb pjes\u00ebmarr\u00ebsit e k\u00ebtij aktiviteti shkencor. Ai shprehu gatishm\u00ebrin\u00eb p\u00ebr mb\u00ebshtetjen e aktiviteteve t\u00eb k\u00ebtilla n\u00eb komun\u00ebn e Ulqinit, si dhe p\u00ebr k\u00ebrkime arkeologjike n\u00eb Shas.<\/p>\n<div style=\"width: 293px\" class=\"wp-caption alignright\"><a href=\"http:\/\/www.buzuku.cg.yu\/Arkivi\/Buzuku%2026\/Foto%20Buzuku%2026\/simpozium%2002.jpg\"><img loading=\"lazy\" title=\"Pamje nga sesioni shkencor\" src=\"http:\/\/www.buzuku.cg.yu\/Arkivi\/Buzuku%2026\/Foto%20Buzuku%2026\/simpozium%2002.jpg\" alt=\"Pamje nga sesioni shkencor\" width=\"283\" height=\"142\" \/><\/a><p class=\"wp-caption-text\">Pamje nga sesioni shkencor<\/p><\/div>\n<p>Referuesi i par\u00eb n\u00eb seanc\u00ebn e para dit\u00ebs ishte prof. Dr Ruzhdi Ushaku, i cili solli t\u00eb dh\u00ebna p\u00ebr etimologjin\u00eb e toponimit Shas. Kumtesa e radh\u00ebs ishte e mr. Aleksand\u00ebr \u00c7ilikov, i cili paraqiti rezultatet e pun\u00ebve hulumtuese arkeologjike n\u00eb lokalitetin e Qytetit t\u00eb Vjet\u00ebr t\u00eb Shasit t\u00eb vitit 1985, t\u00eb cilat u vler\u00ebsuan lart\u00eb si pik\u00ebnisje p\u00ebr gjurmime t\u00eb m\u00ebtutjeshme arkeologjike. Prof. Dr Jahja Dran\u00e7olli n\u00eb kumtes\u00ebn e tij foli p\u00ebr Kalan\u00eb e Shasit, Dr Moikom Zeqo trajtoi tem\u00ebn &#8220;Shasi, optika sinkronizuese e antik\u00ebs s\u00eb mesjet\u00ebs&#8221;, imzot Zef Gashi u ndal n\u00eb Shasin si monument t\u00eb kultur\u00ebs shpirt\u00ebrore, kurse prof. Dr Shaban Sinani trajtoi Shasin n\u00eb mesjet\u00eb sipas burimeve kishtare.<br \/>\nN\u00eb seanc\u00ebn e pasdrek\u00ebs, prof. Dr Luan Malltezi foli p\u00ebr Shasin n\u00eb shekujt XIV-XV, prof. Dr Muhamet Mala trajtoi marr\u00ebdh\u00ebniet e Shasit me trevat e Shqip\u00ebris\u00eb Veriore n\u00eb shekujt XIII-XIV, prof. Dr Iljaz Rexha paraqiti t\u00eb dh\u00ebna onomastike dhe demografike p\u00ebr Shasin dhe vendbanimet e an\u00ebs s\u00eb Bun\u00ebs sipas defter\u00ebve osman\u00eb t\u00eb shekujve XV-XVI. M.A.<\/p>\n<div style=\"width: 260px\" class=\"wp-caption alignleft\"><a href=\"http:\/\/www.buzuku.cg.yu\/Arkivi\/Buzuku%2026\/Foto%20Buzuku%2026\/simpozium%2003.jpg\"><img loading=\"lazy\" title=\"Pamje nga sesioni shkencor\" src=\"http:\/\/www.buzuku.cg.yu\/Arkivi\/Buzuku%2026\/Foto%20Buzuku%2026\/simpozium%2003.jpg\" alt=\"Pamje nga sesioni shkencor\" width=\"250\" height=\"188\" \/><\/a><p class=\"wp-caption-text\">Pamje nga sesioni shkencor<\/p><\/div>\n<p>Monika Stafa diskutoi p\u00ebr Shasin nd\u00ebr koh\u00ebra sipas t\u00eb dh\u00ebnave t\u00eb regestit t\u00eb Kolegjit Saverian t\u00eb Gjuzepe Valentinit, Dr Nail Draga paraqiti t\u00eb dh\u00ebna hartografike dhe demografike p\u00ebr Shasin. Kryeimami Rexhep Lika foli p\u00ebr xhamin\u00eb e Shasit dhe rolin e Islamit n\u00eb ruajtjen e identitetit komb\u00ebtar dhe kulturor, kurse prof. Dr Dhimit\u00ebr Doka dhe mr. Nexhat Avdiu theksuan potencialet turistike t\u00eb Shasit dhe valorizimin e tyre.<br \/>\nStudiuesit diskutuan me argumente t\u00eb gjuh\u00ebsis\u00eb dhe etimologjis\u00eb, historis\u00eb, arkeologjis\u00eb dhe kultur\u00ebs urbane. Ky sesion shkencor b\u00ebri t\u00eb njohur para t\u00eb gjith\u00eb shqiptar\u00ebve t\u00eb sot\u00ebm faktin e harruar q\u00eb kemi t\u00eb b\u00ebjm\u00eb me nj\u00eb qytet t\u00eb kultur\u00ebs son\u00eb t\u00eb zhvilluar dhe u vu theksi n\u00eb nevoj\u00ebn e vazhdimit t\u00eb k\u00ebrkimeve arkeologjike n\u00eb terren. Shasi \u00ebsht\u00eb me vler\u00eb edhe p\u00ebr afirmimin e kultur\u00ebs son\u00eb komb\u00ebtare, si dhe p\u00ebr zhvillimin e turizmit t\u00eb Ulqinit.<br \/>\nU v\u00ebrtetuan t\u00eb dh\u00ebnat e deritanishme p\u00ebr jet\u00ebn e qytetit, u plot\u00ebsuan k\u00ebto t\u00eb dh\u00ebna, u b\u00eb nj\u00eb mbulim me burime e t\u00eb gjitha llojeve p\u00ebr t\u00eb gjitha periudhat e k\u00ebtij qyteti. Gj\u00ebja m\u00eb e r\u00ebnd\u00ebsishme \u00ebsht\u00eb q\u00eb u sakt\u00ebsua kalendari i lindjes dhe i zhvillimit t\u00eb qytetit t\u00eb Shasit. U ndryshua p\u00ebrfytyrimi i deritanish\u00ebm p\u00ebr koh\u00ebn kur lindi, kur u zhvillua dhe kur u shua ky qytet. U relativizuan disa pohime t\u00eb cilat nuk kan\u00eb pasur nj\u00eb mb\u00ebs-htetje t\u00eb v\u00ebrtet\u00eb shkencore p\u00ebr Shasin.<a href=\"http:\/\/www.visit-ulcinj.com\/blog\/wp-content\/uploads\/2008\/05\/shasi-i-lasht.jpg\"><img loading=\"lazy\" class=\"size-medium wp-image-1761 alignright\" title=\"sesion shkencor \\&quot;SHASI 2008\\&quot;_ULQIN\" src=\"http:\/\/www.visit-ulcinj.com\/blog\/wp-content\/uploads\/2008\/05\/shasi-i-lasht.jpg\" alt=\"\" width=\"180\" height=\"178\" \/><\/a><br \/>\nSipas studiuesve, rol t\u00eb r\u00ebnd\u00ebsish\u00ebm kan\u00eb njoftimet p\u00ebr rezultatet e pashpallura t\u00eb eksp-edit\u00ebs arkeologjike m\u00eb 1985. T\u00eb dh\u00ebnat historike pajtohen me ato arkeologjike dhe v\u00ebrtetojn\u00eb vijim\u00ebsin\u00eb e pand\u00ebrprer\u00eb nga nj\u00ebra periudh\u00eb n\u00eb tjetr\u00ebn. U d\u00ebshmua q\u00eb n\u00eb Shas ka gjurm\u00eb t\u00eb nj\u00eb kulture parahistorike, q\u00eb vjen dhe b\u00ebhet kultur\u00eb urbane t\u00eb pakt\u00ebn prej shekullit t\u00eb gjasht\u00eb. U d\u00ebshmua prania e kultur\u00ebs ilire dhe, n\u00eb vazhdim, kultura arb\u00ebrore (shqiptare) e Komanit. U evidentua pra nj\u00eb prej qytet\u00ebrimeve t\u00eb hershme, u d\u00ebshmua lasht\u00ebsia antike e k\u00ebtij vendbanimi, e kultur\u00ebs helene dhe romake, si dhe t\u00eb shtresave t\u00eb m\u00ebvonshme, duke p\u00ebrfshir\u00eb edhe shtres\u00ebn osmane. U d\u00ebshmua periudha e krisht\u00ebrimit t\u00eb hersh\u00ebm, ajo veneciane q\u00eb ishte periudh\u00eb e lul\u00ebzimit t\u00eb k\u00ebtij qyteti, periudha e shuarjes s\u00eb qytetit t\u00eb Shasit dhe e ripopullimit mbas pushtimit osman.<br \/>\nN\u00eb debat shkencor, studiuesit nxit\u00ebn k\u00ebrkimet e m\u00ebtejme dhe k\u00ebmbyen pik\u00ebpamjet me nj\u00ebri tjetrit.<br \/>\nSi rekomandim i ngutsh\u00ebm doli v\u00ebnia n\u00eb veprim e autoriteteve publike q\u00eb t\u00eb ndikojn\u00eb n\u00eb p\u00ebrshpejtimin e procesit t\u00eb vler\u00ebsimit t\u00eb materialit t\u00eb ekspedit\u00ebs s\u00eb par\u00eb arkeologjike n\u00eb Shas, q\u00eb ruhet n\u00eb Muzeun Etnografik t\u00eb Ulqinit, si dhe botimin e rezultateve t\u00eb k\u00ebsaj eks-pedite.<br \/>\nU propozua q\u00eb t\u00eb nxitet bashk\u00ebpunimi rajonal midis akademive, univ-ersiteteve dhe institucio-neve t\u00eb tjera t\u00eb k\u00ebsaj fushe. Ky bashk\u00ebpunim t\u00eb formulohet &#8220;Nd\u00ebrtimi i kujtes\u00ebs s\u00eb humbur&#8221; dhe t\u00eb ket\u00eb p\u00ebrkrahjen financiare t\u00eb UNESCO-s. Po ashtu u propozua q\u00eb konferenca t\u00eb tilla p\u00ebr kultur\u00ebn urbane t\u00eb Shasit t\u00eb organizohen n\u00eb m\u00ebnyr\u00eb periodike. U konstatua q\u00eb ky \u00ebsht\u00eb hapi i par\u00eb shpres\u00ebdh\u00ebn\u00ebs, q\u00eb dija p\u00ebr Shasin mund t\u00eb vihet mbi baza shkencore.<br \/>\nVeprimtaria shkencore u parapri me nj\u00eb vizit\u00eb shkencore turistike n\u00eb Shas q\u00eb iu dha mund\u00ebsi studiuesve q\u00eb nj\u00eb pjes\u00eb e tyre t\u00eb prekin p\u00ebr her\u00eb t\u00eb par\u00eb vet\u00eb qytetin dhe mbijetojat e tij.<br \/>\n<strong> Autor \/ Gjek\u00eb Gjonaj<br \/>\nBurimi \/ BUZUKU<\/strong><br \/>\n<!--YouTube Error: bad URL entered--><\/p>\n<p style=\"text-align: center;\"><a class=\"aligncenter\" title=\"???? ????,?????,Ulcinj,Montenegru,??????????,\u00c7ernoqoriya,Besplatni internet oglasi,Besplatni oglasi,besplatni mali oglasi,besplatni turisti?ki oglasi,oglasi, usluge, turizam,Turisti?ke usluge,Doma?i turizam,Besplatni Oglasnik,Brzi Oglasi Besplatno,Besplatno OglasavanjeTurizam,besplatni oglasi sa slikom,Turisticki informator besplatni,li?ni-oglasi,BESPLATNI Turisticki OGLASI SA SLIKAMA,BESPLATNI Turisticki Oglasi saVideom,turisticki smestaj oglasi,Turisti?ki vodi? balkana,BESPLATNA REZERVACIJA SMESTAJA,Postavite besplatno Vas oglas,FREE TOURIST GUIDES,Izdavanje-Turizam oglasi,Balkan Turisticki vodic,shpallje turistike falas,Shpallje Falas,Shpallje falas per Komplekse Turistike,Lajmerime,Njoftime,shpallje shqip per shqiptaret ne shqiperi kosova maqedoni,mal te zi,???????????,Montenegiro,?ern\u00e1 Hora,??????????,Cz\u00f4rnog\u00f3ra,Cz\u00f4rn\u00f4 G\u00f3ra,Carna G\u00f3ra,T\u0161ernogooria,\u00c7ernogoriya,Montain\u00e9agr\u00f3,Montenegwo,?orna Hora,Montenegr\u00f3,M?ntenigro,Chernogoriya ,\u00c7\u00earnogor\u00ee ,?????????,????????? ,??????? ,Montes Nigrae,Mons Niger,M\u00f4ntenegr\u00f4,Muntenegru,??????????,Czarnog\u00f3ra,Muntinigru,Muntenegro,&lt;br &gt;&lt;\/a&gt; Muntenegru,\t?ierna Hora,Cxerngora,????????,?rna gora,Moontineegro,?ornog?ra,\u00c7ernogori\u00fda,Chernogoriya,Mont\u00f5negro,????? ???? ,?r?na Gora,?r?nogorije,?ernogorija,?arnahoryja,??????????,???????????????????? ,?ern\u00f4g\u00f4riy\u00e2,M\u00fbnt\u00een\u00ee?r\u00fb,????? ?????? ,????????,??????????,???????????,M\u00e2nten\u00eegro,???? ????? ,????????,M\u00f4ntenegr\u00f4,????????????,???????????,????????????, ??????????? ,????????????,??????????? ,\u008d\u2022?R\/?K?R ,\u0192\u201a\u0192\u201c\u0192e\u0192l\u0192O\u0192\u008d,\u00b8???\u00b3?\u00b1?\u00b7? ,Muntenegru, ????? ????, Montenegr?,chambres ? louer ? ulcinj, location de vacance, location saisonni?res, louer villa,location de vacance, Locations vacance, h?bergements vacances, locations villa, logements de vacances, location maison avec piscine, Location vacance, locations de vacance, h?bergements de vacances, location villa, locations entre particulier, logements vacance, vacances ? Mont?n?gro - location ? Ulcinj ,location  de bigorre,Urlaub in Ulcinj -Montenegro,Hotelbewertungen Ulcinj,Reisen Ulcinj, Urlaub Ulcinj,Hotel in Serbien und Montenegro von Urlaubern bewertet,Billig Urlaub in Ulcinj,ferienh?user,ferienwohnung,Billige Ferienh?user,Ferienwohnung ULCINJ,Ferien an der Adria,Urlaub im Ferienhaus ulcinjBilligreisen Ulcinj,Pauschalreisen,FKK Strand Ada Bojana ulcinj,Last Minute Angebote ulcinj,Preise f?r Lastminute,Kleinanzeigen gratis,Ausflug nach Ulcinj,FKK-Reisen ada bojana,FKK-Urlaub ulcinj,Privatni smje?taj,rezervacija smje?taja,apartmani,sobe,ku?e,odmor,sobe za odmor ulcinj,Pretra?ivanje privatnog smje?taja,rooms rent accommodation ulcinj, rentail private accommodation ulcinj,?elite rezervirati privatni smje?taj,Private accommodation,Smje?taj ulcinj,Pushime Verore ulqin,pushime t? lira n? ulqin,Pushime ne plazh,Pushime te kendshme,dhoma per pushime ulqin,dhoma me qera ulqin,dhoma te lira ulqin,pushime te lira ulqin,mali i zi,kosova,maqedoni,shqiperi,Pushime ne det te ulqinit,godi?nji odmor u ulcinj,odmor u ulcinj,Ku?a za odmor,kuda na odmor,ljetovanje u ulcinj,slobodne sobe,dhoma te lira,ku?a uz more,turisti?ka ponuda,odmor i zabava,povolne cene,sobe,usluge,Mjesto za Va? odmor , Place for Your holiday,Odmor portal,putovanaja,Iznajmljivanje soba ulcinj,odmor ulcinj info,Va?e mjesto za odmor ulcinj,nudisticka plaza ada bojana,smjestaj ponuda ulcinj,lokacioni i dhomave ulqin,deti,plazhet e bukura,diskoteka,zbavitja,.\" href=\"http:\/\/www.visit-ulcinj.com\/tourism\/\" target=\"_blank\"><img loading=\"lazy\" class=\"aligncenter\" title=\"SHPALLJE TURISTIKE FALAS,FREE TOURIST GUIDES,BESPLATNI TURISTI?KI OGLASI,balkan holiday rentals,ALBANIJA,ALBANIA,SHQIPERIJA,CRNA GORA,HRVATSKA,KROACIA,SLOVENIJA,MAKEDONIJA,MAKEDONIA,SRBIJA,MONTENEGRO,MALI I ZI,\" src=\"http:\/\/www.visit-ulcinj.com\/blog\/wp-content\/uploads\/2008\/09\/balkanholidayrentals.gif\" alt=\"Apatin,  Aran?elovac,  ?uprija,  ?a?ak,  ?apljina,  ?itluk,  ?abac,  ?ipovo,  ?iroki Brijeg,  ?ep?e,  ?ivinice,  Ba?ka Palanka,  Banja Luka,  Banovi?i,  Be?ej,  beograd,  Biha?,  Bijeljina,  Bor,  Bor?a,  Bosanska Gradi?ka,  Bosanska Krupa,  Bosanski ?amac,  Bosanski Brod,  Bosanski Novi,  Br?ko,  Bu?im,  Bugojno,  Cazin,  Crna Gora,  Derventa,  Doboj,  Donji Vakuf,  Drvar,  Dubrovnik,  Fo?a,  Fojnica,  Glamo?,  Gora?de,  Gornji Milanovac,  Gornji Vakuf,  gostivar,  Gra?anica,  Grada?ac,  Gradiska,  Grahovo,  Had?i?i,  Ilid?a,  In?ija,  Jablanica,  Jagodina,  Jajce,  Kakanj,  Kalu?erica,  Kikinda,  Klju?,  Konjic,  Kotor Varo?,  Kragujevac,  Kraljevo,  Kru?evac,  Kula,  Kupres,  Lakta?i,  Lazarevac,  Leskovac,  Livno,  Ljubinje,  ljublana,  Ljubu?ki,  Loznica,  Lukavac,  Maglaj,  Mladenovac,  Modri?a,  montenegro erlajnz,  mostar,  Mrkonji? Grad,  Neum,  Ni?,  Novi Pazar,  Novi Sad,  Novi Travnik,  Obrenovac,  Od?ak,  ohrid,  Ora?je,  Pale,  Pan?evo,  Para?in,  Pirot,  Po?arevac,  Podgorica,  Priboj,  Prijedor,  Prokuplje,  Prozor,  pula,  rijeka,  Ruma,  Sanski Most,  Sarajevo,  Senta,  serbija,  sibenik,  skopje,  Smederevo,  Smederevska Palanka,  Sokolac,  Sombor,  split,  Srebrenica,  Srebrenik,  Sremska Mitrovica,  Stolac,  Struga,  Subotica,  Temerin,  Tesli?,  tetovo,  Travnik,  Trebinje,  tuzla,  U?ice,  ulcinj,  Valjevo,  Velika Kladu?a,  Vi?egrad,  Visoko,  Vitez,  Vogo??a,  vojvodina,  Vranje,  Vr?ac,  Vrbas,  zadar,  Zagreb,  Zaje?ar,  Zavidovi?i,  Zenica,  Zrenjanin,  Zvornik,copacabana ulcinj,  h?tels,  hotel ulqin,  Kosova,  Mali i Zi,  Maqedonija,  Montenegro,  montenegro tourisme plage,  montenegro ulcinj,  Shpallje Falas,  Shpallje Falas per shitjen e shtepis se juaj,  Shpallje Falas per villat e juaj,  Shpallje Falas Real Estate,  Shpallje Falas turistike,  shqiperija,  tourisme,  Ulci?,  ulcinj,  ulqin,  ulqin hotel,  ulqini,  ulqini 2007,Ada Bojana,  Alba?czyk,  Cita di Dolcino,  Copacabana,  Czarnog?ra,  Czarnog?rzec,  Don Kichota,  Ma\u00b3a Pla?a,  Mandra,  MIGUEL DE SERVANTES,  p?\u00b3wyspy Marjan,  Pla?a Valdanos,  Rzeka Bojana,  Shas \/ ?as \/ Sva?,  Ulci?,  Ulcinjsk\u00b9 Riwier?,  Wielka Pla?a,  Wyspa Bojana,GORA,??????????,???????,??????????, ?ern? Hora,TO ULCINJ \/ ULQIN,MONTENEGRO, Czarnog?ra, Muntenegru, ????? ????, Montenegr?,villa ? louer ? ulcinj, location de vacance, location saisonni?res, louer chambres,location de vacance, Locations vacance, h?bergements vacances, locations villa, logements de vacances, location maison avec piscine, Location vacance, locations de vacance, h?bergements de vacances, location, locations entre particulier, logements vacance, vacances ? Mont?n?gro - location ? Ulcinj ,location  de bigorre,Albaniku,  Artana,  Bujanoci,  Burimi,  Dardana,  Dardan?,  De?an,  Dibra,  Drenas,  Drenasi,  Ferizaj,  Ferizaji,  Fush? Kosova,Besplatni internet oglasi,Besplatni oglasi,besplatni mali oglasi,besplatni turisti?ki oglasi,oglasi, usluge, turizam,Turisti?ke usluge,Doma?i turizam,Besplatni Oglasnik,Brzi Oglasi Besplatno,Besplatno OglasavanjeTurizam,besplatni oglasi sa slikom,Turisticki informator besplatni,li?ni-oglasi,BESPLATNI Turisticki OGLASI SA SLIKAMA,BESPLATNI Turisticki Oglasi saVideom,turisticki smestaj oglasi,Turisti?ki vodi? balkana,BESPLATNA REZERVACIJA SMESTAJA,Postavite besplatno Vas oglas,FREE TOURIST GUIDES,Izdavanje-Turizam oglasi,Balkan Turisticki vodic,shpallje turistike falas,Shpallje Falas,Shpallje falas per Komplekse Turistike,Lajmerime,Njoftime,shpallje shqip per shqiptaret ne shqiperi kosova maqedoni,mal te zi,Fush? Kosov?,  Gjakova,  Gjakov?,  Gjilan,  Gjilani,  Gostivari,  Istog,  Istog\u00b7,  Ka?anik,  Ka?aniku,  Kastrioti,  K?r?ova,  Klina,  Klin?,  Kumanova,  Leposaviq,  Leskovci,  Likova,  Lipjan,  Lipjani,  Malisheva,  Malishev?,  Manastiri,  Medvegja,  Mitrovica,  Mitrovic?,  Novob?rd?,  Obiliq\u00b7 Rahovec,  Ohri,  Peja,  Pej?,  Podujeva,  Podujev?,  Presheva,  Prishtina,  Prishtin?,  Prizren,  Prizreni,  Rahoveci,  Sharri,  Sharri (Kosov?),  Shkupi,  Sht?rpca,  Sht?rpc?,  Shtime,  Sk?nderaj,  Struga,  Tetova,  Theranda,  Therand?,  Triumf Riza,  Veleshta,  Viti,  Vitia,  Vushtrri,  Vushtrria,  Zubin Potok,  Zubin Potoku,  Zve?an,  Zve?ani,Struga,Gostivari,Gostivar,Ker?ova,Tirana,Durr?si,Elbasani,Shkodra,Tuzi,Vlora, Kor?a,Fieri,Berati,Lushnja ,Kavaja,Pogradeci,La?i,Gjirokastra,Patosi,Kruja,Ku?ova,Kuk?si,Lezha,Saranda,Peshkopia,Burreli,C?rriku,?orovoda,Shijaku,Librazhdi,Tepelena,Gramshi,Poli?ani,Bulqiza,P?rmeti,Fush?Kruja,Kamza,Rr?sheni,Ballshi,Mamurrasi,BajramCurri,Erseka,Peqini,Divjaka,Selenica,Bilishti,Roskoveci,Puka,Memaliaj,Rrogozhina,Ura Vajgurore,Himara,Delvina,Vora,Kopliku,Maliqi,P?rrenjasi,Kruma, Libohova,Orikumi,Fush?-Arr?za,Sh?ngjini,Rubiku,Miloti, Leskoviku,Konispoli,K?lcyra,Krasta,K?rraba,Manastiri,Hara?ina,Likova,Prilepi,Zajazi,Vrap?ishti,Bogovin?,\" width=\"420\" height=\"120\" \/><\/a><\/p>\n","protected":false},"excerpt":{"rendered":"<p><img loading=\"lazy\" class=\"alignleft size-medium wp-image-2702\" title=\"shasi\" src=\"http:\/\/www.visit-ulcinj.com\/blog\/wp-content\/uploads\/2008\/08\/shasi-300x199.jpg\" alt=\"\" width=\"140\" height=\"140\" \/><\/p>\n","protected":false},"author":1,"featured_media":0,"comment_status":"open","ping_status":"closed","sticky":false,"template":"","format":"standard","meta":{"spay_email":"","jetpack_publicize_message":"","jetpack_is_tweetstorm":false,"jetpack_publicize_feature_enabled":true},"categories":[4,12,15],"tags":[212,2083,3231,2081],"jetpack_publicize_connections":[],"yoast_head":"<!-- This site is optimized with the Yoast SEO plugin v19.1 - https:\/\/yoast.com\/wordpress\/plugins\/seo\/ -->\n<title>Sesion shkencor p\u00ebr Shasin - Lajme nga Ulqini<\/title>\n<meta name=\"robots\" content=\"index, follow, max-snippet:-1, max-image-preview:large, max-video-preview:-1\" \/>\n<link rel=\"canonical\" href=\"https:\/\/www.visit-ulcinj.com\/blog\/2008\/08\/25\/sesion-shkencor-per-shasin\/\" \/>\n<meta property=\"og:locale\" content=\"en_US\" \/>\n<meta property=\"og:type\" content=\"article\" \/>\n<meta property=\"og:title\" content=\"Sesion shkencor p\u00ebr Shasin - Lajme nga Ulqini\" \/>\n<meta property=\"og:url\" content=\"https:\/\/www.visit-ulcinj.com\/blog\/2008\/08\/25\/sesion-shkencor-per-shasin\/\" \/>\n<meta property=\"og:site_name\" content=\"Lajme nga Ulqini\" \/>\n<meta property=\"article:published_time\" content=\"2008-08-25T21:45:37+00:00\" \/>\n<meta property=\"article:modified_time\" content=\"2008-10-04T17:40:44+00:00\" \/>\n<meta property=\"og:image\" content=\"http:\/\/www.visit-ulcinj.com\/blog\/wp-content\/uploads\/2008\/08\/shasi-300x199.jpg\" \/>\n<meta name=\"twitter:label1\" content=\"Written by\" \/>\n\t<meta name=\"twitter:data1\" content=\"ulqini\" \/>\n\t<meta name=\"twitter:label2\" content=\"Est. reading time\" \/>\n\t<meta name=\"twitter:data2\" content=\"5 minutes\" \/>\n<script type=\"application\/ld+json\" class=\"yoast-schema-graph\">{\"@context\":\"https:\/\/schema.org\",\"@graph\":[{\"@type\":\"WebSite\",\"@id\":\"https:\/\/www.visit-ulcinj.com\/blog\/#website\",\"url\":\"https:\/\/www.visit-ulcinj.com\/blog\/\",\"name\":\"Lajme nga Ulqini\",\"description\":\"Lajme,Vijesti,Ulqini,Ulqin,Crna Gora,Mali i Zi\",\"potentialAction\":[{\"@type\":\"SearchAction\",\"target\":{\"@type\":\"EntryPoint\",\"urlTemplate\":\"https:\/\/www.visit-ulcinj.com\/blog\/?s={search_term_string}\"},\"query-input\":\"required name=search_term_string\"}],\"inLanguage\":\"en-US\"},{\"@type\":\"ImageObject\",\"inLanguage\":\"en-US\",\"@id\":\"https:\/\/www.visit-ulcinj.com\/blog\/2008\/08\/25\/sesion-shkencor-per-shasin\/#primaryimage\",\"url\":\"http:\/\/www.visit-ulcinj.com\/blog\/wp-content\/uploads\/2008\/08\/shasi-300x199.jpg\",\"contentUrl\":\"http:\/\/www.visit-ulcinj.com\/blog\/wp-content\/uploads\/2008\/08\/shasi-300x199.jpg\"},{\"@type\":\"WebPage\",\"@id\":\"https:\/\/www.visit-ulcinj.com\/blog\/2008\/08\/25\/sesion-shkencor-per-shasin\/#webpage\",\"url\":\"https:\/\/www.visit-ulcinj.com\/blog\/2008\/08\/25\/sesion-shkencor-per-shasin\/\",\"name\":\"Sesion shkencor p\u00ebr Shasin - Lajme nga Ulqini\",\"isPartOf\":{\"@id\":\"https:\/\/www.visit-ulcinj.com\/blog\/#website\"},\"primaryImageOfPage\":{\"@id\":\"https:\/\/www.visit-ulcinj.com\/blog\/2008\/08\/25\/sesion-shkencor-per-shasin\/#primaryimage\"},\"datePublished\":\"2008-08-25T21:45:37+00:00\",\"dateModified\":\"2008-10-04T17:40:44+00:00\",\"author\":{\"@id\":\"https:\/\/www.visit-ulcinj.com\/blog\/#\/schema\/person\/dcab619c614d3038751c63bc2aadc06d\"},\"breadcrumb\":{\"@id\":\"https:\/\/www.visit-ulcinj.com\/blog\/2008\/08\/25\/sesion-shkencor-per-shasin\/#breadcrumb\"},\"inLanguage\":\"en-US\",\"potentialAction\":[{\"@type\":\"ReadAction\",\"target\":[\"https:\/\/www.visit-ulcinj.com\/blog\/2008\/08\/25\/sesion-shkencor-per-shasin\/\"]}]},{\"@type\":\"BreadcrumbList\",\"@id\":\"https:\/\/www.visit-ulcinj.com\/blog\/2008\/08\/25\/sesion-shkencor-per-shasin\/#breadcrumb\",\"itemListElement\":[{\"@type\":\"ListItem\",\"position\":1,\"name\":\"Sesion shkencor p\u00ebr Shasin\"}]},{\"@type\":\"Person\",\"@id\":\"https:\/\/www.visit-ulcinj.com\/blog\/#\/schema\/person\/dcab619c614d3038751c63bc2aadc06d\",\"name\":\"ulqini\",\"sameAs\":[\"http:\/\/www.visit-ulcinj.com\"],\"url\":\"https:\/\/www.visit-ulcinj.com\/blog\/author\/admin\/\"}]}<\/script>\n<!-- \/ Yoast SEO plugin. -->","yoast_head_json":{"title":"Sesion shkencor p\u00ebr Shasin - Lajme nga Ulqini","robots":{"index":"index","follow":"follow","max-snippet":"max-snippet:-1","max-image-preview":"max-image-preview:large","max-video-preview":"max-video-preview:-1"},"canonical":"https:\/\/www.visit-ulcinj.com\/blog\/2008\/08\/25\/sesion-shkencor-per-shasin\/","og_locale":"en_US","og_type":"article","og_title":"Sesion shkencor p\u00ebr Shasin - Lajme nga Ulqini","og_url":"https:\/\/www.visit-ulcinj.com\/blog\/2008\/08\/25\/sesion-shkencor-per-shasin\/","og_site_name":"Lajme nga Ulqini","article_published_time":"2008-08-25T21:45:37+00:00","article_modified_time":"2008-10-04T17:40:44+00:00","og_image":[{"url":"http:\/\/www.visit-ulcinj.com\/blog\/wp-content\/uploads\/2008\/08\/shasi-300x199.jpg"}],"twitter_misc":{"Written by":"ulqini","Est. reading time":"5 minutes"},"schema":{"@context":"https:\/\/schema.org","@graph":[{"@type":"WebSite","@id":"https:\/\/www.visit-ulcinj.com\/blog\/#website","url":"https:\/\/www.visit-ulcinj.com\/blog\/","name":"Lajme nga Ulqini","description":"Lajme,Vijesti,Ulqini,Ulqin,Crna Gora,Mali i Zi","potentialAction":[{"@type":"SearchAction","target":{"@type":"EntryPoint","urlTemplate":"https:\/\/www.visit-ulcinj.com\/blog\/?s={search_term_string}"},"query-input":"required name=search_term_string"}],"inLanguage":"en-US"},{"@type":"ImageObject","inLanguage":"en-US","@id":"https:\/\/www.visit-ulcinj.com\/blog\/2008\/08\/25\/sesion-shkencor-per-shasin\/#primaryimage","url":"http:\/\/www.visit-ulcinj.com\/blog\/wp-content\/uploads\/2008\/08\/shasi-300x199.jpg","contentUrl":"http:\/\/www.visit-ulcinj.com\/blog\/wp-content\/uploads\/2008\/08\/shasi-300x199.jpg"},{"@type":"WebPage","@id":"https:\/\/www.visit-ulcinj.com\/blog\/2008\/08\/25\/sesion-shkencor-per-shasin\/#webpage","url":"https:\/\/www.visit-ulcinj.com\/blog\/2008\/08\/25\/sesion-shkencor-per-shasin\/","name":"Sesion shkencor p\u00ebr Shasin - Lajme nga Ulqini","isPartOf":{"@id":"https:\/\/www.visit-ulcinj.com\/blog\/#website"},"primaryImageOfPage":{"@id":"https:\/\/www.visit-ulcinj.com\/blog\/2008\/08\/25\/sesion-shkencor-per-shasin\/#primaryimage"},"datePublished":"2008-08-25T21:45:37+00:00","dateModified":"2008-10-04T17:40:44+00:00","author":{"@id":"https:\/\/www.visit-ulcinj.com\/blog\/#\/schema\/person\/dcab619c614d3038751c63bc2aadc06d"},"breadcrumb":{"@id":"https:\/\/www.visit-ulcinj.com\/blog\/2008\/08\/25\/sesion-shkencor-per-shasin\/#breadcrumb"},"inLanguage":"en-US","potentialAction":[{"@type":"ReadAction","target":["https:\/\/www.visit-ulcinj.com\/blog\/2008\/08\/25\/sesion-shkencor-per-shasin\/"]}]},{"@type":"BreadcrumbList","@id":"https:\/\/www.visit-ulcinj.com\/blog\/2008\/08\/25\/sesion-shkencor-per-shasin\/#breadcrumb","itemListElement":[{"@type":"ListItem","position":1,"name":"Sesion shkencor p\u00ebr Shasin"}]},{"@type":"Person","@id":"https:\/\/www.visit-ulcinj.com\/blog\/#\/schema\/person\/dcab619c614d3038751c63bc2aadc06d","name":"ulqini","sameAs":["http:\/\/www.visit-ulcinj.com"],"url":"https:\/\/www.visit-ulcinj.com\/blog\/author\/admin\/"}]}},"jetpack_featured_media_url":"","jetpack_sharing_enabled":true,"jetpack_shortlink":"https:\/\/wp.me\/pe6lTn-Hy","_links":{"self":[{"href":"https:\/\/www.visit-ulcinj.com\/blog\/wp-json\/wp\/v2\/posts\/2700"}],"collection":[{"href":"https:\/\/www.visit-ulcinj.com\/blog\/wp-json\/wp\/v2\/posts"}],"about":[{"href":"https:\/\/www.visit-ulcinj.com\/blog\/wp-json\/wp\/v2\/types\/post"}],"author":[{"embeddable":true,"href":"https:\/\/www.visit-ulcinj.com\/blog\/wp-json\/wp\/v2\/users\/1"}],"replies":[{"embeddable":true,"href":"https:\/\/www.visit-ulcinj.com\/blog\/wp-json\/wp\/v2\/comments?post=2700"}],"version-history":[{"count":0,"href":"https:\/\/www.visit-ulcinj.com\/blog\/wp-json\/wp\/v2\/posts\/2700\/revisions"}],"wp:attachment":[{"href":"https:\/\/www.visit-ulcinj.com\/blog\/wp-json\/wp\/v2\/media?parent=2700"}],"wp:term":[{"taxonomy":"category","embeddable":true,"href":"https:\/\/www.visit-ulcinj.com\/blog\/wp-json\/wp\/v2\/categories?post=2700"},{"taxonomy":"post_tag","embeddable":true,"href":"https:\/\/www.visit-ulcinj.com\/blog\/wp-json\/wp\/v2\/tags?post=2700"}],"curies":[{"name":"wp","href":"https:\/\/api.w.org\/{rel}","templated":true}]}}