{"id":27003,"date":"2009-11-11T23:58:15","date_gmt":"2009-11-11T21:58:15","guid":{"rendered":"http:\/\/www.visit-ulcinj.com\/blog\/?p=27003"},"modified":"2009-11-11T23:58:15","modified_gmt":"2009-11-11T21:58:15","slug":"genta-tek-ylli-i-jacksonit","status":"publish","type":"post","link":"https:\/\/www.visit-ulcinj.com\/blog\/2009\/11\/11\/genta-tek-ylli-i-jacksonit\/","title":{"rendered":"Genta, tek ylli i Jacksonit"},"content":{"rendered":"<p><a href=\"http:\/\/www.visit-ulcinj.com\/blog\/wp-content\/uploads\/2009\/11\/Genta-tek-ylli-i-Jacksonit.jpg\"><img loading=\"lazy\" class=\"alignleft size-full wp-image-27004\" title=\"Genta, tek ylli i Jacksonit\" src=\"http:\/\/www.visit-ulcinj.com\/blog\/wp-content\/uploads\/2009\/11\/Genta-tek-ylli-i-Jacksonit.jpg\" alt=\"Genta, tek ylli i Jacksonit\" width=\"580\" height=\"400\" \/><\/a>Se Genta Ismajli \u00ebsht\u00eb nj\u00eb adhuruese e madhe e Mbretit t\u00eb Popit, tregon edhe vizita e saj e fundit pran\u00eb yllit t\u00eb muzik\u00ebs s\u00eb popit, Michael Jackson. Genta nga Turqia ka udh\u00ebtuar p\u00ebr n\u00eb Kalforni, ku nuk ka ngurruar q\u00eb t\u00eb b\u00ebj\u00eb edhe nj\u00eb udh\u00ebtim n\u00eb Hollywood, duke vizituar k\u00ebshtu edhe yllin e k\u00ebng\u00ebtarit t\u00eb famsh\u00ebm. Genta \u00ebsht\u00eb shtrir\u00eb pran\u00eb yllit, e pik\u00eblluar dhe ka b\u00ebr\u00eb nj\u00eb fotografi pran\u00eb tij. N\u00eb nj\u00eb intervist\u00eb p\u00ebr Express, Genta kishte th\u00ebn\u00eb se ajo ende nuk mund ta besoj\u00eb q\u00eb Michael Jackson ka vdekur. K\u00ebng\u00ebtarja ka b\u00ebr\u00eb fotografi edhe para artistit Bill Cosby, por edhe para aktores s\u00eb famshme, Merilyn Monroe.<\/p>\n<!--YouTube Error: bad URL entered-->\n","protected":false},"excerpt":{"rendered":"<p>Se Genta Ismajli \u00ebsht\u00eb nj\u00eb adhuruese e madhe e Mbretit t\u00eb Popit, tregon edhe vizita e saj e fundit pran\u00eb yllit t\u00eb muzik\u00ebs s\u00eb popit, Michael Jackson. Genta nga Turqia ka udh\u00ebtuar p\u00ebr n\u00eb Kalforni, ku nuk ka ngurruar q\u00eb t\u00eb b\u00ebj\u00eb edhe nj\u00eb udh\u00ebtim n\u00eb Hollywood, duke vizituar k\u00ebshtu edhe yllin e k\u00ebng\u00ebtarit t\u00eb [&hellip;]<\/p>\n","protected":false},"author":1,"featured_media":0,"comment_status":"open","ping_status":"closed","sticky":false,"template":"","format":"standard","meta":{"spay_email":"","jetpack_publicize_message":"","jetpack_is_tweetstorm":false,"jetpack_publicize_feature_enabled":true},"categories":[1],"tags":[323],"jetpack_publicize_connections":[],"yoast_head":"<!-- This site is optimized with the Yoast SEO plugin v19.1 - https:\/\/yoast.com\/wordpress\/plugins\/seo\/ -->\n<title>Genta, tek ylli i Jacksonit - Lajme nga Ulqini<\/title>\n<meta name=\"description\" content=\"Se Genta Ismajli \u00ebsht\u00eb nj\u00eb adhuruese e madhe e Mbretit t\u00eb Popit, tregon edhe vizita e saj e fundit pran\u00eb yllit t\u00eb muzik\u00ebs s\u00eb popit, Michael Jackson. Genta\" \/>\n<meta name=\"robots\" content=\"index, follow, max-snippet:-1, max-image-preview:large, max-video-preview:-1\" \/>\n<link rel=\"canonical\" href=\"https:\/\/www.visit-ulcinj.com\/blog\/2009\/11\/11\/genta-tek-ylli-i-jacksonit\/\" \/>\n<meta property=\"og:locale\" content=\"en_US\" \/>\n<meta property=\"og:type\" content=\"article\" \/>\n<meta property=\"og:title\" content=\"Genta, tek ylli i Jacksonit - Lajme nga Ulqini\" \/>\n<meta property=\"og:description\" content=\"Se Genta Ismajli \u00ebsht\u00eb nj\u00eb adhuruese e madhe e Mbretit t\u00eb Popit, tregon edhe vizita e saj e fundit pran\u00eb yllit t\u00eb muzik\u00ebs s\u00eb popit, Michael Jackson. Genta\" \/>\n<meta property=\"og:url\" content=\"https:\/\/www.visit-ulcinj.com\/blog\/2009\/11\/11\/genta-tek-ylli-i-jacksonit\/\" \/>\n<meta property=\"og:site_name\" content=\"Lajme nga Ulqini\" \/>\n<meta property=\"article:published_time\" content=\"2009-11-11T21:58:15+00:00\" \/>\n<meta property=\"og:image\" content=\"http:\/\/www.visit-ulcinj.com\/blog\/wp-content\/uploads\/2009\/11\/Genta-tek-ylli-i-Jacksonit.jpg\" \/>\n<meta name=\"twitter:label1\" content=\"Written by\" \/>\n\t<meta name=\"twitter:data1\" content=\"ulqini\" \/>\n\t<meta name=\"twitter:label2\" content=\"Est. reading time\" \/>\n\t<meta name=\"twitter:data2\" content=\"1 minute\" \/>\n<script type=\"application\/ld+json\" class=\"yoast-schema-graph\">{\"@context\":\"https:\/\/schema.org\",\"@graph\":[{\"@type\":\"WebSite\",\"@id\":\"https:\/\/www.visit-ulcinj.com\/blog\/#website\",\"url\":\"https:\/\/www.visit-ulcinj.com\/blog\/\",\"name\":\"Lajme nga Ulqini\",\"description\":\"Lajme,Vijesti,Ulqini,Ulqin,Crna Gora,Mali i Zi\",\"potentialAction\":[{\"@type\":\"SearchAction\",\"target\":{\"@type\":\"EntryPoint\",\"urlTemplate\":\"https:\/\/www.visit-ulcinj.com\/blog\/?s={search_term_string}\"},\"query-input\":\"required name=search_term_string\"}],\"inLanguage\":\"en-US\"},{\"@type\":\"ImageObject\",\"inLanguage\":\"en-US\",\"@id\":\"https:\/\/www.visit-ulcinj.com\/blog\/2009\/11\/11\/genta-tek-ylli-i-jacksonit\/#primaryimage\",\"url\":\"http:\/\/www.visit-ulcinj.com\/blog\/wp-content\/uploads\/2009\/11\/Genta-tek-ylli-i-Jacksonit.jpg\",\"contentUrl\":\"http:\/\/www.visit-ulcinj.com\/blog\/wp-content\/uploads\/2009\/11\/Genta-tek-ylli-i-Jacksonit.jpg\"},{\"@type\":\"WebPage\",\"@id\":\"https:\/\/www.visit-ulcinj.com\/blog\/2009\/11\/11\/genta-tek-ylli-i-jacksonit\/#webpage\",\"url\":\"https:\/\/www.visit-ulcinj.com\/blog\/2009\/11\/11\/genta-tek-ylli-i-jacksonit\/\",\"name\":\"Genta, tek ylli i Jacksonit - Lajme nga Ulqini\",\"isPartOf\":{\"@id\":\"https:\/\/www.visit-ulcinj.com\/blog\/#website\"},\"primaryImageOfPage\":{\"@id\":\"https:\/\/www.visit-ulcinj.com\/blog\/2009\/11\/11\/genta-tek-ylli-i-jacksonit\/#primaryimage\"},\"datePublished\":\"2009-11-11T21:58:15+00:00\",\"dateModified\":\"2009-11-11T21:58:15+00:00\",\"author\":{\"@id\":\"https:\/\/www.visit-ulcinj.com\/blog\/#\/schema\/person\/dcab619c614d3038751c63bc2aadc06d\"},\"description\":\"Se Genta Ismajli \u00ebsht\u00eb nj\u00eb adhuruese e madhe e Mbretit t\u00eb Popit, tregon edhe vizita e saj e fundit pran\u00eb yllit t\u00eb muzik\u00ebs s\u00eb popit, Michael Jackson. Genta\",\"breadcrumb\":{\"@id\":\"https:\/\/www.visit-ulcinj.com\/blog\/2009\/11\/11\/genta-tek-ylli-i-jacksonit\/#breadcrumb\"},\"inLanguage\":\"en-US\",\"potentialAction\":[{\"@type\":\"ReadAction\",\"target\":[\"https:\/\/www.visit-ulcinj.com\/blog\/2009\/11\/11\/genta-tek-ylli-i-jacksonit\/\"]}]},{\"@type\":\"BreadcrumbList\",\"@id\":\"https:\/\/www.visit-ulcinj.com\/blog\/2009\/11\/11\/genta-tek-ylli-i-jacksonit\/#breadcrumb\",\"itemListElement\":[{\"@type\":\"ListItem\",\"position\":1,\"name\":\"Genta, tek ylli i Jacksonit\"}]},{\"@type\":\"Person\",\"@id\":\"https:\/\/www.visit-ulcinj.com\/blog\/#\/schema\/person\/dcab619c614d3038751c63bc2aadc06d\",\"name\":\"ulqini\",\"sameAs\":[\"http:\/\/www.visit-ulcinj.com\"],\"url\":\"https:\/\/www.visit-ulcinj.com\/blog\/author\/admin\/\"}]}<\/script>\n<!-- \/ Yoast SEO plugin. -->","yoast_head_json":{"title":"Genta, tek ylli i Jacksonit - Lajme nga Ulqini","description":"Se Genta Ismajli \u00ebsht\u00eb nj\u00eb adhuruese e madhe e Mbretit t\u00eb Popit, tregon edhe vizita e saj e fundit pran\u00eb yllit t\u00eb muzik\u00ebs s\u00eb popit, Michael Jackson. Genta","robots":{"index":"index","follow":"follow","max-snippet":"max-snippet:-1","max-image-preview":"max-image-preview:large","max-video-preview":"max-video-preview:-1"},"canonical":"https:\/\/www.visit-ulcinj.com\/blog\/2009\/11\/11\/genta-tek-ylli-i-jacksonit\/","og_locale":"en_US","og_type":"article","og_title":"Genta, tek ylli i Jacksonit - Lajme nga Ulqini","og_description":"Se Genta Ismajli \u00ebsht\u00eb nj\u00eb adhuruese e madhe e Mbretit t\u00eb Popit, tregon edhe vizita e saj e fundit pran\u00eb yllit t\u00eb muzik\u00ebs s\u00eb popit, Michael Jackson. Genta","og_url":"https:\/\/www.visit-ulcinj.com\/blog\/2009\/11\/11\/genta-tek-ylli-i-jacksonit\/","og_site_name":"Lajme nga Ulqini","article_published_time":"2009-11-11T21:58:15+00:00","og_image":[{"url":"http:\/\/www.visit-ulcinj.com\/blog\/wp-content\/uploads\/2009\/11\/Genta-tek-ylli-i-Jacksonit.jpg"}],"twitter_misc":{"Written by":"ulqini","Est. reading time":"1 minute"},"schema":{"@context":"https:\/\/schema.org","@graph":[{"@type":"WebSite","@id":"https:\/\/www.visit-ulcinj.com\/blog\/#website","url":"https:\/\/www.visit-ulcinj.com\/blog\/","name":"Lajme nga Ulqini","description":"Lajme,Vijesti,Ulqini,Ulqin,Crna Gora,Mali i Zi","potentialAction":[{"@type":"SearchAction","target":{"@type":"EntryPoint","urlTemplate":"https:\/\/www.visit-ulcinj.com\/blog\/?s={search_term_string}"},"query-input":"required name=search_term_string"}],"inLanguage":"en-US"},{"@type":"ImageObject","inLanguage":"en-US","@id":"https:\/\/www.visit-ulcinj.com\/blog\/2009\/11\/11\/genta-tek-ylli-i-jacksonit\/#primaryimage","url":"http:\/\/www.visit-ulcinj.com\/blog\/wp-content\/uploads\/2009\/11\/Genta-tek-ylli-i-Jacksonit.jpg","contentUrl":"http:\/\/www.visit-ulcinj.com\/blog\/wp-content\/uploads\/2009\/11\/Genta-tek-ylli-i-Jacksonit.jpg"},{"@type":"WebPage","@id":"https:\/\/www.visit-ulcinj.com\/blog\/2009\/11\/11\/genta-tek-ylli-i-jacksonit\/#webpage","url":"https:\/\/www.visit-ulcinj.com\/blog\/2009\/11\/11\/genta-tek-ylli-i-jacksonit\/","name":"Genta, tek ylli i Jacksonit - Lajme nga Ulqini","isPartOf":{"@id":"https:\/\/www.visit-ulcinj.com\/blog\/#website"},"primaryImageOfPage":{"@id":"https:\/\/www.visit-ulcinj.com\/blog\/2009\/11\/11\/genta-tek-ylli-i-jacksonit\/#primaryimage"},"datePublished":"2009-11-11T21:58:15+00:00","dateModified":"2009-11-11T21:58:15+00:00","author":{"@id":"https:\/\/www.visit-ulcinj.com\/blog\/#\/schema\/person\/dcab619c614d3038751c63bc2aadc06d"},"description":"Se Genta Ismajli \u00ebsht\u00eb nj\u00eb adhuruese e madhe e Mbretit t\u00eb Popit, tregon edhe vizita e saj e fundit pran\u00eb yllit t\u00eb muzik\u00ebs s\u00eb popit, Michael Jackson. Genta","breadcrumb":{"@id":"https:\/\/www.visit-ulcinj.com\/blog\/2009\/11\/11\/genta-tek-ylli-i-jacksonit\/#breadcrumb"},"inLanguage":"en-US","potentialAction":[{"@type":"ReadAction","target":["https:\/\/www.visit-ulcinj.com\/blog\/2009\/11\/11\/genta-tek-ylli-i-jacksonit\/"]}]},{"@type":"BreadcrumbList","@id":"https:\/\/www.visit-ulcinj.com\/blog\/2009\/11\/11\/genta-tek-ylli-i-jacksonit\/#breadcrumb","itemListElement":[{"@type":"ListItem","position":1,"name":"Genta, tek ylli i Jacksonit"}]},{"@type":"Person","@id":"https:\/\/www.visit-ulcinj.com\/blog\/#\/schema\/person\/dcab619c614d3038751c63bc2aadc06d","name":"ulqini","sameAs":["http:\/\/www.visit-ulcinj.com"],"url":"https:\/\/www.visit-ulcinj.com\/blog\/author\/admin\/"}]}},"jetpack_featured_media_url":"","jetpack_sharing_enabled":true,"jetpack_shortlink":"https:\/\/wp.me\/pe6lTn-71x","_links":{"self":[{"href":"https:\/\/www.visit-ulcinj.com\/blog\/wp-json\/wp\/v2\/posts\/27003"}],"collection":[{"href":"https:\/\/www.visit-ulcinj.com\/blog\/wp-json\/wp\/v2\/posts"}],"about":[{"href":"https:\/\/www.visit-ulcinj.com\/blog\/wp-json\/wp\/v2\/types\/post"}],"author":[{"embeddable":true,"href":"https:\/\/www.visit-ulcinj.com\/blog\/wp-json\/wp\/v2\/users\/1"}],"replies":[{"embeddable":true,"href":"https:\/\/www.visit-ulcinj.com\/blog\/wp-json\/wp\/v2\/comments?post=27003"}],"version-history":[{"count":0,"href":"https:\/\/www.visit-ulcinj.com\/blog\/wp-json\/wp\/v2\/posts\/27003\/revisions"}],"wp:attachment":[{"href":"https:\/\/www.visit-ulcinj.com\/blog\/wp-json\/wp\/v2\/media?parent=27003"}],"wp:term":[{"taxonomy":"category","embeddable":true,"href":"https:\/\/www.visit-ulcinj.com\/blog\/wp-json\/wp\/v2\/categories?post=27003"},{"taxonomy":"post_tag","embeddable":true,"href":"https:\/\/www.visit-ulcinj.com\/blog\/wp-json\/wp\/v2\/tags?post=27003"}],"curies":[{"name":"wp","href":"https:\/\/api.w.org\/{rel}","templated":true}]}}