{"id":27021,"date":"2009-11-12T18:20:20","date_gmt":"2009-11-12T16:20:20","guid":{"rendered":"http:\/\/www.visit-ulcinj.com\/blog\/?p=27021"},"modified":"2009-11-12T18:20:20","modified_gmt":"2009-11-12T16:20:20","slug":"reagim-sa-poshte-paska-rene-shabani","status":"publish","type":"post","link":"https:\/\/www.visit-ulcinj.com\/blog\/2009\/11\/12\/reagim-sa-poshte-paska-rene-shabani\/","title":{"rendered":"REAGIM &#8211; Sa posht\u00eb paska r\u00ebn\u00eb Shabani"},"content":{"rendered":"<p><a href=\"http:\/\/www.visit-ulcinj.com\/blog\/wp-content\/uploads\/2009\/11\/Muhamet-Nika.jpg\"><img loading=\"lazy\" class=\"alignleft size-full wp-image-27022\" title=\"Muhamet Nika\" src=\"http:\/\/www.visit-ulcinj.com\/blog\/wp-content\/uploads\/2009\/11\/Muhamet-Nika.jpg\" alt=\"Muhamet Nika\" width=\"580\" height=\"400\" \/><\/a>Nuk e di sa ia vlen q\u00eb njeriu t\u00eb merret me komentimin e asaj q\u00eb nuk ka kall\u00ebzues, por duke e ditur q\u00eb z. Peraj tash sa vite ishte kryeredaktor i Radio Ulqinit, \u00e7\u2019\u00ebsht\u00eb e v\u00ebrteta partiake dhe bashk\u00ebpun\u00ebtor i jasht\u00ebm i Koh\u00ebs javore, mendoj q\u00eb ka ardhur koha q\u00eb t\u2019i b\u00ebj nj\u00eb bilanc pun\u00ebs s\u00eb vet dhe t\u00eb shikoj\u00eb p\u00ebrse ndodh\u00eb q\u00eb n\u00eb opinionet e tija askush t\u00eb mos reflektoj\u00eb. Pra, me fjal\u00eb t\u00eb tjera nuk prodhoi asnj\u00eb reagim! A thua kjo do t\u00eb thot\u00eb q\u00eb z. Peraj injorohet nga lexuesit dhe se ai nuk di t\u00eb komunikoj\u00eb me lexuesin?!<br \/>\nNuk dua t\u00eb polemizoj me z. Shaban Peraj p\u00ebr ta fyer apo posht\u00ebruar at\u00eb, por d\u00ebshiroj t\u2019i b\u00ebj nj\u00eb polemik\u00eb t\u00eb sinqert\u00eb duke luajtur nj\u00eb rol pozitiv n\u00eb k\u00ebndelljen e tij p\u00ebr t\u00eb ndikuar q\u00eb ai t\u00eb pendohet p\u00ebrse shkruan dhe t\u00eb heq dor\u00eb nga gazetari ngase nuk e njeh k\u00ebt\u00eb pun\u00eb. Mir\u00ebpo p\u00ebr \u00e7udi askush nga shok\u00ebt dhe miqt\u00eb e tij nuk po ia thot\u00eb k\u00ebt\u00eb haptas. N\u00eb komentin e p\u00ebrmendur autori \u00ebsht\u00eb aq konfuz saq\u00eb lexuesin e painformuar mund ta b\u00ebj\u00eb me komplekse dhe t\u00eb mendoj\u00eb se nuk \u00ebsht\u00eb i aft\u00eb p\u00ebr t\u00eb kuptuar gazet\u00ebn. Nga brendia e tekstit ajo q\u00eb e ka nj\u00eb \u00e7ik\u00eb logjik\u00eb dhe p\u00ebr t\u00eb cil\u00ebn mund t\u00eb kapemi \u00ebsht\u00eb th\u00ebnia: \u201cKoh\u00eb m\u00eb par\u00eb nj\u00eb parti shqiptare n\u00eb Mal t\u00eb Zi doli dhe vuri n\u00eb qarkullim th\u00ebnien se s\u00eb shpejti do t\u00eb organizohet agjensia (sipas drejtshkrimit duhet agjencia) turistike n\u00eb Ulqin, ku sipas tyre drejtori do t\u00eb jet\u00eb kryetar i nj\u00eb partie tjet\u00ebr shqiptare aleate me partit\u00eb n\u00eb pushtetin lokal t\u00eb Ulqinit\u201d. Edhe pse nga brendia e tekstit lexuesi do t\u00eb duhej t\u00eb priste q\u00eb autori t\u00eb merrej me efektet an\u00ebsore q\u00eb krijon mospasja e agjencis\u00eb ose shkelja e ligjit q\u00eb mund t\u00eb b\u00ebhet ose b\u00ebhet n\u00eb k\u00ebt\u00eb drejtim p\u00ebr \u00e7ka jan\u00eb t\u00eb interesuar qytetar\u00ebt, autori si par\u00ebsore ka th\u00ebnien \u201csa posht\u00eb ka r\u00ebn\u00eb katundi\u201d. Me t\u00eb lexuar titullin s\u2019di qysh po m\u2019u krijua n\u00eb kok\u00eb nj\u00eb antitekst dhe thash\u00eb \u201cSa posht\u00eb paska r\u00ebn\u00eb Shabani\u201d!<br \/>\nThon\u00eb se gazetari i mir\u00eb duhet t\u00eb jet\u00eb nd\u00ebrgjegja shoq\u00ebrore dhe t\u00eb ket\u00eb nj\u00eb akord n\u00eb zem\u00ebr q\u00eb e dirigjon dhe nuk e lejon t\u00eb gaboj\u00eb. Sinqeriteti dhe e v\u00ebrteta duhet t\u00eb b\u00ebhen mburoj\u00eb dhe imunitet i tij e jo t\u00eb trilloj\u00eb, t\u00eb vrapoj\u00eb pas sensacioneve (n\u00ebse v\u00ebrtet\u00eb jan\u00eb t\u00eb till\u00eb) si\u00e7 b\u00ebn\u00eb gazetari i p\u00ebrmendur. K\u00ebt\u00eb po e them jo p\u00ebr trillimet e veta kur shpik\u00eb se dikush \u201cpo nd\u00ebrron parti p\u00ebr \u00e7\u00ebshtje rehatie\u201d, por kur pash\u00eb numrin e madh t\u00eb gabimeve drejtshkrimore t\u00eb artikullit e sidomos kur u binda q\u00eb z. Peraj gjat\u00eb t\u00eb shprehurit t\u00eb vet, fjalive t\u00eb t\u00ebra u mungonte kall\u00ebzuesi! Nga ky aspekt nuk e di sa ia vlen q\u00eb njeriu t\u00eb merret me komentimin e asaj q\u00eb nuk ka kall\u00ebzues, por duke e ditur q\u00eb z. Peraj tash sa vite ishte kryeredaktor i Radio Ulqinit \u00e7\u2019\u00ebsht\u00eb e v\u00ebrteta partiake dhe bashk\u00ebpun\u00ebtor i jasht\u00ebm i Koh\u00ebs javore mendoj q\u00eb ka ardhur koha t\u2019i b\u00ebj\u00eb nj\u00eb bilanc pun\u00ebs s\u00eb vet dhe t\u00eb shikoj\u00eb p\u00ebrse ndodh\u00eb q\u00eb n\u00eb opinionet e tija askush t\u00eb mos reflektoj\u00eb. Pra me fjal\u00eb t\u00eb tjera nuk prodhoi asnj\u00eb reagim! A thua kjo do t\u00eb thot\u00eb q\u00eb z. Peraj injorohet nga lexuesit dhe se ai nuk di t\u00eb komunikoj\u00eb me lexuesin?!<br \/>\nZ. Peraj, \u201cnj\u00eb fat t\u00eb till\u00eb\u201d nuk e ka pasur asnj\u00eb gazetar deri sot. Kemi p\u00ebrshtypjen q\u00eb ju nuk dini t\u2019i shprehni opinionet tuaja ashtu si\u00e7 i mendoni te lexuesi ose ata u kuptojn\u00eb n\u00eb forma t\u00eb ndryshme. Duke qen\u00eb nj\u00eb mik i juaji marr guximin tu them i pari n\u00eb m\u00ebnyr\u00eb publike q\u00eb kjo \u00ebsht\u00eb m\u00eb shum\u00eb se \u00e7\u00ebshtje p\u00ebr ju si dhe p\u00ebr \u201cmendimin kritizer\u201d tuajin. N\u00eb shqipen nuk ka \u201cmendim kritizer\u201d, por ka mendim kritik! Ju ndoshta edhe kur flisni shqip jeni t\u00eb ndikuar nga serbishtja?! Tjet\u00ebr sa p\u00ebr stilin, etik\u00ebn dhe estetik\u00ebn ju pyesim q\u00eb a jeni t\u00eb vet\u00ebdijsh\u00ebm q\u00eb \u00e7do koment, pra edhe shkrimi juaj q\u00eb pretendon t\u00eb jet\u00eb koment duhet t\u00eb ve n\u00eb spikam\u00eb di\u00e7ka e cila duhet detyrimisht t\u00eb p\u00ebrmbaj\u00eb hyrjen, shtjellimin dhe poent\u00ebn ose, kok\u00ebn, trupin dhe porosin\u00eb, n\u00eb t\u00eb cil\u00ebn vjen n\u00eb shprehje gjykimi i juaj, e ne n\u00eb shkrimin tuaj k\u00ebto elemente nuk i has\u00ebm. Ju kujtoj q\u00eb teoriku Rexhep Qosja duke folur p\u00ebr komentin thot\u00eb se ai duhet t\u00eb jet\u00eb si nj\u00eb biografi e shkruar qart\u00eb.<br \/>\nNga grumbulli i fjalive t\u00eb b\u00ebra pal\u00eb pa nj\u00eb lidhje logjike e funksionale po shk\u00ebpusim disa sosh n\u00eb t\u00eb cilat njeriu edhe mund t\u00eb kuptoj\u00eb di\u00e7ka: \u201cMe p\u00ebrvoj\u00ebn e krijuar me t\u00eb cil\u00ebn k\u00ebrkohet kapja e nj\u00eb pozite pa pyetur fare vetvet\u00ebn (duhet vetveten) se me \u00e7far\u00eb vlerash konkurojn\u00eb (duhet konkurrojn\u00eb) dhe sa kan\u00eb dh\u00ebn\u00eb p\u00ebr shoq\u00ebrin\u00eb tashm\u00eb t\u00eb lodhur nga pazaret e b\u00ebra. K\u00ebto pazare t\u00eb b\u00ebra tregojn\u00eb se sa posht\u00eb ka r\u00ebn\u00eb katundi duke b\u00ebr\u00eb t\u00eb pap\u00ebrfillsh\u00ebm prezenc\u00ebn e tyre n\u00eb sken\u00ebn politike.\u201d<br \/>\nN\u00ebse ju kemi kuptuar drejt po themi q\u00eb ju jeni nj\u00eb njeri me mendje \u00e7atalle q\u00eb d\u00ebshiron t\u00eb krijoj\u00eb ekses por q\u00eb s\u2019ia arrin, e p\u00ebr k\u00ebt\u00eb p\u00ebrs\u00ebri ju themi q\u00eb duhet t\u00eb shqet\u00ebsoheni si gazetar. Nd\u00ebrsa p\u00ebr at\u00eb se kush \u201cka p\u00ebrvoj\u00eb\u201d sa \u201cka dh\u00ebn\u00eb p\u00ebr shoq\u00ebrin\u00eb\u201d me siguri q\u00eb askush nuk mund t\u00eb matet me ju, pra as \u201cai burri me xhaket\u00eb\u201d p\u00ebr t\u00eb cilin mbeteni i paqart\u00eb se me \u00e7far\u00eb kuptimi e keni p\u00ebrdor\u00eb.?! Ju kujtojm\u00eb q\u00eb me shqipen e katundit rreth fjal\u00ebs burr\u00eb \u201cme\u201d apo \u201cpa\u201d xhaket\u00eb bashkohen t\u00eb gjitha atributet e mira t\u00eb mashkullit. \u201cXhaketa\u201d i dashur burrit i mbulonte arm\u00ebn edhe n\u00eb stin\u00ebn e ver\u00ebs \u00e7ka tregon q\u00eb ju edhe pse qaheni p\u00ebr katund ka gjasa q\u00eb m\u00eb tep\u00ebr t\u00eb jeni nj\u00eb snob i katundit! (k\u00ebshtu quheshin n\u00eb Angli fshatar\u00ebt q\u00eb zbrisnin n\u00eb qytet dhe imitonin qytetar\u00ebt vendas).<br \/>\nSa p\u00ebr fajin e Ademit kur konstatoni \u201cse k\u00ebta do ta ken\u00eb t\u00eb v\u00ebshtir\u00eb t\u00eb rimarrin vet\u00ebn (duhet veten), gj\u00eb q\u00eb nuk mund t\u00eb krahasohen me profetin Adem Ai \u201ckur rr\u00ebshqiti e rimori veten shpejt, me nj\u00eb t\u00eb hedhur n\u00eb saje t\u00eb mohimit t\u00eb fajit dhe pendes\u00ebs\u201d. Djalli u ngrit ta mbroj\u00eb veten pavar\u00ebsisht nga faji i madh q\u00eb kish b\u00ebr\u00eb, pra ra n\u00eb nj\u00eb disfat\u00eb t\u00eb amshuar. K\u00ebto nuk pendohen\u201d.<br \/>\nThemi t\u00eb v\u00ebrtet\u00ebn q\u00eb nj\u00eb komentim t\u00eb k\u00ebtill\u00eb t\u00eb r\u00ebnies dhe \u00e7uarjes s\u00eb Ademit (Adamit) nuk e kemi d\u00ebgjuar as takuar as n\u00eb Ungjij e as n\u00eb Kuran. Po ndoshta ka mund\u00ebsi t\u00eb jeni t\u00eb indoktrinuar nga m\u00ebsimet e sektit t\u00eb \u00e7ifut\u00ebve t\u00eb d\u00ebshmitar\u00ebve t\u00eb Jehoves\u00eb t\u00eb cil\u00ebt koh\u00ebve t\u00eb fundit kan\u00eb arritur t\u00eb propagandojn\u00eb m\u00ebsimet e veta qoft\u00eb n\u00eb rrethin\u00eb t\u00eb Ulqinit qoft\u00eb n\u00eb Mal\u00ebsi. Sinqerisht ju k\u00ebshillojm\u00eb t\u00eb keni kujdes \u00e7far\u00eb lexoni se shkrimet tuaja t\u00eb fundit l\u00ebn\u00eb p\u00ebr t\u00eb d\u00ebshiruar. Ju flisni p\u00ebr\u00e7art\u00eb dhe mendoni p\u00ebr\u00e7art\u00eb. Hiquni asaj sekte se si alternativ\u00eb nuk ka perspektiv\u00eb!<br \/>\nJu kujtoj q\u00eb Ademi u largua nga Parajsa sepse vuante nga kompleksi i vdekshm\u00ebris\u00eb n\u00eb krahasim me banor\u00ebt e tjer\u00eb t\u00eb Xhenetit dhe u mashtrua nga Shejtani i cili e m\u00ebsonte q\u00eb ta shijoj\u00eb moll\u00ebn e ndaluar nga Zoti sepse n\u00eb te fshihej p\u00ebrjet\u00ebsia. Mir\u00ebpo pas shijimit filloi procesi i jasht\u00ebqitjes s\u00eb saj p\u00ebr her\u00eb t\u00eb par\u00eb n\u00eb trupin e Ademit u zbuluan vendet e turpshme dhe pastaj me k\u00ebt\u00eb Ademi krijoi katastrof\u00ebn ekologjike n\u00eb Parajs\u00eb andaj Zoti e diferencoi nga banor\u00ebt e tjer\u00eb t\u00eb Xhenetit, Melek\u00ebt.<br \/>\nP\u00ebr t\u00eb mos r\u00ebn\u00eb n\u00eb blasfemi cekim q\u00eb ngjash\u00ebm me k\u00ebt\u00eb diferencim hyjnor pas viteve \u201981 edhe k\u00ebtu te ne pati njer\u00ebz t\u00eb cil\u00ebt d\u00ebshiruan t\u00eb kafshonin moll\u00ebn e ndaluar p\u00ebr t\u00eb p\u00ebrjetuar p\u00ebrjet\u00ebsin\u00eb shqiptare. Dhe at\u00ebher\u00eb i dashur Shaban \u201cbiri i Ademit\u201d mos harroni q\u00eb edhe ju k\u00ebtu posht\u00eb n\u00eb tok\u00eb p\u00ebrkrah\u00ebt diferencimet politike antishqiptare dhe ishit n\u00eb krahun e atyre q\u00eb familjarisht ndihmuat diferencuesit sepse u pengonte katastrofa ekologjike shqiptare. Kujdes patriotizmi nuk fillon n\u00eb vitin 2009. \u201cP\u00ebrvoja e arritur\u201d si\u00e7 thoni ju \u201ckontributi p\u00ebr shoq\u00ebri\u201d nuk ju lejojn\u00eb q\u00eb t\u00eb thirreni n\u00eb at\u00eb kur shpreheni: \u201cMeq\u00eb ata mendojn\u00eb t\u00eb braktisin vij\u00ebn komb\u00ebtare&#8230; (m\u00eb posht\u00eb fjalia s\u2019ka logjik\u00eb)! Kujtojm\u00eb vargjet poetike q\u00eb i shkojn\u00eb karakterit tuaj: \u201cDhe Feridi faqe nd\u00ebrron, dje shante, sot livdon\u201d!<br \/>\nSa p\u00ebr parashikimet tuaja se ato q\u00eb do t\u00eb vihen n\u00eb krye t\u00eb Organizat\u00ebs Turistike duke u konvertuar \u201cn\u00eb prehrin e rehatis\u00eb dhe se do t\u00eb vij\u00eb nj\u00eb dit\u00eb q\u00eb t\u00eb bien aq posht\u00eb sa t\u00eb presin nga t\u00eb tjer\u00ebt edhe nevojat e p\u00ebrditshme\u201d cekim q\u00eb ka m\u00ebsime fetare q\u00eb thon\u00eb se edhe \u201cKijameti\u201d nuk \u00ebsht\u00eb ashtu si\u00e7 p\u00ebrshkruhet, pra edhe ju si ish kryeredaktor partiak pas \u201cKijametit t\u00eb partis\u00eb\u201d nuk humb\u00ebt privilegjet tuaja dhe nevojat e p\u00ebrditshme p\u00ebrs\u00ebri dikush iu p\u00ebrmbush\u00eb. Mir\u00ebpo n\u00ebse nuk keni nevoja t\u00eb p\u00ebrditshme nga ato q\u00eb ju p\u00ebrmbushin do t\u00eb ishte mir\u00eb t\u00eb \u00e7oni dor\u00eb nga \u201cpuna\u201d si\u00e7 thoni \u201cn\u00eb sofr\u00ebn e madhe\u201d ku jeni ulur k\u00ebmb\u00ebkryq me ne. Por edhe pun\u00ebn e sh\u00ebnojm\u00eb n\u00eb thonj\u00ebza, sepse nuk keni punuar kurr\u00eb, t\u00eb pakt\u00ebn jo n\u00eb gazetari.<br \/>\n<strong><br \/>\nMuhamet Nika<br \/>\nKoha Javore<\/strong><\/p>\n","protected":false},"excerpt":{"rendered":"<p>Nuk e di sa ia vlen q\u00eb njeriu t\u00eb merret me komentimin e asaj q\u00eb nuk ka kall\u00ebzues, por duke e ditur q\u00eb z. Peraj tash sa vite ishte kryeredaktor i Radio Ulqinit, \u00e7\u2019\u00ebsht\u00eb e v\u00ebrteta partiake dhe bashk\u00ebpun\u00ebtor i jasht\u00ebm i Koh\u00ebs javore, mendoj q\u00eb ka ardhur koha q\u00eb t\u2019i b\u00ebj nj\u00eb bilanc pun\u00ebs [&hellip;]<\/p>\n","protected":false},"author":1,"featured_media":0,"comment_status":"open","ping_status":"closed","sticky":false,"template":"","format":"standard","meta":{"spay_email":"","jetpack_publicize_message":"","jetpack_is_tweetstorm":false,"jetpack_publicize_feature_enabled":true},"categories":[11],"tags":[944,3180],"jetpack_publicize_connections":[],"yoast_head":"<!-- This site is optimized with the Yoast SEO plugin v19.1 - https:\/\/yoast.com\/wordpress\/plugins\/seo\/ -->\n<title>REAGIM - Sa posht\u00eb paska r\u00ebn\u00eb Shabani - Lajme nga Ulqini<\/title>\n<meta name=\"description\" content=\"Nuk e di sa ia vlen q\u00eb njeriu t\u00eb merret me komentimin e asaj q\u00eb nuk ka kall\u00ebzues, por duke e ditur q\u00eb z. Peraj tash sa vite ishte kryeredaktor i Radio\" \/>\n<meta name=\"robots\" content=\"index, follow, max-snippet:-1, max-image-preview:large, max-video-preview:-1\" \/>\n<link rel=\"canonical\" href=\"https:\/\/www.visit-ulcinj.com\/blog\/2009\/11\/12\/reagim-sa-poshte-paska-rene-shabani\/\" \/>\n<meta property=\"og:locale\" content=\"en_US\" \/>\n<meta property=\"og:type\" content=\"article\" \/>\n<meta property=\"og:title\" content=\"REAGIM - Sa posht\u00eb paska r\u00ebn\u00eb Shabani - Lajme nga Ulqini\" \/>\n<meta property=\"og:description\" content=\"Nuk e di sa ia vlen q\u00eb njeriu t\u00eb merret me komentimin e asaj q\u00eb nuk ka kall\u00ebzues, por duke e ditur q\u00eb z. Peraj tash sa vite ishte kryeredaktor i Radio\" \/>\n<meta property=\"og:url\" content=\"https:\/\/www.visit-ulcinj.com\/blog\/2009\/11\/12\/reagim-sa-poshte-paska-rene-shabani\/\" \/>\n<meta property=\"og:site_name\" content=\"Lajme nga Ulqini\" \/>\n<meta property=\"article:published_time\" content=\"2009-11-12T16:20:20+00:00\" \/>\n<meta property=\"og:image\" content=\"http:\/\/www.visit-ulcinj.com\/blog\/wp-content\/uploads\/2009\/11\/Muhamet-Nika.jpg\" \/>\n<meta name=\"twitter:label1\" content=\"Written by\" \/>\n\t<meta name=\"twitter:data1\" content=\"ulqini\" \/>\n\t<meta name=\"twitter:label2\" content=\"Est. reading time\" \/>\n\t<meta name=\"twitter:data2\" content=\"8 minutes\" \/>\n<script type=\"application\/ld+json\" class=\"yoast-schema-graph\">{\"@context\":\"https:\/\/schema.org\",\"@graph\":[{\"@type\":\"WebSite\",\"@id\":\"https:\/\/www.visit-ulcinj.com\/blog\/#website\",\"url\":\"https:\/\/www.visit-ulcinj.com\/blog\/\",\"name\":\"Lajme nga Ulqini\",\"description\":\"Lajme,Vijesti,Ulqini,Ulqin,Crna Gora,Mali i Zi\",\"potentialAction\":[{\"@type\":\"SearchAction\",\"target\":{\"@type\":\"EntryPoint\",\"urlTemplate\":\"https:\/\/www.visit-ulcinj.com\/blog\/?s={search_term_string}\"},\"query-input\":\"required name=search_term_string\"}],\"inLanguage\":\"en-US\"},{\"@type\":\"ImageObject\",\"inLanguage\":\"en-US\",\"@id\":\"https:\/\/www.visit-ulcinj.com\/blog\/2009\/11\/12\/reagim-sa-poshte-paska-rene-shabani\/#primaryimage\",\"url\":\"https:\/\/www.visit-ulcinj.com\/blog\/wp-content\/uploads\/2009\/11\/Muhamet-Nika.jpg\",\"contentUrl\":\"https:\/\/www.visit-ulcinj.com\/blog\/wp-content\/uploads\/2009\/11\/Muhamet-Nika.jpg\",\"width\":\"527\",\"height\":\"415\"},{\"@type\":\"WebPage\",\"@id\":\"https:\/\/www.visit-ulcinj.com\/blog\/2009\/11\/12\/reagim-sa-poshte-paska-rene-shabani\/#webpage\",\"url\":\"https:\/\/www.visit-ulcinj.com\/blog\/2009\/11\/12\/reagim-sa-poshte-paska-rene-shabani\/\",\"name\":\"REAGIM - Sa posht\u00eb paska r\u00ebn\u00eb Shabani - Lajme nga Ulqini\",\"isPartOf\":{\"@id\":\"https:\/\/www.visit-ulcinj.com\/blog\/#website\"},\"primaryImageOfPage\":{\"@id\":\"https:\/\/www.visit-ulcinj.com\/blog\/2009\/11\/12\/reagim-sa-poshte-paska-rene-shabani\/#primaryimage\"},\"datePublished\":\"2009-11-12T16:20:20+00:00\",\"dateModified\":\"2009-11-12T16:20:20+00:00\",\"author\":{\"@id\":\"https:\/\/www.visit-ulcinj.com\/blog\/#\/schema\/person\/dcab619c614d3038751c63bc2aadc06d\"},\"description\":\"Nuk e di sa ia vlen q\u00eb njeriu t\u00eb merret me komentimin e asaj q\u00eb nuk ka kall\u00ebzues, por duke e ditur q\u00eb z. Peraj tash sa vite ishte kryeredaktor i Radio\",\"breadcrumb\":{\"@id\":\"https:\/\/www.visit-ulcinj.com\/blog\/2009\/11\/12\/reagim-sa-poshte-paska-rene-shabani\/#breadcrumb\"},\"inLanguage\":\"en-US\",\"potentialAction\":[{\"@type\":\"ReadAction\",\"target\":[\"https:\/\/www.visit-ulcinj.com\/blog\/2009\/11\/12\/reagim-sa-poshte-paska-rene-shabani\/\"]}]},{\"@type\":\"BreadcrumbList\",\"@id\":\"https:\/\/www.visit-ulcinj.com\/blog\/2009\/11\/12\/reagim-sa-poshte-paska-rene-shabani\/#breadcrumb\",\"itemListElement\":[{\"@type\":\"ListItem\",\"position\":1,\"name\":\"REAGIM &#8211; Sa posht\u00eb paska r\u00ebn\u00eb Shabani\"}]},{\"@type\":\"Person\",\"@id\":\"https:\/\/www.visit-ulcinj.com\/blog\/#\/schema\/person\/dcab619c614d3038751c63bc2aadc06d\",\"name\":\"ulqini\",\"sameAs\":[\"http:\/\/www.visit-ulcinj.com\"],\"url\":\"https:\/\/www.visit-ulcinj.com\/blog\/author\/admin\/\"}]}<\/script>\n<!-- \/ Yoast SEO plugin. -->","yoast_head_json":{"title":"REAGIM - Sa posht\u00eb paska r\u00ebn\u00eb Shabani - Lajme nga Ulqini","description":"Nuk e di sa ia vlen q\u00eb njeriu t\u00eb merret me komentimin e asaj q\u00eb nuk ka kall\u00ebzues, por duke e ditur q\u00eb z. Peraj tash sa vite ishte kryeredaktor i Radio","robots":{"index":"index","follow":"follow","max-snippet":"max-snippet:-1","max-image-preview":"max-image-preview:large","max-video-preview":"max-video-preview:-1"},"canonical":"https:\/\/www.visit-ulcinj.com\/blog\/2009\/11\/12\/reagim-sa-poshte-paska-rene-shabani\/","og_locale":"en_US","og_type":"article","og_title":"REAGIM - Sa posht\u00eb paska r\u00ebn\u00eb Shabani - Lajme nga Ulqini","og_description":"Nuk e di sa ia vlen q\u00eb njeriu t\u00eb merret me komentimin e asaj q\u00eb nuk ka kall\u00ebzues, por duke e ditur q\u00eb z. Peraj tash sa vite ishte kryeredaktor i Radio","og_url":"https:\/\/www.visit-ulcinj.com\/blog\/2009\/11\/12\/reagim-sa-poshte-paska-rene-shabani\/","og_site_name":"Lajme nga Ulqini","article_published_time":"2009-11-12T16:20:20+00:00","og_image":[{"url":"http:\/\/www.visit-ulcinj.com\/blog\/wp-content\/uploads\/2009\/11\/Muhamet-Nika.jpg"}],"twitter_misc":{"Written by":"ulqini","Est. reading time":"8 minutes"},"schema":{"@context":"https:\/\/schema.org","@graph":[{"@type":"WebSite","@id":"https:\/\/www.visit-ulcinj.com\/blog\/#website","url":"https:\/\/www.visit-ulcinj.com\/blog\/","name":"Lajme nga Ulqini","description":"Lajme,Vijesti,Ulqini,Ulqin,Crna Gora,Mali i Zi","potentialAction":[{"@type":"SearchAction","target":{"@type":"EntryPoint","urlTemplate":"https:\/\/www.visit-ulcinj.com\/blog\/?s={search_term_string}"},"query-input":"required name=search_term_string"}],"inLanguage":"en-US"},{"@type":"ImageObject","inLanguage":"en-US","@id":"https:\/\/www.visit-ulcinj.com\/blog\/2009\/11\/12\/reagim-sa-poshte-paska-rene-shabani\/#primaryimage","url":"https:\/\/www.visit-ulcinj.com\/blog\/wp-content\/uploads\/2009\/11\/Muhamet-Nika.jpg","contentUrl":"https:\/\/www.visit-ulcinj.com\/blog\/wp-content\/uploads\/2009\/11\/Muhamet-Nika.jpg","width":"527","height":"415"},{"@type":"WebPage","@id":"https:\/\/www.visit-ulcinj.com\/blog\/2009\/11\/12\/reagim-sa-poshte-paska-rene-shabani\/#webpage","url":"https:\/\/www.visit-ulcinj.com\/blog\/2009\/11\/12\/reagim-sa-poshte-paska-rene-shabani\/","name":"REAGIM - Sa posht\u00eb paska r\u00ebn\u00eb Shabani - Lajme nga Ulqini","isPartOf":{"@id":"https:\/\/www.visit-ulcinj.com\/blog\/#website"},"primaryImageOfPage":{"@id":"https:\/\/www.visit-ulcinj.com\/blog\/2009\/11\/12\/reagim-sa-poshte-paska-rene-shabani\/#primaryimage"},"datePublished":"2009-11-12T16:20:20+00:00","dateModified":"2009-11-12T16:20:20+00:00","author":{"@id":"https:\/\/www.visit-ulcinj.com\/blog\/#\/schema\/person\/dcab619c614d3038751c63bc2aadc06d"},"description":"Nuk e di sa ia vlen q\u00eb njeriu t\u00eb merret me komentimin e asaj q\u00eb nuk ka kall\u00ebzues, por duke e ditur q\u00eb z. Peraj tash sa vite ishte kryeredaktor i Radio","breadcrumb":{"@id":"https:\/\/www.visit-ulcinj.com\/blog\/2009\/11\/12\/reagim-sa-poshte-paska-rene-shabani\/#breadcrumb"},"inLanguage":"en-US","potentialAction":[{"@type":"ReadAction","target":["https:\/\/www.visit-ulcinj.com\/blog\/2009\/11\/12\/reagim-sa-poshte-paska-rene-shabani\/"]}]},{"@type":"BreadcrumbList","@id":"https:\/\/www.visit-ulcinj.com\/blog\/2009\/11\/12\/reagim-sa-poshte-paska-rene-shabani\/#breadcrumb","itemListElement":[{"@type":"ListItem","position":1,"name":"REAGIM &#8211; Sa posht\u00eb paska r\u00ebn\u00eb Shabani"}]},{"@type":"Person","@id":"https:\/\/www.visit-ulcinj.com\/blog\/#\/schema\/person\/dcab619c614d3038751c63bc2aadc06d","name":"ulqini","sameAs":["http:\/\/www.visit-ulcinj.com"],"url":"https:\/\/www.visit-ulcinj.com\/blog\/author\/admin\/"}]}},"jetpack_featured_media_url":"","jetpack_sharing_enabled":true,"jetpack_shortlink":"https:\/\/wp.me\/pe6lTn-71P","_links":{"self":[{"href":"https:\/\/www.visit-ulcinj.com\/blog\/wp-json\/wp\/v2\/posts\/27021"}],"collection":[{"href":"https:\/\/www.visit-ulcinj.com\/blog\/wp-json\/wp\/v2\/posts"}],"about":[{"href":"https:\/\/www.visit-ulcinj.com\/blog\/wp-json\/wp\/v2\/types\/post"}],"author":[{"embeddable":true,"href":"https:\/\/www.visit-ulcinj.com\/blog\/wp-json\/wp\/v2\/users\/1"}],"replies":[{"embeddable":true,"href":"https:\/\/www.visit-ulcinj.com\/blog\/wp-json\/wp\/v2\/comments?post=27021"}],"version-history":[{"count":0,"href":"https:\/\/www.visit-ulcinj.com\/blog\/wp-json\/wp\/v2\/posts\/27021\/revisions"}],"wp:attachment":[{"href":"https:\/\/www.visit-ulcinj.com\/blog\/wp-json\/wp\/v2\/media?parent=27021"}],"wp:term":[{"taxonomy":"category","embeddable":true,"href":"https:\/\/www.visit-ulcinj.com\/blog\/wp-json\/wp\/v2\/categories?post=27021"},{"taxonomy":"post_tag","embeddable":true,"href":"https:\/\/www.visit-ulcinj.com\/blog\/wp-json\/wp\/v2\/tags?post=27021"}],"curies":[{"name":"wp","href":"https:\/\/api.w.org\/{rel}","templated":true}]}}