{"id":27025,"date":"2009-11-12T18:46:35","date_gmt":"2009-11-12T16:46:35","guid":{"rendered":"http:\/\/www.visit-ulcinj.com\/blog\/?p=27025"},"modified":"2009-11-12T18:46:35","modified_gmt":"2009-11-12T16:46:35","slug":"reagim-brockullat-e-z-nika","status":"publish","type":"post","link":"https:\/\/www.visit-ulcinj.com\/blog\/2009\/11\/12\/reagim-brockullat-e-z-nika\/","title":{"rendered":"REAGIM-Bro\u00e7kullat e z. Nika"},"content":{"rendered":"<p><a href=\"http:\/\/www.visit-ulcinj.com\/blog\/wp-content\/uploads\/2009\/11\/Shaban-Peraj-1.jpg\"><img loading=\"lazy\" class=\"alignleft size-full wp-image-27026\" title=\"Shaban Peraj-1\" src=\"http:\/\/www.visit-ulcinj.com\/blog\/wp-content\/uploads\/2009\/11\/Shaban-Peraj-1.jpg\" alt=\"Shaban Peraj-1\" width=\"415\" height=\"359\" srcset=\"https:\/\/www.visit-ulcinj.com\/blog\/wp-content\/uploads\/2009\/11\/Shaban-Peraj-1.jpg 454w, https:\/\/www.visit-ulcinj.com\/blog\/wp-content\/uploads\/2009\/11\/Shaban-Peraj-1-300x259.jpg 300w\" sizes=\"(max-width: 415px) 100vw, 415px\" \/><\/a>Mbase nuk m\u00eb takon mua t\u00eb merrem \u201cme bro\u00e7kullat\u201d e z. Nika, se \u00ebsht\u00eb gjall\u00eb vet\u00eb z. Sh. Peraj, por e ndjej t\u00eb nevojshme t\u00eb mbroj \u201ckuror\u00ebn hyjnore t\u00eb familjes\u201d, ndaj jam e detyruar t\u00eb reagoj ndaj \u201cbro\u00e7kullave\u201d t\u00eb tij, e duke k\u00ebrkuar ndjes\u00eb n\u00ebse dikush m\u00eb keqkupton p\u00ebr k\u00ebt\u00eb reagim.<br \/>\nDuke lexuar reagimin e z. Nika \u201cSa posht\u00eb..\u201d, mu kujtun fjal\u00ebt e nj\u00eb k\u00ebnge popullore: \u201c\u00c7ke me mua (kuptohet ne) e gje\u00e7\u00eb belan\u00eb\u201d. Nga vet\u00eb titulli m\u00eb l\u00eb t\u00eb kuptoj se z. Nika nuk jetuaka n\u00eb realitetin ku jeton z. Peraj dhe at\u00eb \u201cr\u00ebnie\u201d t\u00eb z. Peraj e shikuaka nga \u201clart\u00ebsit\u00eb\u201d dhe n\u00eb koh\u00eb t\u00eb shkuar se \u201cmendjemadh\u00ebsia\u201d e tij e b\u00ebka q\u00eb njer\u00ebzit t\u2019i duken \u201ct\u00eb vegj\u00ebl\u201d dhe larg vetes s\u00eb tij. Si duket z. Nika i takon t\u00eb shkuar\u00ebs dhe nuk mund ta p\u00ebrceptoj\u00eb t\u00eb tashmen, i duket vetja \u201csi profet i ardhur nga qielli\u201d. Un\u00eb do t\u2019i thoja atij, mbase v\u00ebrtet\u00eb, kur shikon nga lart-posht\u00eb njer\u00ebzit t\u00eb duken \u201ct\u00eb vegj\u00ebl\u201d por po t\u2019i pyet\u00ebsh ata se si ju dukesh ti lart, me siguri n\u00eb t\u00eb nj\u00ebjt\u00ebn form\u00eb, mbase \u201cedhe m\u00eb i vog\u00ebl\u201d.<br \/>\nS\u00eb paku, ata q\u00eb jan\u00eb n\u00eb tok\u00eb mbahen me \u201ck\u00ebmb\u00eb t\u00eb veta, po ti more i zi\u201d me se do t\u00eb mbahesh, kur t\u00eb nisesh \u201cn\u00eb thyeqaf\u00eb\u201d? Q\u00eb nga \u201ck\u00ebshillat \u201c e para, kur nis t\u00eb marr\u00ebsh rolin e \u201cprofetit\u201d, v\u00ebrehet djall\u00ebzia jote ndaj nj\u00eb gazetari,\u201dmiku\u201d dhe bashk\u00ebpun\u00ebtori, edh epse mundohesh q\u00eb at\u00eb \u201ck\u00ebshill\u00eb\u201d ta quash \u201csinqeritet\u201d.<br \/>\nUn\u00eb si lexuese e thjesht\u00eb mbase nuk e kuptoj kodin gazetaresk, por s\u2019paku nga brendia e rreshtave kuptoj se aty nuk ka sinqeritet, por djall\u00ebzi, sepse t\u2019i thuash tjetrit ta l\u00eb gazetarin\u00eb p\u00ebr \u201chuqet\u201d tua, k\u00ebsaj nuk i thon\u00eb \u201cpolemik\u00eb miq\u00ebsore\u201d po \u201ckapri\u00e7\u201d apo \u201cinat\u201d, s\u2019di si t\u00eb p\u00eblqen ty. Z. Nika, kur flet p\u00ebr vlerat e gazetarit p\u00ebrmend \u201cnd\u00ebrgjegj\u00ebn shoq\u00ebrore\u201d dhe \u201cakordet e zemr\u00ebs\u201d duke harruar se k\u00ebto dy vlera njer\u00ebzore, ty ka koh\u00eb q\u00eb t\u00eb mungojn\u00eb, se po t\u2019i kishe pasur, reagimi yt nuk do t\u00eb kishte dalur me titull \u201cSa posh\u00eb&#8230;\u201d, andaj k\u00ebrkon q\u00eb z. Peraj ta ul\u00ebsh \u201cn\u00eb kolltukun\u201d e gabimeve tua, pa i thirrur mendjes (n\u00ebse t\u00eb ka mbetur) se veprimi yt \u00ebsht\u00eb i pamatur dhe shkon n\u00eb d\u00ebm t\u00ebndin, e k\u00ebsaj i thon\u00eb \u201cban ish pa pas\u00eb pula\u201d.<br \/>\nZ. Nika, k\u00ebto \u201c vlera\u201d tua dhe t\u00eb shok\u00ebve tu, na kan\u00eb sjell\u00eb k\u00ebtu ku jemi dhe n\u00eb vend q\u00eb t\u00eb merremi me probleme m\u00eb madhore, ne duhet t\u00eb merremi me nj\u00ebri-tjetrin, e k\u00ebsaj edhe ti e di si i thon\u00eb \u201cS\u2019ke \u00e7i ban kalit, e i m\u00ebshon samarit\u201d. Ti nuk harron t\u00eb merresh edhe \u201cme logjiken e fjal\u00ebve\u201d t\u00eb z. Peraj, duke e quajtur \u201cmendje \u00e7atall\u00eb\u201d , duku u mburrur nga ana tjet\u00ebr me \u201cburr\u00ebrin\u00eb e burrit me xhaket\u00eb\u201d e cila \u201cxhaket\u00eb\u201d sipas teje \u201ce mbuluaka arm\u00ebn n\u00eb koh\u00eb t\u00eb ver\u00ebs\u201d. At\u00ebher\u00eb un\u00eb do t\u00eb p\u00ebrgjigjesha, se \u201carm\u00eb\u201d n\u00eb shekullin nj\u00ebzet\u00eb e nj\u00eb, \u00ebsht\u00eb truri, o zot\u00ebri, e jo arma q\u00eb p\u00ebrmend ti, ajo i takon s\u00eb shkuar\u00ebs ( m\u00eb mir\u00eb t\u00eb them mesjet\u00ebs q\u00eb i takon ti), kur v\u00ebllai vriste v\u00ebllain, andaj, \u201cai q\u00eb ka trim\u00ebrin\u00eb n\u00eb tehun e shpat\u00ebs i qelb\u00ebsojn\u00eb gjurm\u00ebt\u201d- thot\u00eb nj\u00eb poet.<br \/>\nZ. Nika, gjithashtu nuk harroni t\u00eb akuzoj\u00eb z. Peraj se nuk e njohka \u201cbot\u00ebn e profet\u00ebnve\u201d se \u201c\u00ebsht\u00eb futur n\u00eb propagand\u00ebn e m\u00ebsimeve t\u00eb Jahovait\u201d dhe \u201cshkrimet e tij l\u00ebkan p\u00ebr t\u00eb d\u00ebshiruar\u201d, at\u00ebher\u00eb, un\u00eb z. Nika do ju pyesja: n\u00eb cilat nga librat fetare q\u00eb \u201cke lexuar ti\u201d , mbillet urrejtja v\u00ebllaz\u00ebrore? (kupto fetare e komb\u00ebtare). Mua m\u00eb duket se \u201cnga leximi i tep\u00ebrt\u201d i k\u00ebtyre librave, t\u00eb \u201ckan\u00eb r\u00ebn\u00eb trut\u00eb n\u00eb qaf\u00eb\u201d e nuk di t\u00eb dallosh as profet, as njeri.Kur them se \u201ct\u00eb kan\u00eb r\u00ebn\u00eb trut\u00eb n\u00eb qaf\u00eb\u201d , dua t\u00eb rikujtoj se edhe \u201cgjat\u00eb diferecimeve politike\u201d q\u00eb p\u00ebrmend ti, familja e z. Peraj nuk ka qen\u00eb prezente k\u00ebtu, po atje ku \u00ebsht\u00eb treguar me shok\u00ebt e miqt\u00eb e tij (k\u00ebt\u00eb mund ta v\u00ebrtetosh me dokument) se me sa po v\u00ebrej un\u00eb, ti je i prir\u00eb \u201c t\u00eb fut\u00ebsh hund\u00ebt aty ku nuk t\u00eb takon, andaj po t\u00eb them se vargu i Nolit ( i zgjedhur n\u00eb k\u00ebt\u00eb kontekst) kam frik\u00eb se \u201cqelbet\u201d n\u00eb goj\u00ebn t\u00ebnde, se t\u00eb akuzosh t\u00eb tjer\u00ebt \u201csi trathtar\u00eb\u201d, kur vet ke r\u00ebn\u00eb \u201cn\u00eb llumin e trath\u00ebtis\u00eb\u201d nuk \u00ebsht\u00eb morale e as njer\u00ebzore.<br \/>\nZ. Nika, nuk harron q\u00eb z. Peraj t\u2019i p\u00ebrmend\u00ebsh \u201ckijametin partiak\u201d, shkaktar i t\u00eb cilit je ti, andaj \u201cpuna\u201d q\u00eb ti e fut n\u00eb thonj\u00ebza e ka treguar se ku je ti e ku \u00ebsht\u00eb z. Peraj, andaj nuk ke nevoj\u00eb ta lodh\u00ebsh veten \u201cme b\u00ebmat e t\u00eb tjer\u00ebve\u201d kur ke \u201cb\u00ebmat tua madh\u00ebshtore\u201d.<br \/>\nN\u00eb fund t\u00eb lutem si koleg t\u00eb mos merresh m\u00eb me familjen e z. Peraj, por t\u2019i th\u00ebrras\u00ebsh arsyes e nd\u00ebrgjegj\u00ebs dhe mos t\u2019i shikosh t\u00eb tjer\u00ebt nga lart\u00ebsia se \u201csa m\u00eb lart q\u00eb shkon, do t\u00eb p\u00ebrplas\u00ebsh m\u00eb tep\u00ebr\u201d se gjithmon\u00eb \u201cmendjemadh\u00ebsia \u00ebsht\u00eb e zeza e t\u2019zot\u201d- thot\u00eb populli.<\/p>\n<p><strong>Nepe Peraj<br \/>\nKoha Javore<\/strong><\/p>\n","protected":false},"excerpt":{"rendered":"<p>Mbase nuk m\u00eb takon mua t\u00eb merrem \u201cme bro\u00e7kullat\u201d e z. Nika, se \u00ebsht\u00eb gjall\u00eb vet\u00eb z. Sh. Peraj, por e ndjej t\u00eb nevojshme t\u00eb mbroj \u201ckuror\u00ebn hyjnore t\u00eb familjes\u201d, ndaj jam e detyruar t\u00eb reagoj ndaj \u201cbro\u00e7kullave\u201d t\u00eb tij, e duke k\u00ebrkuar ndjes\u00eb n\u00ebse dikush m\u00eb keqkupton p\u00ebr k\u00ebt\u00eb reagim. Duke lexuar reagimin e [&hellip;]<\/p>\n","protected":false},"author":1,"featured_media":0,"comment_status":"open","ping_status":"closed","sticky":false,"template":"","format":"standard","meta":{"spay_email":"","jetpack_publicize_message":"","jetpack_is_tweetstorm":false,"jetpack_publicize_feature_enabled":true},"categories":[12],"tags":[944,12749,1901,3180],"jetpack_publicize_connections":[],"yoast_head":"<!-- This site is optimized with the Yoast SEO plugin v19.1 - https:\/\/yoast.com\/wordpress\/plugins\/seo\/ -->\n<title>REAGIM-Bro\u00e7kullat e z. Nika - Lajme nga Ulqini<\/title>\n<meta name=\"description\" content=\"Mbase nuk m\u00eb takon mua t\u00eb merrem \u201cme bro\u00e7kullat\u201d e z. Nika, se \u00ebsht\u00eb gjall\u00eb vet\u00eb z. Sh. Peraj, por e ndjej t\u00eb nevojshme t\u00eb mbroj \u201ckuror\u00ebn hyjnore t\u00eb\" \/>\n<meta name=\"robots\" content=\"index, follow, max-snippet:-1, max-image-preview:large, max-video-preview:-1\" \/>\n<link rel=\"canonical\" href=\"https:\/\/www.visit-ulcinj.com\/blog\/2009\/11\/12\/reagim-brockullat-e-z-nika\/\" \/>\n<meta property=\"og:locale\" content=\"en_US\" \/>\n<meta property=\"og:type\" content=\"article\" \/>\n<meta property=\"og:title\" content=\"REAGIM-Bro\u00e7kullat e z. Nika - Lajme nga Ulqini\" \/>\n<meta property=\"og:description\" content=\"Mbase nuk m\u00eb takon mua t\u00eb merrem \u201cme bro\u00e7kullat\u201d e z. Nika, se \u00ebsht\u00eb gjall\u00eb vet\u00eb z. Sh. Peraj, por e ndjej t\u00eb nevojshme t\u00eb mbroj \u201ckuror\u00ebn hyjnore t\u00eb\" \/>\n<meta property=\"og:url\" content=\"https:\/\/www.visit-ulcinj.com\/blog\/2009\/11\/12\/reagim-brockullat-e-z-nika\/\" \/>\n<meta property=\"og:site_name\" content=\"Lajme nga Ulqini\" \/>\n<meta property=\"article:published_time\" content=\"2009-11-12T16:46:35+00:00\" \/>\n<meta property=\"og:image\" content=\"http:\/\/www.visit-ulcinj.com\/blog\/wp-content\/uploads\/2009\/11\/Shaban-Peraj-1.jpg\" \/>\n<meta name=\"twitter:label1\" content=\"Written by\" \/>\n\t<meta name=\"twitter:data1\" content=\"ulqini\" \/>\n\t<meta name=\"twitter:label2\" content=\"Est. reading time\" \/>\n\t<meta name=\"twitter:data2\" content=\"5 minutes\" \/>\n<script type=\"application\/ld+json\" class=\"yoast-schema-graph\">{\"@context\":\"https:\/\/schema.org\",\"@graph\":[{\"@type\":\"WebSite\",\"@id\":\"https:\/\/www.visit-ulcinj.com\/blog\/#website\",\"url\":\"https:\/\/www.visit-ulcinj.com\/blog\/\",\"name\":\"Lajme nga Ulqini\",\"description\":\"Lajme,Vijesti,Ulqini,Ulqin,Crna Gora,Mali i Zi\",\"potentialAction\":[{\"@type\":\"SearchAction\",\"target\":{\"@type\":\"EntryPoint\",\"urlTemplate\":\"https:\/\/www.visit-ulcinj.com\/blog\/?s={search_term_string}\"},\"query-input\":\"required name=search_term_string\"}],\"inLanguage\":\"en-US\"},{\"@type\":\"ImageObject\",\"inLanguage\":\"en-US\",\"@id\":\"https:\/\/www.visit-ulcinj.com\/blog\/2009\/11\/12\/reagim-brockullat-e-z-nika\/#primaryimage\",\"url\":\"https:\/\/www.visit-ulcinj.com\/blog\/wp-content\/uploads\/2009\/11\/Shaban-Peraj-1.jpg\",\"contentUrl\":\"https:\/\/www.visit-ulcinj.com\/blog\/wp-content\/uploads\/2009\/11\/Shaban-Peraj-1.jpg\",\"width\":\"454\",\"height\":\"393\"},{\"@type\":\"WebPage\",\"@id\":\"https:\/\/www.visit-ulcinj.com\/blog\/2009\/11\/12\/reagim-brockullat-e-z-nika\/#webpage\",\"url\":\"https:\/\/www.visit-ulcinj.com\/blog\/2009\/11\/12\/reagim-brockullat-e-z-nika\/\",\"name\":\"REAGIM-Bro\u00e7kullat e z. Nika - Lajme nga Ulqini\",\"isPartOf\":{\"@id\":\"https:\/\/www.visit-ulcinj.com\/blog\/#website\"},\"primaryImageOfPage\":{\"@id\":\"https:\/\/www.visit-ulcinj.com\/blog\/2009\/11\/12\/reagim-brockullat-e-z-nika\/#primaryimage\"},\"datePublished\":\"2009-11-12T16:46:35+00:00\",\"dateModified\":\"2009-11-12T16:46:35+00:00\",\"author\":{\"@id\":\"https:\/\/www.visit-ulcinj.com\/blog\/#\/schema\/person\/dcab619c614d3038751c63bc2aadc06d\"},\"description\":\"Mbase nuk m\u00eb takon mua t\u00eb merrem \u201cme bro\u00e7kullat\u201d e z. Nika, se \u00ebsht\u00eb gjall\u00eb vet\u00eb z. Sh. Peraj, por e ndjej t\u00eb nevojshme t\u00eb mbroj \u201ckuror\u00ebn hyjnore t\u00eb\",\"breadcrumb\":{\"@id\":\"https:\/\/www.visit-ulcinj.com\/blog\/2009\/11\/12\/reagim-brockullat-e-z-nika\/#breadcrumb\"},\"inLanguage\":\"en-US\",\"potentialAction\":[{\"@type\":\"ReadAction\",\"target\":[\"https:\/\/www.visit-ulcinj.com\/blog\/2009\/11\/12\/reagim-brockullat-e-z-nika\/\"]}]},{\"@type\":\"BreadcrumbList\",\"@id\":\"https:\/\/www.visit-ulcinj.com\/blog\/2009\/11\/12\/reagim-brockullat-e-z-nika\/#breadcrumb\",\"itemListElement\":[{\"@type\":\"ListItem\",\"position\":1,\"name\":\"REAGIM-Bro\u00e7kullat e z. Nika\"}]},{\"@type\":\"Person\",\"@id\":\"https:\/\/www.visit-ulcinj.com\/blog\/#\/schema\/person\/dcab619c614d3038751c63bc2aadc06d\",\"name\":\"ulqini\",\"sameAs\":[\"http:\/\/www.visit-ulcinj.com\"],\"url\":\"https:\/\/www.visit-ulcinj.com\/blog\/author\/admin\/\"}]}<\/script>\n<!-- \/ Yoast SEO plugin. -->","yoast_head_json":{"title":"REAGIM-Bro\u00e7kullat e z. Nika - Lajme nga Ulqini","description":"Mbase nuk m\u00eb takon mua t\u00eb merrem \u201cme bro\u00e7kullat\u201d e z. Nika, se \u00ebsht\u00eb gjall\u00eb vet\u00eb z. Sh. Peraj, por e ndjej t\u00eb nevojshme t\u00eb mbroj \u201ckuror\u00ebn hyjnore t\u00eb","robots":{"index":"index","follow":"follow","max-snippet":"max-snippet:-1","max-image-preview":"max-image-preview:large","max-video-preview":"max-video-preview:-1"},"canonical":"https:\/\/www.visit-ulcinj.com\/blog\/2009\/11\/12\/reagim-brockullat-e-z-nika\/","og_locale":"en_US","og_type":"article","og_title":"REAGIM-Bro\u00e7kullat e z. Nika - Lajme nga Ulqini","og_description":"Mbase nuk m\u00eb takon mua t\u00eb merrem \u201cme bro\u00e7kullat\u201d e z. Nika, se \u00ebsht\u00eb gjall\u00eb vet\u00eb z. Sh. Peraj, por e ndjej t\u00eb nevojshme t\u00eb mbroj \u201ckuror\u00ebn hyjnore t\u00eb","og_url":"https:\/\/www.visit-ulcinj.com\/blog\/2009\/11\/12\/reagim-brockullat-e-z-nika\/","og_site_name":"Lajme nga Ulqini","article_published_time":"2009-11-12T16:46:35+00:00","og_image":[{"url":"http:\/\/www.visit-ulcinj.com\/blog\/wp-content\/uploads\/2009\/11\/Shaban-Peraj-1.jpg"}],"twitter_misc":{"Written by":"ulqini","Est. reading time":"5 minutes"},"schema":{"@context":"https:\/\/schema.org","@graph":[{"@type":"WebSite","@id":"https:\/\/www.visit-ulcinj.com\/blog\/#website","url":"https:\/\/www.visit-ulcinj.com\/blog\/","name":"Lajme nga Ulqini","description":"Lajme,Vijesti,Ulqini,Ulqin,Crna Gora,Mali i Zi","potentialAction":[{"@type":"SearchAction","target":{"@type":"EntryPoint","urlTemplate":"https:\/\/www.visit-ulcinj.com\/blog\/?s={search_term_string}"},"query-input":"required name=search_term_string"}],"inLanguage":"en-US"},{"@type":"ImageObject","inLanguage":"en-US","@id":"https:\/\/www.visit-ulcinj.com\/blog\/2009\/11\/12\/reagim-brockullat-e-z-nika\/#primaryimage","url":"https:\/\/www.visit-ulcinj.com\/blog\/wp-content\/uploads\/2009\/11\/Shaban-Peraj-1.jpg","contentUrl":"https:\/\/www.visit-ulcinj.com\/blog\/wp-content\/uploads\/2009\/11\/Shaban-Peraj-1.jpg","width":"454","height":"393"},{"@type":"WebPage","@id":"https:\/\/www.visit-ulcinj.com\/blog\/2009\/11\/12\/reagim-brockullat-e-z-nika\/#webpage","url":"https:\/\/www.visit-ulcinj.com\/blog\/2009\/11\/12\/reagim-brockullat-e-z-nika\/","name":"REAGIM-Bro\u00e7kullat e z. Nika - Lajme nga Ulqini","isPartOf":{"@id":"https:\/\/www.visit-ulcinj.com\/blog\/#website"},"primaryImageOfPage":{"@id":"https:\/\/www.visit-ulcinj.com\/blog\/2009\/11\/12\/reagim-brockullat-e-z-nika\/#primaryimage"},"datePublished":"2009-11-12T16:46:35+00:00","dateModified":"2009-11-12T16:46:35+00:00","author":{"@id":"https:\/\/www.visit-ulcinj.com\/blog\/#\/schema\/person\/dcab619c614d3038751c63bc2aadc06d"},"description":"Mbase nuk m\u00eb takon mua t\u00eb merrem \u201cme bro\u00e7kullat\u201d e z. Nika, se \u00ebsht\u00eb gjall\u00eb vet\u00eb z. Sh. Peraj, por e ndjej t\u00eb nevojshme t\u00eb mbroj \u201ckuror\u00ebn hyjnore t\u00eb","breadcrumb":{"@id":"https:\/\/www.visit-ulcinj.com\/blog\/2009\/11\/12\/reagim-brockullat-e-z-nika\/#breadcrumb"},"inLanguage":"en-US","potentialAction":[{"@type":"ReadAction","target":["https:\/\/www.visit-ulcinj.com\/blog\/2009\/11\/12\/reagim-brockullat-e-z-nika\/"]}]},{"@type":"BreadcrumbList","@id":"https:\/\/www.visit-ulcinj.com\/blog\/2009\/11\/12\/reagim-brockullat-e-z-nika\/#breadcrumb","itemListElement":[{"@type":"ListItem","position":1,"name":"REAGIM-Bro\u00e7kullat e z. Nika"}]},{"@type":"Person","@id":"https:\/\/www.visit-ulcinj.com\/blog\/#\/schema\/person\/dcab619c614d3038751c63bc2aadc06d","name":"ulqini","sameAs":["http:\/\/www.visit-ulcinj.com"],"url":"https:\/\/www.visit-ulcinj.com\/blog\/author\/admin\/"}]}},"jetpack_featured_media_url":"","jetpack_sharing_enabled":true,"jetpack_shortlink":"https:\/\/wp.me\/pe6lTn-71T","_links":{"self":[{"href":"https:\/\/www.visit-ulcinj.com\/blog\/wp-json\/wp\/v2\/posts\/27025"}],"collection":[{"href":"https:\/\/www.visit-ulcinj.com\/blog\/wp-json\/wp\/v2\/posts"}],"about":[{"href":"https:\/\/www.visit-ulcinj.com\/blog\/wp-json\/wp\/v2\/types\/post"}],"author":[{"embeddable":true,"href":"https:\/\/www.visit-ulcinj.com\/blog\/wp-json\/wp\/v2\/users\/1"}],"replies":[{"embeddable":true,"href":"https:\/\/www.visit-ulcinj.com\/blog\/wp-json\/wp\/v2\/comments?post=27025"}],"version-history":[{"count":0,"href":"https:\/\/www.visit-ulcinj.com\/blog\/wp-json\/wp\/v2\/posts\/27025\/revisions"}],"wp:attachment":[{"href":"https:\/\/www.visit-ulcinj.com\/blog\/wp-json\/wp\/v2\/media?parent=27025"}],"wp:term":[{"taxonomy":"category","embeddable":true,"href":"https:\/\/www.visit-ulcinj.com\/blog\/wp-json\/wp\/v2\/categories?post=27025"},{"taxonomy":"post_tag","embeddable":true,"href":"https:\/\/www.visit-ulcinj.com\/blog\/wp-json\/wp\/v2\/tags?post=27025"}],"curies":[{"name":"wp","href":"https:\/\/api.w.org\/{rel}","templated":true}]}}