{"id":27029,"date":"2009-11-12T19:26:19","date_gmt":"2009-11-12T17:26:19","guid":{"rendered":"http:\/\/www.visit-ulcinj.com\/blog\/?p=27029"},"modified":"2009-12-21T21:03:13","modified_gmt":"2009-12-21T19:03:13","slug":"sezoni-turistik-ne-ulqinvleresimet-e-kunderta","status":"publish","type":"post","link":"https:\/\/www.visit-ulcinj.com\/blog\/2009\/11\/12\/sezoni-turistik-ne-ulqinvleresimet-e-kunderta\/","title":{"rendered":"Sezoni turistik n\u00eb Ulqin,vler\u00ebsimet e kund\u00ebrta"},"content":{"rendered":"<p><a href=\"http:\/\/www.visit-ulcinj.com\/blog\/wp-content\/uploads\/2009\/11\/Sezoni-turistik-n\u00eb-Ulqin.jpg\"><img loading=\"lazy\" class=\"alignleft size-full wp-image-27030\" title=\"Sezoni turistik n\u00eb Ulqin\" src=\"http:\/\/www.visit-ulcinj.com\/blog\/wp-content\/uploads\/2009\/11\/Sezoni-turistik-n\u00eb-Ulqin.jpg\" alt=\"Sezoni turistik n\u00eb Ulqin\" width=\"408\" height=\"402\" \/><\/a>N\u00ebse ekzistojn\u00eb mendime dhe vler\u00ebsime t\u00eb ndryshme sa i p\u00ebrket suksesit t\u00eb sezonit turistik t\u00eb kaluar, besoj se t\u00eb gjith\u00eb pajtohen se ai ka qen\u00eb m\u00eb i mir\u00eb se\u00e7 kemi pritur n\u00eb fillim t\u00eb tij p\u00ebr shkak t\u00eb kriz\u00ebs ekonomike. Por edhe n\u00ebse kjo \u00ebsht\u00eb e v\u00ebrtet\u00eb, t\u00eb gjith\u00eb besoj pajtohen se t\u00eb ardhurat dhe efektet financiare kan\u00eb qen\u00eb shum\u00eb m\u00eb t\u00eb vogla.<br \/>\nN\u00eb pyetjen se si ka qen\u00eb sezoni i sivjetsh\u00ebm turistik n\u00eb komun\u00ebn e Ulqinit, do t\u00eb fitoni p\u00ebrgjigje t\u00eb ndryshme. Nga nj\u00ebra an\u00eb, zyrtar\u00ebt e Komun\u00ebs s\u00eb Ulqinit kan\u00eb deklaruar vazhdimisht se ai ka qen\u00eb i ngjash\u00ebm me at\u00eb t\u00eb vitit t\u00eb kaluar, por mbase n\u00eb disa segmente edhe m\u00eb i mir\u00eb, kurse nga ana tjet\u00ebr opozita dhe pun\u00ebtor\u00ebt turistik\u00eb t\u00eb cil\u00ebt jan\u00eb ankuar p\u00ebr sezonin e sivjetsh\u00ebm turistik.<br \/>\nGjat\u00eb gjith\u00eb sezonit turistik, statistika zyrtare n\u00eb Mal t\u00eb Zi ka treguar p\u00ebr nj\u00eb num\u00ebr relativisht t\u00eb ngjash\u00ebm t\u00eb turist\u00ebve me at\u00eb t\u00eb vitit t\u00eb kaluar. E nj\u00ebjta gj\u00eb ka ndodhur edhe me Ulqinin po t\u2019i referohemi statistik\u00ebs zyrtare.<br \/>\nSipas t\u00eb dh\u00ebnave zyrtare, Ulqinin k\u00ebt\u00eb vit e kan\u00eb vizituar m\u00eb shum\u00eb se 97 mij\u00eb mysafir\u00eb, gj\u00eb q\u00eb p\u00ebrb\u00ebn shtat\u00eb p\u00ebr qind m\u00eb tep\u00ebr se vitin e kaluar. Ata kan\u00eb realizuar rreth 645 mij\u00eb fjetje apo dy p\u00ebr qind m\u00eb pak se vitin e kaluar.<br \/>\nN\u00eb nj\u00eb konferenc\u00eb p\u00ebr shtyp t\u00eb mbajtur dit\u00eb m\u00eb par\u00eb, kryetari i Komun\u00ebs s\u00eb Ulqinit, G\u00ebzim Hajdinaga e ka cil\u00ebsuar t\u00eb suksessh\u00ebm sezonin turistik dhe madje n\u00eb disa parametra edhe m\u00eb t\u00eb mir\u00eb se sezonin e kaluar, p\u00ebrkund\u00ebr dukurive t\u00eb papritura, si\u00e7 ka th\u00ebn\u00eb ai.<br \/>\n\u201cM\u00eb kujtohen fjal\u00ebt e disa hotelier\u00ebve se do t\u00eb ishin t\u00eb k\u00ebnaqur sikur t\u00eb p\u00ebrs\u00ebritej sezoni i vitit 2008. Ja, sot jemi d\u00ebshmitar\u00eb se sezonin e kaluar n\u00eb segmente t\u00eb ve\u00e7ant\u00eb madje e kemi tejkaluar. Sidomos m\u00eb g\u00ebzon fakti se numri i turist\u00ebve t\u00eb huaj \u00ebsht\u00eb n\u00eb rritje t\u00eb vazhdueshme dhe q\u00eb k\u00ebt\u00eb sezon ky trend ka qen\u00eb sidomos i theksuar\u201d, ka th\u00ebn\u00eb ai duke n\u00ebnvizuar se e g\u00ebzon fakti i kthimit t\u00eb mysafir\u00ebve nga Bosnja dhe fakti se turist\u00ebt nga Kosova vazhdojn\u00eb t\u2019i q\u00ebndrojn\u00eb besnik\u00eb Ulqinit.<br \/>\nPo sipas tij, sezoni do t\u00eb kishte qen\u00eb edhe m\u00eb i mir\u00eb dhe do t\u00eb kishte zgjatur edhe m\u00eb shum\u00eb sikur t\u00eb mos kishte r\u00ebn\u00eb shi n\u00eb fund t\u00eb majit dhe fillim t\u00eb qershorit gj\u00eb q\u00eb ka ndikuar q\u00eb nj\u00eb num\u00ebr i madh i turist\u00ebve t\u00eb largohen.<br \/>\n\u201cP\u00ebrve\u00e7 k\u00ebsaj, n\u00eb muajin gusht ka filluar muaji i madh\u00ebruesh\u00ebm i Ramazanit, gj\u00eb q\u00eb ka ndikuar po ashtu ndjesh\u00ebm n\u00eb vizit\u00eb, e t\u00eb mos flas p\u00ebr t\u00ebrmetet n\u00eb fund t\u00eb ver\u00ebs\u201d, ka th\u00ebn\u00eb Hajdinaga.<br \/>\n<strong><br \/>\nT\u00eb dh\u00ebnat q\u00eb shqet\u00ebsojn\u00eb<\/strong><\/p>\n<p>Por opozita dhe shum\u00eb qytetar\u00eb nuk u besojn\u00eb t\u00eb dh\u00ebnave zyrtare dhe deklaratave q\u00eb vijn\u00eb nga Komuna e Ulqinit. P\u00ebr ta \u00ebsht\u00eb evidente r\u00ebnia e numrit t\u00eb turist\u00ebve k\u00ebt\u00eb sezon turistik.<br \/>\nLidhja Demokratike n\u00eb Mal t\u00eb Zi ka faj\u00ebsuar p\u00ebr k\u00ebt\u00eb pushtetin ekzekutiv n\u00eb Ulqin.<br \/>\n\u201cSi pasoj\u00eb e mosp\u00ebrgatitjeve t\u00eb nevojshme p\u00ebr sezonin turistik dhe munges\u00ebs s\u00eb investimeve n\u00eb infrastruktur\u00eb ishte evidente se oferta turistike ishte e dob\u00ebt. Kjo rezultoi me r\u00ebnie t\u00eb numrit t\u00eb mysafir\u00ebve\u201d, vler\u00ebsojn\u00eb n\u00eb k\u00ebt\u00eb parti.<br \/>\nSipas k\u00ebsaj partie, k\u00ebt\u00eb e ka pranuar edhe vet\u00eb kryetari i Komun\u00ebs s\u00eb Ulqinit, G\u00ebzim Hajdinaga, por \u00e7udia, sipas tyre, q\u00ebndron n\u00eb faktin se ai ka faj\u00ebsuar p\u00ebr k\u00ebt\u00eb muajin e Ramazanit e jo vetveten dhe ekzekutivin q\u00eb ai udh\u00ebheq.<br \/>\n\u201cShtrohet pyetja, po vitin e ardhsh\u00ebm q\u00eb do t\u00eb kemi prap\u00eb Ramazan, si do ia b\u00ebjm\u00eb?!\u201d, pyesin n\u00eb LD n\u00eb MZ.<br \/>\nEdhe Forca e Re Demokratike ka kritikuar vazhdimisht jo vet\u00ebm pushtetin lokal, por edhe at\u00eb shtet\u00ebror p\u00ebr diskriminimin q\u00eb, sipas k\u00ebsaj partie, i \u00ebsht\u00eb b\u00ebr\u00eb Ulqinit, sidomos n\u00eb fush\u00ebn e turizmit.<br \/>\nN\u00eb Dit\u00ebn Bot\u00ebrore t\u00eb Turizmit kjo parti i ka d\u00ebrguar nj\u00eb let\u00ebr t\u00eb hapur ministrit t\u00eb Turizmit Predrag Neneziq duke v\u00ebn\u00eb n\u00eb pah l\u00ebnien pas dore t\u00eb Ulqinit dhe t\u00eb dh\u00ebnat alarmante q\u00eb p\u00ebrkeq\u00ebsohen nga viti n\u00eb vit.<br \/>\n\u201cPara 20 vitesh, zoti Neneziq, pra n\u00eb vitin 1989, Ulqini ka pasur mbi 1.7 milion fjetje t\u00eb regjistruara, kurse tash pas 20 vitesh, nj\u00eb milion fjetje m\u00eb pak. Pjes\u00ebmarrja e Ulqinit n\u00eb qarkullimin turistik, n\u00eb nivel t\u00eb Malit t\u00eb Zi ishte rreth 19%, kurse tash q\u00eb Ju jeni minist\u00ebr, kjo pjes\u00ebmarrje \u00ebsht\u00eb n\u00ebn 9%\u201d, kan\u00eb p\u00ebrkujtuar ministrin Neneziq me k\u00ebt\u00eb rast, duke i shtruar edhe pyetjen se \u201csi e shpjegon ai faktin q\u00eb n\u00eb Ulqin jan\u00eb t\u00eb regjistruar vet\u00ebm dy hotele me mbi tre yje, kurse n\u00eb Budv\u00eb 86 hotele?\u201d<br \/>\nForca ka kritikuar Ministrin\u00eb e Turizmit dhe Qeverin\u00eb e Malit t\u00eb Zi edhe p\u00ebr politik\u00ebn shkat\u00ebrruese t\u00eb privatizimit t\u00eb objekteve hotelierike n\u00eb komun\u00ebn e Ulqinit q\u00eb ka \u00e7uar n\u00eb shkat\u00ebrrimin e NHT \u201cRiviera e Ulqinit\u201d, dikur bart\u00ebse e turizmit n\u00eb k\u00ebt\u00eb qytet, e sidomos disa hoteleve q\u00eb simbolizonin turizmin e k\u00ebtij qyteti.<br \/>\n\u201cHoteli \u201dJadran\u201d nuk ekziston. Hoteli \u201cGaleb\u201d, simbol i turizmit t\u00eb Malit t\u00eb Zi, i shkat\u00ebrruar pa asnj\u00eb shpjegim. Hoteli \u201cMediteran\u201d pret planet urbanistike. Hoteli \u201cAlbatros\u201d \u00ebsht\u00eb duke pritur ndonj\u00eb bler\u00ebs t\u00eb majm\u00eb. Hoteli \u201cOtrant\u201d i privatizuar prej taksistit rus &#8211; partner strategjik. Hoteli \u201cGrand Lido\u201d dhe \u201cLido bungalow\u201d presin dit\u00eb m\u00eb t\u00eb mira. \u201cRiviera e Ulqinit\u201d \u00ebsht\u00eb n\u00eb pritje t\u00eb ndonj\u00eb bler\u00ebsi strategjik\u201d, thuhet n\u00eb letr\u00ebn d\u00ebrguar ministrit Neneziq.<br \/>\nN\u00ebse ekzistojn\u00eb mendime dhe vler\u00ebsime t\u00eb ndryshme sa i p\u00ebrket suksesit t\u00eb sezonit turistik t\u00eb kaluar, besoj se t\u00eb gjith\u00eb pajtohen se ai ka qen\u00eb m\u00eb i mir\u00eb se\u00e7 kemi pritur n\u00eb fillim t\u00eb tij p\u00ebr shkak t\u00eb kriz\u00ebs ekonomike. Por edhe n\u00ebse kjo \u00ebsht\u00eb e v\u00ebrtet\u00eb, t\u00eb gjith\u00eb besoj pajtohen se t\u00eb ardhurat dhe efektet financiare kan\u00eb qen\u00eb shum\u00eb m\u00eb t\u00eb vogla.<\/p>\n<p><strong>I. Kallaba<br \/>\nKoha Javore<br \/>\n<\/strong><\/p>\n<p>[flv width=&#8221;580&#8243; height=&#8221;400&#8243;]http:\/\/www.rtcg.me\/images\/biblioteka\/audio_video_arhiva\/Nedjeljom%20u%2016%20-%20Predrag%20Nenezic.flv[\/flv]<\/p>\n","protected":false},"excerpt":{"rendered":"<p>N\u00ebse ekzistojn\u00eb mendime dhe vler\u00ebsime t\u00eb ndryshme sa i p\u00ebrket suksesit t\u00eb sezonit turistik t\u00eb kaluar, besoj se t\u00eb gjith\u00eb pajtohen se ai ka qen\u00eb m\u00eb i mir\u00eb se\u00e7 kemi pritur n\u00eb fillim t\u00eb tij p\u00ebr shkak t\u00eb kriz\u00ebs ekonomike. Por edhe n\u00ebse kjo \u00ebsht\u00eb e v\u00ebrtet\u00eb, t\u00eb gjith\u00eb besoj pajtohen se t\u00eb ardhurat dhe [&hellip;]<\/p>\n","protected":false},"author":1,"featured_media":0,"comment_status":"open","ping_status":"closed","sticky":false,"template":"","format":"standard","meta":{"spay_email":"","jetpack_publicize_message":"","jetpack_is_tweetstorm":false,"jetpack_publicize_feature_enabled":true},"categories":[15],"tags":[222,2515,11191,4857,12750,12448],"jetpack_publicize_connections":[],"yoast_head":"<!-- This site is optimized with the Yoast SEO plugin v19.1 - https:\/\/yoast.com\/wordpress\/plugins\/seo\/ -->\n<title>Sezoni turistik n\u00eb Ulqin,vler\u00ebsimet e kund\u00ebrta - Lajme nga Ulqini<\/title>\n<meta name=\"description\" content=\"N\u00ebse ekzistojn\u00eb mendime dhe vler\u00ebsime t\u00eb ndryshme sa i p\u00ebrket suksesit t\u00eb sezonit turistik t\u00eb kaluar, besoj se t\u00eb gjith\u00eb pajtohen se ai ka qen\u00eb m\u00eb i mir\u00eb\" \/>\n<meta name=\"robots\" content=\"index, follow, max-snippet:-1, max-image-preview:large, max-video-preview:-1\" \/>\n<link rel=\"canonical\" href=\"https:\/\/www.visit-ulcinj.com\/blog\/2009\/11\/12\/sezoni-turistik-ne-ulqinvleresimet-e-kunderta\/\" \/>\n<meta property=\"og:locale\" content=\"en_US\" \/>\n<meta property=\"og:type\" content=\"article\" \/>\n<meta property=\"og:title\" content=\"Sezoni turistik n\u00eb Ulqin,vler\u00ebsimet e kund\u00ebrta - Lajme nga Ulqini\" \/>\n<meta property=\"og:description\" content=\"N\u00ebse ekzistojn\u00eb mendime dhe vler\u00ebsime t\u00eb ndryshme sa i p\u00ebrket suksesit t\u00eb sezonit turistik t\u00eb kaluar, besoj se t\u00eb gjith\u00eb pajtohen se ai ka qen\u00eb m\u00eb i mir\u00eb\" \/>\n<meta property=\"og:url\" content=\"https:\/\/www.visit-ulcinj.com\/blog\/2009\/11\/12\/sezoni-turistik-ne-ulqinvleresimet-e-kunderta\/\" \/>\n<meta property=\"og:site_name\" content=\"Lajme nga Ulqini\" \/>\n<meta property=\"article:published_time\" content=\"2009-11-12T17:26:19+00:00\" \/>\n<meta property=\"article:modified_time\" content=\"2009-12-21T19:03:13+00:00\" \/>\n<meta name=\"twitter:label1\" content=\"Written by\" \/>\n\t<meta name=\"twitter:data1\" content=\"ulqini\" \/>\n\t<meta name=\"twitter:label2\" content=\"Est. reading time\" \/>\n\t<meta name=\"twitter:data2\" content=\"5 minutes\" \/>\n<script type=\"application\/ld+json\" class=\"yoast-schema-graph\">{\"@context\":\"https:\/\/schema.org\",\"@graph\":[{\"@type\":\"WebSite\",\"@id\":\"https:\/\/www.visit-ulcinj.com\/blog\/#website\",\"url\":\"https:\/\/www.visit-ulcinj.com\/blog\/\",\"name\":\"Lajme nga Ulqini\",\"description\":\"Lajme,Vijesti,Ulqini,Ulqin,Crna Gora,Mali i Zi\",\"potentialAction\":[{\"@type\":\"SearchAction\",\"target\":{\"@type\":\"EntryPoint\",\"urlTemplate\":\"https:\/\/www.visit-ulcinj.com\/blog\/?s={search_term_string}\"},\"query-input\":\"required name=search_term_string\"}],\"inLanguage\":\"en-US\"},{\"@type\":\"WebPage\",\"@id\":\"https:\/\/www.visit-ulcinj.com\/blog\/2009\/11\/12\/sezoni-turistik-ne-ulqinvleresimet-e-kunderta\/#webpage\",\"url\":\"https:\/\/www.visit-ulcinj.com\/blog\/2009\/11\/12\/sezoni-turistik-ne-ulqinvleresimet-e-kunderta\/\",\"name\":\"Sezoni turistik n\u00eb Ulqin,vler\u00ebsimet e kund\u00ebrta - Lajme nga Ulqini\",\"isPartOf\":{\"@id\":\"https:\/\/www.visit-ulcinj.com\/blog\/#website\"},\"datePublished\":\"2009-11-12T17:26:19+00:00\",\"dateModified\":\"2009-12-21T19:03:13+00:00\",\"author\":{\"@id\":\"https:\/\/www.visit-ulcinj.com\/blog\/#\/schema\/person\/dcab619c614d3038751c63bc2aadc06d\"},\"description\":\"N\u00ebse ekzistojn\u00eb mendime dhe vler\u00ebsime t\u00eb ndryshme sa i p\u00ebrket suksesit t\u00eb sezonit turistik t\u00eb kaluar, besoj se t\u00eb gjith\u00eb pajtohen se ai ka qen\u00eb m\u00eb i mir\u00eb\",\"breadcrumb\":{\"@id\":\"https:\/\/www.visit-ulcinj.com\/blog\/2009\/11\/12\/sezoni-turistik-ne-ulqinvleresimet-e-kunderta\/#breadcrumb\"},\"inLanguage\":\"en-US\",\"potentialAction\":[{\"@type\":\"ReadAction\",\"target\":[\"https:\/\/www.visit-ulcinj.com\/blog\/2009\/11\/12\/sezoni-turistik-ne-ulqinvleresimet-e-kunderta\/\"]}]},{\"@type\":\"BreadcrumbList\",\"@id\":\"https:\/\/www.visit-ulcinj.com\/blog\/2009\/11\/12\/sezoni-turistik-ne-ulqinvleresimet-e-kunderta\/#breadcrumb\",\"itemListElement\":[{\"@type\":\"ListItem\",\"position\":1,\"name\":\"Sezoni turistik n\u00eb Ulqin,vler\u00ebsimet e kund\u00ebrta\"}]},{\"@type\":\"Person\",\"@id\":\"https:\/\/www.visit-ulcinj.com\/blog\/#\/schema\/person\/dcab619c614d3038751c63bc2aadc06d\",\"name\":\"ulqini\",\"sameAs\":[\"http:\/\/www.visit-ulcinj.com\"],\"url\":\"https:\/\/www.visit-ulcinj.com\/blog\/author\/admin\/\"}]}<\/script>\n<!-- \/ Yoast SEO plugin. -->","yoast_head_json":{"title":"Sezoni turistik n\u00eb Ulqin,vler\u00ebsimet e kund\u00ebrta - Lajme nga Ulqini","description":"N\u00ebse ekzistojn\u00eb mendime dhe vler\u00ebsime t\u00eb ndryshme sa i p\u00ebrket suksesit t\u00eb sezonit turistik t\u00eb kaluar, besoj se t\u00eb gjith\u00eb pajtohen se ai ka qen\u00eb m\u00eb i mir\u00eb","robots":{"index":"index","follow":"follow","max-snippet":"max-snippet:-1","max-image-preview":"max-image-preview:large","max-video-preview":"max-video-preview:-1"},"canonical":"https:\/\/www.visit-ulcinj.com\/blog\/2009\/11\/12\/sezoni-turistik-ne-ulqinvleresimet-e-kunderta\/","og_locale":"en_US","og_type":"article","og_title":"Sezoni turistik n\u00eb Ulqin,vler\u00ebsimet e kund\u00ebrta - Lajme nga Ulqini","og_description":"N\u00ebse ekzistojn\u00eb mendime dhe vler\u00ebsime t\u00eb ndryshme sa i p\u00ebrket suksesit t\u00eb sezonit turistik t\u00eb kaluar, besoj se t\u00eb gjith\u00eb pajtohen se ai ka qen\u00eb m\u00eb i mir\u00eb","og_url":"https:\/\/www.visit-ulcinj.com\/blog\/2009\/11\/12\/sezoni-turistik-ne-ulqinvleresimet-e-kunderta\/","og_site_name":"Lajme nga Ulqini","article_published_time":"2009-11-12T17:26:19+00:00","article_modified_time":"2009-12-21T19:03:13+00:00","twitter_misc":{"Written by":"ulqini","Est. reading time":"5 minutes"},"schema":{"@context":"https:\/\/schema.org","@graph":[{"@type":"WebSite","@id":"https:\/\/www.visit-ulcinj.com\/blog\/#website","url":"https:\/\/www.visit-ulcinj.com\/blog\/","name":"Lajme nga Ulqini","description":"Lajme,Vijesti,Ulqini,Ulqin,Crna Gora,Mali i Zi","potentialAction":[{"@type":"SearchAction","target":{"@type":"EntryPoint","urlTemplate":"https:\/\/www.visit-ulcinj.com\/blog\/?s={search_term_string}"},"query-input":"required name=search_term_string"}],"inLanguage":"en-US"},{"@type":"WebPage","@id":"https:\/\/www.visit-ulcinj.com\/blog\/2009\/11\/12\/sezoni-turistik-ne-ulqinvleresimet-e-kunderta\/#webpage","url":"https:\/\/www.visit-ulcinj.com\/blog\/2009\/11\/12\/sezoni-turistik-ne-ulqinvleresimet-e-kunderta\/","name":"Sezoni turistik n\u00eb Ulqin,vler\u00ebsimet e kund\u00ebrta - Lajme nga Ulqini","isPartOf":{"@id":"https:\/\/www.visit-ulcinj.com\/blog\/#website"},"datePublished":"2009-11-12T17:26:19+00:00","dateModified":"2009-12-21T19:03:13+00:00","author":{"@id":"https:\/\/www.visit-ulcinj.com\/blog\/#\/schema\/person\/dcab619c614d3038751c63bc2aadc06d"},"description":"N\u00ebse ekzistojn\u00eb mendime dhe vler\u00ebsime t\u00eb ndryshme sa i p\u00ebrket suksesit t\u00eb sezonit turistik t\u00eb kaluar, besoj se t\u00eb gjith\u00eb pajtohen se ai ka qen\u00eb m\u00eb i mir\u00eb","breadcrumb":{"@id":"https:\/\/www.visit-ulcinj.com\/blog\/2009\/11\/12\/sezoni-turistik-ne-ulqinvleresimet-e-kunderta\/#breadcrumb"},"inLanguage":"en-US","potentialAction":[{"@type":"ReadAction","target":["https:\/\/www.visit-ulcinj.com\/blog\/2009\/11\/12\/sezoni-turistik-ne-ulqinvleresimet-e-kunderta\/"]}]},{"@type":"BreadcrumbList","@id":"https:\/\/www.visit-ulcinj.com\/blog\/2009\/11\/12\/sezoni-turistik-ne-ulqinvleresimet-e-kunderta\/#breadcrumb","itemListElement":[{"@type":"ListItem","position":1,"name":"Sezoni turistik n\u00eb Ulqin,vler\u00ebsimet e kund\u00ebrta"}]},{"@type":"Person","@id":"https:\/\/www.visit-ulcinj.com\/blog\/#\/schema\/person\/dcab619c614d3038751c63bc2aadc06d","name":"ulqini","sameAs":["http:\/\/www.visit-ulcinj.com"],"url":"https:\/\/www.visit-ulcinj.com\/blog\/author\/admin\/"}]}},"jetpack_featured_media_url":"","jetpack_sharing_enabled":true,"jetpack_shortlink":"https:\/\/wp.me\/pe6lTn-71X","_links":{"self":[{"href":"https:\/\/www.visit-ulcinj.com\/blog\/wp-json\/wp\/v2\/posts\/27029"}],"collection":[{"href":"https:\/\/www.visit-ulcinj.com\/blog\/wp-json\/wp\/v2\/posts"}],"about":[{"href":"https:\/\/www.visit-ulcinj.com\/blog\/wp-json\/wp\/v2\/types\/post"}],"author":[{"embeddable":true,"href":"https:\/\/www.visit-ulcinj.com\/blog\/wp-json\/wp\/v2\/users\/1"}],"replies":[{"embeddable":true,"href":"https:\/\/www.visit-ulcinj.com\/blog\/wp-json\/wp\/v2\/comments?post=27029"}],"version-history":[{"count":0,"href":"https:\/\/www.visit-ulcinj.com\/blog\/wp-json\/wp\/v2\/posts\/27029\/revisions"}],"wp:attachment":[{"href":"https:\/\/www.visit-ulcinj.com\/blog\/wp-json\/wp\/v2\/media?parent=27029"}],"wp:term":[{"taxonomy":"category","embeddable":true,"href":"https:\/\/www.visit-ulcinj.com\/blog\/wp-json\/wp\/v2\/categories?post=27029"},{"taxonomy":"post_tag","embeddable":true,"href":"https:\/\/www.visit-ulcinj.com\/blog\/wp-json\/wp\/v2\/tags?post=27029"}],"curies":[{"name":"wp","href":"https:\/\/api.w.org\/{rel}","templated":true}]}}