{"id":27037,"date":"2009-11-12T20:32:11","date_gmt":"2009-11-12T18:32:11","guid":{"rendered":"http:\/\/www.visit-ulcinj.com\/blog\/?p=27037"},"modified":"2009-11-12T22:04:36","modified_gmt":"2009-11-12T20:04:36","slug":"odbor-direktora-ulcinj-biznis-asocijacije-kritikovao-lokalnu-vlast","status":"publish","type":"post","link":"https:\/\/www.visit-ulcinj.com\/blog\/2009\/11\/12\/odbor-direktora-ulcinj-biznis-asocijacije-kritikovao-lokalnu-vlast\/","title":{"rendered":"Odbor direktora Ulcinj Biznis Asocijacije kritikovao lokalnu vlast"},"content":{"rendered":"<p><strong><img loading=\"lazy\" class=\"alignleft\" title=\"Ulcinj Biznis Asocijacija\" src=\"http:\/\/www.visit-ulcinj.com\/blog\/wp-content\/uploads\/2008\/09\/uba_ulcinj.jpg\" alt=\"\" width=\"280\" height=\"409\" \/>Novim da\u017ebinama se ne mo\u017ee protiv krize<\/strong><br \/>\nUlcinj &#8211; \u201cPored ekonomske krize, dodatne probleme u kreiranju nepovoljnog poslovnog ambijenta u Ulcinju, proizvodi lokalna vlast uvo?enjem novih taksi i naknada, dok su ve? postoje?e obi?no na vi\u0161em nivou nego u ostalim primorskim op\u0161tinama\u201d, zaklju?eno je na sjednici Borda direktora Ulcinj biznis asocijacije na kojoj je konstatovano da je Op\u0161tina Ulcinj me?u prvima u Crnoj Gori uvela naknade za kori\u0161?enje komercijalnih objekata, kojima je omogu?en prilaz sa puta, i lokalne komunalne takse za reklame, \u201cdok je posljednja osnovala Turisti?ku oprganizaciju\u201d.<br \/>\n\u201cUlcinj, uz Podgoricu, jedini u Crnoj Gori nema formiran socijalni savjet, tripartitni organ sastavljen od ?lanova lokalne uprave, sindikata i privrede. I umjesto da se ugleda na Vladu koja ukida neke naknade, lokalna vlast uvodi nove i dodatno ote\u017eava poslovanje preduze?a\u201d, ocijenjeno je na sjednici.<br \/>\nU saop\u0161tenju, privrednici su podsjetili i da se zbog nedostatka prostorno-planske dokumentacije, ne mogu graditi novi, niti legalizovati ve? postoje?i objekti, te da su vlasnici privremenih objekata, pla?aju?i godi\u0161nja rje\u0161enja za rad, do sada mogli da otplate ve?i dio komunalija.<br \/>\n\u201cI ove godine, Op\u0161tina je nastavila naplatu lokalnih komunalnih taksi u zoni morskog dobra uprkos odgovoru Ministarstva finansija da za to nema osnova. Uz to, vlasnik jednog hotela, za porez na nepokretnost za 2009, treba da plati 22 hiljade eura, tri puta vi\u0161e nego lani. Pitamo se da li Op\u0161tina time \u017eeli da kompenzira ukinutu naknadu za kori\u0161?enje gradskog gra?evinskog zemlji\u0161ta, koja je lani tom hotelu obra?unata u iznosu od 9.000 eura\u201c, pi\u0161e u saop\u0161tenju.<br \/>\nPrivrednici kritikuju Op\u0161tinu i zbog visine iznosa koji pravna lica moraju da plate za porez na firmu ili naziv.<br \/>\n\u201cTaj porez u Ulcinju iznosi 500 eura, kao i u Podgorici, u Budvi je 400, a u Baru, Kotoru i Herceg Novom 300 eura. Me?utim, Podgorica je taj iznos odredila za firme sa prihodima ve?im od milion eura, dok je u Ulcinju taj prag manji pet puta\u201d, navode privrednici.<br \/>\nOni su na kraju apelovali na gradsku vlast da odlo\u017ei uvo?enje novih taksi i naknada, da postoje?e ne uve?ava, ve? da ih smanji i tako pomogne lokalnim firmama da opstanu u vremenu globalne krize.<\/p>\n<p>Skup i odvoz sme?a<br \/>\n\u201cCijene vode i kanalizacije u Ulcinju, za privredu, na ?etvrtom su mjestu u Crnoj Gori, dok u toku ljetnje sezone stepenik vi\u0161e. Cijene odvoza sme?a znatno su ve?e nego u op\u0161tinama Bar, Tivat i Herceg Novi, a ljeti, u zavisnosti od zona, dolazi do njihovog uve?anja za 20, 40, pa ?ak i 80 odsto. Vlasnici prehrambenih radnji od 50 kvadrata, odvoz sme?a pla?aju manje samo od njihovih kolega iz Herceg Novog\u201d, navodi se u saop\u0161tenju.<\/p>\n<p><strong>S.A.<br \/>\n<a href=\"http:\/\/www.vijesti.me\/index.php?id_pre=321793&amp;godina=2009\" target=\"_blank\">Vijesti<\/a><\/strong><\/p>\n<p><strong><br \/>\n<\/strong><\/p>\n<div><object classid=\"clsid:d27cdb6e-ae6d-11cf-96b8-444553540000\" width=\"580\" height=\"381\" codebase=\"http:\/\/download.macromedia.com\/pub\/shockwave\/cabs\/flash\/swflash.cab#version=6,0,40,0\"><param name=\"allowFullScreen\" value=\"true\" \/><param name=\"allowScriptAccess\" value=\"always\" \/><param name=\"src\" value=\"http:\/\/www.dailymotion.com\/swf\/x9j59c&amp;autoPlay=1\" \/><param name=\"allowfullscreen\" value=\"true\" \/><\/object><\/div>\n","protected":false},"excerpt":{"rendered":"<p>Novim da\u017ebinama se ne mo\u017ee protiv krize Ulcinj &#8211; \u201cPored ekonomske krize, dodatne probleme u kreiranju nepovoljnog poslovnog ambijenta u Ulcinju, proizvodi lokalna vlast uvo?enjem novih taksi i naknada, dok su ve? postoje?e obi?no na vi\u0161em nivou nego u ostalim primorskim op\u0161tinama\u201d, zaklju?eno je na sjednici Borda direktora Ulcinj biznis asocijacije na kojoj je konstatovano [&hellip;]<\/p>\n","protected":false},"author":1,"featured_media":0,"comment_status":"open","ping_status":"closed","sticky":false,"template":"","format":"standard","meta":{"spay_email":"","jetpack_publicize_message":"","jetpack_is_tweetstorm":false,"jetpack_publicize_feature_enabled":true},"categories":[8337],"tags":[8332],"jetpack_publicize_connections":[],"yoast_head":"<!-- This site is optimized with the Yoast SEO plugin v19.1 - https:\/\/yoast.com\/wordpress\/plugins\/seo\/ -->\n<title>Odbor direktora Ulcinj Biznis Asocijacije kritikovao lokalnu vlast - Lajme nga Ulqini<\/title>\n<meta name=\"description\" content=\"Novim da\u017ebinama se ne mo\u017ee protiv krize Ulcinj - \u201cPored ekonomske krize, dodatne probleme u kreiranju nepovoljnog poslovnog ambijenta u Ulcinju, proizvodi\" \/>\n<meta name=\"robots\" content=\"index, follow, max-snippet:-1, max-image-preview:large, max-video-preview:-1\" \/>\n<link rel=\"canonical\" href=\"https:\/\/www.visit-ulcinj.com\/blog\/2009\/11\/12\/odbor-direktora-ulcinj-biznis-asocijacije-kritikovao-lokalnu-vlast\/\" \/>\n<meta property=\"og:locale\" content=\"en_US\" \/>\n<meta property=\"og:type\" content=\"article\" \/>\n<meta property=\"og:title\" content=\"Odbor direktora Ulcinj Biznis Asocijacije kritikovao lokalnu vlast - Lajme nga Ulqini\" \/>\n<meta property=\"og:description\" content=\"Novim da\u017ebinama se ne mo\u017ee protiv krize Ulcinj - \u201cPored ekonomske krize, dodatne probleme u kreiranju nepovoljnog poslovnog ambijenta u Ulcinju, proizvodi\" \/>\n<meta property=\"og:url\" content=\"https:\/\/www.visit-ulcinj.com\/blog\/2009\/11\/12\/odbor-direktora-ulcinj-biznis-asocijacije-kritikovao-lokalnu-vlast\/\" \/>\n<meta property=\"og:site_name\" content=\"Lajme nga Ulqini\" \/>\n<meta property=\"article:published_time\" content=\"2009-11-12T18:32:11+00:00\" \/>\n<meta property=\"article:modified_time\" content=\"2009-11-12T20:04:36+00:00\" \/>\n<meta property=\"og:image\" content=\"http:\/\/www.visit-ulcinj.com\/blog\/wp-content\/uploads\/2008\/09\/uba_ulcinj.jpg\" \/>\n<meta name=\"twitter:label1\" content=\"Written by\" \/>\n\t<meta name=\"twitter:data1\" content=\"ulqini\" \/>\n\t<meta name=\"twitter:label2\" content=\"Est. reading time\" \/>\n\t<meta name=\"twitter:data2\" content=\"2 minutes\" \/>\n<script type=\"application\/ld+json\" class=\"yoast-schema-graph\">{\"@context\":\"https:\/\/schema.org\",\"@graph\":[{\"@type\":\"WebSite\",\"@id\":\"https:\/\/www.visit-ulcinj.com\/blog\/#website\",\"url\":\"https:\/\/www.visit-ulcinj.com\/blog\/\",\"name\":\"Lajme nga Ulqini\",\"description\":\"Lajme,Vijesti,Ulqini,Ulqin,Crna Gora,Mali i Zi\",\"potentialAction\":[{\"@type\":\"SearchAction\",\"target\":{\"@type\":\"EntryPoint\",\"urlTemplate\":\"https:\/\/www.visit-ulcinj.com\/blog\/?s={search_term_string}\"},\"query-input\":\"required name=search_term_string\"}],\"inLanguage\":\"en-US\"},{\"@type\":\"ImageObject\",\"inLanguage\":\"en-US\",\"@id\":\"https:\/\/www.visit-ulcinj.com\/blog\/2009\/11\/12\/odbor-direktora-ulcinj-biznis-asocijacije-kritikovao-lokalnu-vlast\/#primaryimage\",\"url\":\"http:\/\/www.visit-ulcinj.com\/blog\/wp-content\/uploads\/2008\/09\/uba_ulcinj.jpg\",\"contentUrl\":\"http:\/\/www.visit-ulcinj.com\/blog\/wp-content\/uploads\/2008\/09\/uba_ulcinj.jpg\"},{\"@type\":\"WebPage\",\"@id\":\"https:\/\/www.visit-ulcinj.com\/blog\/2009\/11\/12\/odbor-direktora-ulcinj-biznis-asocijacije-kritikovao-lokalnu-vlast\/#webpage\",\"url\":\"https:\/\/www.visit-ulcinj.com\/blog\/2009\/11\/12\/odbor-direktora-ulcinj-biznis-asocijacije-kritikovao-lokalnu-vlast\/\",\"name\":\"Odbor direktora Ulcinj Biznis Asocijacije kritikovao lokalnu vlast - Lajme nga Ulqini\",\"isPartOf\":{\"@id\":\"https:\/\/www.visit-ulcinj.com\/blog\/#website\"},\"primaryImageOfPage\":{\"@id\":\"https:\/\/www.visit-ulcinj.com\/blog\/2009\/11\/12\/odbor-direktora-ulcinj-biznis-asocijacije-kritikovao-lokalnu-vlast\/#primaryimage\"},\"datePublished\":\"2009-11-12T18:32:11+00:00\",\"dateModified\":\"2009-11-12T20:04:36+00:00\",\"author\":{\"@id\":\"https:\/\/www.visit-ulcinj.com\/blog\/#\/schema\/person\/dcab619c614d3038751c63bc2aadc06d\"},\"description\":\"Novim da\u017ebinama se ne mo\u017ee protiv krize Ulcinj - \u201cPored ekonomske krize, dodatne probleme u kreiranju nepovoljnog poslovnog ambijenta u Ulcinju, proizvodi\",\"breadcrumb\":{\"@id\":\"https:\/\/www.visit-ulcinj.com\/blog\/2009\/11\/12\/odbor-direktora-ulcinj-biznis-asocijacije-kritikovao-lokalnu-vlast\/#breadcrumb\"},\"inLanguage\":\"en-US\",\"potentialAction\":[{\"@type\":\"ReadAction\",\"target\":[\"https:\/\/www.visit-ulcinj.com\/blog\/2009\/11\/12\/odbor-direktora-ulcinj-biznis-asocijacije-kritikovao-lokalnu-vlast\/\"]}]},{\"@type\":\"BreadcrumbList\",\"@id\":\"https:\/\/www.visit-ulcinj.com\/blog\/2009\/11\/12\/odbor-direktora-ulcinj-biznis-asocijacije-kritikovao-lokalnu-vlast\/#breadcrumb\",\"itemListElement\":[{\"@type\":\"ListItem\",\"position\":1,\"name\":\"Odbor direktora Ulcinj Biznis Asocijacije kritikovao lokalnu vlast\"}]},{\"@type\":\"Person\",\"@id\":\"https:\/\/www.visit-ulcinj.com\/blog\/#\/schema\/person\/dcab619c614d3038751c63bc2aadc06d\",\"name\":\"ulqini\",\"sameAs\":[\"http:\/\/www.visit-ulcinj.com\"],\"url\":\"https:\/\/www.visit-ulcinj.com\/blog\/author\/admin\/\"}]}<\/script>\n<!-- \/ Yoast SEO plugin. -->","yoast_head_json":{"title":"Odbor direktora Ulcinj Biznis Asocijacije kritikovao lokalnu vlast - Lajme nga Ulqini","description":"Novim da\u017ebinama se ne mo\u017ee protiv krize Ulcinj - \u201cPored ekonomske krize, dodatne probleme u kreiranju nepovoljnog poslovnog ambijenta u Ulcinju, proizvodi","robots":{"index":"index","follow":"follow","max-snippet":"max-snippet:-1","max-image-preview":"max-image-preview:large","max-video-preview":"max-video-preview:-1"},"canonical":"https:\/\/www.visit-ulcinj.com\/blog\/2009\/11\/12\/odbor-direktora-ulcinj-biznis-asocijacije-kritikovao-lokalnu-vlast\/","og_locale":"en_US","og_type":"article","og_title":"Odbor direktora Ulcinj Biznis Asocijacije kritikovao lokalnu vlast - Lajme nga Ulqini","og_description":"Novim da\u017ebinama se ne mo\u017ee protiv krize Ulcinj - \u201cPored ekonomske krize, dodatne probleme u kreiranju nepovoljnog poslovnog ambijenta u Ulcinju, proizvodi","og_url":"https:\/\/www.visit-ulcinj.com\/blog\/2009\/11\/12\/odbor-direktora-ulcinj-biznis-asocijacije-kritikovao-lokalnu-vlast\/","og_site_name":"Lajme nga Ulqini","article_published_time":"2009-11-12T18:32:11+00:00","article_modified_time":"2009-11-12T20:04:36+00:00","og_image":[{"url":"http:\/\/www.visit-ulcinj.com\/blog\/wp-content\/uploads\/2008\/09\/uba_ulcinj.jpg"}],"twitter_misc":{"Written by":"ulqini","Est. reading time":"2 minutes"},"schema":{"@context":"https:\/\/schema.org","@graph":[{"@type":"WebSite","@id":"https:\/\/www.visit-ulcinj.com\/blog\/#website","url":"https:\/\/www.visit-ulcinj.com\/blog\/","name":"Lajme nga Ulqini","description":"Lajme,Vijesti,Ulqini,Ulqin,Crna Gora,Mali i Zi","potentialAction":[{"@type":"SearchAction","target":{"@type":"EntryPoint","urlTemplate":"https:\/\/www.visit-ulcinj.com\/blog\/?s={search_term_string}"},"query-input":"required name=search_term_string"}],"inLanguage":"en-US"},{"@type":"ImageObject","inLanguage":"en-US","@id":"https:\/\/www.visit-ulcinj.com\/blog\/2009\/11\/12\/odbor-direktora-ulcinj-biznis-asocijacije-kritikovao-lokalnu-vlast\/#primaryimage","url":"http:\/\/www.visit-ulcinj.com\/blog\/wp-content\/uploads\/2008\/09\/uba_ulcinj.jpg","contentUrl":"http:\/\/www.visit-ulcinj.com\/blog\/wp-content\/uploads\/2008\/09\/uba_ulcinj.jpg"},{"@type":"WebPage","@id":"https:\/\/www.visit-ulcinj.com\/blog\/2009\/11\/12\/odbor-direktora-ulcinj-biznis-asocijacije-kritikovao-lokalnu-vlast\/#webpage","url":"https:\/\/www.visit-ulcinj.com\/blog\/2009\/11\/12\/odbor-direktora-ulcinj-biznis-asocijacije-kritikovao-lokalnu-vlast\/","name":"Odbor direktora Ulcinj Biznis Asocijacije kritikovao lokalnu vlast - Lajme nga Ulqini","isPartOf":{"@id":"https:\/\/www.visit-ulcinj.com\/blog\/#website"},"primaryImageOfPage":{"@id":"https:\/\/www.visit-ulcinj.com\/blog\/2009\/11\/12\/odbor-direktora-ulcinj-biznis-asocijacije-kritikovao-lokalnu-vlast\/#primaryimage"},"datePublished":"2009-11-12T18:32:11+00:00","dateModified":"2009-11-12T20:04:36+00:00","author":{"@id":"https:\/\/www.visit-ulcinj.com\/blog\/#\/schema\/person\/dcab619c614d3038751c63bc2aadc06d"},"description":"Novim da\u017ebinama se ne mo\u017ee protiv krize Ulcinj - \u201cPored ekonomske krize, dodatne probleme u kreiranju nepovoljnog poslovnog ambijenta u Ulcinju, proizvodi","breadcrumb":{"@id":"https:\/\/www.visit-ulcinj.com\/blog\/2009\/11\/12\/odbor-direktora-ulcinj-biznis-asocijacije-kritikovao-lokalnu-vlast\/#breadcrumb"},"inLanguage":"en-US","potentialAction":[{"@type":"ReadAction","target":["https:\/\/www.visit-ulcinj.com\/blog\/2009\/11\/12\/odbor-direktora-ulcinj-biznis-asocijacije-kritikovao-lokalnu-vlast\/"]}]},{"@type":"BreadcrumbList","@id":"https:\/\/www.visit-ulcinj.com\/blog\/2009\/11\/12\/odbor-direktora-ulcinj-biznis-asocijacije-kritikovao-lokalnu-vlast\/#breadcrumb","itemListElement":[{"@type":"ListItem","position":1,"name":"Odbor direktora Ulcinj Biznis Asocijacije kritikovao lokalnu vlast"}]},{"@type":"Person","@id":"https:\/\/www.visit-ulcinj.com\/blog\/#\/schema\/person\/dcab619c614d3038751c63bc2aadc06d","name":"ulqini","sameAs":["http:\/\/www.visit-ulcinj.com"],"url":"https:\/\/www.visit-ulcinj.com\/blog\/author\/admin\/"}]}},"jetpack_featured_media_url":"","jetpack_sharing_enabled":true,"jetpack_shortlink":"https:\/\/wp.me\/pe6lTn-725","_links":{"self":[{"href":"https:\/\/www.visit-ulcinj.com\/blog\/wp-json\/wp\/v2\/posts\/27037"}],"collection":[{"href":"https:\/\/www.visit-ulcinj.com\/blog\/wp-json\/wp\/v2\/posts"}],"about":[{"href":"https:\/\/www.visit-ulcinj.com\/blog\/wp-json\/wp\/v2\/types\/post"}],"author":[{"embeddable":true,"href":"https:\/\/www.visit-ulcinj.com\/blog\/wp-json\/wp\/v2\/users\/1"}],"replies":[{"embeddable":true,"href":"https:\/\/www.visit-ulcinj.com\/blog\/wp-json\/wp\/v2\/comments?post=27037"}],"version-history":[{"count":0,"href":"https:\/\/www.visit-ulcinj.com\/blog\/wp-json\/wp\/v2\/posts\/27037\/revisions"}],"wp:attachment":[{"href":"https:\/\/www.visit-ulcinj.com\/blog\/wp-json\/wp\/v2\/media?parent=27037"}],"wp:term":[{"taxonomy":"category","embeddable":true,"href":"https:\/\/www.visit-ulcinj.com\/blog\/wp-json\/wp\/v2\/categories?post=27037"},{"taxonomy":"post_tag","embeddable":true,"href":"https:\/\/www.visit-ulcinj.com\/blog\/wp-json\/wp\/v2\/tags?post=27037"}],"curies":[{"name":"wp","href":"https:\/\/api.w.org\/{rel}","templated":true}]}}