{"id":27047,"date":"2009-11-12T21:43:44","date_gmt":"2009-11-12T19:43:44","guid":{"rendered":"http:\/\/www.visit-ulcinj.com\/blog\/?p=27047"},"modified":"2009-11-12T21:43:44","modified_gmt":"2009-11-12T19:43:44","slug":"kohe-te-reja-dofare-flamujsh-te-rinj","status":"publish","type":"post","link":"https:\/\/www.visit-ulcinj.com\/blog\/2009\/11\/12\/kohe-te-reja-dofare-flamujsh-te-rinj\/","title":{"rendered":"Koh\u00eb t\u00eb reja;  Dofar\u00eb flamujsh t\u00eb rinj"},"content":{"rendered":"<p><a href=\"http:\/\/www.visit-ulcinj.com\/blog\/wp-content\/uploads\/2009\/11\/ulqini.jpg\"><img loading=\"lazy\" class=\"alignleft size-full wp-image-27048\" title=\"ulqini\" src=\"http:\/\/www.visit-ulcinj.com\/blog\/wp-content\/uploads\/2009\/11\/ulqini.jpg\" alt=\"ulqini\" width=\"580\" height=\"358\" \/><\/a>Shtresa e mesme e popullat\u00ebs n\u00eb t\u00eb gjitha shoq\u00ebrit\u00eb fatlume \u00ebsht\u00eb themeli i saj: kemi t\u00eb b\u00ebjm\u00eb me njer\u00ebz t\u00eb shkolluar, t\u00eb cil\u00ebt lexojn\u00eb, shkruajn\u00eb libra, shkojn\u00eb n\u00eb kinema, vizitojn\u00eb manifestimet kulturore, udh\u00ebtojn\u00eb.<br \/>\nAta jan\u00eb \u201ckonsumator\u00eb t\u00eb kultur\u00ebs\u201d, shtyll\u00eb e demokracis\u00eb dhe stabilitetit shoq\u00ebror. Me zhdukjen e tyre vdes arsimi, kultura, besimi.<br \/>\nTani e shohim se aksioni i shkat\u00ebrrimit t\u00eb planifikuar t\u00eb shtres\u00ebs s\u00eb mesme brenda 20, m\u00eb sakt\u00ebsisht 65 viteve t\u00eb shkuara, n\u00eb k\u00ebt\u00eb vend, sikurse edhe n\u00eb qytetin e Ulqinit \u00ebsht\u00eb kryer n\u00eb m\u00ebnyr\u00eb t\u00eb suksesshme!.<br \/>\nP\u00ebr k\u00ebt\u00eb arsye ndoshta nuk duhet t\u00eb na habit\u00eb fakti q\u00eb shpirti i intelektualit mesatar \u00ebsht\u00eb aq i varf\u00ebr dhe i kufizuar, i p\u00ebrgjumur dhe i ideologjizuar, saq\u00eb me siguri as p\u00ebr disa dekada t\u00eb ardhshme nuk do t\u00eb \u00e7lirohet nga servilizmi tradicional ndaj regjimit dhe shtres\u00ebs sunduese.<br \/>\nN\u00eb t\u00eb gjitha nivelet kemi \u201cintelektual\u00eb\u201d t\u00eb till\u00eb. Madje edhe kjo \u00ebsht\u00eb koh\u00eb e renesans\u00ebs s\u00eb tyre! Kjo \u00ebsht\u00eb nj\u00eb shtres\u00eb q\u00eb \u00ebsht\u00eb e gatshme q\u00eb p\u00ebr privilegje t\u00eb vogla t\u00eb p\u00ebrkrah\u00eb t\u00eb gjitha llojet e regjimeve autoritare, e cila \u00ebsht\u00eb e prirur t\u00eb p\u00ebrkrah\u00eb t\u00eb gjith\u00eb ata q\u00eb jan\u00eb p\u00ebr zgjidhje radikale, e cila pik\u00ebrisht p\u00ebr shkak se nuk di asgj\u00eb apo di fare pak \u2013 \u00ebsht\u00eb e prirur t\u00eb mendoj\u00eb q\u00eb gj\u00ebrat mund t\u00eb zgjidhen shpejt\u00eb dhe leht\u00eb, dhe e cila nuk i p\u00ebrfill\u00eb nevojat, d\u00ebshirat, preferencat dhe ndjenjat e njer\u00ebzve t\u00eb tjer\u00eb.<br \/>\nUn\u00eb v\u00ebrej \u00e7do dit\u00eb se njer\u00ebzit n\u00ebn mask\u00ebn e vet jan\u00eb t\u00eb palezetsh\u00ebm, t\u00eb ftoht\u00eb, skajshm\u00ebrisht indiferent\u00eb ndaj \u00e7do gj\u00ebje q\u00eb p\u00ebr momentin nuk b\u00ebn pjes\u00eb n\u00eb sfer\u00ebn e interesit t\u00eb tyre t\u00eb drejtp\u00ebrdrejt\u00eb dhe m\u00eb shum\u00eb i g\u00ebzohen fatkeq\u00ebsis\u00eb s\u00eb tjetrit sesa suksesit t\u00eb vet, duke harruar apo anashkaluar se fatkeq\u00ebsia e t\u00eb tjer\u00ebve n\u00eb realitet \u00ebsht\u00eb edhe fatkeq\u00ebsi e tyre.<br \/>\nPor, nj\u00eb th\u00ebnie e vjet\u00ebr thot\u00eb: populli nuk mendon, por populli ndjen! Ai n\u00eb radh\u00eb t\u00eb par\u00eb ndjen frik\u00ebn. K\u00ebtu gjith\u00ebher\u00eb \u00ebsht\u00eb jetuar bashk\u00eb me frik\u00ebn. Me frik\u00ebn nga luft\u00ebrat, nga varf\u00ebria, nga ushtria, UDB-ja, t\u00ebrmetet. Frika dhe pasiguria, bashk\u00eb me d\u00ebshir\u00ebn e fuqishme p\u00ebr grumbullimin e paras\u00eb, k\u00ebsaj shprese t\u00eb rrejshme dhe mendjeleht\u00eb t\u00eb stabilitetit, kusht\u00ebzuan q\u00eb tani, sikur n\u00eb shuplak\u00eb t\u00eb dor\u00ebs, gjat\u00eb sh\u00ebtitjes n\u00ebp\u00ebr qytet dhe n\u00eb bised\u00eb me bashk\u00ebqytetar\u00ebt, t\u00eb mund t\u2019i v\u00ebrejm\u00eb pasojat tragjike dhe shkat\u00ebrruese t\u00eb veprimit t\u00eb tyre paralel dekada me radh\u00eb.<br \/>\nS\u00eb k\u00ebndejmi k\u00ebtij populli dhe k\u00ebtij qyteti i nevojiten ajri i past\u00ebr dhe e v\u00ebrteta e mir\u00ebfillt\u00eb mbi vetveten. K\u00ebtu, me zem\u00ebr t\u00eb shtr\u00ebnguar, tashm\u00eb nj\u00eb shekull t\u00eb t\u00ebr\u00eb r\u00ebnkohet p\u00ebr nj\u00eb frym\u00ebmarrje t\u00eb lir\u00eb me mushk\u00ebri t\u00eb plota. Por, nuk duhet pasur kurr\u00ebfar\u00eb iluzionesh: masat jan\u00eb inerte, l\u00ebvizin me v\u00ebshtir\u00ebsi, jan\u00eb konservatore, besojn\u00eb vet\u00ebm n\u00eb para, jan\u00eb t\u00eb ngarkuara me frik\u00eb dhe bashk\u00eb me to, me kanonad\u00ebn e serialeve latinoamerikane dhe t\u00eb k\u00ebng\u00ebtareve gjysm\u00eblakuriqe nga ekranet televizive.<br \/>\nPrandaj keni njer\u00ebz me t\u00eb cil\u00ebt bisedoni, e p\u00ebr t\u00eb cil\u00ebt mendoni se treni u ka kaluar n\u00ebp\u00ebr kok\u00eb. Dhe k\u00ebtu merr fund \u00e7do bised\u00eb frytdh\u00ebn\u00ebse mbi ardhm\u00ebrin\u00eb, kurse hapet fusha e gjer\u00eb p\u00ebr manipuluesit, demagog\u00ebt dhe fiqfiriq\u00ebt!<br \/>\nErdhi p\u00ebrs\u00ebri koha e tyre.<br \/>\nHistoria nj\u00ebzetepes\u00eb shekullore e Ulqinit \u00ebsht\u00eb produkt i mobilizimit, vitalitetit, forc\u00ebs dhe begatis\u00eb s\u00eb jasht\u00ebzakonshme. Dhe banor\u00ebve t\u00eb nj\u00eb qyteti t\u00eb k\u00ebtill\u00eb nuk u ka hije t\u00eb qahen mbi fatin e vet dhe t\u00eb frikohen nga cilido, deri te Zoti i Madh. N\u00eb vend t\u00eb k\u00ebsaj, gjith\u00eb angazhimin, vullnetin dhe vendosm\u00ebrin\u00eb duhet investuar n\u00eb p\u00ebrt\u00ebritjen shpirt\u00ebrore t\u00eb individit dhe n\u00eb rind\u00ebrtimin e qytetit. Pra, \u00ebsht\u00eb koha q\u00eb me mundin dhe men\u00e7urin\u00eb e p\u00ebrbashk\u00ebt t\u00eb zhvillohen disa flamuj t\u00eb rinj t\u00eb koh\u00ebs son\u00eb.<\/p>\n<p><strong>Mustafa Canka<br \/>\nKoha Javore<br \/>\n<!--YouTube Error: bad URL entered--><\/strong><\/p>\n","protected":false},"excerpt":{"rendered":"<p>Shtresa e mesme e popullat\u00ebs n\u00eb t\u00eb gjitha shoq\u00ebrit\u00eb fatlume \u00ebsht\u00eb themeli i saj: kemi t\u00eb b\u00ebjm\u00eb me njer\u00ebz t\u00eb shkolluar, t\u00eb cil\u00ebt lexojn\u00eb, shkruajn\u00eb libra, shkojn\u00eb n\u00eb kinema, vizitojn\u00eb manifestimet kulturore, udh\u00ebtojn\u00eb. Ata jan\u00eb \u201ckonsumator\u00eb t\u00eb kultur\u00ebs\u201d, shtyll\u00eb e demokracis\u00eb dhe stabilitetit shoq\u00ebror. Me zhdukjen e tyre vdes arsimi, kultura, besimi. Tani e shohim [&hellip;]<\/p>\n","protected":false},"author":1,"featured_media":0,"comment_status":"open","ping_status":"closed","sticky":false,"template":"","format":"standard","meta":{"spay_email":"","jetpack_publicize_message":"","jetpack_is_tweetstorm":false,"jetpack_publicize_feature_enabled":true},"categories":[13],"tags":[18],"jetpack_publicize_connections":[],"yoast_head":"<!-- This site is optimized with the Yoast SEO plugin v19.1 - https:\/\/yoast.com\/wordpress\/plugins\/seo\/ -->\n<title>Koh\u00eb t\u00eb reja; Dofar\u00eb flamujsh t\u00eb rinj - Lajme nga Ulqini<\/title>\n<meta name=\"description\" content=\"Shtresa e mesme e popullat\u00ebs n\u00eb t\u00eb gjitha shoq\u00ebrit\u00eb fatlume \u00ebsht\u00eb themeli i saj: kemi t\u00eb b\u00ebjm\u00eb me njer\u00ebz t\u00eb shkolluar, t\u00eb cil\u00ebt lexojn\u00eb, shkruajn\u00eb libra,\" \/>\n<meta name=\"robots\" content=\"index, follow, max-snippet:-1, max-image-preview:large, max-video-preview:-1\" \/>\n<link rel=\"canonical\" href=\"https:\/\/www.visit-ulcinj.com\/blog\/2009\/11\/12\/kohe-te-reja-dofare-flamujsh-te-rinj\/\" \/>\n<meta property=\"og:locale\" content=\"en_US\" \/>\n<meta property=\"og:type\" content=\"article\" \/>\n<meta property=\"og:title\" content=\"Koh\u00eb t\u00eb reja; Dofar\u00eb flamujsh t\u00eb rinj - Lajme nga Ulqini\" \/>\n<meta property=\"og:description\" content=\"Shtresa e mesme e popullat\u00ebs n\u00eb t\u00eb gjitha shoq\u00ebrit\u00eb fatlume \u00ebsht\u00eb themeli i saj: kemi t\u00eb b\u00ebjm\u00eb me njer\u00ebz t\u00eb shkolluar, t\u00eb cil\u00ebt lexojn\u00eb, shkruajn\u00eb libra,\" \/>\n<meta property=\"og:url\" content=\"https:\/\/www.visit-ulcinj.com\/blog\/2009\/11\/12\/kohe-te-reja-dofare-flamujsh-te-rinj\/\" \/>\n<meta property=\"og:site_name\" content=\"Lajme nga Ulqini\" \/>\n<meta property=\"article:published_time\" content=\"2009-11-12T19:43:44+00:00\" \/>\n<meta property=\"og:image\" content=\"http:\/\/www.visit-ulcinj.com\/blog\/wp-content\/uploads\/2009\/11\/ulqini.jpg\" \/>\n<meta name=\"twitter:label1\" content=\"Written by\" \/>\n\t<meta name=\"twitter:data1\" content=\"ulqini\" \/>\n\t<meta name=\"twitter:label2\" content=\"Est. reading time\" \/>\n\t<meta name=\"twitter:data2\" content=\"4 minutes\" \/>\n<script type=\"application\/ld+json\" class=\"yoast-schema-graph\">{\"@context\":\"https:\/\/schema.org\",\"@graph\":[{\"@type\":\"WebSite\",\"@id\":\"https:\/\/www.visit-ulcinj.com\/blog\/#website\",\"url\":\"https:\/\/www.visit-ulcinj.com\/blog\/\",\"name\":\"Lajme nga Ulqini\",\"description\":\"Lajme,Vijesti,Ulqini,Ulqin,Crna Gora,Mali i Zi\",\"potentialAction\":[{\"@type\":\"SearchAction\",\"target\":{\"@type\":\"EntryPoint\",\"urlTemplate\":\"https:\/\/www.visit-ulcinj.com\/blog\/?s={search_term_string}\"},\"query-input\":\"required name=search_term_string\"}],\"inLanguage\":\"en-US\"},{\"@type\":\"ImageObject\",\"inLanguage\":\"en-US\",\"@id\":\"https:\/\/www.visit-ulcinj.com\/blog\/2009\/11\/12\/kohe-te-reja-dofare-flamujsh-te-rinj\/#primaryimage\",\"url\":\"https:\/\/www.visit-ulcinj.com\/blog\/wp-content\/uploads\/2009\/11\/ulqini.jpg\",\"contentUrl\":\"https:\/\/www.visit-ulcinj.com\/blog\/wp-content\/uploads\/2009\/11\/ulqini.jpg\",\"width\":\"500\",\"height\":\"358\"},{\"@type\":\"WebPage\",\"@id\":\"https:\/\/www.visit-ulcinj.com\/blog\/2009\/11\/12\/kohe-te-reja-dofare-flamujsh-te-rinj\/#webpage\",\"url\":\"https:\/\/www.visit-ulcinj.com\/blog\/2009\/11\/12\/kohe-te-reja-dofare-flamujsh-te-rinj\/\",\"name\":\"Koh\u00eb t\u00eb reja; Dofar\u00eb flamujsh t\u00eb rinj - Lajme nga Ulqini\",\"isPartOf\":{\"@id\":\"https:\/\/www.visit-ulcinj.com\/blog\/#website\"},\"primaryImageOfPage\":{\"@id\":\"https:\/\/www.visit-ulcinj.com\/blog\/2009\/11\/12\/kohe-te-reja-dofare-flamujsh-te-rinj\/#primaryimage\"},\"datePublished\":\"2009-11-12T19:43:44+00:00\",\"dateModified\":\"2009-11-12T19:43:44+00:00\",\"author\":{\"@id\":\"https:\/\/www.visit-ulcinj.com\/blog\/#\/schema\/person\/dcab619c614d3038751c63bc2aadc06d\"},\"description\":\"Shtresa e mesme e popullat\u00ebs n\u00eb t\u00eb gjitha shoq\u00ebrit\u00eb fatlume \u00ebsht\u00eb themeli i saj: kemi t\u00eb b\u00ebjm\u00eb me njer\u00ebz t\u00eb shkolluar, t\u00eb cil\u00ebt lexojn\u00eb, shkruajn\u00eb libra,\",\"breadcrumb\":{\"@id\":\"https:\/\/www.visit-ulcinj.com\/blog\/2009\/11\/12\/kohe-te-reja-dofare-flamujsh-te-rinj\/#breadcrumb\"},\"inLanguage\":\"en-US\",\"potentialAction\":[{\"@type\":\"ReadAction\",\"target\":[\"https:\/\/www.visit-ulcinj.com\/blog\/2009\/11\/12\/kohe-te-reja-dofare-flamujsh-te-rinj\/\"]}]},{\"@type\":\"BreadcrumbList\",\"@id\":\"https:\/\/www.visit-ulcinj.com\/blog\/2009\/11\/12\/kohe-te-reja-dofare-flamujsh-te-rinj\/#breadcrumb\",\"itemListElement\":[{\"@type\":\"ListItem\",\"position\":1,\"name\":\"Koh\u00eb t\u00eb reja; Dofar\u00eb flamujsh t\u00eb rinj\"}]},{\"@type\":\"Person\",\"@id\":\"https:\/\/www.visit-ulcinj.com\/blog\/#\/schema\/person\/dcab619c614d3038751c63bc2aadc06d\",\"name\":\"ulqini\",\"sameAs\":[\"http:\/\/www.visit-ulcinj.com\"],\"url\":\"https:\/\/www.visit-ulcinj.com\/blog\/author\/admin\/\"}]}<\/script>\n<!-- \/ Yoast SEO plugin. -->","yoast_head_json":{"title":"Koh\u00eb t\u00eb reja; Dofar\u00eb flamujsh t\u00eb rinj - Lajme nga Ulqini","description":"Shtresa e mesme e popullat\u00ebs n\u00eb t\u00eb gjitha shoq\u00ebrit\u00eb fatlume \u00ebsht\u00eb themeli i saj: kemi t\u00eb b\u00ebjm\u00eb me njer\u00ebz t\u00eb shkolluar, t\u00eb cil\u00ebt lexojn\u00eb, shkruajn\u00eb libra,","robots":{"index":"index","follow":"follow","max-snippet":"max-snippet:-1","max-image-preview":"max-image-preview:large","max-video-preview":"max-video-preview:-1"},"canonical":"https:\/\/www.visit-ulcinj.com\/blog\/2009\/11\/12\/kohe-te-reja-dofare-flamujsh-te-rinj\/","og_locale":"en_US","og_type":"article","og_title":"Koh\u00eb t\u00eb reja; Dofar\u00eb flamujsh t\u00eb rinj - Lajme nga Ulqini","og_description":"Shtresa e mesme e popullat\u00ebs n\u00eb t\u00eb gjitha shoq\u00ebrit\u00eb fatlume \u00ebsht\u00eb themeli i saj: kemi t\u00eb b\u00ebjm\u00eb me njer\u00ebz t\u00eb shkolluar, t\u00eb cil\u00ebt lexojn\u00eb, shkruajn\u00eb libra,","og_url":"https:\/\/www.visit-ulcinj.com\/blog\/2009\/11\/12\/kohe-te-reja-dofare-flamujsh-te-rinj\/","og_site_name":"Lajme nga Ulqini","article_published_time":"2009-11-12T19:43:44+00:00","og_image":[{"url":"http:\/\/www.visit-ulcinj.com\/blog\/wp-content\/uploads\/2009\/11\/ulqini.jpg"}],"twitter_misc":{"Written by":"ulqini","Est. reading time":"4 minutes"},"schema":{"@context":"https:\/\/schema.org","@graph":[{"@type":"WebSite","@id":"https:\/\/www.visit-ulcinj.com\/blog\/#website","url":"https:\/\/www.visit-ulcinj.com\/blog\/","name":"Lajme nga Ulqini","description":"Lajme,Vijesti,Ulqini,Ulqin,Crna Gora,Mali i Zi","potentialAction":[{"@type":"SearchAction","target":{"@type":"EntryPoint","urlTemplate":"https:\/\/www.visit-ulcinj.com\/blog\/?s={search_term_string}"},"query-input":"required name=search_term_string"}],"inLanguage":"en-US"},{"@type":"ImageObject","inLanguage":"en-US","@id":"https:\/\/www.visit-ulcinj.com\/blog\/2009\/11\/12\/kohe-te-reja-dofare-flamujsh-te-rinj\/#primaryimage","url":"https:\/\/www.visit-ulcinj.com\/blog\/wp-content\/uploads\/2009\/11\/ulqini.jpg","contentUrl":"https:\/\/www.visit-ulcinj.com\/blog\/wp-content\/uploads\/2009\/11\/ulqini.jpg","width":"500","height":"358"},{"@type":"WebPage","@id":"https:\/\/www.visit-ulcinj.com\/blog\/2009\/11\/12\/kohe-te-reja-dofare-flamujsh-te-rinj\/#webpage","url":"https:\/\/www.visit-ulcinj.com\/blog\/2009\/11\/12\/kohe-te-reja-dofare-flamujsh-te-rinj\/","name":"Koh\u00eb t\u00eb reja; Dofar\u00eb flamujsh t\u00eb rinj - Lajme nga Ulqini","isPartOf":{"@id":"https:\/\/www.visit-ulcinj.com\/blog\/#website"},"primaryImageOfPage":{"@id":"https:\/\/www.visit-ulcinj.com\/blog\/2009\/11\/12\/kohe-te-reja-dofare-flamujsh-te-rinj\/#primaryimage"},"datePublished":"2009-11-12T19:43:44+00:00","dateModified":"2009-11-12T19:43:44+00:00","author":{"@id":"https:\/\/www.visit-ulcinj.com\/blog\/#\/schema\/person\/dcab619c614d3038751c63bc2aadc06d"},"description":"Shtresa e mesme e popullat\u00ebs n\u00eb t\u00eb gjitha shoq\u00ebrit\u00eb fatlume \u00ebsht\u00eb themeli i saj: kemi t\u00eb b\u00ebjm\u00eb me njer\u00ebz t\u00eb shkolluar, t\u00eb cil\u00ebt lexojn\u00eb, shkruajn\u00eb libra,","breadcrumb":{"@id":"https:\/\/www.visit-ulcinj.com\/blog\/2009\/11\/12\/kohe-te-reja-dofare-flamujsh-te-rinj\/#breadcrumb"},"inLanguage":"en-US","potentialAction":[{"@type":"ReadAction","target":["https:\/\/www.visit-ulcinj.com\/blog\/2009\/11\/12\/kohe-te-reja-dofare-flamujsh-te-rinj\/"]}]},{"@type":"BreadcrumbList","@id":"https:\/\/www.visit-ulcinj.com\/blog\/2009\/11\/12\/kohe-te-reja-dofare-flamujsh-te-rinj\/#breadcrumb","itemListElement":[{"@type":"ListItem","position":1,"name":"Koh\u00eb t\u00eb reja; Dofar\u00eb flamujsh t\u00eb rinj"}]},{"@type":"Person","@id":"https:\/\/www.visit-ulcinj.com\/blog\/#\/schema\/person\/dcab619c614d3038751c63bc2aadc06d","name":"ulqini","sameAs":["http:\/\/www.visit-ulcinj.com"],"url":"https:\/\/www.visit-ulcinj.com\/blog\/author\/admin\/"}]}},"jetpack_featured_media_url":"","jetpack_sharing_enabled":true,"jetpack_shortlink":"https:\/\/wp.me\/pe6lTn-72f","_links":{"self":[{"href":"https:\/\/www.visit-ulcinj.com\/blog\/wp-json\/wp\/v2\/posts\/27047"}],"collection":[{"href":"https:\/\/www.visit-ulcinj.com\/blog\/wp-json\/wp\/v2\/posts"}],"about":[{"href":"https:\/\/www.visit-ulcinj.com\/blog\/wp-json\/wp\/v2\/types\/post"}],"author":[{"embeddable":true,"href":"https:\/\/www.visit-ulcinj.com\/blog\/wp-json\/wp\/v2\/users\/1"}],"replies":[{"embeddable":true,"href":"https:\/\/www.visit-ulcinj.com\/blog\/wp-json\/wp\/v2\/comments?post=27047"}],"version-history":[{"count":0,"href":"https:\/\/www.visit-ulcinj.com\/blog\/wp-json\/wp\/v2\/posts\/27047\/revisions"}],"wp:attachment":[{"href":"https:\/\/www.visit-ulcinj.com\/blog\/wp-json\/wp\/v2\/media?parent=27047"}],"wp:term":[{"taxonomy":"category","embeddable":true,"href":"https:\/\/www.visit-ulcinj.com\/blog\/wp-json\/wp\/v2\/categories?post=27047"},{"taxonomy":"post_tag","embeddable":true,"href":"https:\/\/www.visit-ulcinj.com\/blog\/wp-json\/wp\/v2\/tags?post=27047"}],"curies":[{"name":"wp","href":"https:\/\/api.w.org\/{rel}","templated":true}]}}