{"id":2705,"date":"2008-08-25T16:54:56","date_gmt":"2008-08-25T21:54:56","guid":{"rendered":"http:\/\/www.visit-ulcinj.com\/blog\/?p=2705"},"modified":"2008-08-25T16:54:56","modified_gmt":"2008-08-25T21:54:56","slug":"marovic-ima-pritisaka-da-priznamo-nezavisnost-kosova","status":"publish","type":"post","link":"https:\/\/www.visit-ulcinj.com\/blog\/2008\/08\/25\/marovic-ima-pritisaka-da-priznamo-nezavisnost-kosova\/","title":{"rendered":"Marovi?: Ima pritisaka da priznamo nezavisnost Kosova"},"content":{"rendered":"<p><a href=\"http:\/\/www.danas.co.yu\/20041023\/img\/hronika1_1.jpg\"><img loading=\"lazy\" class=\"alignleft\" title=\"Svetozar Marovi?\" src=\"http:\/\/www.danas.co.yu\/20041023\/img\/hronika1_1.jpg\" alt=\"\" width=\"198\" height=\"236\" \/><\/a>PODGORICA &#8211; Potpredsjednik vladaju?e crnogorske Demokratske partije socijalista (DPS) Svetozar Marovi? potvrdio je ve?eras da ima pritisaka iz me?unarodne zajednice na Crnu Goru da prizna nezavisnost Kosova.<br \/>\nMarovi? je u intervjuu Televiziji Crne Gore rekao da je pitanje Kosova veoma osjetljivo i da nema postavljenih rokova do kada Crna Gora treba da se izjasni o nezavisnosti Kosova, &#8220;ali svakako ima pritisaka&#8221; i poru?io da od vlasti ne treba o?ekivati da pitanje Kosova pretpostavi pitanjima evropske integracije.<br \/>\n&#8220;Crna Gora te\u0161ko mo\u017ee pitanje Kosova pretpostaviti pitanjima evropskih integracija i brzine integrisanja u evroatlanske integracije&#8221;, kazao je Marovi?.<br \/>\nOn je dodao da &#8220;to zna?i da ?e vjerovatno Crna Gora biti u poziciji da odlu?i \u0161ta je za nju va\u017enije &#8211; da li da ide ka Evropi i punopravnom ?lanstvu u evropskim institucijama ili ?e biti u situaciji da mo\u017eda te svoje prioritete, koji su cilj Crne Gore, mo\u017eda za trenutak stavi u drugi plan&#8221;.<br \/>\nPotpredsjednik DPS-a, koji va\u017ei za glavnog stratega vladaju?e partije u Crnoj Gori, rekao je da ne mo\u017ee procijeniti kada ?e Crna Gora odlu?ivati o Kosovu i podsjetio je da je i Srbija vratila ambasadore u zemlje ?lanice Evropske unije koje su priznale nezavisnost Kosova.<br \/>\n<strong>Izvor \/ Tanjug<\/strong><\/p>\n<!-- vimeo error: not a vimeo video -->\n","protected":false},"excerpt":{"rendered":"<p><img loading=\"lazy\" class=\"alignleft\" title=\"Svetozar Marovi?\" src=\"http:\/\/www.danas.co.yu\/20041023\/img\/hronika1_1.jpg\" alt=\"\" width=\"140\" height=\"140\" \/><\/p>\n","protected":false},"author":1,"featured_media":0,"comment_status":"open","ping_status":"closed","sticky":false,"template":"","format":"standard","meta":{"spay_email":"","jetpack_publicize_message":"","jetpack_is_tweetstorm":false,"jetpack_publicize_feature_enabled":true},"categories":[1,6,12],"tags":[20,3462],"jetpack_publicize_connections":[],"yoast_head":"<!-- This site is optimized with the Yoast SEO plugin v19.1 - https:\/\/yoast.com\/wordpress\/plugins\/seo\/ -->\n<title>Marovi?: Ima pritisaka da priznamo nezavisnost Kosova - Lajme nga Ulqini<\/title>\n<meta name=\"robots\" content=\"index, follow, max-snippet:-1, max-image-preview:large, max-video-preview:-1\" \/>\n<link rel=\"canonical\" href=\"https:\/\/www.visit-ulcinj.com\/blog\/2008\/08\/25\/marovic-ima-pritisaka-da-priznamo-nezavisnost-kosova\/\" \/>\n<meta property=\"og:locale\" content=\"en_US\" \/>\n<meta property=\"og:type\" content=\"article\" \/>\n<meta property=\"og:title\" content=\"Marovi?: Ima pritisaka da priznamo nezavisnost Kosova - Lajme nga Ulqini\" \/>\n<meta property=\"og:url\" content=\"https:\/\/www.visit-ulcinj.com\/blog\/2008\/08\/25\/marovic-ima-pritisaka-da-priznamo-nezavisnost-kosova\/\" \/>\n<meta property=\"og:site_name\" content=\"Lajme nga Ulqini\" \/>\n<meta property=\"article:published_time\" content=\"2008-08-25T21:54:56+00:00\" \/>\n<meta property=\"og:image\" content=\"http:\/\/www.danas.co.yu\/20041023\/img\/hronika1_1.jpg\" \/>\n<meta name=\"twitter:label1\" content=\"Written by\" \/>\n\t<meta name=\"twitter:data1\" content=\"ulqini\" \/>\n\t<meta name=\"twitter:label2\" content=\"Est. reading time\" \/>\n\t<meta name=\"twitter:data2\" content=\"1 minute\" \/>\n<script type=\"application\/ld+json\" class=\"yoast-schema-graph\">{\"@context\":\"https:\/\/schema.org\",\"@graph\":[{\"@type\":\"WebSite\",\"@id\":\"https:\/\/www.visit-ulcinj.com\/blog\/#website\",\"url\":\"https:\/\/www.visit-ulcinj.com\/blog\/\",\"name\":\"Lajme nga Ulqini\",\"description\":\"Lajme,Vijesti,Ulqini,Ulqin,Crna Gora,Mali i Zi\",\"potentialAction\":[{\"@type\":\"SearchAction\",\"target\":{\"@type\":\"EntryPoint\",\"urlTemplate\":\"https:\/\/www.visit-ulcinj.com\/blog\/?s={search_term_string}\"},\"query-input\":\"required name=search_term_string\"}],\"inLanguage\":\"en-US\"},{\"@type\":\"ImageObject\",\"inLanguage\":\"en-US\",\"@id\":\"https:\/\/www.visit-ulcinj.com\/blog\/2008\/08\/25\/marovic-ima-pritisaka-da-priznamo-nezavisnost-kosova\/#primaryimage\",\"url\":\"http:\/\/www.danas.co.yu\/20041023\/img\/hronika1_1.jpg\",\"contentUrl\":\"http:\/\/www.danas.co.yu\/20041023\/img\/hronika1_1.jpg\"},{\"@type\":\"WebPage\",\"@id\":\"https:\/\/www.visit-ulcinj.com\/blog\/2008\/08\/25\/marovic-ima-pritisaka-da-priznamo-nezavisnost-kosova\/#webpage\",\"url\":\"https:\/\/www.visit-ulcinj.com\/blog\/2008\/08\/25\/marovic-ima-pritisaka-da-priznamo-nezavisnost-kosova\/\",\"name\":\"Marovi?: Ima pritisaka da priznamo nezavisnost Kosova - Lajme nga Ulqini\",\"isPartOf\":{\"@id\":\"https:\/\/www.visit-ulcinj.com\/blog\/#website\"},\"primaryImageOfPage\":{\"@id\":\"https:\/\/www.visit-ulcinj.com\/blog\/2008\/08\/25\/marovic-ima-pritisaka-da-priznamo-nezavisnost-kosova\/#primaryimage\"},\"datePublished\":\"2008-08-25T21:54:56+00:00\",\"dateModified\":\"2008-08-25T21:54:56+00:00\",\"author\":{\"@id\":\"https:\/\/www.visit-ulcinj.com\/blog\/#\/schema\/person\/dcab619c614d3038751c63bc2aadc06d\"},\"breadcrumb\":{\"@id\":\"https:\/\/www.visit-ulcinj.com\/blog\/2008\/08\/25\/marovic-ima-pritisaka-da-priznamo-nezavisnost-kosova\/#breadcrumb\"},\"inLanguage\":\"en-US\",\"potentialAction\":[{\"@type\":\"ReadAction\",\"target\":[\"https:\/\/www.visit-ulcinj.com\/blog\/2008\/08\/25\/marovic-ima-pritisaka-da-priznamo-nezavisnost-kosova\/\"]}]},{\"@type\":\"BreadcrumbList\",\"@id\":\"https:\/\/www.visit-ulcinj.com\/blog\/2008\/08\/25\/marovic-ima-pritisaka-da-priznamo-nezavisnost-kosova\/#breadcrumb\",\"itemListElement\":[{\"@type\":\"ListItem\",\"position\":1,\"name\":\"Marovi?: Ima pritisaka da priznamo nezavisnost Kosova\"}]},{\"@type\":\"Person\",\"@id\":\"https:\/\/www.visit-ulcinj.com\/blog\/#\/schema\/person\/dcab619c614d3038751c63bc2aadc06d\",\"name\":\"ulqini\",\"sameAs\":[\"http:\/\/www.visit-ulcinj.com\"],\"url\":\"https:\/\/www.visit-ulcinj.com\/blog\/author\/admin\/\"}]}<\/script>\n<!-- \/ Yoast SEO plugin. -->","yoast_head_json":{"title":"Marovi?: Ima pritisaka da priznamo nezavisnost Kosova - Lajme nga Ulqini","robots":{"index":"index","follow":"follow","max-snippet":"max-snippet:-1","max-image-preview":"max-image-preview:large","max-video-preview":"max-video-preview:-1"},"canonical":"https:\/\/www.visit-ulcinj.com\/blog\/2008\/08\/25\/marovic-ima-pritisaka-da-priznamo-nezavisnost-kosova\/","og_locale":"en_US","og_type":"article","og_title":"Marovi?: Ima pritisaka da priznamo nezavisnost Kosova - Lajme nga Ulqini","og_url":"https:\/\/www.visit-ulcinj.com\/blog\/2008\/08\/25\/marovic-ima-pritisaka-da-priznamo-nezavisnost-kosova\/","og_site_name":"Lajme nga Ulqini","article_published_time":"2008-08-25T21:54:56+00:00","og_image":[{"url":"http:\/\/www.danas.co.yu\/20041023\/img\/hronika1_1.jpg"}],"twitter_misc":{"Written by":"ulqini","Est. reading time":"1 minute"},"schema":{"@context":"https:\/\/schema.org","@graph":[{"@type":"WebSite","@id":"https:\/\/www.visit-ulcinj.com\/blog\/#website","url":"https:\/\/www.visit-ulcinj.com\/blog\/","name":"Lajme nga Ulqini","description":"Lajme,Vijesti,Ulqini,Ulqin,Crna Gora,Mali i Zi","potentialAction":[{"@type":"SearchAction","target":{"@type":"EntryPoint","urlTemplate":"https:\/\/www.visit-ulcinj.com\/blog\/?s={search_term_string}"},"query-input":"required name=search_term_string"}],"inLanguage":"en-US"},{"@type":"ImageObject","inLanguage":"en-US","@id":"https:\/\/www.visit-ulcinj.com\/blog\/2008\/08\/25\/marovic-ima-pritisaka-da-priznamo-nezavisnost-kosova\/#primaryimage","url":"http:\/\/www.danas.co.yu\/20041023\/img\/hronika1_1.jpg","contentUrl":"http:\/\/www.danas.co.yu\/20041023\/img\/hronika1_1.jpg"},{"@type":"WebPage","@id":"https:\/\/www.visit-ulcinj.com\/blog\/2008\/08\/25\/marovic-ima-pritisaka-da-priznamo-nezavisnost-kosova\/#webpage","url":"https:\/\/www.visit-ulcinj.com\/blog\/2008\/08\/25\/marovic-ima-pritisaka-da-priznamo-nezavisnost-kosova\/","name":"Marovi?: Ima pritisaka da priznamo nezavisnost Kosova - Lajme nga Ulqini","isPartOf":{"@id":"https:\/\/www.visit-ulcinj.com\/blog\/#website"},"primaryImageOfPage":{"@id":"https:\/\/www.visit-ulcinj.com\/blog\/2008\/08\/25\/marovic-ima-pritisaka-da-priznamo-nezavisnost-kosova\/#primaryimage"},"datePublished":"2008-08-25T21:54:56+00:00","dateModified":"2008-08-25T21:54:56+00:00","author":{"@id":"https:\/\/www.visit-ulcinj.com\/blog\/#\/schema\/person\/dcab619c614d3038751c63bc2aadc06d"},"breadcrumb":{"@id":"https:\/\/www.visit-ulcinj.com\/blog\/2008\/08\/25\/marovic-ima-pritisaka-da-priznamo-nezavisnost-kosova\/#breadcrumb"},"inLanguage":"en-US","potentialAction":[{"@type":"ReadAction","target":["https:\/\/www.visit-ulcinj.com\/blog\/2008\/08\/25\/marovic-ima-pritisaka-da-priznamo-nezavisnost-kosova\/"]}]},{"@type":"BreadcrumbList","@id":"https:\/\/www.visit-ulcinj.com\/blog\/2008\/08\/25\/marovic-ima-pritisaka-da-priznamo-nezavisnost-kosova\/#breadcrumb","itemListElement":[{"@type":"ListItem","position":1,"name":"Marovi?: Ima pritisaka da priznamo nezavisnost Kosova"}]},{"@type":"Person","@id":"https:\/\/www.visit-ulcinj.com\/blog\/#\/schema\/person\/dcab619c614d3038751c63bc2aadc06d","name":"ulqini","sameAs":["http:\/\/www.visit-ulcinj.com"],"url":"https:\/\/www.visit-ulcinj.com\/blog\/author\/admin\/"}]}},"jetpack_featured_media_url":"","jetpack_sharing_enabled":true,"jetpack_shortlink":"https:\/\/wp.me\/pe6lTn-HD","_links":{"self":[{"href":"https:\/\/www.visit-ulcinj.com\/blog\/wp-json\/wp\/v2\/posts\/2705"}],"collection":[{"href":"https:\/\/www.visit-ulcinj.com\/blog\/wp-json\/wp\/v2\/posts"}],"about":[{"href":"https:\/\/www.visit-ulcinj.com\/blog\/wp-json\/wp\/v2\/types\/post"}],"author":[{"embeddable":true,"href":"https:\/\/www.visit-ulcinj.com\/blog\/wp-json\/wp\/v2\/users\/1"}],"replies":[{"embeddable":true,"href":"https:\/\/www.visit-ulcinj.com\/blog\/wp-json\/wp\/v2\/comments?post=2705"}],"version-history":[{"count":0,"href":"https:\/\/www.visit-ulcinj.com\/blog\/wp-json\/wp\/v2\/posts\/2705\/revisions"}],"wp:attachment":[{"href":"https:\/\/www.visit-ulcinj.com\/blog\/wp-json\/wp\/v2\/media?parent=2705"}],"wp:term":[{"taxonomy":"category","embeddable":true,"href":"https:\/\/www.visit-ulcinj.com\/blog\/wp-json\/wp\/v2\/categories?post=2705"},{"taxonomy":"post_tag","embeddable":true,"href":"https:\/\/www.visit-ulcinj.com\/blog\/wp-json\/wp\/v2\/tags?post=2705"}],"curies":[{"name":"wp","href":"https:\/\/api.w.org\/{rel}","templated":true}]}}