{"id":27051,"date":"2009-11-12T21:57:56","date_gmt":"2009-11-12T19:57:56","guid":{"rendered":"http:\/\/www.visit-ulcinj.com\/blog\/?p=27051"},"modified":"2009-11-12T21:57:56","modified_gmt":"2009-11-12T19:57:56","slug":"zhdukja-e-nht-%e2%80%9criviera-e-ulqinit%e2%80%9d","status":"publish","type":"post","link":"https:\/\/www.visit-ulcinj.com\/blog\/2009\/11\/12\/zhdukja-e-nht-%e2%80%9criviera-e-ulqinit%e2%80%9d\/","title":{"rendered":"Zhdukja e NHT \u201cRiviera e Ulqinit\u201d"},"content":{"rendered":"<p><a href=\"http:\/\/www.visit-ulcinj.com\/blog\/wp-content\/uploads\/2009\/11\/NHT-\u201cRIVIERA-E-ULQINIT\u201d.jpg\"><img loading=\"lazy\" class=\"alignleft size-full wp-image-27052\" title=\"NHT \u201cRIVIERA E ULQINIT\u201d\" src=\"http:\/\/www.visit-ulcinj.com\/blog\/wp-content\/uploads\/2009\/11\/NHT-\u201cRIVIERA-E-ULQINIT\u201d.jpg\" alt=\"NHT \u201cRIVIERA E ULQINIT\u201d\" width=\"580\" height=\"400\" \/><\/a>\u201cRiviera e Ulqinit\u201d pothuajse tashm\u00eb gjasht\u00eb vite \u00ebsht\u00eb gjunj\u00ebzuar. Asaj tani nuk i nevojitet tenderi me t\u00eb cilin do t\u00eb mbusheshin fondet e zbraz\u00ebta t\u00eb shtetit, por nj\u00eb ristrukturim afarist dhe financiar, me nj\u00eb rikapitalizim t\u00eb domosdosh\u00ebm, si\u00e7 \u00ebsht\u00eb vepruar, p\u00ebr shembull, me Elektroekonomin\u00eb.<br \/>\nStina e sivjetme turistike n\u00eb Rivier\u00ebn e Ulqinit, si\u00e7 pohojn\u00eb krer\u00ebt e saj, ka qen\u00eb dy deri tri her\u00eb m\u00eb e mir\u00eb sesa vitin e kaluar. \u201cGjysma e dyt\u00eb e korrikut dhe gushti i rrafshuan minuset\u201d, deklaruan ata.<br \/>\nMir\u00ebpo, k\u00ebt\u00eb nuk e konfirmojn\u00eb pun\u00ebtor\u00ebt e k\u00ebtij gjiganti t\u00eb dikursh\u00ebm. Atyre p\u00ebr muajin shtator rrogat u jan\u00eb zvog\u00ebluar p\u00ebr 50 euro.<br \/>\nN\u00eb t\u00eb nj\u00ebjt\u00ebn koh\u00eb, Qeveria e Malit t\u00eb Zi shpalli tenderin p\u00ebr shitjen e 61 p\u00ebrqind t\u00eb aksioneve t\u00eb \u201cRivier\u00ebs s\u00eb Ulqinit\u201d, q\u00eb jan\u00eb n\u00eb pron\u00ebsin\u00eb e fondeve shtet\u00ebrore, me \u00e7ka u vulos thelb\u00ebsisht zhdukja e kompanis\u00eb e cila nd\u00ebrtoi Ulqinin modern.<br \/>\n\u201cM\u00ebnyra sipas t\u00eb cil\u00ebs \u00ebsht\u00eb shpallur ky tender flet p\u00ebr faktin q\u00eb n\u00eb Qeverin\u00eb e Malit t\u00eb Zi nuk ekziston strategjia p\u00ebr valorizimin e k\u00ebtyre resurseve m\u00eb t\u00eb vlefshme n\u00eb Malin e Zi. Edhe vet\u00eb q\u00ebllimi i k\u00ebtij tenderi q\u00eb t\u00eb shitet di\u00e7ka q\u00eb ka mbetur nga nd\u00ebrmarrja dikur e fuqishme n\u00eb fakt tregon se po punohet n\u00eb m\u00ebnyr\u00eb stihike dhe se Qeveria dhe K\u00ebshilli i Privatizimit nuk kan\u00eb d\u00ebshir\u00eb q\u00eb t\u00eb valorizohen drejt resurset e Ulqinit\u201d, thot\u00eb deputeti i Partis\u00eb Popullore Socialiste Aleksandar Damjanoviq.<br \/>\nDeputeti i Lidhjes Demokratike n\u00eb Mal t\u00eb Zi Mehmet Bardhi konsideron se \u00ebsht\u00eb skandaloze q\u00eb nga i t\u00ebr\u00eb procesi p\u00ebrjashtohet pushteti lokal, duke marr\u00eb parasysh r\u00ebnd\u00ebsin\u00eb dhe pozit\u00ebn e \u201cRivier\u00ebs s\u00eb Ulqinit\u201d. Ai thekson se Komuna e ka dh\u00ebn\u00eb n\u00eb shfryt\u00ebzim tok\u00ebn t\u00eb cil\u00ebn tani e menaxhon Riviera e Ulqinit.<br \/>\nBanor\u00ebt vend\u00ebs t\u00eb Shtojit paralajm\u00ebruan gjithashtu se nj\u00eb pjes\u00eb e tok\u00ebs n\u00eb t\u00eb cil\u00ebn ndodhen objektet e k\u00ebsaj nd\u00ebrmarrjeje jan\u00eb objekt i restituimit.<br \/>\nBardhi shfaq dyshimin ndaj mund\u00ebsis\u00eb s\u00eb gjetjes s\u00eb investitorit serioz i cili nuk do t\u00eb nd\u00ebrmarr\u00eb investime spekulative, si\u00e7 ka ndodhur me rastin e t\u00eb gjitha privatizimeve n\u00eb k\u00ebt\u00eb qytet, e t\u00eb cilat, si\u00e7 shprehet ai, mund t\u00eb cil\u00ebsohen si kolonizuese.<br \/>\n\u201c\u00cbsht\u00eb m\u00eb se i qart\u00eb q\u00ebllimi q\u00eb p\u00ebrmes der\u00ebs s\u00eb vog\u00ebl t\u00eb gjendet bler\u00ebsi i p\u00ebrshtatsh\u00ebm, vendas apo i huaj, i cili n\u00eb m\u00ebnyr\u00eb t\u00eb vet do ta valorizonte at\u00eb q\u00eb \u00ebsht\u00eb e vlefshme dhe q\u00eb duhet ruajtur\u201d, shton Damjanoviq. Si\u00e7 duket, shpallja e tenderit \u00ebsht\u00eb epilog i falimentimit n\u00eb t\u00eb cilin kjo nd\u00ebrmarrje u hodh n\u00eb fillim t\u00eb vitit 2004 p\u00ebr shkak t\u00eb borxhit prej 230 mij\u00eb euro ndaj \u201cElektrodistribucionit\u201d, mbase tani t\u00eb gjith\u00eb e kan\u00eb t\u00eb qart\u00eb \u201cq\u00eb falimentimi \u00ebsht\u00eb b\u00ebr\u00eb vet\u00ebm me nj\u00eb q\u00ebllim: q\u00eb t\u00eb pla\u00e7kitet hap\u00ebsira e mrekullueshme e \u201cRivier\u00ebs s\u00eb Ulqinit\u201d, e q\u00eb potencialet e saj t\u00eb vlefshme t\u00eb derdhen n\u00eb xhepa private\u201d, thot\u00eb bashk\u00ebrenduesi i Grupit t\u00eb organizatave joqeveritare dhe intelektual\u00ebve t\u00eb pavarur nga Ulqini, Xhemal Peroviq.<br \/>\nN\u00eb k\u00ebt\u00eb m\u00ebnyr\u00eb p\u00ebrfundoi faktikisht dhe simbolikisht nj\u00eb etap\u00eb n\u00eb historin\u00eb m\u00eb t\u00eb re t\u00eb Ulqinit, periudh\u00eb kjo e cila p\u00ebr nj\u00eb num\u00ebr t\u00eb madh t\u00eb ulqinak\u00ebve ka qen\u00eb periudha m\u00eb e bukur e jet\u00ebrave t\u00eb tyre. Ishte ky nj\u00eb \u00e7ast i hidhur p\u00ebr t\u00eb gjitha gjeneratat e pasluft\u00ebs n\u00eb Ulqin. Sidomos p\u00ebr kamarier\u00ebt, gjell\u00ebb\u00ebr\u00ebsit, recepcionist\u00ebt dhe personelin ndihm\u00ebs, p\u00ebrkat\u00ebsisht p\u00ebr njer\u00ebzit e zakonsh\u00ebm, specialist\u00eb n\u00eb profesionin e vet, t\u00eb cil\u00ebt nuk mund\u00ebn t\u2019i kuptojm\u00eb trendet dhe t\u00eb imagjinojn\u00eb skenarin e k\u00ebsaj drame t\u00eb tmerrshme. E n\u00eb \u201cRivier\u00ebn e Ulqinit\u201d kan\u00eb punuar dy mij\u00eb njer\u00ebz, p\u00ebrfshir\u00eb edhe pun\u00ebtor\u00ebt stinor\u00eb. Sot ka gjasht\u00eb her\u00eb m\u00eb pak sish!<br \/>\nBrenda kat\u00ebr viteve sa zgjati falimentimi u shit\u00ebn hotelet Otrant, Mediteran, Galeb dhe Lido, Stacioni i autobus\u00ebve, Kulla e Ballshajve n\u00eb Qytetin e Vjet\u00ebr.<br \/>\n\u201cQ\u00ebllimi i falimentimit do t\u00eb duhej t\u00eb ishte amputimi i objekteve q\u00eb jan\u00eb balast, e jo q\u00eb ato t\u00eb shiten n\u00eb m\u00ebnyr\u00eb joselektive dhe t\u00eb ndahet dividenda\u201d, thot\u00eb Peroviq.<br \/>\nAi rikujton se aksionar\u00ebve t\u00eb k\u00ebsaj nd\u00ebrmarrjeje n\u00eb vitin 2007 u jan\u00eb paguar 5,8 milion\u00eb euro dividenda, pik\u00ebrisht aq sa \u00ebsht\u00eb shitur Hoteli \u201cGaleb\u201d, simbol i Rivier\u00ebs s\u00eb Ulqinit dhe i t\u00ebr\u00eb qytetit.<br \/>\nSidoqoft\u00eb, \u201cRiviera e Ulqinit\u201d pothuajse tashm\u00eb gjasht\u00eb vite \u00ebsht\u00eb gjunj\u00ebzuar. Asaj tani nuk i nevojitet tenderi me t\u00eb cilin do t\u00eb mbusheshin fondet e zbraz\u00ebta t\u00eb shtetit, por nj\u00eb ristrukturim afarist dhe financiar, me nj\u00eb rikapitalizim t\u00eb domosdosh\u00ebm, si\u00e7 \u00ebsht\u00eb vepruar, p\u00ebr shembull, me Elektroekonomin\u00eb. P\u00ebrmes rikapitalizimit partneri strategjik do t\u00eb duhej t\u00eb siguronte rikonstruksionin e Olimpikut dhe t\u00eb objekteve n\u00eb Ad\u00eb, rr\u00ebnimin dhe rind\u00ebrtimin e \u201cBellevu\u201d-s\u00eb, zhvillimin dhe p\u00ebrmir\u00ebsimin e sh\u00ebrbimeve.<br \/>\nM\u00eb n\u00eb fund, Ulqinit i duhet nj\u00eb kompani hoteliere moderne e fokusuar n\u00eb hotele cil\u00ebsore t\u00eb rangut t\u00eb lart\u00eb, selia e s\u00eb cil\u00ebs do t\u00eb ishte n\u00eb k\u00ebt\u00eb qytet.<\/p>\n<p><strong>Mustafa Canka<br \/>\nKoha Javore<\/strong><\/p>\n<p><strong><br \/>\n<\/strong><\/p>\n<div><object classid=\"clsid:d27cdb6e-ae6d-11cf-96b8-444553540000\" width=\"580\" height=\"394\" codebase=\"http:\/\/download.macromedia.com\/pub\/shockwave\/cabs\/flash\/swflash.cab#version=6,0,40,0\"><param name=\"allowFullScreen\" value=\"true\" \/><param name=\"allowScriptAccess\" value=\"always\" \/><param name=\"src\" value=\"http:\/\/www.dailymotion.com\/swf\/xafru4&amp;autoPlay=1\" \/><param name=\"allowfullscreen\" value=\"true\" \/><\/object><\/div>\n","protected":false},"excerpt":{"rendered":"<p>\u201cRiviera e Ulqinit\u201d pothuajse tashm\u00eb gjasht\u00eb vite \u00ebsht\u00eb gjunj\u00ebzuar. Asaj tani nuk i nevojitet tenderi me t\u00eb cilin do t\u00eb mbusheshin fondet e zbraz\u00ebta t\u00eb shtetit, por nj\u00eb ristrukturim afarist dhe financiar, me nj\u00eb rikapitalizim t\u00eb domosdosh\u00ebm, si\u00e7 \u00ebsht\u00eb vepruar, p\u00ebr shembull, me Elektroekonomin\u00eb. Stina e sivjetme turistike n\u00eb Rivier\u00ebn e Ulqinit, si\u00e7 pohojn\u00eb krer\u00ebt [&hellip;]<\/p>\n","protected":false},"author":1,"featured_media":0,"comment_status":"open","ping_status":"closed","sticky":false,"template":"","format":"standard","meta":{"spay_email":"","jetpack_publicize_message":"","jetpack_is_tweetstorm":false,"jetpack_publicize_feature_enabled":true},"categories":[13],"tags":[11191],"jetpack_publicize_connections":[],"yoast_head":"<!-- This site is optimized with the Yoast SEO plugin v19.1 - https:\/\/yoast.com\/wordpress\/plugins\/seo\/ -->\n<title>Zhdukja e NHT \u201cRiviera e Ulqinit\u201d - Lajme nga Ulqini<\/title>\n<meta name=\"description\" content=\"\u201cRiviera e Ulqinit\u201d pothuajse tashm\u00eb gjasht\u00eb vite \u00ebsht\u00eb gjunj\u00ebzuar. Asaj tani nuk i nevojitet tenderi me t\u00eb cilin do t\u00eb mbusheshin fondet e zbraz\u00ebta t\u00eb\" \/>\n<meta name=\"robots\" content=\"index, follow, max-snippet:-1, max-image-preview:large, max-video-preview:-1\" \/>\n<link rel=\"canonical\" href=\"https:\/\/www.visit-ulcinj.com\/blog\/2009\/11\/12\/zhdukja-e-nht-\u201criviera-e-ulqinit\u201d\/\" \/>\n<meta property=\"og:locale\" content=\"en_US\" \/>\n<meta property=\"og:type\" content=\"article\" \/>\n<meta property=\"og:title\" content=\"Zhdukja e NHT \u201cRiviera e Ulqinit\u201d - Lajme nga Ulqini\" \/>\n<meta property=\"og:description\" content=\"\u201cRiviera e Ulqinit\u201d pothuajse tashm\u00eb gjasht\u00eb vite \u00ebsht\u00eb gjunj\u00ebzuar. Asaj tani nuk i nevojitet tenderi me t\u00eb cilin do t\u00eb mbusheshin fondet e zbraz\u00ebta t\u00eb\" \/>\n<meta property=\"og:url\" content=\"https:\/\/www.visit-ulcinj.com\/blog\/2009\/11\/12\/zhdukja-e-nht-\u201criviera-e-ulqinit\u201d\/\" \/>\n<meta property=\"og:site_name\" content=\"Lajme nga Ulqini\" \/>\n<meta property=\"article:published_time\" content=\"2009-11-12T19:57:56+00:00\" \/>\n<meta name=\"twitter:label1\" content=\"Written by\" \/>\n\t<meta name=\"twitter:data1\" content=\"ulqini\" \/>\n\t<meta name=\"twitter:label2\" content=\"Est. reading time\" \/>\n\t<meta name=\"twitter:data2\" content=\"4 minutes\" \/>\n<script type=\"application\/ld+json\" class=\"yoast-schema-graph\">{\"@context\":\"https:\/\/schema.org\",\"@graph\":[{\"@type\":\"WebSite\",\"@id\":\"https:\/\/www.visit-ulcinj.com\/blog\/#website\",\"url\":\"https:\/\/www.visit-ulcinj.com\/blog\/\",\"name\":\"Lajme nga Ulqini\",\"description\":\"Lajme,Vijesti,Ulqini,Ulqin,Crna Gora,Mali i Zi\",\"potentialAction\":[{\"@type\":\"SearchAction\",\"target\":{\"@type\":\"EntryPoint\",\"urlTemplate\":\"https:\/\/www.visit-ulcinj.com\/blog\/?s={search_term_string}\"},\"query-input\":\"required name=search_term_string\"}],\"inLanguage\":\"en-US\"},{\"@type\":\"WebPage\",\"@id\":\"https:\/\/www.visit-ulcinj.com\/blog\/2009\/11\/12\/zhdukja-e-nht-%e2%80%9criviera-e-ulqinit%e2%80%9d\/#webpage\",\"url\":\"https:\/\/www.visit-ulcinj.com\/blog\/2009\/11\/12\/zhdukja-e-nht-%e2%80%9criviera-e-ulqinit%e2%80%9d\/\",\"name\":\"Zhdukja e NHT \u201cRiviera e Ulqinit\u201d - Lajme nga Ulqini\",\"isPartOf\":{\"@id\":\"https:\/\/www.visit-ulcinj.com\/blog\/#website\"},\"datePublished\":\"2009-11-12T19:57:56+00:00\",\"dateModified\":\"2009-11-12T19:57:56+00:00\",\"author\":{\"@id\":\"https:\/\/www.visit-ulcinj.com\/blog\/#\/schema\/person\/dcab619c614d3038751c63bc2aadc06d\"},\"description\":\"\u201cRiviera e Ulqinit\u201d pothuajse tashm\u00eb gjasht\u00eb vite \u00ebsht\u00eb gjunj\u00ebzuar. Asaj tani nuk i nevojitet tenderi me t\u00eb cilin do t\u00eb mbusheshin fondet e zbraz\u00ebta t\u00eb\",\"breadcrumb\":{\"@id\":\"https:\/\/www.visit-ulcinj.com\/blog\/2009\/11\/12\/zhdukja-e-nht-%e2%80%9criviera-e-ulqinit%e2%80%9d\/#breadcrumb\"},\"inLanguage\":\"en-US\",\"potentialAction\":[{\"@type\":\"ReadAction\",\"target\":[\"https:\/\/www.visit-ulcinj.com\/blog\/2009\/11\/12\/zhdukja-e-nht-%e2%80%9criviera-e-ulqinit%e2%80%9d\/\"]}]},{\"@type\":\"BreadcrumbList\",\"@id\":\"https:\/\/www.visit-ulcinj.com\/blog\/2009\/11\/12\/zhdukja-e-nht-%e2%80%9criviera-e-ulqinit%e2%80%9d\/#breadcrumb\",\"itemListElement\":[{\"@type\":\"ListItem\",\"position\":1,\"name\":\"Zhdukja e NHT \u201cRiviera e Ulqinit\u201d\"}]},{\"@type\":\"Person\",\"@id\":\"https:\/\/www.visit-ulcinj.com\/blog\/#\/schema\/person\/dcab619c614d3038751c63bc2aadc06d\",\"name\":\"ulqini\",\"sameAs\":[\"http:\/\/www.visit-ulcinj.com\"],\"url\":\"https:\/\/www.visit-ulcinj.com\/blog\/author\/admin\/\"}]}<\/script>\n<!-- \/ Yoast SEO plugin. -->","yoast_head_json":{"title":"Zhdukja e NHT \u201cRiviera e Ulqinit\u201d - Lajme nga Ulqini","description":"\u201cRiviera e Ulqinit\u201d pothuajse tashm\u00eb gjasht\u00eb vite \u00ebsht\u00eb gjunj\u00ebzuar. Asaj tani nuk i nevojitet tenderi me t\u00eb cilin do t\u00eb mbusheshin fondet e zbraz\u00ebta t\u00eb","robots":{"index":"index","follow":"follow","max-snippet":"max-snippet:-1","max-image-preview":"max-image-preview:large","max-video-preview":"max-video-preview:-1"},"canonical":"https:\/\/www.visit-ulcinj.com\/blog\/2009\/11\/12\/zhdukja-e-nht-\u201criviera-e-ulqinit\u201d\/","og_locale":"en_US","og_type":"article","og_title":"Zhdukja e NHT \u201cRiviera e Ulqinit\u201d - Lajme nga Ulqini","og_description":"\u201cRiviera e Ulqinit\u201d pothuajse tashm\u00eb gjasht\u00eb vite \u00ebsht\u00eb gjunj\u00ebzuar. Asaj tani nuk i nevojitet tenderi me t\u00eb cilin do t\u00eb mbusheshin fondet e zbraz\u00ebta t\u00eb","og_url":"https:\/\/www.visit-ulcinj.com\/blog\/2009\/11\/12\/zhdukja-e-nht-\u201criviera-e-ulqinit\u201d\/","og_site_name":"Lajme nga Ulqini","article_published_time":"2009-11-12T19:57:56+00:00","twitter_misc":{"Written by":"ulqini","Est. reading time":"4 minutes"},"schema":{"@context":"https:\/\/schema.org","@graph":[{"@type":"WebSite","@id":"https:\/\/www.visit-ulcinj.com\/blog\/#website","url":"https:\/\/www.visit-ulcinj.com\/blog\/","name":"Lajme nga Ulqini","description":"Lajme,Vijesti,Ulqini,Ulqin,Crna Gora,Mali i Zi","potentialAction":[{"@type":"SearchAction","target":{"@type":"EntryPoint","urlTemplate":"https:\/\/www.visit-ulcinj.com\/blog\/?s={search_term_string}"},"query-input":"required name=search_term_string"}],"inLanguage":"en-US"},{"@type":"WebPage","@id":"https:\/\/www.visit-ulcinj.com\/blog\/2009\/11\/12\/zhdukja-e-nht-%e2%80%9criviera-e-ulqinit%e2%80%9d\/#webpage","url":"https:\/\/www.visit-ulcinj.com\/blog\/2009\/11\/12\/zhdukja-e-nht-%e2%80%9criviera-e-ulqinit%e2%80%9d\/","name":"Zhdukja e NHT \u201cRiviera e Ulqinit\u201d - Lajme nga Ulqini","isPartOf":{"@id":"https:\/\/www.visit-ulcinj.com\/blog\/#website"},"datePublished":"2009-11-12T19:57:56+00:00","dateModified":"2009-11-12T19:57:56+00:00","author":{"@id":"https:\/\/www.visit-ulcinj.com\/blog\/#\/schema\/person\/dcab619c614d3038751c63bc2aadc06d"},"description":"\u201cRiviera e Ulqinit\u201d pothuajse tashm\u00eb gjasht\u00eb vite \u00ebsht\u00eb gjunj\u00ebzuar. Asaj tani nuk i nevojitet tenderi me t\u00eb cilin do t\u00eb mbusheshin fondet e zbraz\u00ebta t\u00eb","breadcrumb":{"@id":"https:\/\/www.visit-ulcinj.com\/blog\/2009\/11\/12\/zhdukja-e-nht-%e2%80%9criviera-e-ulqinit%e2%80%9d\/#breadcrumb"},"inLanguage":"en-US","potentialAction":[{"@type":"ReadAction","target":["https:\/\/www.visit-ulcinj.com\/blog\/2009\/11\/12\/zhdukja-e-nht-%e2%80%9criviera-e-ulqinit%e2%80%9d\/"]}]},{"@type":"BreadcrumbList","@id":"https:\/\/www.visit-ulcinj.com\/blog\/2009\/11\/12\/zhdukja-e-nht-%e2%80%9criviera-e-ulqinit%e2%80%9d\/#breadcrumb","itemListElement":[{"@type":"ListItem","position":1,"name":"Zhdukja e NHT \u201cRiviera e Ulqinit\u201d"}]},{"@type":"Person","@id":"https:\/\/www.visit-ulcinj.com\/blog\/#\/schema\/person\/dcab619c614d3038751c63bc2aadc06d","name":"ulqini","sameAs":["http:\/\/www.visit-ulcinj.com"],"url":"https:\/\/www.visit-ulcinj.com\/blog\/author\/admin\/"}]}},"jetpack_featured_media_url":"","jetpack_sharing_enabled":true,"jetpack_shortlink":"https:\/\/wp.me\/pe6lTn-72j","_links":{"self":[{"href":"https:\/\/www.visit-ulcinj.com\/blog\/wp-json\/wp\/v2\/posts\/27051"}],"collection":[{"href":"https:\/\/www.visit-ulcinj.com\/blog\/wp-json\/wp\/v2\/posts"}],"about":[{"href":"https:\/\/www.visit-ulcinj.com\/blog\/wp-json\/wp\/v2\/types\/post"}],"author":[{"embeddable":true,"href":"https:\/\/www.visit-ulcinj.com\/blog\/wp-json\/wp\/v2\/users\/1"}],"replies":[{"embeddable":true,"href":"https:\/\/www.visit-ulcinj.com\/blog\/wp-json\/wp\/v2\/comments?post=27051"}],"version-history":[{"count":0,"href":"https:\/\/www.visit-ulcinj.com\/blog\/wp-json\/wp\/v2\/posts\/27051\/revisions"}],"wp:attachment":[{"href":"https:\/\/www.visit-ulcinj.com\/blog\/wp-json\/wp\/v2\/media?parent=27051"}],"wp:term":[{"taxonomy":"category","embeddable":true,"href":"https:\/\/www.visit-ulcinj.com\/blog\/wp-json\/wp\/v2\/categories?post=27051"},{"taxonomy":"post_tag","embeddable":true,"href":"https:\/\/www.visit-ulcinj.com\/blog\/wp-json\/wp\/v2\/tags?post=27051"}],"curies":[{"name":"wp","href":"https:\/\/api.w.org\/{rel}","templated":true}]}}