{"id":27055,"date":"2009-11-12T22:13:05","date_gmt":"2009-11-12T20:13:05","guid":{"rendered":"http:\/\/www.visit-ulcinj.com\/blog\/?p=27055"},"modified":"2009-11-30T21:22:09","modified_gmt":"2009-11-30T19:22:09","slug":"sa-poshte-ka-rene-katundi","status":"publish","type":"post","link":"https:\/\/www.visit-ulcinj.com\/blog\/2009\/11\/12\/sa-poshte-ka-rene-katundi\/","title":{"rendered":"Sa posht\u00eb ka r\u00ebn\u00eb katundi"},"content":{"rendered":"<p><a href=\"http:\/\/www.visit-ulcinj.com\/blog\/wp-content\/uploads\/2009\/11\/Shaban-Peraj_1.jpg\"><img loading=\"lazy\" class=\"alignleft size-full wp-image-27056\" title=\"Shaban Peraj_1\" src=\"http:\/\/www.visit-ulcinj.com\/blog\/wp-content\/uploads\/2009\/11\/Shaban-Peraj_1.jpg\" alt=\"Shaban Peraj_1\" width=\"297\" height=\"287\" \/><\/a>Koh\u00eb m\u00eb par\u00eb nj\u00eb parti shqiptare n\u00eb Mal t\u00eb Zi, doli dhe vuri n\u00eb qarkullim th\u00ebnien se s\u00eb shpejti do t\u00eb organizohet Agjensia turistike n\u00eb Ulqin, ku sipas tyre drejtori do t\u00eb jet\u00eb kryetar i nj\u00eb partie tjet\u00ebr politike shqiptare, aleate me partit\u00eb n\u00eb pushtetin lokal t\u00eb Ulqinit.<br \/>\nTani po sipas asaj q\u00eb d\u00ebgjohet n\u00ebp\u00ebr kuloare t\u00eb politikan\u00ebve lokal\u00eb del se kjo e th\u00ebn\u00eb s\u00eb shpejti pritet t\u00eb b\u00ebhet realitet n\u00eb k\u00ebt\u00eb vend t\u00eb cilit i ka kaluar \u00e7do afat rreth organizimit dhe funksionimit t\u00eb agjensis\u00eb turistike. Sot nuk jam n\u00eb gjendje t\u00eb provoj v\u00ebrtet\u00ebsin\u00eb e asaj q\u00eb thuhet apo t\u00eb kund\u00ebrt\u00ebn e saj, por sipas asaj popullores \u201cKu ka za, nuk asht pa gja\u201d, t\u00eb jep t\u00eb kuptosh se th\u00ebniet e m\u00ebparshme t\u00eb partis\u00eb shqiptare dal\u00ebngadal\u00eb duhet t\u00eb b\u00ebhen realitet n\u00eb prag t\u00eb zgjedhjeve lokale, me d\u00ebshir\u00eb apo pa d\u00ebshir\u00ebn e tyre, gj\u00eb q\u00eb indiferenca e atyre q\u00eb \u00ebsht\u00eb dashur, po edhe q\u00eb duhet ta b\u00ebjn\u00eb k\u00ebt\u00eb \u00ebsht\u00eb e pashpjegueshme rreth k\u00ebsaj ngjarjeje! Si duket, k\u00ebta politkan\u00eb shqiptar\u00eb ia kan\u00eb arritur t\u00eb gjejn\u00eb fuqi morale bashk\u00ebrisht me aleat\u00eb t\u00eb kolicionit, p\u00ebr t\u2019u shk\u00ebputur n\u00eb em\u00ebr t\u00eb votuesve duke menduar se ky \u00ebsht\u00eb vullneti i tyre.<br \/>\nT\u00eb pakt\u00ebn publikisht k\u00ebt\u00eb nuk e tha askush , por ajo q\u00eb d\u00ebgjohet s\u00eb shpejti pritet t\u00eb b\u00ebhet realitet dhe k\u00ebtu nuk ka asgj\u00eb t\u00eb keqe, e keqja \u00ebsht\u00eb n\u00ebse th\u00ebniet nuk b\u00ebhen t\u00eb v\u00ebrteta dhe n\u00ebse t\u00eb nj\u00ebjtit nuk diferencohen p\u00ebr t\u00eb dh\u00ebn\u00eb arsyet e belave t\u00eb krijuara m\u00eb her\u00ebt qysh n\u00eb origjin\u00ebn e k\u00ebtij projekti q\u00eb sh\u00ebnoi telashe jo t\u00eb vogla rreth p\u00ebrcaktimit t\u00eb tyre p\u00ebr t\u00eb qen\u00eb pjes\u00eb e \u201csofr\u00ebs s\u00eb madhe\u201d, t\u00eb politik\u00ebs aktuale si rrug\u00eb e vetme p\u00ebr t\u00eb shmangur p\u00ebrgjegj\u00ebsit\u00eb e keqkuptimet nga e kaluara. Po ashtu flitet e thuhet s\u00eb disa funksionar\u00eb t\u00eb lart\u00eb t\u00eb partis\u00eb q\u00eb pritet t\u00eb drejtoj\u00eb Agjensin\u00eb turistike s\u00eb shpejti edhe zyrtarisht do ta shpallin vet\u00ebn an\u00ebtar\u00eb t\u00eb partis\u00eb n\u00eb pushtet \u00e7ka nuk duhet t\u00eb befasojn\u00eb askend. K\u00ebshtu sot qytetari p\u00ebrballet me realitete t\u00eb ndryshme si rezultat i kulisave politike e q\u00eb e ka nd\u00ebrtuar politika \u201calla shqiptar\u00e7e\u201d, gj\u00eb q\u00eb sa m\u00eb shum\u00eb koha kalon, aq m\u00eb bind\u00ebse b\u00ebhen th\u00ebniet e atyre q\u00eb p\u00ebrcjellin rrjedhat shoq\u00ebrore , kurse ata q\u00eb e b\u00ebjn\u00eb k\u00ebt\u00eb do t\u00eb arsyetohen se k\u00ebshtu ka k\u00ebrkuar qytetari i thjesht\u00eb, ndaj \u00ebsht\u00eb v\u00ebshtir\u00eb t\u00eb formosh opinion. I duksh\u00ebm \u00ebsht\u00eb rizgjimi i tyre para gjedhjeve lokale q\u00eb priten t\u00eb mbahen n\u00eb vitin n\u00eb vijim.Potenciali i tyre politik sa vjen e shtohet duk u transformuar n\u00eb konkretizim p\u00ebr t\u00eb qen\u00eb nes\u00ebr pjes\u00eb e ndonj\u00eb subjektit tjet\u00ebr politik. Me p\u00ebrvoj\u00ebn e krijuar me t\u00eb cil\u00ebn k\u00ebrkohet kapja e nj\u00eb pozite pa e pyetur vetvet\u00ebn se me \u00e7far\u00eb vlerash konkurojn\u00eb dhe sa kan\u00eb dh\u00ebn\u00eb p\u00ebr shoq\u00ebrin\u00eb tashm\u00eb t\u00eb lodhur nga pazaret e b\u00ebra. K\u00ebto pazare q\u00eb pritet t\u00eb b\u00ebhen realitet tregojn\u00eb se sa posht\u00eb ka r\u00ebn\u00eb katundi duke e b\u00ebr\u00eb t\u00eb pap\u00ebrfillsh\u00ebm prezenc\u00ebn e tyre n\u00eb sken\u00ebn politike. Kjo e v\u00ebn\u00eb n\u00eb siklet akoma m\u00eb shum\u00eb votuesin p\u00ebr t\u00eb kuptuar ndryshimin e kursit politik t\u00eb pative shqiptare e p\u00ebr t\u00eb qen\u00eb pal\u00eb me ata t\u00eb pushtetit, duke humbur orientimin e programin partiak, g\u00eb q\u00eb nuk \u00ebsht\u00eb asgj\u00eb e re p\u00ebrve\u00e7 se nj\u00eb ambicje e s\u00ebmur\u00eb e disa \u201ckapove politik\u201d q\u00eb duan me \u00e7do kusht t\u00eb jen\u00eb pjes\u00eb e shumic\u00ebs, thjesht\u00eb p\u00ebr t\u00eb p\u00ebrfituar personalisht p\u00ebr vete. Pa b\u00ebr\u00eb ndonj\u00eb analiz\u00eb t\u00eb duhur e pa reflektuar n\u00eb opinion ata me paudh\u00ebsit\u00eb e tyre vin\u00eb e b\u00ebhen gjithnj\u00eb e m\u00eb t\u00eb vegj\u00ebl n\u00eb syt\u00eb e votuesve ku me z\u00ebnka e kapardisje i shkojn\u00eb p\u00ebr shtati shumic\u00ebs, gj\u00eb q\u00eb ka ardhur koha q\u00eb votuesi t\u00eb mos e pranoj\u00eb m\u00eb k\u00ebt\u00eb status posht\u00ebrues. Vet\u00ebm t\u00eb bashkur mund t\u00eb mbajn\u00eb n\u00eb k\u00ebmb\u00eb t\u00eb ardhmen e tyre, ndryshe kulisat prapa shpinde q\u00eb d\u00ebgjohet se po p\u00ebrgatiten mund t\u00eb shkat\u00ebrrojn\u00eb edhe ato pak t\u00eb arritura q\u00eb ka p\u00ebjetuar komuniteti shqiptar n\u00eb Mal t\u00eb Zi. Nuk ka dyshim se t\u00eb nj\u00ebjtit q\u00eb e kan\u00eb l\u00ebshuar vet\u00ebn n\u00eb prehrin e rehatis\u00eb, do t\u00eb vij\u00eb nj\u00eb dit\u00eb q\u00eb t\u00eb bien aq posht\u00eb sa t\u00eb presin nga t\u00eb tjer\u00ebt edhe nevojt e p\u00ebrditshme! Por n\u00ebse, p\u00ebr m\u00eb tep\u00ebr se\u00e7 \u00e7\u2019fshihet pas k\u00ebsaj dhe gjendja vler\u00ebsohet me mend\u00ebsin\u00eb e burrit me xhaket\u00eb hedhur supeve, kjo \u00ebsht\u00eb vet\u00eb fatkeq\u00ebsia. Duket se u ka ardhur dita dhe vendin e d\u00ebshir\u00ebs s\u00eb tyre e ka z\u00ebn\u00eb sevdaja p\u00ebr harem, ndaj ky komunitet ka p\u00ebr tu shtri p\u00ebr tok\u00eb. Me q\u00eb ata mendojn\u00eb t\u00eb braktisin vij\u00ebn komb\u00ebtare me kompleksin e fajit t\u00eb rrjedhur, duke u p\u00ebrfshi nga mendimi kritizer p\u00ebr shok\u00ebt duket si e pamundur t\u00eb shp\u00ebtojn\u00eb nga nj\u00eb perversitet e t\u00eb kthehen n\u00eb vij\u00ebn e tyre t\u00eb par\u00eb.K\u00ebta si duket do ta ken\u00eb v\u00ebshtir\u00eb t\u00eb rimarrin vet\u00ebn, gj\u00eb q\u00eb nuk mund t\u00eb krahasohen me profetin Adem. Ai kur rr\u00ebshqiti \u201ce rimori vet\u00ebn shpejt, me nj\u00eb t\u00eb hedhur, n\u00eb saje t\u00eb mohimit t\u00eb fajit e pendes\u00ebs\u201d. Djalli u ngrit ta mbroj\u00eb veten pavar\u00ebsisht nga faji i madh q\u00eb kish b\u00ebr\u00eb, pra ra n\u00eb nj\u00eb disfat\u00eb t\u00eb amshuar. K\u00ebta nuk pendohen.<\/p>\n<p><strong>Shaban Peraj<br \/>\nKoha Javore<br \/>\n<!--YouTube Error: bad URL entered--><\/strong><\/p>\n","protected":false},"excerpt":{"rendered":"<p>Koh\u00eb m\u00eb par\u00eb nj\u00eb parti shqiptare n\u00eb Mal t\u00eb Zi, doli dhe vuri n\u00eb qarkullim th\u00ebnien se s\u00eb shpejti do t\u00eb organizohet Agjensia turistike n\u00eb Ulqin, ku sipas tyre drejtori do t\u00eb jet\u00eb kryetar i nj\u00eb partie tjet\u00ebr politike shqiptare, aleate me partit\u00eb n\u00eb pushtetin lokal t\u00eb Ulqinit. Tani po sipas asaj q\u00eb d\u00ebgjohet n\u00ebp\u00ebr [&hellip;]<\/p>\n","protected":false},"author":1,"featured_media":0,"comment_status":"open","ping_status":"closed","sticky":false,"template":"","format":"standard","meta":{"spay_email":"","jetpack_publicize_message":"","jetpack_is_tweetstorm":false,"jetpack_publicize_feature_enabled":true},"categories":[10],"tags":[12751],"jetpack_publicize_connections":[],"yoast_head":"<!-- This site is optimized with the Yoast SEO plugin v19.1 - https:\/\/yoast.com\/wordpress\/plugins\/seo\/ -->\n<title>Sa posht\u00eb ka r\u00ebn\u00eb katundi - Lajme nga Ulqini<\/title>\n<meta name=\"description\" content=\"Koh\u00eb m\u00eb par\u00eb nj\u00eb parti shqiptare n\u00eb Mal t\u00eb Zi, doli dhe vuri n\u00eb qarkullim th\u00ebnien se s\u00eb shpejti do t\u00eb organizohet Agjensia turistike n\u00eb Ulqin, ku sipas\" \/>\n<meta name=\"robots\" content=\"index, follow, max-snippet:-1, max-image-preview:large, max-video-preview:-1\" \/>\n<link rel=\"canonical\" href=\"https:\/\/www.visit-ulcinj.com\/blog\/2009\/11\/12\/sa-poshte-ka-rene-katundi\/\" \/>\n<meta property=\"og:locale\" content=\"en_US\" \/>\n<meta property=\"og:type\" content=\"article\" \/>\n<meta property=\"og:title\" content=\"Sa posht\u00eb ka r\u00ebn\u00eb katundi - Lajme nga Ulqini\" \/>\n<meta property=\"og:description\" content=\"Koh\u00eb m\u00eb par\u00eb nj\u00eb parti shqiptare n\u00eb Mal t\u00eb Zi, doli dhe vuri n\u00eb qarkullim th\u00ebnien se s\u00eb shpejti do t\u00eb organizohet Agjensia turistike n\u00eb Ulqin, ku sipas\" \/>\n<meta property=\"og:url\" content=\"https:\/\/www.visit-ulcinj.com\/blog\/2009\/11\/12\/sa-poshte-ka-rene-katundi\/\" \/>\n<meta property=\"og:site_name\" content=\"Lajme nga Ulqini\" \/>\n<meta property=\"article:published_time\" content=\"2009-11-12T20:13:05+00:00\" \/>\n<meta property=\"article:modified_time\" content=\"2009-11-30T19:22:09+00:00\" \/>\n<meta property=\"og:image\" content=\"http:\/\/www.visit-ulcinj.com\/blog\/wp-content\/uploads\/2009\/11\/Shaban-Peraj_1.jpg\" \/>\n<meta name=\"twitter:label1\" content=\"Written by\" \/>\n\t<meta name=\"twitter:data1\" content=\"ulqini\" \/>\n\t<meta name=\"twitter:label2\" content=\"Est. reading time\" \/>\n\t<meta name=\"twitter:data2\" content=\"5 minutes\" \/>\n<script type=\"application\/ld+json\" class=\"yoast-schema-graph\">{\"@context\":\"https:\/\/schema.org\",\"@graph\":[{\"@type\":\"WebSite\",\"@id\":\"https:\/\/www.visit-ulcinj.com\/blog\/#website\",\"url\":\"https:\/\/www.visit-ulcinj.com\/blog\/\",\"name\":\"Lajme nga Ulqini\",\"description\":\"Lajme,Vijesti,Ulqini,Ulqin,Crna Gora,Mali i Zi\",\"potentialAction\":[{\"@type\":\"SearchAction\",\"target\":{\"@type\":\"EntryPoint\",\"urlTemplate\":\"https:\/\/www.visit-ulcinj.com\/blog\/?s={search_term_string}\"},\"query-input\":\"required name=search_term_string\"}],\"inLanguage\":\"en-US\"},{\"@type\":\"ImageObject\",\"inLanguage\":\"en-US\",\"@id\":\"https:\/\/www.visit-ulcinj.com\/blog\/2009\/11\/12\/sa-poshte-ka-rene-katundi\/#primaryimage\",\"url\":\"https:\/\/www.visit-ulcinj.com\/blog\/wp-content\/uploads\/2009\/11\/Shaban-Peraj_1.jpg\",\"contentUrl\":\"https:\/\/www.visit-ulcinj.com\/blog\/wp-content\/uploads\/2009\/11\/Shaban-Peraj_1.jpg\",\"width\":\"261\",\"height\":\"252\"},{\"@type\":\"WebPage\",\"@id\":\"https:\/\/www.visit-ulcinj.com\/blog\/2009\/11\/12\/sa-poshte-ka-rene-katundi\/#webpage\",\"url\":\"https:\/\/www.visit-ulcinj.com\/blog\/2009\/11\/12\/sa-poshte-ka-rene-katundi\/\",\"name\":\"Sa posht\u00eb ka r\u00ebn\u00eb katundi - Lajme nga Ulqini\",\"isPartOf\":{\"@id\":\"https:\/\/www.visit-ulcinj.com\/blog\/#website\"},\"primaryImageOfPage\":{\"@id\":\"https:\/\/www.visit-ulcinj.com\/blog\/2009\/11\/12\/sa-poshte-ka-rene-katundi\/#primaryimage\"},\"datePublished\":\"2009-11-12T20:13:05+00:00\",\"dateModified\":\"2009-11-30T19:22:09+00:00\",\"author\":{\"@id\":\"https:\/\/www.visit-ulcinj.com\/blog\/#\/schema\/person\/dcab619c614d3038751c63bc2aadc06d\"},\"description\":\"Koh\u00eb m\u00eb par\u00eb nj\u00eb parti shqiptare n\u00eb Mal t\u00eb Zi, doli dhe vuri n\u00eb qarkullim th\u00ebnien se s\u00eb shpejti do t\u00eb organizohet Agjensia turistike n\u00eb Ulqin, ku sipas\",\"breadcrumb\":{\"@id\":\"https:\/\/www.visit-ulcinj.com\/blog\/2009\/11\/12\/sa-poshte-ka-rene-katundi\/#breadcrumb\"},\"inLanguage\":\"en-US\",\"potentialAction\":[{\"@type\":\"ReadAction\",\"target\":[\"https:\/\/www.visit-ulcinj.com\/blog\/2009\/11\/12\/sa-poshte-ka-rene-katundi\/\"]}]},{\"@type\":\"BreadcrumbList\",\"@id\":\"https:\/\/www.visit-ulcinj.com\/blog\/2009\/11\/12\/sa-poshte-ka-rene-katundi\/#breadcrumb\",\"itemListElement\":[{\"@type\":\"ListItem\",\"position\":1,\"name\":\"Sa posht\u00eb ka r\u00ebn\u00eb katundi\"}]},{\"@type\":\"Person\",\"@id\":\"https:\/\/www.visit-ulcinj.com\/blog\/#\/schema\/person\/dcab619c614d3038751c63bc2aadc06d\",\"name\":\"ulqini\",\"sameAs\":[\"http:\/\/www.visit-ulcinj.com\"],\"url\":\"https:\/\/www.visit-ulcinj.com\/blog\/author\/admin\/\"}]}<\/script>\n<!-- \/ Yoast SEO plugin. -->","yoast_head_json":{"title":"Sa posht\u00eb ka r\u00ebn\u00eb katundi - Lajme nga Ulqini","description":"Koh\u00eb m\u00eb par\u00eb nj\u00eb parti shqiptare n\u00eb Mal t\u00eb Zi, doli dhe vuri n\u00eb qarkullim th\u00ebnien se s\u00eb shpejti do t\u00eb organizohet Agjensia turistike n\u00eb Ulqin, ku sipas","robots":{"index":"index","follow":"follow","max-snippet":"max-snippet:-1","max-image-preview":"max-image-preview:large","max-video-preview":"max-video-preview:-1"},"canonical":"https:\/\/www.visit-ulcinj.com\/blog\/2009\/11\/12\/sa-poshte-ka-rene-katundi\/","og_locale":"en_US","og_type":"article","og_title":"Sa posht\u00eb ka r\u00ebn\u00eb katundi - Lajme nga Ulqini","og_description":"Koh\u00eb m\u00eb par\u00eb nj\u00eb parti shqiptare n\u00eb Mal t\u00eb Zi, doli dhe vuri n\u00eb qarkullim th\u00ebnien se s\u00eb shpejti do t\u00eb organizohet Agjensia turistike n\u00eb Ulqin, ku sipas","og_url":"https:\/\/www.visit-ulcinj.com\/blog\/2009\/11\/12\/sa-poshte-ka-rene-katundi\/","og_site_name":"Lajme nga Ulqini","article_published_time":"2009-11-12T20:13:05+00:00","article_modified_time":"2009-11-30T19:22:09+00:00","og_image":[{"url":"http:\/\/www.visit-ulcinj.com\/blog\/wp-content\/uploads\/2009\/11\/Shaban-Peraj_1.jpg"}],"twitter_misc":{"Written by":"ulqini","Est. reading time":"5 minutes"},"schema":{"@context":"https:\/\/schema.org","@graph":[{"@type":"WebSite","@id":"https:\/\/www.visit-ulcinj.com\/blog\/#website","url":"https:\/\/www.visit-ulcinj.com\/blog\/","name":"Lajme nga Ulqini","description":"Lajme,Vijesti,Ulqini,Ulqin,Crna Gora,Mali i Zi","potentialAction":[{"@type":"SearchAction","target":{"@type":"EntryPoint","urlTemplate":"https:\/\/www.visit-ulcinj.com\/blog\/?s={search_term_string}"},"query-input":"required name=search_term_string"}],"inLanguage":"en-US"},{"@type":"ImageObject","inLanguage":"en-US","@id":"https:\/\/www.visit-ulcinj.com\/blog\/2009\/11\/12\/sa-poshte-ka-rene-katundi\/#primaryimage","url":"https:\/\/www.visit-ulcinj.com\/blog\/wp-content\/uploads\/2009\/11\/Shaban-Peraj_1.jpg","contentUrl":"https:\/\/www.visit-ulcinj.com\/blog\/wp-content\/uploads\/2009\/11\/Shaban-Peraj_1.jpg","width":"261","height":"252"},{"@type":"WebPage","@id":"https:\/\/www.visit-ulcinj.com\/blog\/2009\/11\/12\/sa-poshte-ka-rene-katundi\/#webpage","url":"https:\/\/www.visit-ulcinj.com\/blog\/2009\/11\/12\/sa-poshte-ka-rene-katundi\/","name":"Sa posht\u00eb ka r\u00ebn\u00eb katundi - Lajme nga Ulqini","isPartOf":{"@id":"https:\/\/www.visit-ulcinj.com\/blog\/#website"},"primaryImageOfPage":{"@id":"https:\/\/www.visit-ulcinj.com\/blog\/2009\/11\/12\/sa-poshte-ka-rene-katundi\/#primaryimage"},"datePublished":"2009-11-12T20:13:05+00:00","dateModified":"2009-11-30T19:22:09+00:00","author":{"@id":"https:\/\/www.visit-ulcinj.com\/blog\/#\/schema\/person\/dcab619c614d3038751c63bc2aadc06d"},"description":"Koh\u00eb m\u00eb par\u00eb nj\u00eb parti shqiptare n\u00eb Mal t\u00eb Zi, doli dhe vuri n\u00eb qarkullim th\u00ebnien se s\u00eb shpejti do t\u00eb organizohet Agjensia turistike n\u00eb Ulqin, ku sipas","breadcrumb":{"@id":"https:\/\/www.visit-ulcinj.com\/blog\/2009\/11\/12\/sa-poshte-ka-rene-katundi\/#breadcrumb"},"inLanguage":"en-US","potentialAction":[{"@type":"ReadAction","target":["https:\/\/www.visit-ulcinj.com\/blog\/2009\/11\/12\/sa-poshte-ka-rene-katundi\/"]}]},{"@type":"BreadcrumbList","@id":"https:\/\/www.visit-ulcinj.com\/blog\/2009\/11\/12\/sa-poshte-ka-rene-katundi\/#breadcrumb","itemListElement":[{"@type":"ListItem","position":1,"name":"Sa posht\u00eb ka r\u00ebn\u00eb katundi"}]},{"@type":"Person","@id":"https:\/\/www.visit-ulcinj.com\/blog\/#\/schema\/person\/dcab619c614d3038751c63bc2aadc06d","name":"ulqini","sameAs":["http:\/\/www.visit-ulcinj.com"],"url":"https:\/\/www.visit-ulcinj.com\/blog\/author\/admin\/"}]}},"jetpack_featured_media_url":"","jetpack_sharing_enabled":true,"jetpack_shortlink":"https:\/\/wp.me\/pe6lTn-72n","_links":{"self":[{"href":"https:\/\/www.visit-ulcinj.com\/blog\/wp-json\/wp\/v2\/posts\/27055"}],"collection":[{"href":"https:\/\/www.visit-ulcinj.com\/blog\/wp-json\/wp\/v2\/posts"}],"about":[{"href":"https:\/\/www.visit-ulcinj.com\/blog\/wp-json\/wp\/v2\/types\/post"}],"author":[{"embeddable":true,"href":"https:\/\/www.visit-ulcinj.com\/blog\/wp-json\/wp\/v2\/users\/1"}],"replies":[{"embeddable":true,"href":"https:\/\/www.visit-ulcinj.com\/blog\/wp-json\/wp\/v2\/comments?post=27055"}],"version-history":[{"count":0,"href":"https:\/\/www.visit-ulcinj.com\/blog\/wp-json\/wp\/v2\/posts\/27055\/revisions"}],"wp:attachment":[{"href":"https:\/\/www.visit-ulcinj.com\/blog\/wp-json\/wp\/v2\/media?parent=27055"}],"wp:term":[{"taxonomy":"category","embeddable":true,"href":"https:\/\/www.visit-ulcinj.com\/blog\/wp-json\/wp\/v2\/categories?post=27055"},{"taxonomy":"post_tag","embeddable":true,"href":"https:\/\/www.visit-ulcinj.com\/blog\/wp-json\/wp\/v2\/tags?post=27055"}],"curies":[{"name":"wp","href":"https:\/\/api.w.org\/{rel}","templated":true}]}}