{"id":27064,"date":"2009-11-12T23:03:58","date_gmt":"2009-11-12T21:03:58","guid":{"rendered":"http:\/\/www.visit-ulcinj.com\/blog\/?p=27064"},"modified":"2009-11-12T23:03:58","modified_gmt":"2009-11-12T21:03:58","slug":"marigona-i-takon-trump-it","status":"publish","type":"post","link":"https:\/\/www.visit-ulcinj.com\/blog\/2009\/11\/12\/marigona-i-takon-trump-it\/","title":{"rendered":"Marigona i takon Trump-it"},"content":{"rendered":"<p><a href=\"http:\/\/www.visit-ulcinj.com\/blog\/wp-content\/uploads\/2009\/11\/Marigona-Dragusha.jpg\"><img loading=\"lazy\" class=\"alignleft size-full wp-image-27063\" title=\"Marigona Dragusha\" src=\"http:\/\/www.visit-ulcinj.com\/blog\/wp-content\/uploads\/2009\/11\/Marigona-Dragusha.jpg\" alt=\"Marigona Dragusha\" width=\"316\" height=\"404\" \/><\/a>Dragusha, e cila ishte p\u00ebr vizit\u00eb n\u00eb Kosov\u00eb dhe mori pjes\u00eb n\u00eb nj\u00eb sfilat\u00eb mode n\u00eb Gjakov\u00eb, ka n\u00ebnshkruar kontrat\u00ebn dhe bashk\u00eb me Fadil Berish\u00ebn ka udh\u00ebtuar p\u00ebr n\u00eb New York, ku pritet t\u00eb vazhdoj\u00eb karrier\u00ebn si modele. \u201cPo, kam lidhur kontrat\u00eb me Donald Trump Models dhe pritet q\u00eb atje t\u00eb vazhdoj karrier\u00ebn time\u201d, ka th\u00ebn\u00eb Dragusha. Dragusha kishte arritur suksesin m\u00eb t\u00eb madh n\u00eb nj\u00eb gar\u00eb nd\u00ebrkomb\u00ebtare sikurse ishte ajo e Miss Universe, nd\u00ebrkaq ishte e diskutueshme se a do t\u00eb n\u00ebnshkruaj\u00eb apo kontrat\u00eb me Donald Trump.<\/p>\n<p>N\u00eb fillim ishte th\u00ebn\u00eb se kosovarja kishte n\u00ebnshkruar kontrat\u00eb, por pas pak kishin ardhur mendime se ajo nuk e ka b\u00ebr\u00eb k\u00ebt\u00eb. \u201cJo, ende nuk kam n\u00ebnshkruar. Kam pasur biseda m\u00eb t\u00eb, por ende nuk ka pasur l\u00ebvizje n\u00eb k\u00ebt\u00eb drejtim\u201d, kishte th\u00ebn\u00eb Dragusha m\u00eb t\u2019u kthyer n\u00eb Kosov\u00eb. Dragusha ishte kthyer n\u00eb SHBA, konkretisht n\u00eb New York, nd\u00ebrkaq vet\u00ebm tani arriti t\u00eb konfirmoj\u00eb se ajo \u00ebsht\u00eb zgjedhur t\u00eb jet\u00eb modele e k\u00ebsaj agjencie. Megjithat\u00eb, p\u00ebr Marigon\u00ebn ka pasur edhe thashetheme t\u00eb ndryshme. Ishin agjencit\u00eb e lajmeve t\u00eb ndryshme spanjolle, t\u00eb cilat kishin shkruar se suksesi i Marigon\u00ebs \u00ebsht\u00eb nj\u00eb dallaver i Fadil Berish\u00ebs.<\/p>\n<p>K\u00ebto gj\u00ebra ishin hedhur posht\u00eb nga vet\u00eb bukuroshja, por edhe Fadil Berisha. Bukuroshja kosovare kishte arritur t\u00eb pushtonte shumic\u00ebn e ballinave t\u00eb shum\u00eb medieve n\u00ebp\u00ebr bot\u00eb, nd\u00ebrkaq ajo kishte th\u00ebn\u00eb se d\u00ebshiron q\u00eb t\u00eb n\u00eb t\u00eb ardhmen t\u00eb studioj\u00eb psikologjin\u00eb. Ajo nuk kishte p\u00ebrjashtuar mund\u00ebsin\u00eb t\u00eb studioj\u00eb edhe shkencat politike, pasi q\u00eb k\u00ebt\u00eb profesion m\u00eb sa duket ia kishte futur n\u00eb qejf takimi me kryeministrin e Bahameve.<\/p>\n<p><strong>Gazeta Express<br \/>\n<br \/>\n<!--YouTube Error: bad URL entered--><\/strong><\/p>\n","protected":false},"excerpt":{"rendered":"<p>Dragusha, e cila ishte p\u00ebr vizit\u00eb n\u00eb Kosov\u00eb dhe mori pjes\u00eb n\u00eb nj\u00eb sfilat\u00eb mode n\u00eb Gjakov\u00eb, ka n\u00ebnshkruar kontrat\u00ebn dhe bashk\u00eb me Fadil Berish\u00ebn ka udh\u00ebtuar p\u00ebr n\u00eb New York, ku pritet t\u00eb vazhdoj\u00eb karrier\u00ebn si modele. \u201cPo, kam lidhur kontrat\u00eb me Donald Trump Models dhe pritet q\u00eb atje t\u00eb vazhdoj karrier\u00ebn time\u201d, ka [&hellip;]<\/p>\n","protected":false},"author":1,"featured_media":0,"comment_status":"open","ping_status":"closed","sticky":false,"template":"","format":"standard","meta":{"spay_email":"","jetpack_publicize_message":"","jetpack_is_tweetstorm":false,"jetpack_publicize_feature_enabled":true},"categories":[1],"tags":[12335],"jetpack_publicize_connections":[],"yoast_head":"<!-- This site is optimized with the Yoast SEO plugin v19.1 - https:\/\/yoast.com\/wordpress\/plugins\/seo\/ -->\n<title>Marigona i takon Trump-it - Lajme nga Ulqini<\/title>\n<meta name=\"description\" content=\"Dragusha, e cila ishte p\u00ebr vizit\u00eb n\u00eb Kosov\u00eb dhe mori pjes\u00eb n\u00eb nj\u00eb sfilat\u00eb mode n\u00eb Gjakov\u00eb, ka n\u00ebnshkruar kontrat\u00ebn dhe bashk\u00eb me Fadil Berish\u00ebn ka\" \/>\n<meta name=\"robots\" content=\"index, follow, max-snippet:-1, max-image-preview:large, max-video-preview:-1\" \/>\n<link rel=\"canonical\" href=\"https:\/\/www.visit-ulcinj.com\/blog\/2009\/11\/12\/marigona-i-takon-trump-it\/\" \/>\n<meta property=\"og:locale\" content=\"en_US\" \/>\n<meta property=\"og:type\" content=\"article\" \/>\n<meta property=\"og:title\" content=\"Marigona i takon Trump-it - Lajme nga Ulqini\" \/>\n<meta property=\"og:description\" content=\"Dragusha, e cila ishte p\u00ebr vizit\u00eb n\u00eb Kosov\u00eb dhe mori pjes\u00eb n\u00eb nj\u00eb sfilat\u00eb mode n\u00eb Gjakov\u00eb, ka n\u00ebnshkruar kontrat\u00ebn dhe bashk\u00eb me Fadil Berish\u00ebn ka\" \/>\n<meta property=\"og:url\" content=\"https:\/\/www.visit-ulcinj.com\/blog\/2009\/11\/12\/marigona-i-takon-trump-it\/\" \/>\n<meta property=\"og:site_name\" content=\"Lajme nga Ulqini\" \/>\n<meta property=\"article:published_time\" content=\"2009-11-12T21:03:58+00:00\" \/>\n<meta property=\"og:image\" content=\"https:\/\/www.visit-ulcinj.com\/blog\/wp-content\/uploads\/2009\/11\/Marigona-Dragusha-150x150.jpg\" \/>\n<meta name=\"twitter:label1\" content=\"Written by\" \/>\n\t<meta name=\"twitter:data1\" content=\"ulqini\" \/>\n\t<meta name=\"twitter:label2\" content=\"Est. reading time\" \/>\n\t<meta name=\"twitter:data2\" content=\"2 minutes\" \/>\n<script type=\"application\/ld+json\" class=\"yoast-schema-graph\">{\"@context\":\"https:\/\/schema.org\",\"@graph\":[{\"@type\":\"WebSite\",\"@id\":\"https:\/\/www.visit-ulcinj.com\/blog\/#website\",\"url\":\"https:\/\/www.visit-ulcinj.com\/blog\/\",\"name\":\"Lajme nga Ulqini\",\"description\":\"Lajme,Vijesti,Ulqini,Ulqin,Crna Gora,Mali i Zi\",\"potentialAction\":[{\"@type\":\"SearchAction\",\"target\":{\"@type\":\"EntryPoint\",\"urlTemplate\":\"https:\/\/www.visit-ulcinj.com\/blog\/?s={search_term_string}\"},\"query-input\":\"required name=search_term_string\"}],\"inLanguage\":\"en-US\"},{\"@type\":\"ImageObject\",\"inLanguage\":\"en-US\",\"@id\":\"https:\/\/www.visit-ulcinj.com\/blog\/2009\/11\/12\/marigona-i-takon-trump-it\/#primaryimage\",\"url\":\"http:\/\/www.visit-ulcinj.com\/blog\/wp-content\/uploads\/2009\/11\/Marigona-Dragusha.jpg\",\"contentUrl\":\"http:\/\/www.visit-ulcinj.com\/blog\/wp-content\/uploads\/2009\/11\/Marigona-Dragusha.jpg\"},{\"@type\":\"WebPage\",\"@id\":\"https:\/\/www.visit-ulcinj.com\/blog\/2009\/11\/12\/marigona-i-takon-trump-it\/#webpage\",\"url\":\"https:\/\/www.visit-ulcinj.com\/blog\/2009\/11\/12\/marigona-i-takon-trump-it\/\",\"name\":\"Marigona i takon Trump-it - Lajme nga Ulqini\",\"isPartOf\":{\"@id\":\"https:\/\/www.visit-ulcinj.com\/blog\/#website\"},\"primaryImageOfPage\":{\"@id\":\"https:\/\/www.visit-ulcinj.com\/blog\/2009\/11\/12\/marigona-i-takon-trump-it\/#primaryimage\"},\"datePublished\":\"2009-11-12T21:03:58+00:00\",\"dateModified\":\"2009-11-12T21:03:58+00:00\",\"author\":{\"@id\":\"https:\/\/www.visit-ulcinj.com\/blog\/#\/schema\/person\/dcab619c614d3038751c63bc2aadc06d\"},\"description\":\"Dragusha, e cila ishte p\u00ebr vizit\u00eb n\u00eb Kosov\u00eb dhe mori pjes\u00eb n\u00eb nj\u00eb sfilat\u00eb mode n\u00eb Gjakov\u00eb, ka n\u00ebnshkruar kontrat\u00ebn dhe bashk\u00eb me Fadil Berish\u00ebn ka\",\"breadcrumb\":{\"@id\":\"https:\/\/www.visit-ulcinj.com\/blog\/2009\/11\/12\/marigona-i-takon-trump-it\/#breadcrumb\"},\"inLanguage\":\"en-US\",\"potentialAction\":[{\"@type\":\"ReadAction\",\"target\":[\"https:\/\/www.visit-ulcinj.com\/blog\/2009\/11\/12\/marigona-i-takon-trump-it\/\"]}]},{\"@type\":\"BreadcrumbList\",\"@id\":\"https:\/\/www.visit-ulcinj.com\/blog\/2009\/11\/12\/marigona-i-takon-trump-it\/#breadcrumb\",\"itemListElement\":[{\"@type\":\"ListItem\",\"position\":1,\"name\":\"Marigona i takon Trump-it\"}]},{\"@type\":\"Person\",\"@id\":\"https:\/\/www.visit-ulcinj.com\/blog\/#\/schema\/person\/dcab619c614d3038751c63bc2aadc06d\",\"name\":\"ulqini\",\"sameAs\":[\"http:\/\/www.visit-ulcinj.com\"],\"url\":\"https:\/\/www.visit-ulcinj.com\/blog\/author\/admin\/\"}]}<\/script>\n<!-- \/ Yoast SEO plugin. -->","yoast_head_json":{"title":"Marigona i takon Trump-it - Lajme nga Ulqini","description":"Dragusha, e cila ishte p\u00ebr vizit\u00eb n\u00eb Kosov\u00eb dhe mori pjes\u00eb n\u00eb nj\u00eb sfilat\u00eb mode n\u00eb Gjakov\u00eb, ka n\u00ebnshkruar kontrat\u00ebn dhe bashk\u00eb me Fadil Berish\u00ebn ka","robots":{"index":"index","follow":"follow","max-snippet":"max-snippet:-1","max-image-preview":"max-image-preview:large","max-video-preview":"max-video-preview:-1"},"canonical":"https:\/\/www.visit-ulcinj.com\/blog\/2009\/11\/12\/marigona-i-takon-trump-it\/","og_locale":"en_US","og_type":"article","og_title":"Marigona i takon Trump-it - Lajme nga Ulqini","og_description":"Dragusha, e cila ishte p\u00ebr vizit\u00eb n\u00eb Kosov\u00eb dhe mori pjes\u00eb n\u00eb nj\u00eb sfilat\u00eb mode n\u00eb Gjakov\u00eb, ka n\u00ebnshkruar kontrat\u00ebn dhe bashk\u00eb me Fadil Berish\u00ebn ka","og_url":"https:\/\/www.visit-ulcinj.com\/blog\/2009\/11\/12\/marigona-i-takon-trump-it\/","og_site_name":"Lajme nga Ulqini","article_published_time":"2009-11-12T21:03:58+00:00","og_image":[{"url":"https:\/\/www.visit-ulcinj.com\/blog\/wp-content\/uploads\/2009\/11\/Marigona-Dragusha-150x150.jpg"}],"twitter_misc":{"Written by":"ulqini","Est. reading time":"2 minutes"},"schema":{"@context":"https:\/\/schema.org","@graph":[{"@type":"WebSite","@id":"https:\/\/www.visit-ulcinj.com\/blog\/#website","url":"https:\/\/www.visit-ulcinj.com\/blog\/","name":"Lajme nga Ulqini","description":"Lajme,Vijesti,Ulqini,Ulqin,Crna Gora,Mali i Zi","potentialAction":[{"@type":"SearchAction","target":{"@type":"EntryPoint","urlTemplate":"https:\/\/www.visit-ulcinj.com\/blog\/?s={search_term_string}"},"query-input":"required name=search_term_string"}],"inLanguage":"en-US"},{"@type":"ImageObject","inLanguage":"en-US","@id":"https:\/\/www.visit-ulcinj.com\/blog\/2009\/11\/12\/marigona-i-takon-trump-it\/#primaryimage","url":"http:\/\/www.visit-ulcinj.com\/blog\/wp-content\/uploads\/2009\/11\/Marigona-Dragusha.jpg","contentUrl":"http:\/\/www.visit-ulcinj.com\/blog\/wp-content\/uploads\/2009\/11\/Marigona-Dragusha.jpg"},{"@type":"WebPage","@id":"https:\/\/www.visit-ulcinj.com\/blog\/2009\/11\/12\/marigona-i-takon-trump-it\/#webpage","url":"https:\/\/www.visit-ulcinj.com\/blog\/2009\/11\/12\/marigona-i-takon-trump-it\/","name":"Marigona i takon Trump-it - Lajme nga Ulqini","isPartOf":{"@id":"https:\/\/www.visit-ulcinj.com\/blog\/#website"},"primaryImageOfPage":{"@id":"https:\/\/www.visit-ulcinj.com\/blog\/2009\/11\/12\/marigona-i-takon-trump-it\/#primaryimage"},"datePublished":"2009-11-12T21:03:58+00:00","dateModified":"2009-11-12T21:03:58+00:00","author":{"@id":"https:\/\/www.visit-ulcinj.com\/blog\/#\/schema\/person\/dcab619c614d3038751c63bc2aadc06d"},"description":"Dragusha, e cila ishte p\u00ebr vizit\u00eb n\u00eb Kosov\u00eb dhe mori pjes\u00eb n\u00eb nj\u00eb sfilat\u00eb mode n\u00eb Gjakov\u00eb, ka n\u00ebnshkruar kontrat\u00ebn dhe bashk\u00eb me Fadil Berish\u00ebn ka","breadcrumb":{"@id":"https:\/\/www.visit-ulcinj.com\/blog\/2009\/11\/12\/marigona-i-takon-trump-it\/#breadcrumb"},"inLanguage":"en-US","potentialAction":[{"@type":"ReadAction","target":["https:\/\/www.visit-ulcinj.com\/blog\/2009\/11\/12\/marigona-i-takon-trump-it\/"]}]},{"@type":"BreadcrumbList","@id":"https:\/\/www.visit-ulcinj.com\/blog\/2009\/11\/12\/marigona-i-takon-trump-it\/#breadcrumb","itemListElement":[{"@type":"ListItem","position":1,"name":"Marigona i takon Trump-it"}]},{"@type":"Person","@id":"https:\/\/www.visit-ulcinj.com\/blog\/#\/schema\/person\/dcab619c614d3038751c63bc2aadc06d","name":"ulqini","sameAs":["http:\/\/www.visit-ulcinj.com"],"url":"https:\/\/www.visit-ulcinj.com\/blog\/author\/admin\/"}]}},"jetpack_featured_media_url":"","jetpack_sharing_enabled":true,"jetpack_shortlink":"https:\/\/wp.me\/pe6lTn-72w","_links":{"self":[{"href":"https:\/\/www.visit-ulcinj.com\/blog\/wp-json\/wp\/v2\/posts\/27064"}],"collection":[{"href":"https:\/\/www.visit-ulcinj.com\/blog\/wp-json\/wp\/v2\/posts"}],"about":[{"href":"https:\/\/www.visit-ulcinj.com\/blog\/wp-json\/wp\/v2\/types\/post"}],"author":[{"embeddable":true,"href":"https:\/\/www.visit-ulcinj.com\/blog\/wp-json\/wp\/v2\/users\/1"}],"replies":[{"embeddable":true,"href":"https:\/\/www.visit-ulcinj.com\/blog\/wp-json\/wp\/v2\/comments?post=27064"}],"version-history":[{"count":0,"href":"https:\/\/www.visit-ulcinj.com\/blog\/wp-json\/wp\/v2\/posts\/27064\/revisions"}],"wp:attachment":[{"href":"https:\/\/www.visit-ulcinj.com\/blog\/wp-json\/wp\/v2\/media?parent=27064"}],"wp:term":[{"taxonomy":"category","embeddable":true,"href":"https:\/\/www.visit-ulcinj.com\/blog\/wp-json\/wp\/v2\/categories?post=27064"},{"taxonomy":"post_tag","embeddable":true,"href":"https:\/\/www.visit-ulcinj.com\/blog\/wp-json\/wp\/v2\/tags?post=27064"}],"curies":[{"name":"wp","href":"https:\/\/api.w.org\/{rel}","templated":true}]}}