{"id":27078,"date":"2009-11-13T00:01:22","date_gmt":"2009-11-12T22:01:22","guid":{"rendered":"http:\/\/www.visit-ulcinj.com\/blog\/?p=27078"},"modified":"2009-11-13T00:01:22","modified_gmt":"2009-11-12T22:01:22","slug":"interviste-me-prenke-gjokaj-veprimtar-i-shoqates-shqiptaro-amerikane-%e2%80%9cmalesia-e-madhe%e2%80%9d-nga-micigeni","status":"publish","type":"post","link":"https:\/\/www.visit-ulcinj.com\/blog\/2009\/11\/13\/interviste-me-prenke-gjokaj-veprimtar-i-shoqates-shqiptaro-amerikane-%e2%80%9cmalesia-e-madhe%e2%80%9d-nga-micigeni\/","title":{"rendered":"Intervist\u00eb me Prenk\u00eb Gjokaj, veprimtar i shoqat\u00ebs shqiptaro-amerikane \u201cMal\u00ebsia e madhe\u201d nga Mi\u00e7igeni"},"content":{"rendered":"<p><strong><a href=\"http:\/\/www.visit-ulcinj.com\/blog\/wp-content\/uploads\/2009\/11\/Prenk-Gjokaj.jpg\"><img loading=\"lazy\" class=\"alignleft size-full wp-image-27079\" title=\"Prenk Gjokaj\" src=\"http:\/\/www.visit-ulcinj.com\/blog\/wp-content\/uploads\/2009\/11\/Prenk-Gjokaj.jpg\" alt=\"Prenk Gjokaj\" width=\"391\" height=\"478\" \/><\/a>Aktivitete p\u00ebr njer\u00ebzit n\u00eb nevoj\u00eb<\/strong><\/p>\n<p>Nj\u00eb aktivitet mjaft me r\u00ebnd\u00ebsi \u00ebsht\u00eb edhe binjak\u00ebzimi i qyteteve Ro\u00e7ester Hills dhe Tuzit, q\u00eb u realizua me nd\u00ebrmjet\u00ebsimin e Shoqat\u00ebs, e si rezultat i k\u00ebtij aktivteti, p\u00ebrpos ndihmave q\u00eb qytetar\u00ebt e Ro\u00e7ester Hills d\u00ebrguan p\u00ebr shkollat n\u00eb Mal\u00ebsi.<\/p>\n<p>Koha javore: Z. Gjokaj, na tregoni di\u00e7ka p\u00ebr jet\u00ebn tuaj para dhe pas shp\u00ebrnguljes n\u00eb SHBA?<br \/>\nP.Gjokaj: U linda n\u00eb fshatin Dushiq t\u00eb Mal\u00ebsis\u00eb nga prind\u00ebrit Gjergj Zefi dhe Mare Nikoll\u00eb Hasani, t\u00eb cil\u00ebt u shp\u00ebrngul\u00ebn k\u00ebtu nga fshati Muzhe\u00e7k i Triepshit para Luft\u00ebs s\u00eb Dyt\u00eb Bot\u00ebrore. Jam f\u00ebmija i tet\u00eb n\u00eb familje, ku p\u00ebrve\u00e7 v\u00ebllait Markut, i cili nd\u00ebrroi jet\u00eb para m\u00eb se nj\u00eb viti, t\u00eb gjith\u00eb jemi n\u00eb jet\u00eb, disa k\u00ebtu n\u00eb Mal\u00ebsi, t\u00eb tjer\u00ebt n\u00eb Amerik\u00eb dhe Australi.<br \/>\nShkoll\u00ebn fillore dhe dy vite t\u00eb gjimnazit i kam mbaruar n\u00eb Mal\u00ebsi, kurse dy vitet e fundit t\u00eb gjimnazit dhe vitin e par\u00eb t\u00eb shkoll\u00ebs s\u00eb Lart\u00eb Pedagogjike i kam vijuar n\u00eb Gjakov\u00eb.<br \/>\nGjendja jo e lakmueshme ekonomike dhe situata e tensionuar politike m\u00eb shtyn\u00eb q\u00eb t\u00eb largohem nga vendlindja n\u00eb shtator t\u00eb vitit 1982.<br \/>\nJam martuar me Marie Mark Goj\u00e7aj dhe zoti na ka dhuruar dy vajza dhe nj\u00eb djal. Q\u00eb prej dit\u00ebs s\u00eb par\u00eb n\u00eb Amerik\u00eb, jetoj, punoj dhe veproj n\u00eb Detroit, Michigan.<\/p>\n<p>Koha Javore: Cilat kan\u00eb qen\u00eb aktivitetet Tuaja t\u00eb para dhe kontributi i dh\u00ebn\u00eb vendlindjes?<br \/>\nP. Gjokaj: Si aktivtet i par\u00eb dhe mjaft i v\u00ebshtir\u00eb ishte pjes\u00ebmarrja n\u00eb protesta n\u00eb Uashington, para Sht\u00ebpis\u00eb s\u00eb Bardh\u00eb dhe Ambasad\u00ebs jugosllave p\u00ebr t\u00eb k\u00ebrkuar t\u00eb drjtat e kosovar\u00ebve, me moton \u201cKosova Republik\u00eb\u201d.<br \/>\nAsohere ishte mjaft e v\u00ebshtir\u00eb p\u00ebr t\u00eb marr\u00eb pjes\u00eb n\u00eb to, ngase para Ambasad\u00ebs jugosllave na merrnin me kamera dhe regjimi i at\u00ebhersh\u00ebm jugosllav nuk lejonte udh\u00ebtimin e k\u00ebtyre njer\u00ebzve n\u00eb vendlindje ose ka pasur raste q\u00eb disa nga ata t\u00eb arrestohen dhe keqtrajtohen nga ajo qeveri.<br \/>\nPra, duke k\u00ebrkuar t\u00eb drejta p\u00ebr Kosov\u00ebn kishim vendosur t\u00eb braktisim familjet dhe vendlindjen p\u00ebr nj\u00eb koh\u00eb t\u00eb pacaktuar, e kjo ishte mjaft e v\u00ebshtir\u00eb.<br \/>\nP\u00ebrve\u00e7 k\u00ebsaj, kam marr\u00eb pjes\u00eb n\u00eb shum\u00eb aktivitete p\u00ebr t\u00eb ndihmuar vendlindjen, si\u00e7 \u00ebsht\u00eb nd\u00ebrtimi i sht\u00ebpive t\u00eb kultur\u00ebs, i objekteve fetare, ndihma p\u00ebr shkollim, ndihma p\u00ebr t\u00eb s\u00ebmur\u00ebt dhe skamnor\u00ebt ,ndihmat p\u00ebr rrug\u00eb dhe elektrifikim etj.<\/p>\n<p>Koha Javore: Pasi q\u00eb Ju jeni an\u00ebtar i Shoqat\u00ebs Shqiptaro-Amerikane \u201cMal\u00ebsia e Madhe\u201d, a mund t\u00eb na thoni di\u00e7ka p\u00ebr veprimtarin\u00eb e k\u00ebsaj shoqate?<br \/>\nP. Gjokaj: Me p\u00ebrfundimin e luft\u00ebs n\u00eb Kosov\u00eb, n\u00eb Detroit gjendej nj\u00eb num\u00ebr i konsideruesh\u00ebm aktivist\u00ebsh dhe n\u00eb vitin 2001 u vendos q\u00eb t\u00eb formohet nj\u00eb shoqat\u00eb q\u00eb si objektiv kryesor do ta kishte Mal\u00ebsin\u00eb.<br \/>\nP\u00ebr tet\u00eb vjet veprimtari, Shoqata Shqiptaro-Amerikane \u201cMal\u00ebsia e Madhe\u201d ka dh\u00ebn\u00eb nj\u00eb kontribut mjaft t\u00eb madh n\u00eb l\u00ebmin\u00eb e bamir\u00ebsis\u00eb, arsimit, kultur\u00ebs, sportit, si dhe n\u00eb avancimin e t\u00eb drejtave t\u00eb shqiptar\u00ebve n\u00eb k\u00ebto troje, duke ngritur z\u00ebrin kund\u00ebr padrejt\u00ebsive q\u00eb u b\u00ebheshin shqiptar\u00ebve n\u00eb vendlindje. Shoqata b\u00ebri edhe protesta p\u00ebr rilirimin e 18 t\u00eb arrestuarve n\u00eb aksionin policor fam\u00ebkeq \u201cFluturimi i Shqiponj\u00ebs\u201d.<br \/>\nJam an\u00ebtar i Shoqat\u00ebs q\u00eb nga themelimi, por p\u00ebr momentin nuk jam an\u00ebtar i kryesis\u00eb dhe nuk posedoj t\u00eb gjitha t\u00eb dh\u00ebnat relevante p\u00ebr aktivitetet e saj.<br \/>\nNj\u00eb aktivitet mjaft me r\u00ebnd\u00ebsi \u00ebsht\u00eb edhe binjak\u00ebzimi i qyteteve Ro\u00e7ester Hills dhe Tuzit, q\u00eb u realizua me nd\u00ebrmjet\u00ebsimin e Shoqat\u00ebs, e si rezultat i k\u00ebtij aktivteti, p\u00ebrpos ndihmave q\u00eb qytetar\u00ebt e Ro\u00e7ester Hills d\u00ebrguan p\u00ebr shkollat n\u00eb Mal\u00ebsi, tani atje studion e reja nga Mal\u00ebsia, Drita Nikoll\u00eb Dushaj, me nj\u00eb burs\u00eb t\u00eb garantuar kat\u00ebrvje\u00e7are n\u00eb nj\u00eb nga Kolegjet e k\u00ebtij qyteti, me nj \u00ebvler\u00eb prej 110.000 USD.<\/p>\n<p>Koha Javore: na tregoni p\u00ebr projektin e shoqat\u00ebs suaj n\u00eb lidhje me p\u00ebrkrahjen e skamnor\u00ebve nga treva e Mal\u00ebsis\u00eb?<br \/>\nP. Gjokaj: Vizitat e shpeshta t\u00eb an\u00ebtar\u00ebve t\u00eb Shoqat\u00ebs n\u00eb vendlindje, njohja e drejtp\u00ebrdrejt\u00eb e tyre me individ\u00eb dhe familje n\u00eb nevoj\u00eb, na shtyri q\u00eb t\u00eb organizojm\u00eb grumbullimin e mjeteve financiare p\u00ebr t\u00eb ndihmuar njer\u00ebzit n\u00eb nevoj\u00eb. Ky aktivitet ka filluar para pes\u00eb viteve, kurse do t\u00eb organizohet edhe k\u00ebt\u00eb vit me mbr\u00ebmjen e caktuar m\u00eb 22 N\u00ebntor n\u00eb sall\u00ebn e komunitetit shqiptar t\u00eb Sh\u00ebn Palit.<br \/>\nUrojm\u00eb q\u00eb Mal\u00ebsia dhe mbar\u00eb shqiptarizmi t\u00eb ken\u00eb sa m\u00eb pak njer\u00ebz n\u00eb nevoj\u00eb pr\u00eb ndihma t\u00eb tilla, n\u00eb m\u00ebnyr\u00eb q\u00eb t\u00eb mund t\u00eb p\u00ebrqendrohemi m\u00eb tep\u00ebr p\u00ebr t\u2019u dh\u00ebn\u00eb ndihm\u00eb student\u00ebve, aktivitet ky q\u00eb \u00ebsht\u00eb filluar k\u00ebt\u00eb vit.<\/p>\n<p>Koha Javore: N\u00eb k\u00ebt\u00eb t\u00eb fundit, Shoqata Juaj \u00ebsht\u00eb aktive n\u00eb gjetjen e modusit p\u00ebr bahsk\u00ebpunim me organizatat e tjera simotra n\u00eb SHBA, q\u00eb Mal\u00ebsia t\u00eb fitoj\u00eb statusin e komun\u00ebs me t\u00eb drejta t\u00eb plota. \u00c7far\u00eb mund t\u00eb na thoni n\u00eb lidhje me k\u00ebt\u00eb?<br \/>\nP. Gjokaj: Shoqata \u201cMal\u00ebsia e Madhe\u201d para kat\u00ebr vitesh mori iniciativ\u00ebn p\u00ebr themelimin e nj\u00eb trupi z\u00ebdh\u00ebn\u00ebs, q\u00eb do t\u00eb p\u00ebrfaq\u00ebsonte t\u00eb gjitha shoqatat e shqiptar\u00ebve nga Mali i Zi q\u00eb veprojn\u00eb n\u00eb Amerik\u00eb.<br \/>\nTakimi i par\u00eb u mbajt n\u00eb Detroit dhe t\u00eb gjith\u00eb pjes\u00ebmarr\u00ebsit u dakorduan p\u00ebr nj\u00eb organizim t\u00eb till\u00eb.<br \/>\nMbledhja e dyt\u00eb u mbajt n\u00eb \u00c7ikago, kurse e treta n\u00eb Nju-Jork. N\u00eb mbledhjen e tret\u00eb, n\u00eb vend q\u00eb t\u00eb vazhdohej puna n\u00eb formimin e nj\u00eb trupi s\u00ebdh\u00ebn\u00ebs, u themelua L\u00ebvizja \u201cAt\u00ebdheu na Bashkon\u201d dhe \u00e7\u2019prej at\u00ebher\u00eb Shoqata Shqiptaro-Amerikane \u201cMal\u00ebsia e Madhe\u201d nuk merr pjes\u00eb n\u00eb k\u00ebt organizat\u00eb.<br \/>\nDua t\u00eb ceki se Shoqata Shqiptare-Amerikane \u201cMal\u00ebsia e Madhe\u201d ishte ideatore dhe financuese kryesore e takimit t\u00eb para gjasht\u00eb viteve n\u00eb Uashington, me pjes\u00ebmarrje t\u00eb partive shqiptare, organizatave joqeveritre dhe p\u00ebrfaq\u00ebsuesve fetare t\u00eb shqiptar\u00ebve n\u00eb Mal t\u00eb Zi, e p\u00ebr fat t\u00eb keq nuk dha rezultate t\u00eb pritura.<br \/>\nN\u00eb koh\u00eb t\u00eb fundit gjendja ka ndryshuar dhe m\u00eb 24 tetor 2009 n\u00eb Du Bois t\u00eb Pensilvanis\u00eb u organizua nj\u00eb konferenc\u00eb, n\u00eb t\u00eb cil\u00ebn mor\u00ebn pjes\u00eb kat\u00ebr organizatat m\u00eb me ndikim n\u00eb diaspor\u00ebn shqiptare n\u00eb Shtetet e Bashkuara t\u00eb Amerik\u00ebs: Shoqata Shqiptaro-Amerikane \u201cMal\u00ebsia e Madhe\u201d, L\u00ebvizja \u201cAt\u00ebdheu na Bashkon\u201d, Fondi Humanitar \u201cMal\u00ebsia\u201d dhe Shoqata Ded\u00eb Gjo\u2019Luli\u201d, ku p\u00ebr her\u00eb t\u00eb par\u00eb biseduan bashk\u00ebrisht p\u00ebr projektet q\u00eb kan\u00eb p\u00ebr q\u00ebllim njohjen e Mal\u00ebsis\u00eb si etnitet t\u00eb ve\u00e7ant\u00eb dhe funksional, duke ia dh\u00ebn\u00eb statusin e Komun\u00ebs s\u00eb plot\u00eb, q\u00eb \u00ebsht\u00eb e drejt\u00eb themelore e popullit ton\u00eb autokton.<br \/>\nN\u00eb k\u00ebt\u00eb takim, kryetar i grupit t\u00eb pun\u00ebs u zgjodh z. Gjergj Ivezaj, i cili nj\u00ebherit \u00ebsht\u00eb edhe kryetar i Shoqat\u00ebs Shqiptaro-Amerikane \u201cMal\u00ebsia e Madhe\u201d dhe kjo tregon p\u00ebr respektin q\u00eb shoqatat e tjera kan\u00eb p\u00ebr shoqat\u00ebn ton\u00eb. Shoqata Shqiptaro-Amerikane \u201cMal\u00ebsia e Madhe\u201d, n\u00eb bashk\u00ebveprim me shoqatat e tjera simotra, nuk do t\u00eb pushoj\u00eb asnj\u00ebher\u00eb veprimtarin\u00eb e vet p\u00ebr avancimin e t\u00eb drejtave tona dhe p\u00ebr t\u00eb dh\u00ebn\u00eb ndihm\u00eb morale dhe materiale p\u00ebr vendlindjen.<\/p>\n<p>Koha Javore: P\u00ebrve\u00e7 ndihmave humanitare, a ka diaspora shqiptare plane kkonkrete p\u00ebr investime n\u00eb Mal\u00ebsi?<br \/>\nP. Gjokaj: N\u00eb munges\u00eb t\u00eb administrat\u00ebs vendore dhe departamenteve p\u00ebrkat\u00ebse k\u00ebtu n\u00eb Mal\u00ebsi si dhe nga frika e korrupsionit n\u00eb k\u00ebt\u00eb shtet, investimet nga diaspora kryesisht jan\u00eb p\u00ebrqendruar n\u00eb blerjen e trojeve dhe n\u00eb nd\u00ebrtimin e sht\u00ebpive private. Me themelimin e Komun\u00ebs s\u00eb Mal\u00ebsis\u00eb me t\u00eb drjta dhe ingerenca t\u00eb plota sikurse 21 komunat e tjera t\u00eb Malit t\u00eb Zi, shpresoj q\u00eb investimet do t\u00eb rriten. Kjo mund t\u00eb realizohet p\u00ebrmes Dhom\u00ebs s\u00eb Treg\u00ebtis\u00eb dhe Sekretariatit p\u00ebr Financa, q\u00eb do t\u00eb duhej t\u00eb dalin me projekte konkrete, kurse Diaspora t\u00eb ket\u00eb mund\u00ebsi p\u00ebr t\u00eb marr\u00eb pjes\u00eb me aksione.<br \/>\nShpresoj q\u00eb kjo t\u00eb realizohet dhe mirupafshim herave t\u00eb tjera n\u00eb nj\u00eb komun\u00eb t\u00eb plot\u00eb.<\/p>\n<p><strong>Bisedoi: Muhamed Gjokaj<br \/>\nKoha Javore<\/strong><\/p>\n","protected":false},"excerpt":{"rendered":"<p>Aktivitete p\u00ebr njer\u00ebzit n\u00eb nevoj\u00eb Nj\u00eb aktivitet mjaft me r\u00ebnd\u00ebsi \u00ebsht\u00eb edhe binjak\u00ebzimi i qyteteve Ro\u00e7ester Hills dhe Tuzit, q\u00eb u realizua me nd\u00ebrmjet\u00ebsimin e Shoqat\u00ebs, e si rezultat i k\u00ebtij aktivteti, p\u00ebrpos ndihmave q\u00eb qytetar\u00ebt e Ro\u00e7ester Hills d\u00ebrguan p\u00ebr shkollat n\u00eb Mal\u00ebsi. Koha javore: Z. Gjokaj, na tregoni di\u00e7ka p\u00ebr jet\u00ebn tuaj para [&hellip;]<\/p>\n","protected":false},"author":1,"featured_media":0,"comment_status":"open","ping_status":"closed","sticky":false,"template":"","format":"standard","meta":{"spay_email":"","jetpack_publicize_message":"","jetpack_is_tweetstorm":false,"jetpack_publicize_feature_enabled":true},"categories":[5],"tags":[12753],"jetpack_publicize_connections":[],"yoast_head":"<!-- This site is optimized with the Yoast SEO plugin v19.1 - https:\/\/yoast.com\/wordpress\/plugins\/seo\/ -->\n<title>Intervist\u00eb me Prenk\u00eb Gjokaj, veprimtar i shoqat\u00ebs shqiptaro-amerikane \u201cMal\u00ebsia e madhe\u201d nga Mi\u00e7igeni - Lajme nga Ulqini<\/title>\n<meta name=\"description\" content=\"Aktivitete p\u00ebr njer\u00ebzit n\u00eb nevoj\u00eb Nj\u00eb aktivitet mjaft me r\u00ebnd\u00ebsi \u00ebsht\u00eb edhe binjak\u00ebzimi i qyteteve Ro\u00e7ester Hills dhe Tuzit, q\u00eb u realizua me\" \/>\n<meta name=\"robots\" content=\"index, follow, max-snippet:-1, max-image-preview:large, max-video-preview:-1\" \/>\n<link rel=\"canonical\" href=\"https:\/\/www.visit-ulcinj.com\/blog\/2009\/11\/13\/interviste-me-prenke-gjokaj-veprimtar-i-shoqates-shqiptaro-amerikane-\u201cmalesia-e-madhe\u201d-nga-micigeni\/\" \/>\n<meta property=\"og:locale\" content=\"en_US\" \/>\n<meta property=\"og:type\" content=\"article\" \/>\n<meta property=\"og:title\" content=\"Intervist\u00eb me Prenk\u00eb Gjokaj, veprimtar i shoqat\u00ebs shqiptaro-amerikane \u201cMal\u00ebsia e madhe\u201d nga Mi\u00e7igeni - Lajme nga Ulqini\" \/>\n<meta property=\"og:description\" content=\"Aktivitete p\u00ebr njer\u00ebzit n\u00eb nevoj\u00eb Nj\u00eb aktivitet mjaft me r\u00ebnd\u00ebsi \u00ebsht\u00eb edhe binjak\u00ebzimi i qyteteve Ro\u00e7ester Hills dhe Tuzit, q\u00eb u realizua me\" \/>\n<meta property=\"og:url\" content=\"https:\/\/www.visit-ulcinj.com\/blog\/2009\/11\/13\/interviste-me-prenke-gjokaj-veprimtar-i-shoqates-shqiptaro-amerikane-\u201cmalesia-e-madhe\u201d-nga-micigeni\/\" \/>\n<meta property=\"og:site_name\" content=\"Lajme nga Ulqini\" \/>\n<meta property=\"article:published_time\" content=\"2009-11-12T22:01:22+00:00\" \/>\n<meta property=\"og:image\" content=\"http:\/\/www.visit-ulcinj.com\/blog\/wp-content\/uploads\/2009\/11\/Prenk-Gjokaj.jpg\" \/>\n<meta name=\"twitter:label1\" content=\"Written by\" \/>\n\t<meta name=\"twitter:data1\" content=\"ulqini\" \/>\n\t<meta name=\"twitter:label2\" content=\"Est. reading time\" \/>\n\t<meta name=\"twitter:data2\" content=\"7 minutes\" \/>\n<script type=\"application\/ld+json\" class=\"yoast-schema-graph\">{\"@context\":\"https:\/\/schema.org\",\"@graph\":[{\"@type\":\"WebSite\",\"@id\":\"https:\/\/www.visit-ulcinj.com\/blog\/#website\",\"url\":\"https:\/\/www.visit-ulcinj.com\/blog\/\",\"name\":\"Lajme nga Ulqini\",\"description\":\"Lajme,Vijesti,Ulqini,Ulqin,Crna Gora,Mali i Zi\",\"potentialAction\":[{\"@type\":\"SearchAction\",\"target\":{\"@type\":\"EntryPoint\",\"urlTemplate\":\"https:\/\/www.visit-ulcinj.com\/blog\/?s={search_term_string}\"},\"query-input\":\"required name=search_term_string\"}],\"inLanguage\":\"en-US\"},{\"@type\":\"ImageObject\",\"inLanguage\":\"en-US\",\"@id\":\"https:\/\/www.visit-ulcinj.com\/blog\/2009\/11\/13\/interviste-me-prenke-gjokaj-veprimtar-i-shoqates-shqiptaro-amerikane-%e2%80%9cmalesia-e-madhe%e2%80%9d-nga-micigeni\/#primaryimage\",\"url\":\"https:\/\/www.visit-ulcinj.com\/blog\/wp-content\/uploads\/2009\/11\/Prenk-Gjokaj.jpg\",\"contentUrl\":\"https:\/\/www.visit-ulcinj.com\/blog\/wp-content\/uploads\/2009\/11\/Prenk-Gjokaj.jpg\",\"width\":\"976\",\"height\":\"1198\"},{\"@type\":\"WebPage\",\"@id\":\"https:\/\/www.visit-ulcinj.com\/blog\/2009\/11\/13\/interviste-me-prenke-gjokaj-veprimtar-i-shoqates-shqiptaro-amerikane-%e2%80%9cmalesia-e-madhe%e2%80%9d-nga-micigeni\/#webpage\",\"url\":\"https:\/\/www.visit-ulcinj.com\/blog\/2009\/11\/13\/interviste-me-prenke-gjokaj-veprimtar-i-shoqates-shqiptaro-amerikane-%e2%80%9cmalesia-e-madhe%e2%80%9d-nga-micigeni\/\",\"name\":\"Intervist\u00eb me Prenk\u00eb Gjokaj, veprimtar i shoqat\u00ebs shqiptaro-amerikane \u201cMal\u00ebsia e madhe\u201d nga Mi\u00e7igeni - Lajme nga Ulqini\",\"isPartOf\":{\"@id\":\"https:\/\/www.visit-ulcinj.com\/blog\/#website\"},\"primaryImageOfPage\":{\"@id\":\"https:\/\/www.visit-ulcinj.com\/blog\/2009\/11\/13\/interviste-me-prenke-gjokaj-veprimtar-i-shoqates-shqiptaro-amerikane-%e2%80%9cmalesia-e-madhe%e2%80%9d-nga-micigeni\/#primaryimage\"},\"datePublished\":\"2009-11-12T22:01:22+00:00\",\"dateModified\":\"2009-11-12T22:01:22+00:00\",\"author\":{\"@id\":\"https:\/\/www.visit-ulcinj.com\/blog\/#\/schema\/person\/dcab619c614d3038751c63bc2aadc06d\"},\"description\":\"Aktivitete p\u00ebr njer\u00ebzit n\u00eb nevoj\u00eb Nj\u00eb aktivitet mjaft me r\u00ebnd\u00ebsi \u00ebsht\u00eb edhe binjak\u00ebzimi i qyteteve Ro\u00e7ester Hills dhe Tuzit, q\u00eb u realizua me\",\"breadcrumb\":{\"@id\":\"https:\/\/www.visit-ulcinj.com\/blog\/2009\/11\/13\/interviste-me-prenke-gjokaj-veprimtar-i-shoqates-shqiptaro-amerikane-%e2%80%9cmalesia-e-madhe%e2%80%9d-nga-micigeni\/#breadcrumb\"},\"inLanguage\":\"en-US\",\"potentialAction\":[{\"@type\":\"ReadAction\",\"target\":[\"https:\/\/www.visit-ulcinj.com\/blog\/2009\/11\/13\/interviste-me-prenke-gjokaj-veprimtar-i-shoqates-shqiptaro-amerikane-%e2%80%9cmalesia-e-madhe%e2%80%9d-nga-micigeni\/\"]}]},{\"@type\":\"BreadcrumbList\",\"@id\":\"https:\/\/www.visit-ulcinj.com\/blog\/2009\/11\/13\/interviste-me-prenke-gjokaj-veprimtar-i-shoqates-shqiptaro-amerikane-%e2%80%9cmalesia-e-madhe%e2%80%9d-nga-micigeni\/#breadcrumb\",\"itemListElement\":[{\"@type\":\"ListItem\",\"position\":1,\"name\":\"Intervist\u00eb me Prenk\u00eb Gjokaj, veprimtar i shoqat\u00ebs shqiptaro-amerikane \u201cMal\u00ebsia e madhe\u201d nga Mi\u00e7igeni\"}]},{\"@type\":\"Person\",\"@id\":\"https:\/\/www.visit-ulcinj.com\/blog\/#\/schema\/person\/dcab619c614d3038751c63bc2aadc06d\",\"name\":\"ulqini\",\"sameAs\":[\"http:\/\/www.visit-ulcinj.com\"],\"url\":\"https:\/\/www.visit-ulcinj.com\/blog\/author\/admin\/\"}]}<\/script>\n<!-- \/ Yoast SEO plugin. -->","yoast_head_json":{"title":"Intervist\u00eb me Prenk\u00eb Gjokaj, veprimtar i shoqat\u00ebs shqiptaro-amerikane \u201cMal\u00ebsia e madhe\u201d nga Mi\u00e7igeni - Lajme nga Ulqini","description":"Aktivitete p\u00ebr njer\u00ebzit n\u00eb nevoj\u00eb Nj\u00eb aktivitet mjaft me r\u00ebnd\u00ebsi \u00ebsht\u00eb edhe binjak\u00ebzimi i qyteteve Ro\u00e7ester Hills dhe Tuzit, q\u00eb u realizua me","robots":{"index":"index","follow":"follow","max-snippet":"max-snippet:-1","max-image-preview":"max-image-preview:large","max-video-preview":"max-video-preview:-1"},"canonical":"https:\/\/www.visit-ulcinj.com\/blog\/2009\/11\/13\/interviste-me-prenke-gjokaj-veprimtar-i-shoqates-shqiptaro-amerikane-\u201cmalesia-e-madhe\u201d-nga-micigeni\/","og_locale":"en_US","og_type":"article","og_title":"Intervist\u00eb me Prenk\u00eb Gjokaj, veprimtar i shoqat\u00ebs shqiptaro-amerikane \u201cMal\u00ebsia e madhe\u201d nga Mi\u00e7igeni - Lajme nga Ulqini","og_description":"Aktivitete p\u00ebr njer\u00ebzit n\u00eb nevoj\u00eb Nj\u00eb aktivitet mjaft me r\u00ebnd\u00ebsi \u00ebsht\u00eb edhe binjak\u00ebzimi i qyteteve Ro\u00e7ester Hills dhe Tuzit, q\u00eb u realizua me","og_url":"https:\/\/www.visit-ulcinj.com\/blog\/2009\/11\/13\/interviste-me-prenke-gjokaj-veprimtar-i-shoqates-shqiptaro-amerikane-\u201cmalesia-e-madhe\u201d-nga-micigeni\/","og_site_name":"Lajme nga Ulqini","article_published_time":"2009-11-12T22:01:22+00:00","og_image":[{"url":"http:\/\/www.visit-ulcinj.com\/blog\/wp-content\/uploads\/2009\/11\/Prenk-Gjokaj.jpg"}],"twitter_misc":{"Written by":"ulqini","Est. reading time":"7 minutes"},"schema":{"@context":"https:\/\/schema.org","@graph":[{"@type":"WebSite","@id":"https:\/\/www.visit-ulcinj.com\/blog\/#website","url":"https:\/\/www.visit-ulcinj.com\/blog\/","name":"Lajme nga Ulqini","description":"Lajme,Vijesti,Ulqini,Ulqin,Crna Gora,Mali i Zi","potentialAction":[{"@type":"SearchAction","target":{"@type":"EntryPoint","urlTemplate":"https:\/\/www.visit-ulcinj.com\/blog\/?s={search_term_string}"},"query-input":"required name=search_term_string"}],"inLanguage":"en-US"},{"@type":"ImageObject","inLanguage":"en-US","@id":"https:\/\/www.visit-ulcinj.com\/blog\/2009\/11\/13\/interviste-me-prenke-gjokaj-veprimtar-i-shoqates-shqiptaro-amerikane-%e2%80%9cmalesia-e-madhe%e2%80%9d-nga-micigeni\/#primaryimage","url":"https:\/\/www.visit-ulcinj.com\/blog\/wp-content\/uploads\/2009\/11\/Prenk-Gjokaj.jpg","contentUrl":"https:\/\/www.visit-ulcinj.com\/blog\/wp-content\/uploads\/2009\/11\/Prenk-Gjokaj.jpg","width":"976","height":"1198"},{"@type":"WebPage","@id":"https:\/\/www.visit-ulcinj.com\/blog\/2009\/11\/13\/interviste-me-prenke-gjokaj-veprimtar-i-shoqates-shqiptaro-amerikane-%e2%80%9cmalesia-e-madhe%e2%80%9d-nga-micigeni\/#webpage","url":"https:\/\/www.visit-ulcinj.com\/blog\/2009\/11\/13\/interviste-me-prenke-gjokaj-veprimtar-i-shoqates-shqiptaro-amerikane-%e2%80%9cmalesia-e-madhe%e2%80%9d-nga-micigeni\/","name":"Intervist\u00eb me Prenk\u00eb Gjokaj, veprimtar i shoqat\u00ebs shqiptaro-amerikane \u201cMal\u00ebsia e madhe\u201d nga Mi\u00e7igeni - Lajme nga Ulqini","isPartOf":{"@id":"https:\/\/www.visit-ulcinj.com\/blog\/#website"},"primaryImageOfPage":{"@id":"https:\/\/www.visit-ulcinj.com\/blog\/2009\/11\/13\/interviste-me-prenke-gjokaj-veprimtar-i-shoqates-shqiptaro-amerikane-%e2%80%9cmalesia-e-madhe%e2%80%9d-nga-micigeni\/#primaryimage"},"datePublished":"2009-11-12T22:01:22+00:00","dateModified":"2009-11-12T22:01:22+00:00","author":{"@id":"https:\/\/www.visit-ulcinj.com\/blog\/#\/schema\/person\/dcab619c614d3038751c63bc2aadc06d"},"description":"Aktivitete p\u00ebr njer\u00ebzit n\u00eb nevoj\u00eb Nj\u00eb aktivitet mjaft me r\u00ebnd\u00ebsi \u00ebsht\u00eb edhe binjak\u00ebzimi i qyteteve Ro\u00e7ester Hills dhe Tuzit, q\u00eb u realizua me","breadcrumb":{"@id":"https:\/\/www.visit-ulcinj.com\/blog\/2009\/11\/13\/interviste-me-prenke-gjokaj-veprimtar-i-shoqates-shqiptaro-amerikane-%e2%80%9cmalesia-e-madhe%e2%80%9d-nga-micigeni\/#breadcrumb"},"inLanguage":"en-US","potentialAction":[{"@type":"ReadAction","target":["https:\/\/www.visit-ulcinj.com\/blog\/2009\/11\/13\/interviste-me-prenke-gjokaj-veprimtar-i-shoqates-shqiptaro-amerikane-%e2%80%9cmalesia-e-madhe%e2%80%9d-nga-micigeni\/"]}]},{"@type":"BreadcrumbList","@id":"https:\/\/www.visit-ulcinj.com\/blog\/2009\/11\/13\/interviste-me-prenke-gjokaj-veprimtar-i-shoqates-shqiptaro-amerikane-%e2%80%9cmalesia-e-madhe%e2%80%9d-nga-micigeni\/#breadcrumb","itemListElement":[{"@type":"ListItem","position":1,"name":"Intervist\u00eb me Prenk\u00eb Gjokaj, veprimtar i shoqat\u00ebs shqiptaro-amerikane \u201cMal\u00ebsia e madhe\u201d nga Mi\u00e7igeni"}]},{"@type":"Person","@id":"https:\/\/www.visit-ulcinj.com\/blog\/#\/schema\/person\/dcab619c614d3038751c63bc2aadc06d","name":"ulqini","sameAs":["http:\/\/www.visit-ulcinj.com"],"url":"https:\/\/www.visit-ulcinj.com\/blog\/author\/admin\/"}]}},"jetpack_featured_media_url":"","jetpack_sharing_enabled":true,"jetpack_shortlink":"https:\/\/wp.me\/pe6lTn-72K","_links":{"self":[{"href":"https:\/\/www.visit-ulcinj.com\/blog\/wp-json\/wp\/v2\/posts\/27078"}],"collection":[{"href":"https:\/\/www.visit-ulcinj.com\/blog\/wp-json\/wp\/v2\/posts"}],"about":[{"href":"https:\/\/www.visit-ulcinj.com\/blog\/wp-json\/wp\/v2\/types\/post"}],"author":[{"embeddable":true,"href":"https:\/\/www.visit-ulcinj.com\/blog\/wp-json\/wp\/v2\/users\/1"}],"replies":[{"embeddable":true,"href":"https:\/\/www.visit-ulcinj.com\/blog\/wp-json\/wp\/v2\/comments?post=27078"}],"version-history":[{"count":0,"href":"https:\/\/www.visit-ulcinj.com\/blog\/wp-json\/wp\/v2\/posts\/27078\/revisions"}],"wp:attachment":[{"href":"https:\/\/www.visit-ulcinj.com\/blog\/wp-json\/wp\/v2\/media?parent=27078"}],"wp:term":[{"taxonomy":"category","embeddable":true,"href":"https:\/\/www.visit-ulcinj.com\/blog\/wp-json\/wp\/v2\/categories?post=27078"},{"taxonomy":"post_tag","embeddable":true,"href":"https:\/\/www.visit-ulcinj.com\/blog\/wp-json\/wp\/v2\/tags?post=27078"}],"curies":[{"name":"wp","href":"https:\/\/api.w.org\/{rel}","templated":true}]}}