{"id":2710,"date":"2008-08-26T03:39:55","date_gmt":"2008-08-26T08:39:55","guid":{"rendered":"http:\/\/www.visit-ulcinj.com\/blog\/?p=2710"},"modified":"2008-08-29T15:57:58","modified_gmt":"2008-08-29T20:57:58","slug":"instalohet-sistemi-i-ngrohjes-me-gazne-shkollen-fillore-gjergj-k-skenderbeu-ne-ostros","status":"publish","type":"post","link":"https:\/\/www.visit-ulcinj.com\/blog\/2008\/08\/26\/instalohet-sistemi-i-ngrohjes-me-gazne-shkollen-fillore-gjergj-k-skenderbeu-ne-ostros\/","title":{"rendered":"Instalohet sistemi i ngrohjes me gaz,N\u00eb shkoll\u00ebn fillore &#8220;Gjergj K. Sk\u00ebnderbeu&#8221; n\u00eb Ostros"},"content":{"rendered":"<p><a href=\"http:\/\/i67.photobucket.com\/albums\/h285\/djal_hallall\/shkolla.gif\"><img loading=\"lazy\" class=\"alignleft\" title=\"shkolla ne ostros\" src=\"http:\/\/i67.photobucket.com\/albums\/h285\/djal_hallall\/shkolla.gif\" alt=\"\" width=\"329\" height=\"235\" \/><\/a><\/p>\n<p>N\u00eb shkoll\u00ebn fillore &#8220;Gjergj K. Sk\u00ebnderbeu&#8221; n\u00eb Ostros k\u00ebto dit\u00eb me t\u00eb madhe jan\u00eb duke u zhvilluar punimet n\u00eb instalimin e ngrohjes qendrore me gaz. Sipas fjal\u00ebve t\u00eb drejtorit t\u00eb shkoll\u00ebs Beqir Berjasheviq k\u00ebt\u00eb projekt po e financon Ministria e Arsimit dhe nj\u00eb pjes\u00eb t\u00eb tij edhe komuna e Tivarit. Realizimi i projektit n\u00eb fjal\u00eb do t\u00eb kushtoj\u00eb 166.000 euro nga t\u00eb cilat Ministria e Arsimit investon 130.000 euro, nd\u00ebrsa komuna e Tivarit 36.000 euro, thot\u00eb drejtori i shkoll\u00ebs. Gjithmon\u00eb sipas fjal\u00ebve t\u00eb drejtorit t\u00eb shkoll\u00ebs sistemi i ngrohjes me gaz n\u00eb objektin e shkoll\u00ebs qendrore do t\u00eb ket\u00eb kapacitetin e ngrohjes s\u00eb 1650 metrave katror\u00eb. Punimet k\u00ebtu po i b\u00ebn nd\u00ebrmarrja e specializuar p\u00ebr sistem t\u00eb k\u00ebtilla t\u00eb instalimit &#8220;Ening&#8221; nga Nikshiqi. Pritet q\u00eb deri m\u00eb pes\u00ebmb\u00ebdhjet\u00eb gusht t\u00eb kryhen punimet n\u00eb pjes\u00ebn e br\u00ebndshme t\u00eb objektit ku n\u00eb t\u00eb nj\u00ebjt\u00ebn koh\u00eb do t\u00eb b\u00ebhet edhe molerimi i ambientit t\u00eb brendsh\u00ebm t\u00eb shkoll\u00ebs n\u00eb m\u00ebnyr\u00eb q\u00eb me 1 shtator dhomat e m\u00ebsimit dhe kabinetet t\u00eb jen\u00eb t\u00eb gatshme p\u00ebr t`i pranuar nx\u00ebn\u00ebsit. P\u00ebrndryshe, instalimi n\u00eb t\u00ebr\u00ebsi duhet t\u00eb kryhet deri me pes\u00ebmb\u00ebdhjet tetor. N\u00eb k\u00ebt\u00eb m\u00ebnyr\u00eb pritet q\u00eb ngrohja e objektit p\u00ebr sezonin e sivjet\u00ebm t\u00eb b\u00ebhet me sistemin e ngrohjes me gaz.<\/p>\n<p>Kujtojm\u00eb se sistemi i ngrohjes me gaz \u00ebsht\u00eb vjetruar shum\u00eb e nga ana tjet\u00ebr p\u00ebr nj\u00eb objekt t\u00eb till\u00eb si\u00e7 \u00ebsht\u00eb godina e shkoll\u00ebs qendrore n\u00eb Kraj\u00eb aspak nuk i shkonte p\u00ebr shtati dhe nuk ka qen\u00eb fare funkcional. Sistemi me gaz i nxemjes krahas funkcionalitetit dhe standardeve t\u00eb larta t\u00eb ngrohejs paraqet komoditet p\u00ebr t\u00eb gjith\u00eb, e n\u00eb t\u00eb nj\u00ebjt\u00ebn koh\u00eb edhe leht\u00ebsim p\u00ebr pun\u00ebtor\u00ebt teknik\u00eb t\u00eb shkoll\u00ebs.<br \/>\n<strong>Ali Gje\u00e7britaj<\/strong><\/p>\n<!--YouTube Error: bad URL entered-->\n<p style=\"text-align: center;\"><a href=\"http:\/\/www.visit-ulcinj.com\/?rub=taxicobi\"><img loading=\"lazy\" class=\"size-medium wp-image-2798 aligncenter\" title=\"taxi-cobi-ulqintaxi-cobi-ulcinjcrna-goramontenegromali-i-ziulqini\" src=\"http:\/\/www.visit-ulcinj.com\/blog\/wp-content\/uploads\/2008\/08\/taxi-cobi-ulqintaxi-cobi-ulcinjcrna-goramontenegromali-i-ziulqini-300x140.jpg\" alt=\"\" width=\"300\" height=\"140\" srcset=\"https:\/\/www.visit-ulcinj.com\/blog\/wp-content\/uploads\/2008\/08\/taxi-cobi-ulqintaxi-cobi-ulcinjcrna-goramontenegromali-i-ziulqini-300x140.jpg 300w, https:\/\/www.visit-ulcinj.com\/blog\/wp-content\/uploads\/2008\/08\/taxi-cobi-ulqintaxi-cobi-ulcinjcrna-goramontenegromali-i-ziulqini.jpg 320w\" sizes=\"(max-width: 300px) 100vw, 300px\" \/><\/a><\/p>\n","protected":false},"excerpt":{"rendered":"<p><img loading=\"lazy\" class=\"alignleft\" title=\"shkolla ne ostros\" src=\"http:\/\/i67.photobucket.com\/albums\/h285\/djal_hallall\/shkolla.gif\" alt=\"\" width=\"140\" height=\"140\" \/><\/p>\n","protected":false},"author":1,"featured_media":0,"comment_status":"open","ping_status":"closed","sticky":false,"template":"","format":"standard","meta":{"spay_email":"","jetpack_publicize_message":"","jetpack_is_tweetstorm":false,"jetpack_publicize_feature_enabled":true},"categories":[1,11,12],"tags":[1667,4422,1653,4421,291,200,4423,4420],"jetpack_publicize_connections":[],"yoast_head":"<!-- This site is optimized with the Yoast SEO plugin v19.1 - https:\/\/yoast.com\/wordpress\/plugins\/seo\/ -->\n<title>Instalohet sistemi i ngrohjes me gaz,N\u00eb shkoll\u00ebn fillore &quot;Gjergj K. Sk\u00ebnderbeu&quot; n\u00eb Ostros - Lajme nga Ulqini<\/title>\n<meta name=\"robots\" content=\"index, follow, max-snippet:-1, max-image-preview:large, max-video-preview:-1\" \/>\n<link rel=\"canonical\" href=\"https:\/\/www.visit-ulcinj.com\/blog\/2008\/08\/26\/instalohet-sistemi-i-ngrohjes-me-gazne-shkollen-fillore-gjergj-k-skenderbeu-ne-ostros\/\" \/>\n<meta property=\"og:locale\" content=\"en_US\" \/>\n<meta property=\"og:type\" content=\"article\" \/>\n<meta property=\"og:title\" content=\"Instalohet sistemi i ngrohjes me gaz,N\u00eb shkoll\u00ebn fillore &quot;Gjergj K. Sk\u00ebnderbeu&quot; n\u00eb Ostros - Lajme nga Ulqini\" \/>\n<meta property=\"og:url\" content=\"https:\/\/www.visit-ulcinj.com\/blog\/2008\/08\/26\/instalohet-sistemi-i-ngrohjes-me-gazne-shkollen-fillore-gjergj-k-skenderbeu-ne-ostros\/\" \/>\n<meta property=\"og:site_name\" content=\"Lajme nga Ulqini\" \/>\n<meta property=\"article:published_time\" content=\"2008-08-26T08:39:55+00:00\" \/>\n<meta property=\"article:modified_time\" content=\"2008-08-29T20:57:58+00:00\" \/>\n<meta property=\"og:image\" content=\"http:\/\/i67.photobucket.com\/albums\/h285\/djal_hallall\/shkolla.gif\" \/>\n<meta name=\"twitter:label1\" content=\"Written by\" \/>\n\t<meta name=\"twitter:data1\" content=\"ulqini\" \/>\n\t<meta name=\"twitter:label2\" content=\"Est. reading time\" \/>\n\t<meta name=\"twitter:data2\" content=\"2 minutes\" \/>\n<script type=\"application\/ld+json\" class=\"yoast-schema-graph\">{\"@context\":\"https:\/\/schema.org\",\"@graph\":[{\"@type\":\"WebSite\",\"@id\":\"https:\/\/www.visit-ulcinj.com\/blog\/#website\",\"url\":\"https:\/\/www.visit-ulcinj.com\/blog\/\",\"name\":\"Lajme nga Ulqini\",\"description\":\"Lajme,Vijesti,Ulqini,Ulqin,Crna Gora,Mali i Zi\",\"potentialAction\":[{\"@type\":\"SearchAction\",\"target\":{\"@type\":\"EntryPoint\",\"urlTemplate\":\"https:\/\/www.visit-ulcinj.com\/blog\/?s={search_term_string}\"},\"query-input\":\"required name=search_term_string\"}],\"inLanguage\":\"en-US\"},{\"@type\":\"ImageObject\",\"inLanguage\":\"en-US\",\"@id\":\"https:\/\/www.visit-ulcinj.com\/blog\/2008\/08\/26\/instalohet-sistemi-i-ngrohjes-me-gazne-shkollen-fillore-gjergj-k-skenderbeu-ne-ostros\/#primaryimage\",\"url\":\"http:\/\/i67.photobucket.com\/albums\/h285\/djal_hallall\/shkolla.gif\",\"contentUrl\":\"http:\/\/i67.photobucket.com\/albums\/h285\/djal_hallall\/shkolla.gif\"},{\"@type\":\"WebPage\",\"@id\":\"https:\/\/www.visit-ulcinj.com\/blog\/2008\/08\/26\/instalohet-sistemi-i-ngrohjes-me-gazne-shkollen-fillore-gjergj-k-skenderbeu-ne-ostros\/#webpage\",\"url\":\"https:\/\/www.visit-ulcinj.com\/blog\/2008\/08\/26\/instalohet-sistemi-i-ngrohjes-me-gazne-shkollen-fillore-gjergj-k-skenderbeu-ne-ostros\/\",\"name\":\"Instalohet sistemi i ngrohjes me gaz,N\u00eb shkoll\u00ebn fillore \\\"Gjergj K. Sk\u00ebnderbeu\\\" n\u00eb Ostros - Lajme nga Ulqini\",\"isPartOf\":{\"@id\":\"https:\/\/www.visit-ulcinj.com\/blog\/#website\"},\"primaryImageOfPage\":{\"@id\":\"https:\/\/www.visit-ulcinj.com\/blog\/2008\/08\/26\/instalohet-sistemi-i-ngrohjes-me-gazne-shkollen-fillore-gjergj-k-skenderbeu-ne-ostros\/#primaryimage\"},\"datePublished\":\"2008-08-26T08:39:55+00:00\",\"dateModified\":\"2008-08-29T20:57:58+00:00\",\"author\":{\"@id\":\"https:\/\/www.visit-ulcinj.com\/blog\/#\/schema\/person\/dcab619c614d3038751c63bc2aadc06d\"},\"breadcrumb\":{\"@id\":\"https:\/\/www.visit-ulcinj.com\/blog\/2008\/08\/26\/instalohet-sistemi-i-ngrohjes-me-gazne-shkollen-fillore-gjergj-k-skenderbeu-ne-ostros\/#breadcrumb\"},\"inLanguage\":\"en-US\",\"potentialAction\":[{\"@type\":\"ReadAction\",\"target\":[\"https:\/\/www.visit-ulcinj.com\/blog\/2008\/08\/26\/instalohet-sistemi-i-ngrohjes-me-gazne-shkollen-fillore-gjergj-k-skenderbeu-ne-ostros\/\"]}]},{\"@type\":\"BreadcrumbList\",\"@id\":\"https:\/\/www.visit-ulcinj.com\/blog\/2008\/08\/26\/instalohet-sistemi-i-ngrohjes-me-gazne-shkollen-fillore-gjergj-k-skenderbeu-ne-ostros\/#breadcrumb\",\"itemListElement\":[{\"@type\":\"ListItem\",\"position\":1,\"name\":\"Instalohet sistemi i ngrohjes me gaz,N\u00eb shkoll\u00ebn fillore &#8220;Gjergj K. Sk\u00ebnderbeu&#8221; n\u00eb Ostros\"}]},{\"@type\":\"Person\",\"@id\":\"https:\/\/www.visit-ulcinj.com\/blog\/#\/schema\/person\/dcab619c614d3038751c63bc2aadc06d\",\"name\":\"ulqini\",\"sameAs\":[\"http:\/\/www.visit-ulcinj.com\"],\"url\":\"https:\/\/www.visit-ulcinj.com\/blog\/author\/admin\/\"}]}<\/script>\n<!-- \/ Yoast SEO plugin. -->","yoast_head_json":{"title":"Instalohet sistemi i ngrohjes me gaz,N\u00eb shkoll\u00ebn fillore \"Gjergj K. Sk\u00ebnderbeu\" n\u00eb Ostros - Lajme nga Ulqini","robots":{"index":"index","follow":"follow","max-snippet":"max-snippet:-1","max-image-preview":"max-image-preview:large","max-video-preview":"max-video-preview:-1"},"canonical":"https:\/\/www.visit-ulcinj.com\/blog\/2008\/08\/26\/instalohet-sistemi-i-ngrohjes-me-gazne-shkollen-fillore-gjergj-k-skenderbeu-ne-ostros\/","og_locale":"en_US","og_type":"article","og_title":"Instalohet sistemi i ngrohjes me gaz,N\u00eb shkoll\u00ebn fillore \"Gjergj K. Sk\u00ebnderbeu\" n\u00eb Ostros - Lajme nga Ulqini","og_url":"https:\/\/www.visit-ulcinj.com\/blog\/2008\/08\/26\/instalohet-sistemi-i-ngrohjes-me-gazne-shkollen-fillore-gjergj-k-skenderbeu-ne-ostros\/","og_site_name":"Lajme nga Ulqini","article_published_time":"2008-08-26T08:39:55+00:00","article_modified_time":"2008-08-29T20:57:58+00:00","og_image":[{"url":"http:\/\/i67.photobucket.com\/albums\/h285\/djal_hallall\/shkolla.gif"}],"twitter_misc":{"Written by":"ulqini","Est. reading time":"2 minutes"},"schema":{"@context":"https:\/\/schema.org","@graph":[{"@type":"WebSite","@id":"https:\/\/www.visit-ulcinj.com\/blog\/#website","url":"https:\/\/www.visit-ulcinj.com\/blog\/","name":"Lajme nga Ulqini","description":"Lajme,Vijesti,Ulqini,Ulqin,Crna Gora,Mali i Zi","potentialAction":[{"@type":"SearchAction","target":{"@type":"EntryPoint","urlTemplate":"https:\/\/www.visit-ulcinj.com\/blog\/?s={search_term_string}"},"query-input":"required name=search_term_string"}],"inLanguage":"en-US"},{"@type":"ImageObject","inLanguage":"en-US","@id":"https:\/\/www.visit-ulcinj.com\/blog\/2008\/08\/26\/instalohet-sistemi-i-ngrohjes-me-gazne-shkollen-fillore-gjergj-k-skenderbeu-ne-ostros\/#primaryimage","url":"http:\/\/i67.photobucket.com\/albums\/h285\/djal_hallall\/shkolla.gif","contentUrl":"http:\/\/i67.photobucket.com\/albums\/h285\/djal_hallall\/shkolla.gif"},{"@type":"WebPage","@id":"https:\/\/www.visit-ulcinj.com\/blog\/2008\/08\/26\/instalohet-sistemi-i-ngrohjes-me-gazne-shkollen-fillore-gjergj-k-skenderbeu-ne-ostros\/#webpage","url":"https:\/\/www.visit-ulcinj.com\/blog\/2008\/08\/26\/instalohet-sistemi-i-ngrohjes-me-gazne-shkollen-fillore-gjergj-k-skenderbeu-ne-ostros\/","name":"Instalohet sistemi i ngrohjes me gaz,N\u00eb shkoll\u00ebn fillore \"Gjergj K. Sk\u00ebnderbeu\" n\u00eb Ostros - Lajme nga Ulqini","isPartOf":{"@id":"https:\/\/www.visit-ulcinj.com\/blog\/#website"},"primaryImageOfPage":{"@id":"https:\/\/www.visit-ulcinj.com\/blog\/2008\/08\/26\/instalohet-sistemi-i-ngrohjes-me-gazne-shkollen-fillore-gjergj-k-skenderbeu-ne-ostros\/#primaryimage"},"datePublished":"2008-08-26T08:39:55+00:00","dateModified":"2008-08-29T20:57:58+00:00","author":{"@id":"https:\/\/www.visit-ulcinj.com\/blog\/#\/schema\/person\/dcab619c614d3038751c63bc2aadc06d"},"breadcrumb":{"@id":"https:\/\/www.visit-ulcinj.com\/blog\/2008\/08\/26\/instalohet-sistemi-i-ngrohjes-me-gazne-shkollen-fillore-gjergj-k-skenderbeu-ne-ostros\/#breadcrumb"},"inLanguage":"en-US","potentialAction":[{"@type":"ReadAction","target":["https:\/\/www.visit-ulcinj.com\/blog\/2008\/08\/26\/instalohet-sistemi-i-ngrohjes-me-gazne-shkollen-fillore-gjergj-k-skenderbeu-ne-ostros\/"]}]},{"@type":"BreadcrumbList","@id":"https:\/\/www.visit-ulcinj.com\/blog\/2008\/08\/26\/instalohet-sistemi-i-ngrohjes-me-gazne-shkollen-fillore-gjergj-k-skenderbeu-ne-ostros\/#breadcrumb","itemListElement":[{"@type":"ListItem","position":1,"name":"Instalohet sistemi i ngrohjes me gaz,N\u00eb shkoll\u00ebn fillore &#8220;Gjergj K. Sk\u00ebnderbeu&#8221; n\u00eb Ostros"}]},{"@type":"Person","@id":"https:\/\/www.visit-ulcinj.com\/blog\/#\/schema\/person\/dcab619c614d3038751c63bc2aadc06d","name":"ulqini","sameAs":["http:\/\/www.visit-ulcinj.com"],"url":"https:\/\/www.visit-ulcinj.com\/blog\/author\/admin\/"}]}},"jetpack_featured_media_url":"","jetpack_sharing_enabled":true,"jetpack_shortlink":"https:\/\/wp.me\/pe6lTn-HI","_links":{"self":[{"href":"https:\/\/www.visit-ulcinj.com\/blog\/wp-json\/wp\/v2\/posts\/2710"}],"collection":[{"href":"https:\/\/www.visit-ulcinj.com\/blog\/wp-json\/wp\/v2\/posts"}],"about":[{"href":"https:\/\/www.visit-ulcinj.com\/blog\/wp-json\/wp\/v2\/types\/post"}],"author":[{"embeddable":true,"href":"https:\/\/www.visit-ulcinj.com\/blog\/wp-json\/wp\/v2\/users\/1"}],"replies":[{"embeddable":true,"href":"https:\/\/www.visit-ulcinj.com\/blog\/wp-json\/wp\/v2\/comments?post=2710"}],"version-history":[{"count":0,"href":"https:\/\/www.visit-ulcinj.com\/blog\/wp-json\/wp\/v2\/posts\/2710\/revisions"}],"wp:attachment":[{"href":"https:\/\/www.visit-ulcinj.com\/blog\/wp-json\/wp\/v2\/media?parent=2710"}],"wp:term":[{"taxonomy":"category","embeddable":true,"href":"https:\/\/www.visit-ulcinj.com\/blog\/wp-json\/wp\/v2\/categories?post=2710"},{"taxonomy":"post_tag","embeddable":true,"href":"https:\/\/www.visit-ulcinj.com\/blog\/wp-json\/wp\/v2\/tags?post=2710"}],"curies":[{"name":"wp","href":"https:\/\/api.w.org\/{rel}","templated":true}]}}