{"id":27104,"date":"2009-11-13T17:54:39","date_gmt":"2009-11-13T15:54:39","guid":{"rendered":"http:\/\/www.visit-ulcinj.com\/blog\/?p=27104"},"modified":"2009-11-13T17:54:39","modified_gmt":"2009-11-13T15:54:39","slug":"ada-salje-sos","status":"publish","type":"post","link":"https:\/\/www.visit-ulcinj.com\/blog\/2009\/11\/13\/ada-salje-sos\/","title":{"rendered":"Ada \u0161alje SOS"},"content":{"rendered":"<p><strong><a href=\"http:\/\/www.visit-ulcinj.com\/blog\/wp-content\/uploads\/2009\/11\/ada_bojana_ulcinj.jpg\"><img loading=\"lazy\" class=\"alignleft size-full wp-image-27105\" title=\"ada_bojana_ulcinj\" src=\"http:\/\/www.visit-ulcinj.com\/blog\/wp-content\/uploads\/2009\/11\/ada_bojana_ulcinj.jpg\" alt=\"ada_bojana_ulcinj\" width=\"398\" height=\"502\" \/><\/a>MO\u017dEMO LI SPASITI ?UVENI NUDISTI?KI RAJ<\/strong><br \/>\nAda Bojana kakvu znamo, ukoliko se ne\u0161to hitno ne preduzme, mo\u017ee nestati. Zapravo, postati dio Velike pla\u017ee. Nepovoljni procesi su posljedica prirodnih uticaja s jedne strane (uticaj rijeke i mora) i ?ovjekovog djelovanja s druge (izmijenjen re\u017eim vode i nanosi Bojane zbog izgradnje sistema brana na Drimu, neracionalna i neplanska eksploatacija pijeska iz rukavca&#8230;). Ovo upozorenje stru?njaci su iznijeli jo\u0161 2007. godine. Od tada, preduzimane su, uglavnom, samo hitne mjere \u2013 rukavac se odr\u017eava prohodnim za brodice, a one druge, dugoro?ne, neophodne da se o?uva ovaj prirodni dragulj, jo\u0161 su u za?etku. U me?uvremnu, priroda radi po svome \u2013 stvaraju se novi nanosi.<\/p>\n<p>&#8211; U okviru prve faze zajedni?kog projekta Crnogorske akademije nauka i umjetnosti i Albanske akademije nauka ,,Ure?enje vodnog re\u017eima Skadarskog jezera i rijeke Bojane\u201d, do\u0161lo se do saznanja da su se izmijenili morfolo\u0161ki i hidrolo\u0161ki uslovi na u\u0161?u Bojane u Jadransko more. Uo?ena je zabrinjavaju?a pojava zasipanja zapadnog rukavca Bojane, posebno u zoni ra?vanja i na ulazu u more &#8211; u\u0161?e rijeke, ka\u017ee Zoran Jankovi?, direktor Uprave za vode. Obja\u0161njava da je pod uticajem talasa i morskih struja formiraju podvodni pragovi, usljed ?ega je dubina vode u rukavcu na nekim mjestima smanjena sa tri i po metra na oko 40 cm. Slabiji protok vode uzrokovao je i intenzivno zasipanje rukavca i pogor\u0161anje ekolo\u0161kih parametara rje?ne vode.<\/p>\n<p>-?i\u0161?enje Porto Milene prepoznali smo kao problem koji treba rije\u0161iti jer se u taj rukavac prakti?no prelivaju sve fekalije iz Ulcinja preko Bratice. U sklopu ?i\u0161?enja ura?eno je i produbljavanje Bojane da bi se mogao iskoristiti i materijal tako obezbijedila sredstva da se finansira projekat. To je, zapravo, sprovo?enje u djelo odluke Vlade iz 2002. godine, done\u0161ene na osnovu analize ekspertskog tima, rekao je Jankovi?.<\/p>\n<p>Istra\u017eivanja su, ka\u017ee Jankovi?, pokazala da treba ispitati i opravdanost izgradnje stalnih regulacionih gra?evina na ulazu ili izlazu iz rukavca, kao alternative redovnom ?i\u0161?enju. Na uzvodnom kraju rukavca se mo\u017ee izgraditi usmjeravaju?a gra?evina, kojom bi se pobolj\u0161alo strujanje i omogu?io kontinuitet dotoka vode. Osim toga, treba ispitati i opravdanost izgradnje posebnog regulacionog objekta na u\u0161?u desnog rukavca Bojane u more, takozvanoj d\u017eeti, koji bi se pru\u017eao u more do dubina na kojima se lome talasi ekstremnih visina. Ovaj objekat bi obezbijedio odr\u017eavanje stalnih dubina vode u zoni u\u0161?a i ?inio rukavac prohodnim.<\/p>\n<p>Tokom rada, ispituju?i sedimentne stijene, do\u0161li smo do zaklju?ka da posao prevazilazi kratkoro?ne aktivnosti, te da problemu treba neophodno pri?i sveobuhvatno \u2013 potrebni su detaljni urbanisti?ki plan i odluka SO Ulcinja \u0161ta planira sa Port Milenom. Zato su, isti?e Jankovi?, radovi obustavljeni jer bi bilo gubljenje i vremena i novca raditi bez prave podloge.<\/p>\n<p>Pro\u0161le godine Uprava za vode je raspisala tender za ure?enje korita rijeke Bojane na koji se nije prijavio niko. Razlog je, obja\u0161njava Jankovi?, nedostatak struke &#8211; Crna Gora nije ulagala u kadrove poput specijalista za bujice i rije?ne tokove. Zato ?e, vjerovatno, stru?nu pomo?, i ne prvi put, tra\u017eiti iz inostranstva.<\/p>\n<p>Na\u0161 sagovornik je uvjeren da rje\u0161enje za spas ostrva Ade, ipak postoji &#8211; u okviru projekta koji ?e uskoro predstaviti javnosti.<\/p>\n<p>&#8211; Ada Bojana mo\u017ee sama sebe da ,,izdr\u017eava\u201d. Predlo\u017ei?emo da se anga\u017euje gra?evinska firma koja ?e odr\u017eavati proto?nost kanala, a zauzvrat koristiti materijal koji ina?e treba da se izvu?e iz rijeke. Projekat je odr\u017eiv i sa aspekta ekologije \u2013 voda nije ustajala, cirkulacija povoljno djeluje na floru i faunu&#8230; Vremenski je ograni?en, traje do aprila, po?etka turisti?ke sezone. Kako u tom periodu godine zbog vremenskih prilika nema nanosa koje treba uklanjati, radovi prestaju da bi se nastavili u novembru, obja\u0161njava Jankovi?.<\/p>\n<p>Do raspisivanja drugog tendera, po?etkom naredne godine, Uprava ?e, ka\u017ee Jankovi?, nastojati da se izbori sa prirodom i rukavac odr\u017eavati prohodnim. Nada se da ?e se ipak u?initi neophodno \u2013 \u0161to prije uraditi projektna dokumentacija kao preduslov da se nadaleko poznato ostrvo sa?uva u izvornom obliku.<\/p>\n<p>SO Ulcinj: Treba brzo reagovati<\/p>\n<p>I u Skup\u0161tini op\u0161tine Ulcinj smatraju da problem Ade treba rje\u0161avati brzo, te da ono \u0161to se trenutno preduzima nije dovoljno.<\/p>\n<p>&#8211; Samo produbljivanje korita ne?e eliminisati ne\u017eeljene posljedice i negativne trendove, ka\u017ee Abedin Avdiu, samostalni savjetnik za ekologiju u toj op\u0161tini. Problem nije od ju?e, Ada nestaje jo\u0161 od sedamdesetih godina pro\u0161log vijeka, dodaje on.<\/p>\n<p>&#8211; Nakon izgradnje hidrocentrala na rijeci Drim, prosje?ni godi\u0161nji vodeni protok Bojane i Drima je smanjen, tako da sada iznosi 680 km3\/sek, dok je nivo vode Skadarskog jezera sa 9,82 metra nadmorske visine pao na 6,5 m, a time i nivo Bojane. Izmijenjeni re\u017eim vode ima za posljedicu niz nepovoljnih procesa za Adu i Bojanu \u2013 nanosi mulja, pijeska i ostalog materijala naro?ito su uo?ljivi u zoni ra?vanja i na ulazu u more. Dubina rukavca na nekim mjestima je smanjena sa 3,5 m na oko 50 cm. Ukoliko se ovaj proces nastavi, Ada ?e postati dio Velike pla\u017ee. Ako se tome doda ?injenica da se za posljednje tri decenije \u0161irina pla\u017ee na Adi smanjila za oko 60 metara, onda je jasno da jedinstvene ekolo\u0161ke, ambijentalne i turisti?ke vrijednosti Ade nestaju velikom brzinom.<\/p>\n<p>Iako su neophodna detaljna ispitivanja da se utvrde posljedice na eko sistem ovog regiona, na\u0161 sagovornik isti?e da su neke ve? uo?ljive.<\/p>\n<p>&#8211; Voda je lo\u0161eg kvaliteta, riba tako?e i ima je sve manje. Primje?uje se da su neke vrste zastupljene u znatno manjim koli?inama a da autohtone vrste, ke?iga, na primjer, nestaju, ka\u017ee Avdiju, nagla\u0161avaju?i da je ovdje obitavaju vrste koje su i na globalnom nivou prepoznate kao zna?ajne.<\/p>\n<p>Zato upozorava &#8211; ne treba razmi\u0161ljati o realizaciji projekata koji za posljedicu imaju smanjenje protoka, odnosno nivoa vode, kao \u0161to je izgradnja hidrocentrala, koje ?e jo\u0161 vi\u0161e ugroziti prirodno bogatstvo delte Bojane.<\/p>\n<p>Prirodna blaga, zajedni?ka briga<\/p>\n<p>Jankovi? smatra da Ada Bojana dijeli sudbinu ostalih prirodnih bogatstava u na\u0161oj zemlji \u2013 posve?ujemo im pa\u017enju samo deklarativno. U praksi, prepu\u0161teni su, u najve?em broju slu?ajeva, sama sebi.<\/p>\n<p>&#8211; Crna Gora je bogata vodom. Ima 44 l\/s km2 ili 19 km3 vode, \u0161to je dva odsto njene teritorije. Uprkos tome iskori\u0161?enost energetskog potencijala je 16 odsto. Takav luksuz sebi ne dozvoljavaju ni bogate zemlje, Norve\u0161ka, \u0160vajcarska ili Slovenija, koje koriste svoje potencijale 50 do 60 odsto. Ali, one su problem rije\u0161ile institucionalno. Kod nas je sve rascjepkano, jedan projekat se radi na nekoliko strana \u2013 u vi\u0161e institucija, ka\u017ee Jankovi?, i zala\u017ee se za osnivanje ministarstva koje bi se bavilo samo prirodnim blagom.<\/p>\n<p>Da se ne posve?uje dovoljno pa\u017enje prirodnim bogatstvima, obja\u0161njava na primjeru Skadarskog jezera.<\/p>\n<p>&#8211; Onda\u0161nja Jugoslavija je 1949. godine kao jedno od najbitnijih razvojnih pitanja postavila problem njegove melioracije. Pola vijeka kasnije jo\u0161 smo na po?etku. Dakle, moramo odlu?iti \u0161ta od jezera \u017eelimo ,,napraviti\u201d. Neoprostivo bi bilo najve?u rezervu slatke vode na Balkanu koristiti samo za, na primjer, posmatranje ptica, isti?e Jankovi? i iznosi podatak da se podizanjem nivoa vode jezera za samo jedan metar dobija koli?ina koju ,,maltene ?itava Evropa ne mo\u017ee potro\u0161iti za godinu dana\u201d.<\/p>\n<p>Legenda<\/p>\n<p>Rijeka Bojana je duga 41 kilometar. Oti?e iz Skadarskog jezera i uliva se u Jadransko more. Jednim dijelom, oko 28 km, ?ini granicu Crne Gore i Albanije. Na u\u0161?u Bojane u Jadransko more nalazi se rije?no ostrvo &#8211; Ada Bojana.<\/p>\n<p>Ostrvo je vje\u0161ta?ki stvoreno. Legenda ka\u017ee da je 1858. godine na u\u0161?u rijeke Bojane u more potonuo brod ,,Merito\u201d, vlasni\u0161tvo Antuna Alegretija iz Trogira, kojim je upravljao kapetan Naporeli. Na toj lokaciji ve? su postojala dva manja ostrva. Godinama se oko trupa potonulog broda i ova dva ostrva skupljao rje?ni nanos da bi se 1882. godine po?elo nazirati ostrvo Ada, uskim rukavcima Bojane geografski izdvojeno od kopna.<\/p>\n<p>Trouglastog je oblika. Dvije strane zapljuskuju rije?ne, a jednu morska voda. Prostire se na 600 hektara, a pla\u017ea je duga 3.800 metara.<\/p>\n<p>Budu?i spomenik prirode<\/p>\n<p>Uprkos studijama koje su pokazale da je delta Bojane pravi prirodni dragulj jo\u0161 nema nikakav oblik za\u0161tite. Zavod za za\u0161titu prirode pokrenuo je inicijativu i o?ekuju da ?e op\u0161tina Ulcinj i potencijalni sponzori prepoznati njen zna?aj.<\/p>\n<p>&#8211; Prostor je izuzetno interesantan. Ima elemente morskih i slatkovodnih i nekih ekosistema vezanih za mediteranske i submediteranske sisteme, \u0161to je prava rijetkost na malom prostoru. Zbog toga zaslu\u017euje da mu se posveti ve?a pa\u017enja nego do sada, te da se stavi pod neki oblik za\u0161tite zajedno sa Malom i Velikom pla\u017eom, \u0160askim jezerom i dijelom ulcinjskog primorja. Su\u0161tina na\u0161e inicijative je da se promovi\u0161e u ekolo\u0161ku zonu, a Ada dobije status spomenika prirode, ka\u017ee dr Zlatko Buli?, direktor Zavoda za za\u0161titu prirode. Utemeljenje za ovu inicijativu imamo i u Prostornom planu Crne Gore, dodaje on.<\/p>\n<p>Kada je o promjenama na ostrvu rije?, Buli? isti?e da su ih uzrokovali i ?ovjek i priroda te da se problemu ne mo\u017ee pri?i jednostrano. U rje\u0161avanje moraju biti uklju?eni stru?njaci iz svih oblasti \u2013 samo tako mo\u017ee se sagledati pravo stanje stvari i prona?i odgovaraju?e rje\u0161enje.<\/p>\n<p>On smatra da davanje pod zakup ne?e negativno uticati na Adu.<\/p>\n<p>&#8211; I zakupac se mora pona\u0161ati doma?inski \u2013 po\u0161tovati zakone, \u0161to, pored ostalog, zna?i da se za sve projekte mora uraditi strate\u0161ka procjena uticaja na \u017eivotnu sredinu.<\/p>\n<p>U svakom slu?aju, u planovima za valorizaciju ovog prostora jedan dio treba sa?uvati u izvornom obliku, isti?e Buli?.<\/p>\n<p>Nova hidrocentrala na Drimu?<\/p>\n<p>Ekologe je uznemirila vijest, koju je nedavno objavio njema?ki radio ,,Doj?e vele\u201d, da ?e Albanija, na rijeci Drim, uskoro zapo?eti izgradnju ?etvrte hidrocentrale. Direktor Zavoda za za\u0161titu prirode, dr Zlatko Buli?, se nada da do realizacije tog projekta ne?e do?i.<\/p>\n<p>&#8211; Ada treba da je predmet zajedni?ke pa\u017enje Crne Gore i Albanije i treba u?initi sve da se sa?uva. Potrebna je rasprava i anga\u017eovanje stru?njaka svih profila. Izgradnja jo\u0161 jedne hidrocentrale imala bi dalekose\u017ene posljedice, ka\u017ee Buli? i dodaje da me?unarodne konvencije nala\u017eu zemlji koja planira ovakve projekte da o tome obavijesti susjednu dr\u017eavu.<\/p>\n<p>Crnogorska Vlada je saop\u0161tila da je zatra\u017eila od vlade albanskog premijera Saljija Beri\u0161e da je informi\u0161e o projektu.<\/p>\n<p><strong>Dragica \u0160akovi?<br \/>\n<a href=\"http:\/\/www.pobjeda.co.me\/citanje.php?datum=2009-10-25&amp;id=173437\" target=\"_blank\">Pobjeda<\/a><\/strong><\/p>\n<p><strong><!--YouTube Error: bad URL entered--><br \/>\n<\/strong><\/p>\n","protected":false},"excerpt":{"rendered":"<p>MO\u017dEMO LI SPASITI ?UVENI NUDISTI?KI RAJ Ada Bojana kakvu znamo, ukoliko se ne\u0161to hitno ne preduzme, mo\u017ee nestati. Zapravo, postati dio Velike pla\u017ee. Nepovoljni procesi su posljedica prirodnih uticaja s jedne strane (uticaj rijeke i mora) i ?ovjekovog djelovanja s druge (izmijenjen re\u017eim vode i nanosi Bojane zbog izgradnje sistema brana na Drimu, neracionalna i [&hellip;]<\/p>\n","protected":false},"author":1,"featured_media":0,"comment_status":"open","ping_status":"closed","sticky":false,"template":"","format":"standard","meta":{"spay_email":"","jetpack_publicize_message":"","jetpack_is_tweetstorm":false,"jetpack_publicize_feature_enabled":true},"categories":[8337],"tags":[138,20,19],"jetpack_publicize_connections":[],"yoast_head":"<!-- This site is optimized with the Yoast SEO plugin v19.1 - https:\/\/yoast.com\/wordpress\/plugins\/seo\/ -->\n<title>Ada \u0161alje SOS - Lajme nga Ulqini<\/title>\n<meta name=\"description\" content=\"MO\u017dEMO LI SPASITI ?UVENI NUDISTI?KI RAJ Ada Bojana kakvu znamo, ukoliko se ne\u0161to hitno ne preduzme, mo\u017ee nestati. Zapravo, postati dio Velike pla\u017ee.\" \/>\n<meta name=\"robots\" content=\"index, follow, max-snippet:-1, max-image-preview:large, max-video-preview:-1\" \/>\n<link rel=\"canonical\" href=\"https:\/\/www.visit-ulcinj.com\/blog\/2009\/11\/13\/ada-salje-sos\/\" \/>\n<meta property=\"og:locale\" content=\"en_US\" \/>\n<meta property=\"og:type\" content=\"article\" \/>\n<meta property=\"og:title\" content=\"Ada \u0161alje SOS - Lajme nga Ulqini\" \/>\n<meta property=\"og:description\" content=\"MO\u017dEMO LI SPASITI ?UVENI NUDISTI?KI RAJ Ada Bojana kakvu znamo, ukoliko se ne\u0161to hitno ne preduzme, mo\u017ee nestati. Zapravo, postati dio Velike pla\u017ee.\" \/>\n<meta property=\"og:url\" content=\"https:\/\/www.visit-ulcinj.com\/blog\/2009\/11\/13\/ada-salje-sos\/\" \/>\n<meta property=\"og:site_name\" content=\"Lajme nga Ulqini\" \/>\n<meta property=\"article:published_time\" content=\"2009-11-13T15:54:39+00:00\" \/>\n<meta property=\"og:image\" content=\"http:\/\/www.visit-ulcinj.com\/blog\/wp-content\/uploads\/2009\/11\/ada_bojana_ulcinj.jpg\" \/>\n<meta name=\"twitter:label1\" content=\"Written by\" \/>\n\t<meta name=\"twitter:data1\" content=\"ulqini\" \/>\n\t<meta name=\"twitter:label2\" content=\"Est. reading time\" \/>\n\t<meta name=\"twitter:data2\" content=\"9 minutes\" \/>\n<script type=\"application\/ld+json\" class=\"yoast-schema-graph\">{\"@context\":\"https:\/\/schema.org\",\"@graph\":[{\"@type\":\"WebSite\",\"@id\":\"https:\/\/www.visit-ulcinj.com\/blog\/#website\",\"url\":\"https:\/\/www.visit-ulcinj.com\/blog\/\",\"name\":\"Lajme nga Ulqini\",\"description\":\"Lajme,Vijesti,Ulqini,Ulqin,Crna Gora,Mali i Zi\",\"potentialAction\":[{\"@type\":\"SearchAction\",\"target\":{\"@type\":\"EntryPoint\",\"urlTemplate\":\"https:\/\/www.visit-ulcinj.com\/blog\/?s={search_term_string}\"},\"query-input\":\"required name=search_term_string\"}],\"inLanguage\":\"en-US\"},{\"@type\":\"ImageObject\",\"inLanguage\":\"en-US\",\"@id\":\"https:\/\/www.visit-ulcinj.com\/blog\/2009\/11\/13\/ada-salje-sos\/#primaryimage\",\"url\":\"https:\/\/www.visit-ulcinj.com\/blog\/wp-content\/uploads\/2009\/11\/ada_bojana_ulcinj.jpg\",\"contentUrl\":\"https:\/\/www.visit-ulcinj.com\/blog\/wp-content\/uploads\/2009\/11\/ada_bojana_ulcinj.jpg\",\"width\":\"640\",\"height\":\"604\"},{\"@type\":\"WebPage\",\"@id\":\"https:\/\/www.visit-ulcinj.com\/blog\/2009\/11\/13\/ada-salje-sos\/#webpage\",\"url\":\"https:\/\/www.visit-ulcinj.com\/blog\/2009\/11\/13\/ada-salje-sos\/\",\"name\":\"Ada \u0161alje SOS - Lajme nga Ulqini\",\"isPartOf\":{\"@id\":\"https:\/\/www.visit-ulcinj.com\/blog\/#website\"},\"primaryImageOfPage\":{\"@id\":\"https:\/\/www.visit-ulcinj.com\/blog\/2009\/11\/13\/ada-salje-sos\/#primaryimage\"},\"datePublished\":\"2009-11-13T15:54:39+00:00\",\"dateModified\":\"2009-11-13T15:54:39+00:00\",\"author\":{\"@id\":\"https:\/\/www.visit-ulcinj.com\/blog\/#\/schema\/person\/dcab619c614d3038751c63bc2aadc06d\"},\"description\":\"MO\u017dEMO LI SPASITI ?UVENI NUDISTI?KI RAJ Ada Bojana kakvu znamo, ukoliko se ne\u0161to hitno ne preduzme, mo\u017ee nestati. Zapravo, postati dio Velike pla\u017ee.\",\"breadcrumb\":{\"@id\":\"https:\/\/www.visit-ulcinj.com\/blog\/2009\/11\/13\/ada-salje-sos\/#breadcrumb\"},\"inLanguage\":\"en-US\",\"potentialAction\":[{\"@type\":\"ReadAction\",\"target\":[\"https:\/\/www.visit-ulcinj.com\/blog\/2009\/11\/13\/ada-salje-sos\/\"]}]},{\"@type\":\"BreadcrumbList\",\"@id\":\"https:\/\/www.visit-ulcinj.com\/blog\/2009\/11\/13\/ada-salje-sos\/#breadcrumb\",\"itemListElement\":[{\"@type\":\"ListItem\",\"position\":1,\"name\":\"Ada \u0161alje SOS\"}]},{\"@type\":\"Person\",\"@id\":\"https:\/\/www.visit-ulcinj.com\/blog\/#\/schema\/person\/dcab619c614d3038751c63bc2aadc06d\",\"name\":\"ulqini\",\"sameAs\":[\"http:\/\/www.visit-ulcinj.com\"],\"url\":\"https:\/\/www.visit-ulcinj.com\/blog\/author\/admin\/\"}]}<\/script>\n<!-- \/ Yoast SEO plugin. -->","yoast_head_json":{"title":"Ada \u0161alje SOS - Lajme nga Ulqini","description":"MO\u017dEMO LI SPASITI ?UVENI NUDISTI?KI RAJ Ada Bojana kakvu znamo, ukoliko se ne\u0161to hitno ne preduzme, mo\u017ee nestati. Zapravo, postati dio Velike pla\u017ee.","robots":{"index":"index","follow":"follow","max-snippet":"max-snippet:-1","max-image-preview":"max-image-preview:large","max-video-preview":"max-video-preview:-1"},"canonical":"https:\/\/www.visit-ulcinj.com\/blog\/2009\/11\/13\/ada-salje-sos\/","og_locale":"en_US","og_type":"article","og_title":"Ada \u0161alje SOS - Lajme nga Ulqini","og_description":"MO\u017dEMO LI SPASITI ?UVENI NUDISTI?KI RAJ Ada Bojana kakvu znamo, ukoliko se ne\u0161to hitno ne preduzme, mo\u017ee nestati. Zapravo, postati dio Velike pla\u017ee.","og_url":"https:\/\/www.visit-ulcinj.com\/blog\/2009\/11\/13\/ada-salje-sos\/","og_site_name":"Lajme nga Ulqini","article_published_time":"2009-11-13T15:54:39+00:00","og_image":[{"url":"http:\/\/www.visit-ulcinj.com\/blog\/wp-content\/uploads\/2009\/11\/ada_bojana_ulcinj.jpg"}],"twitter_misc":{"Written by":"ulqini","Est. reading time":"9 minutes"},"schema":{"@context":"https:\/\/schema.org","@graph":[{"@type":"WebSite","@id":"https:\/\/www.visit-ulcinj.com\/blog\/#website","url":"https:\/\/www.visit-ulcinj.com\/blog\/","name":"Lajme nga Ulqini","description":"Lajme,Vijesti,Ulqini,Ulqin,Crna Gora,Mali i Zi","potentialAction":[{"@type":"SearchAction","target":{"@type":"EntryPoint","urlTemplate":"https:\/\/www.visit-ulcinj.com\/blog\/?s={search_term_string}"},"query-input":"required name=search_term_string"}],"inLanguage":"en-US"},{"@type":"ImageObject","inLanguage":"en-US","@id":"https:\/\/www.visit-ulcinj.com\/blog\/2009\/11\/13\/ada-salje-sos\/#primaryimage","url":"https:\/\/www.visit-ulcinj.com\/blog\/wp-content\/uploads\/2009\/11\/ada_bojana_ulcinj.jpg","contentUrl":"https:\/\/www.visit-ulcinj.com\/blog\/wp-content\/uploads\/2009\/11\/ada_bojana_ulcinj.jpg","width":"640","height":"604"},{"@type":"WebPage","@id":"https:\/\/www.visit-ulcinj.com\/blog\/2009\/11\/13\/ada-salje-sos\/#webpage","url":"https:\/\/www.visit-ulcinj.com\/blog\/2009\/11\/13\/ada-salje-sos\/","name":"Ada \u0161alje SOS - Lajme nga Ulqini","isPartOf":{"@id":"https:\/\/www.visit-ulcinj.com\/blog\/#website"},"primaryImageOfPage":{"@id":"https:\/\/www.visit-ulcinj.com\/blog\/2009\/11\/13\/ada-salje-sos\/#primaryimage"},"datePublished":"2009-11-13T15:54:39+00:00","dateModified":"2009-11-13T15:54:39+00:00","author":{"@id":"https:\/\/www.visit-ulcinj.com\/blog\/#\/schema\/person\/dcab619c614d3038751c63bc2aadc06d"},"description":"MO\u017dEMO LI SPASITI ?UVENI NUDISTI?KI RAJ Ada Bojana kakvu znamo, ukoliko se ne\u0161to hitno ne preduzme, mo\u017ee nestati. Zapravo, postati dio Velike pla\u017ee.","breadcrumb":{"@id":"https:\/\/www.visit-ulcinj.com\/blog\/2009\/11\/13\/ada-salje-sos\/#breadcrumb"},"inLanguage":"en-US","potentialAction":[{"@type":"ReadAction","target":["https:\/\/www.visit-ulcinj.com\/blog\/2009\/11\/13\/ada-salje-sos\/"]}]},{"@type":"BreadcrumbList","@id":"https:\/\/www.visit-ulcinj.com\/blog\/2009\/11\/13\/ada-salje-sos\/#breadcrumb","itemListElement":[{"@type":"ListItem","position":1,"name":"Ada \u0161alje SOS"}]},{"@type":"Person","@id":"https:\/\/www.visit-ulcinj.com\/blog\/#\/schema\/person\/dcab619c614d3038751c63bc2aadc06d","name":"ulqini","sameAs":["http:\/\/www.visit-ulcinj.com"],"url":"https:\/\/www.visit-ulcinj.com\/blog\/author\/admin\/"}]}},"jetpack_featured_media_url":"","jetpack_sharing_enabled":true,"jetpack_shortlink":"https:\/\/wp.me\/pe6lTn-73a","_links":{"self":[{"href":"https:\/\/www.visit-ulcinj.com\/blog\/wp-json\/wp\/v2\/posts\/27104"}],"collection":[{"href":"https:\/\/www.visit-ulcinj.com\/blog\/wp-json\/wp\/v2\/posts"}],"about":[{"href":"https:\/\/www.visit-ulcinj.com\/blog\/wp-json\/wp\/v2\/types\/post"}],"author":[{"embeddable":true,"href":"https:\/\/www.visit-ulcinj.com\/blog\/wp-json\/wp\/v2\/users\/1"}],"replies":[{"embeddable":true,"href":"https:\/\/www.visit-ulcinj.com\/blog\/wp-json\/wp\/v2\/comments?post=27104"}],"version-history":[{"count":0,"href":"https:\/\/www.visit-ulcinj.com\/blog\/wp-json\/wp\/v2\/posts\/27104\/revisions"}],"wp:attachment":[{"href":"https:\/\/www.visit-ulcinj.com\/blog\/wp-json\/wp\/v2\/media?parent=27104"}],"wp:term":[{"taxonomy":"category","embeddable":true,"href":"https:\/\/www.visit-ulcinj.com\/blog\/wp-json\/wp\/v2\/categories?post=27104"},{"taxonomy":"post_tag","embeddable":true,"href":"https:\/\/www.visit-ulcinj.com\/blog\/wp-json\/wp\/v2\/tags?post=27104"}],"curies":[{"name":"wp","href":"https:\/\/api.w.org\/{rel}","templated":true}]}}