{"id":27107,"date":"2009-11-13T22:08:50","date_gmt":"2009-11-13T20:08:50","guid":{"rendered":"http:\/\/www.visit-ulcinj.com\/blog\/?p=27107"},"modified":"2009-11-13T22:08:50","modified_gmt":"2009-11-13T20:08:50","slug":"micunovicu-jeste-li-culi-za-ulcinj","status":"publish","type":"post","link":"https:\/\/www.visit-ulcinj.com\/blog\/2009\/11\/13\/micunovicu-jeste-li-culi-za-ulcinj\/","title":{"rendered":"Mi?unovi?u, jeste li ?uli za Ulcinj?"},"content":{"rendered":"<p><strong><a href=\"http:\/\/www.visit-ulcinj.com\/blog\/wp-content\/uploads\/2009\/11\/Ismet-Karamanaga-Mi?unovi?u-jeste-li-?uli-za-Ulcinj.jpg\"><img loading=\"lazy\" class=\"alignleft size-full wp-image-27108\" title=\"Ismet Karamanaga-Mi?unovi?u, jeste li ?uli za Ulcinj\" src=\"http:\/\/www.visit-ulcinj.com\/blog\/wp-content\/uploads\/2009\/11\/Ismet-Karamanaga-Mi?unovi?u-jeste-li-?uli-za-Ulcinj.jpg\" alt=\"Ismet Karamanaga-Mi?unovi?u, jeste li ?uli za Ulcinj\" width=\"400\" height=\"366\" \/><\/a>U\u201eKaljaji\u201d ljuti \u0161to u delegaciji koja je i\u0161la u Ljubljanu nije bilo nikog iz najju\u017enijeg grada<\/strong><br \/>\nUlcinj &#8211; NVO \u201cKaljaja\u201d iz Ulcinja o\u0161tro je kritikovala ministra kulture Branislava Mi?unovi?a \u0161to u delegaciji koja je po?etkom novembra u Ljubljani prisustovala Konferenciji o oporavku zajedni?ke kulturne i prirodne ba\u0161tine Jugoisto?ne Evrope, nije bilo nikog iz najju\u017enije op\u0161tine.<br \/>\n\u201cPostavlja se pitanje da li ministar zna za Ulcinj i njegove kulturno-istorijske vrijednosti iz anti?kih vremena, najpoznatije na ovim prostorima\u201d, kazao je predsjednik \u201cKaljaje\u201d Ismet Karamanaga.<br \/>\nOn je podsjetio ministra da je ulcinjski Stari grad ve? odavno pretedent za ?lanstvo u UNESCO, te da su \u201cKaljaji\u201d podr\u0161ku za to dale sve relevantne institucije dr\u017eave, civilni sektor, Op\u0161tina Ulcinj i mnogi drugi.<br \/>\n\u201cNi\u0161ta od toga nije bilo dovoljno za poziv. Mo\u017eda ministar nije ni ?uo da postojimo, ali ?u ga podsjetiti da je Ulcinj nedavno u Luganu u \u0160vajcarskoj dobio nagradu za najmultikulturalniji grad Crne Gore. Izgleda da nas vi\u0161e poznaju u inostranstvu nego u sopstvenoj zemlji\u201d, naveo je Karamanaga.<br \/>\nOn nije isklju?io mogu?nost da je ministar \u201cnamjerno zaobi\u0161ao Ulcinj\u201d.<br \/>\n\u201cGrad sa tako slavnom kulturno-istorijskom ba\u0161tinom i sa tako fantasti?nim su\u017eivotom, ne pozvati na takav skup, izaziva sumnju da se sve namjerno radi. Naravno, nas kao NVO ?udi i nereagovanje institucija op\u0161tine, kao i ?elnika albanskih partija. Ali, izgleda da su njima va\u017enije pozicije i mandati, iako su morali da reaguju na takvo poni\u017eavanje i omalova\u017eavanje na\u0161e kulture i na\u0161ih kulturnih vrijednosti\u201d, ocijenio je Karamanaga. On je naglasio da podr\u017eava u?e\u0161?e na takvim skupovima \u201ejer je uzajamno po\u0161tovanje kulturnih vrijednosti pravi put ka evropskim integracijama\u201d.<br \/>\n\u201cUlcinj je u Ljubljani, gospodine ministre, imao \u0161ta da ka\u017ee i predstavi, ako ne vi\u0161e, onda sigurno ni\u0161ta manje od drugih\u201d, poru?io je Karamanaga.<br \/>\nU delegaciji, na ?ijem ?elu je bio Mi?unovi?, bili su i ambasador Crne Gore u Sloveniji Ranko Milovi?, gradona?elnik Cetinja Milovan Jankovi?, predsjednica SO Bar Branka Nikezi?, sekretar za investicije Op\u0161tine Budva Dragan Marovi?, pomo?nik ministra kulture za kulturnu ba\u0161tinu Lidija Ljesar i program koordinator Regionalnog programa u Crnoj Gori Milica Nikoli?.<\/p>\n<p><strong>S.A.<br \/>\n<a href=\"http:\/\/www.vijesti.me\/index.php?id_pre=321890&amp;godina=2009\" target=\"_blank\">Vijesti<\/a><\/strong><\/p>\n<div><object classid=\"clsid:d27cdb6e-ae6d-11cf-96b8-444553540000\" width=\"580\" height=\"394\" codebase=\"http:\/\/download.macromedia.com\/pub\/shockwave\/cabs\/flash\/swflash.cab#version=6,0,40,0\"><param name=\"allowFullScreen\" value=\"true\" \/><param name=\"allowScriptAccess\" value=\"always\" \/><param name=\"src\" value=\"http:\/\/www.dailymotion.com\/swf\/xafru4&amp;autoPlay=1\" \/><param name=\"allowfullscreen\" value=\"true\" \/><\/object><\/div>\n","protected":false},"excerpt":{"rendered":"<p>U\u201eKaljaji\u201d ljuti \u0161to u delegaciji koja je i\u0161la u Ljubljanu nije bilo nikog iz najju\u017enijeg grada Ulcinj &#8211; NVO \u201cKaljaja\u201d iz Ulcinja o\u0161tro je kritikovala ministra kulture Branislava Mi?unovi?a \u0161to u delegaciji koja je po?etkom novembra u Ljubljani prisustovala Konferenciji o oporavku zajedni?ke kulturne i prirodne ba\u0161tine Jugoisto?ne Evrope, nije bilo nikog iz najju\u017enije op\u0161tine. [&hellip;]<\/p>\n","protected":false},"author":1,"featured_media":0,"comment_status":"open","ping_status":"closed","sticky":false,"template":"","format":"standard","meta":{"spay_email":"","jetpack_publicize_message":"","jetpack_is_tweetstorm":false,"jetpack_publicize_feature_enabled":true},"categories":[8337],"tags":[12760,306,12762,12761,19,307],"jetpack_publicize_connections":[],"yoast_head":"<!-- This site is optimized with the Yoast SEO plugin v19.1 - https:\/\/yoast.com\/wordpress\/plugins\/seo\/ -->\n<title>Mi?unovi?u, jeste li ?uli za Ulcinj? - Lajme nga Ulqini<\/title>\n<meta name=\"description\" content=\"U\u201eKaljaji\u201d ljuti \u0161to u delegaciji koja je i\u0161la u Ljubljanu nije bilo nikog iz najju\u017enijeg grada Ulcinj - NVO \u201cKaljaja\u201d iz Ulcinja o\u0161tro je kritikovala\" \/>\n<meta name=\"robots\" content=\"index, follow, max-snippet:-1, max-image-preview:large, max-video-preview:-1\" \/>\n<link rel=\"canonical\" href=\"https:\/\/www.visit-ulcinj.com\/blog\/2009\/11\/13\/micunovicu-jeste-li-culi-za-ulcinj\/\" \/>\n<meta property=\"og:locale\" content=\"en_US\" \/>\n<meta property=\"og:type\" content=\"article\" \/>\n<meta property=\"og:title\" content=\"Mi?unovi?u, jeste li ?uli za Ulcinj? - Lajme nga Ulqini\" \/>\n<meta property=\"og:description\" content=\"U\u201eKaljaji\u201d ljuti \u0161to u delegaciji koja je i\u0161la u Ljubljanu nije bilo nikog iz najju\u017enijeg grada Ulcinj - NVO \u201cKaljaja\u201d iz Ulcinja o\u0161tro je kritikovala\" \/>\n<meta property=\"og:url\" content=\"https:\/\/www.visit-ulcinj.com\/blog\/2009\/11\/13\/micunovicu-jeste-li-culi-za-ulcinj\/\" \/>\n<meta property=\"og:site_name\" content=\"Lajme nga Ulqini\" \/>\n<meta property=\"article:published_time\" content=\"2009-11-13T20:08:50+00:00\" \/>\n<meta property=\"og:image\" content=\"http:\/\/www.visit-ulcinj.com\/blog\/wp-content\/uploads\/2009\/11\/Ismet-Karamanaga-Mi?unovi?u-jeste-li-?uli-za-Ulcinj.jpg\" \/>\n<meta name=\"twitter:label1\" content=\"Written by\" \/>\n\t<meta name=\"twitter:data1\" content=\"ulqini\" \/>\n\t<meta name=\"twitter:label2\" content=\"Est. reading time\" \/>\n\t<meta name=\"twitter:data2\" content=\"2 minutes\" \/>\n<script type=\"application\/ld+json\" class=\"yoast-schema-graph\">{\"@context\":\"https:\/\/schema.org\",\"@graph\":[{\"@type\":\"WebSite\",\"@id\":\"https:\/\/www.visit-ulcinj.com\/blog\/#website\",\"url\":\"https:\/\/www.visit-ulcinj.com\/blog\/\",\"name\":\"Lajme nga Ulqini\",\"description\":\"Lajme,Vijesti,Ulqini,Ulqin,Crna Gora,Mali i Zi\",\"potentialAction\":[{\"@type\":\"SearchAction\",\"target\":{\"@type\":\"EntryPoint\",\"urlTemplate\":\"https:\/\/www.visit-ulcinj.com\/blog\/?s={search_term_string}\"},\"query-input\":\"required name=search_term_string\"}],\"inLanguage\":\"en-US\"},{\"@type\":\"ImageObject\",\"inLanguage\":\"en-US\",\"@id\":\"https:\/\/www.visit-ulcinj.com\/blog\/2009\/11\/13\/micunovicu-jeste-li-culi-za-ulcinj\/#primaryimage\",\"url\":\"http:\/\/www.visit-ulcinj.com\/blog\/wp-content\/uploads\/2009\/11\/Ismet-Karamanaga-Mi?unovi?u-jeste-li-?uli-za-Ulcinj.jpg\",\"contentUrl\":\"http:\/\/www.visit-ulcinj.com\/blog\/wp-content\/uploads\/2009\/11\/Ismet-Karamanaga-Mi?unovi?u-jeste-li-?uli-za-Ulcinj.jpg\"},{\"@type\":\"WebPage\",\"@id\":\"https:\/\/www.visit-ulcinj.com\/blog\/2009\/11\/13\/micunovicu-jeste-li-culi-za-ulcinj\/#webpage\",\"url\":\"https:\/\/www.visit-ulcinj.com\/blog\/2009\/11\/13\/micunovicu-jeste-li-culi-za-ulcinj\/\",\"name\":\"Mi?unovi?u, jeste li ?uli za Ulcinj? - Lajme nga Ulqini\",\"isPartOf\":{\"@id\":\"https:\/\/www.visit-ulcinj.com\/blog\/#website\"},\"primaryImageOfPage\":{\"@id\":\"https:\/\/www.visit-ulcinj.com\/blog\/2009\/11\/13\/micunovicu-jeste-li-culi-za-ulcinj\/#primaryimage\"},\"datePublished\":\"2009-11-13T20:08:50+00:00\",\"dateModified\":\"2009-11-13T20:08:50+00:00\",\"author\":{\"@id\":\"https:\/\/www.visit-ulcinj.com\/blog\/#\/schema\/person\/dcab619c614d3038751c63bc2aadc06d\"},\"description\":\"U\u201eKaljaji\u201d ljuti \u0161to u delegaciji koja je i\u0161la u Ljubljanu nije bilo nikog iz najju\u017enijeg grada Ulcinj - NVO \u201cKaljaja\u201d iz Ulcinja o\u0161tro je kritikovala\",\"breadcrumb\":{\"@id\":\"https:\/\/www.visit-ulcinj.com\/blog\/2009\/11\/13\/micunovicu-jeste-li-culi-za-ulcinj\/#breadcrumb\"},\"inLanguage\":\"en-US\",\"potentialAction\":[{\"@type\":\"ReadAction\",\"target\":[\"https:\/\/www.visit-ulcinj.com\/blog\/2009\/11\/13\/micunovicu-jeste-li-culi-za-ulcinj\/\"]}]},{\"@type\":\"BreadcrumbList\",\"@id\":\"https:\/\/www.visit-ulcinj.com\/blog\/2009\/11\/13\/micunovicu-jeste-li-culi-za-ulcinj\/#breadcrumb\",\"itemListElement\":[{\"@type\":\"ListItem\",\"position\":1,\"name\":\"Mi?unovi?u, jeste li ?uli za Ulcinj?\"}]},{\"@type\":\"Person\",\"@id\":\"https:\/\/www.visit-ulcinj.com\/blog\/#\/schema\/person\/dcab619c614d3038751c63bc2aadc06d\",\"name\":\"ulqini\",\"sameAs\":[\"http:\/\/www.visit-ulcinj.com\"],\"url\":\"https:\/\/www.visit-ulcinj.com\/blog\/author\/admin\/\"}]}<\/script>\n<!-- \/ Yoast SEO plugin. -->","yoast_head_json":{"title":"Mi?unovi?u, jeste li ?uli za Ulcinj? - Lajme nga Ulqini","description":"U\u201eKaljaji\u201d ljuti \u0161to u delegaciji koja je i\u0161la u Ljubljanu nije bilo nikog iz najju\u017enijeg grada Ulcinj - NVO \u201cKaljaja\u201d iz Ulcinja o\u0161tro je kritikovala","robots":{"index":"index","follow":"follow","max-snippet":"max-snippet:-1","max-image-preview":"max-image-preview:large","max-video-preview":"max-video-preview:-1"},"canonical":"https:\/\/www.visit-ulcinj.com\/blog\/2009\/11\/13\/micunovicu-jeste-li-culi-za-ulcinj\/","og_locale":"en_US","og_type":"article","og_title":"Mi?unovi?u, jeste li ?uli za Ulcinj? - Lajme nga Ulqini","og_description":"U\u201eKaljaji\u201d ljuti \u0161to u delegaciji koja je i\u0161la u Ljubljanu nije bilo nikog iz najju\u017enijeg grada Ulcinj - NVO \u201cKaljaja\u201d iz Ulcinja o\u0161tro je kritikovala","og_url":"https:\/\/www.visit-ulcinj.com\/blog\/2009\/11\/13\/micunovicu-jeste-li-culi-za-ulcinj\/","og_site_name":"Lajme nga Ulqini","article_published_time":"2009-11-13T20:08:50+00:00","og_image":[{"url":"http:\/\/www.visit-ulcinj.com\/blog\/wp-content\/uploads\/2009\/11\/Ismet-Karamanaga-Mi?unovi?u-jeste-li-?uli-za-Ulcinj.jpg"}],"twitter_misc":{"Written by":"ulqini","Est. reading time":"2 minutes"},"schema":{"@context":"https:\/\/schema.org","@graph":[{"@type":"WebSite","@id":"https:\/\/www.visit-ulcinj.com\/blog\/#website","url":"https:\/\/www.visit-ulcinj.com\/blog\/","name":"Lajme nga Ulqini","description":"Lajme,Vijesti,Ulqini,Ulqin,Crna Gora,Mali i Zi","potentialAction":[{"@type":"SearchAction","target":{"@type":"EntryPoint","urlTemplate":"https:\/\/www.visit-ulcinj.com\/blog\/?s={search_term_string}"},"query-input":"required name=search_term_string"}],"inLanguage":"en-US"},{"@type":"ImageObject","inLanguage":"en-US","@id":"https:\/\/www.visit-ulcinj.com\/blog\/2009\/11\/13\/micunovicu-jeste-li-culi-za-ulcinj\/#primaryimage","url":"http:\/\/www.visit-ulcinj.com\/blog\/wp-content\/uploads\/2009\/11\/Ismet-Karamanaga-Mi?unovi?u-jeste-li-?uli-za-Ulcinj.jpg","contentUrl":"http:\/\/www.visit-ulcinj.com\/blog\/wp-content\/uploads\/2009\/11\/Ismet-Karamanaga-Mi?unovi?u-jeste-li-?uli-za-Ulcinj.jpg"},{"@type":"WebPage","@id":"https:\/\/www.visit-ulcinj.com\/blog\/2009\/11\/13\/micunovicu-jeste-li-culi-za-ulcinj\/#webpage","url":"https:\/\/www.visit-ulcinj.com\/blog\/2009\/11\/13\/micunovicu-jeste-li-culi-za-ulcinj\/","name":"Mi?unovi?u, jeste li ?uli za Ulcinj? - Lajme nga Ulqini","isPartOf":{"@id":"https:\/\/www.visit-ulcinj.com\/blog\/#website"},"primaryImageOfPage":{"@id":"https:\/\/www.visit-ulcinj.com\/blog\/2009\/11\/13\/micunovicu-jeste-li-culi-za-ulcinj\/#primaryimage"},"datePublished":"2009-11-13T20:08:50+00:00","dateModified":"2009-11-13T20:08:50+00:00","author":{"@id":"https:\/\/www.visit-ulcinj.com\/blog\/#\/schema\/person\/dcab619c614d3038751c63bc2aadc06d"},"description":"U\u201eKaljaji\u201d ljuti \u0161to u delegaciji koja je i\u0161la u Ljubljanu nije bilo nikog iz najju\u017enijeg grada Ulcinj - NVO \u201cKaljaja\u201d iz Ulcinja o\u0161tro je kritikovala","breadcrumb":{"@id":"https:\/\/www.visit-ulcinj.com\/blog\/2009\/11\/13\/micunovicu-jeste-li-culi-za-ulcinj\/#breadcrumb"},"inLanguage":"en-US","potentialAction":[{"@type":"ReadAction","target":["https:\/\/www.visit-ulcinj.com\/blog\/2009\/11\/13\/micunovicu-jeste-li-culi-za-ulcinj\/"]}]},{"@type":"BreadcrumbList","@id":"https:\/\/www.visit-ulcinj.com\/blog\/2009\/11\/13\/micunovicu-jeste-li-culi-za-ulcinj\/#breadcrumb","itemListElement":[{"@type":"ListItem","position":1,"name":"Mi?unovi?u, jeste li ?uli za Ulcinj?"}]},{"@type":"Person","@id":"https:\/\/www.visit-ulcinj.com\/blog\/#\/schema\/person\/dcab619c614d3038751c63bc2aadc06d","name":"ulqini","sameAs":["http:\/\/www.visit-ulcinj.com"],"url":"https:\/\/www.visit-ulcinj.com\/blog\/author\/admin\/"}]}},"jetpack_featured_media_url":"","jetpack_sharing_enabled":true,"jetpack_shortlink":"https:\/\/wp.me\/pe6lTn-73d","_links":{"self":[{"href":"https:\/\/www.visit-ulcinj.com\/blog\/wp-json\/wp\/v2\/posts\/27107"}],"collection":[{"href":"https:\/\/www.visit-ulcinj.com\/blog\/wp-json\/wp\/v2\/posts"}],"about":[{"href":"https:\/\/www.visit-ulcinj.com\/blog\/wp-json\/wp\/v2\/types\/post"}],"author":[{"embeddable":true,"href":"https:\/\/www.visit-ulcinj.com\/blog\/wp-json\/wp\/v2\/users\/1"}],"replies":[{"embeddable":true,"href":"https:\/\/www.visit-ulcinj.com\/blog\/wp-json\/wp\/v2\/comments?post=27107"}],"version-history":[{"count":0,"href":"https:\/\/www.visit-ulcinj.com\/blog\/wp-json\/wp\/v2\/posts\/27107\/revisions"}],"wp:attachment":[{"href":"https:\/\/www.visit-ulcinj.com\/blog\/wp-json\/wp\/v2\/media?parent=27107"}],"wp:term":[{"taxonomy":"category","embeddable":true,"href":"https:\/\/www.visit-ulcinj.com\/blog\/wp-json\/wp\/v2\/categories?post=27107"},{"taxonomy":"post_tag","embeddable":true,"href":"https:\/\/www.visit-ulcinj.com\/blog\/wp-json\/wp\/v2\/tags?post=27107"}],"curies":[{"name":"wp","href":"https:\/\/api.w.org\/{rel}","templated":true}]}}