{"id":27111,"date":"2009-11-13T22:32:56","date_gmt":"2009-11-13T20:32:56","guid":{"rendered":"http:\/\/www.visit-ulcinj.com\/blog\/?p=27111"},"modified":"2009-11-13T22:41:05","modified_gmt":"2009-11-13T20:41:05","slug":"polemika-ornitologa-i-direktora-lovackog-drustva-iz-ulcinja-zavrsena-na-sudu","status":"publish","type":"post","link":"https:\/\/www.visit-ulcinj.com\/blog\/2009\/11\/13\/polemika-ornitologa-i-direktora-lovackog-drustva-iz-ulcinja-zavrsena-na-sudu\/","title":{"rendered":"Polemika ornitologa i direktora lova?kog dru\u0161tva iz Ulcinja zavr\u0161ena na sudu"},"content":{"rendered":"<p><strong><img loading=\"lazy\" class=\"alignleft\" title=\"Bljerim Holovi?, direktor JP za uzgoj i za\u0161titu divlja?i \u201eUlcinj\u201d\" src=\"http:\/\/www.visit-ulcinj.com\/blog\/wp-content\/uploads\/2009\/06\/Bljerim-Holovi%C4%87_Direktor-preduze%C4%87a-za-uzgoj-za%C5%A1titu-i-lov-divlja%C4%8Di-_Ulcinj.jpg\" alt=\"\" width=\"389\" height=\"324\" \/>Izvinjavam se Savelji?u<\/strong><br \/>\nUlcinj &#8211; Na tekst \u201eU lov nedjeljom i za Novu godinu\u201d koji je objavljen u dnevnom listu \u201eVijesti\u201d 05. 06. 2009. godine, reagovao sam kao direktor JP za uzgoj i za\u0161titu divlja?i \u201eUlcinj\u201d i u ime lovaca Ulcinja, tekstom \u201eSamo Savelji? vidi krivolov\u201d objavljenog u \u201eVijestima\u201d 12. 06. 2009.godine.<br \/>\nU tom tekstu sam po rezonovanju gospodina Savelji?a iznio neke inkriminacije koje je on pravno kvalifikovao kao krivi?no djelo klevete. Ukoliko gospodin Savelji? smatra da u tekstu o kome je rije? postoje inkriminacije pomenutog krivi?nog djela, ja se izvinjavam.<br \/>\nJ.P. za uzgoj i za\u0161titu divlja?i \u201eUlcinj\u201d i ja kao direktor preduze?a uvjek sam prihatao saradnju sa doti?nim gospodinom i svih drugim gra?anima i organizacijama, na planu uzgoja i za\u0161tite divlja?i. Svaka pomo? na tom planu od bilo koga, pa i Savelji?a, je dobro do\u0161la.<br \/>\nJ.P. za uzgoj i za\u0161titu divlja?i \u201eUlcinj\u201d uvjek je bilo i ostalo otvoreno za saradnju sa svim relevantnim institucjama kada je ova oblast u pitanju. Preduze?e na ?ijem sam ?elu uvjek ?e \u0161tititi interese preduze?a i gra?ana Ulcinja koji se bave lovom, u skladu sa zakonom i na bazi odobrenog, od strane dr\u017eave, odr\u017eivog (planskog i racionalnog) kori\u0161?enja.<\/p>\n<p>Bljerim Holovi?, direktor JP za uzgoj i za\u0161titu divlja?i \u201eUlcinj\u201d<\/p>\n<p><a href=\"http:\/\/www.vijesti.me\/index.php?id=321864\" target=\"_blank\"><strong>Vijesti<\/strong><\/a><\/p>\n<!--YouTube Error: bad URL entered-->\n","protected":false},"excerpt":{"rendered":"<p>Izvinjavam se Savelji?u Ulcinj &#8211; Na tekst \u201eU lov nedjeljom i za Novu godinu\u201d koji je objavljen u dnevnom listu \u201eVijesti\u201d 05. 06. 2009. godine, reagovao sam kao direktor JP za uzgoj i za\u0161titu divlja?i \u201eUlcinj\u201d i u ime lovaca Ulcinja, tekstom \u201eSamo Savelji? vidi krivolov\u201d objavljenog u \u201eVijestima\u201d 12. 06. 2009.godine. U tom tekstu [&hellip;]<\/p>\n","protected":false},"author":1,"featured_media":0,"comment_status":"open","ping_status":"closed","sticky":false,"template":"","format":"standard","meta":{"spay_email":"","jetpack_publicize_message":"","jetpack_is_tweetstorm":false,"jetpack_publicize_feature_enabled":true},"categories":[8337],"tags":[11181,11299,12763],"jetpack_publicize_connections":[],"yoast_head":"<!-- This site is optimized with the Yoast SEO plugin v19.1 - https:\/\/yoast.com\/wordpress\/plugins\/seo\/ -->\n<title>Polemika ornitologa i direktora lova?kog dru\u0161tva iz Ulcinja zavr\u0161ena na sudu - Lajme nga Ulqini<\/title>\n<meta name=\"description\" content=\"Izvinjavam se Savelji?u Ulcinj - Na tekst \u201eU lov nedjeljom i za Novu godinu\u201d koji je objavljen u dnevnom listu \u201eVijesti\u201d 05. 06. 2009. godine, reagovao\" \/>\n<meta name=\"robots\" content=\"index, follow, max-snippet:-1, max-image-preview:large, max-video-preview:-1\" \/>\n<link rel=\"canonical\" href=\"https:\/\/www.visit-ulcinj.com\/blog\/2009\/11\/13\/polemika-ornitologa-i-direktora-lovackog-drustva-iz-ulcinja-zavrsena-na-sudu\/\" \/>\n<meta property=\"og:locale\" content=\"en_US\" \/>\n<meta property=\"og:type\" content=\"article\" \/>\n<meta property=\"og:title\" content=\"Polemika ornitologa i direktora lova?kog dru\u0161tva iz Ulcinja zavr\u0161ena na sudu - Lajme nga Ulqini\" \/>\n<meta property=\"og:description\" content=\"Izvinjavam se Savelji?u Ulcinj - Na tekst \u201eU lov nedjeljom i za Novu godinu\u201d koji je objavljen u dnevnom listu \u201eVijesti\u201d 05. 06. 2009. godine, reagovao\" \/>\n<meta property=\"og:url\" content=\"https:\/\/www.visit-ulcinj.com\/blog\/2009\/11\/13\/polemika-ornitologa-i-direktora-lovackog-drustva-iz-ulcinja-zavrsena-na-sudu\/\" \/>\n<meta property=\"og:site_name\" content=\"Lajme nga Ulqini\" \/>\n<meta property=\"article:published_time\" content=\"2009-11-13T20:32:56+00:00\" \/>\n<meta property=\"article:modified_time\" content=\"2009-11-13T20:41:05+00:00\" \/>\n<meta property=\"og:image\" content=\"http:\/\/www.visit-ulcinj.com\/blog\/wp-content\/uploads\/2009\/06\/Bljerim-Holovi%C4%87_Direktor-preduze%C4%87a-za-uzgoj-za%C5%A1titu-i-lov-divlja%C4%8Di-_Ulcinj.jpg\" \/>\n<meta name=\"twitter:label1\" content=\"Written by\" \/>\n\t<meta name=\"twitter:data1\" content=\"ulqini\" \/>\n\t<meta name=\"twitter:label2\" content=\"Est. reading time\" \/>\n\t<meta name=\"twitter:data2\" content=\"1 minute\" \/>\n<script type=\"application\/ld+json\" class=\"yoast-schema-graph\">{\"@context\":\"https:\/\/schema.org\",\"@graph\":[{\"@type\":\"WebSite\",\"@id\":\"https:\/\/www.visit-ulcinj.com\/blog\/#website\",\"url\":\"https:\/\/www.visit-ulcinj.com\/blog\/\",\"name\":\"Lajme nga Ulqini\",\"description\":\"Lajme,Vijesti,Ulqini,Ulqin,Crna Gora,Mali i Zi\",\"potentialAction\":[{\"@type\":\"SearchAction\",\"target\":{\"@type\":\"EntryPoint\",\"urlTemplate\":\"https:\/\/www.visit-ulcinj.com\/blog\/?s={search_term_string}\"},\"query-input\":\"required name=search_term_string\"}],\"inLanguage\":\"en-US\"},{\"@type\":\"ImageObject\",\"inLanguage\":\"en-US\",\"@id\":\"https:\/\/www.visit-ulcinj.com\/blog\/2009\/11\/13\/polemika-ornitologa-i-direktora-lovackog-drustva-iz-ulcinja-zavrsena-na-sudu\/#primaryimage\",\"url\":\"http:\/\/www.visit-ulcinj.com\/blog\/wp-content\/uploads\/2009\/06\/Bljerim-Holovi%C4%87_Direktor-preduze%C4%87a-za-uzgoj-za%C5%A1titu-i-lov-divlja%C4%8Di-_Ulcinj.jpg\",\"contentUrl\":\"http:\/\/www.visit-ulcinj.com\/blog\/wp-content\/uploads\/2009\/06\/Bljerim-Holovi%C4%87_Direktor-preduze%C4%87a-za-uzgoj-za%C5%A1titu-i-lov-divlja%C4%8Di-_Ulcinj.jpg\"},{\"@type\":\"WebPage\",\"@id\":\"https:\/\/www.visit-ulcinj.com\/blog\/2009\/11\/13\/polemika-ornitologa-i-direktora-lovackog-drustva-iz-ulcinja-zavrsena-na-sudu\/#webpage\",\"url\":\"https:\/\/www.visit-ulcinj.com\/blog\/2009\/11\/13\/polemika-ornitologa-i-direktora-lovackog-drustva-iz-ulcinja-zavrsena-na-sudu\/\",\"name\":\"Polemika ornitologa i direktora lova?kog dru\u0161tva iz Ulcinja zavr\u0161ena na sudu - Lajme nga Ulqini\",\"isPartOf\":{\"@id\":\"https:\/\/www.visit-ulcinj.com\/blog\/#website\"},\"primaryImageOfPage\":{\"@id\":\"https:\/\/www.visit-ulcinj.com\/blog\/2009\/11\/13\/polemika-ornitologa-i-direktora-lovackog-drustva-iz-ulcinja-zavrsena-na-sudu\/#primaryimage\"},\"datePublished\":\"2009-11-13T20:32:56+00:00\",\"dateModified\":\"2009-11-13T20:41:05+00:00\",\"author\":{\"@id\":\"https:\/\/www.visit-ulcinj.com\/blog\/#\/schema\/person\/dcab619c614d3038751c63bc2aadc06d\"},\"description\":\"Izvinjavam se Savelji?u Ulcinj - Na tekst \u201eU lov nedjeljom i za Novu godinu\u201d koji je objavljen u dnevnom listu \u201eVijesti\u201d 05. 06. 2009. godine, reagovao\",\"breadcrumb\":{\"@id\":\"https:\/\/www.visit-ulcinj.com\/blog\/2009\/11\/13\/polemika-ornitologa-i-direktora-lovackog-drustva-iz-ulcinja-zavrsena-na-sudu\/#breadcrumb\"},\"inLanguage\":\"en-US\",\"potentialAction\":[{\"@type\":\"ReadAction\",\"target\":[\"https:\/\/www.visit-ulcinj.com\/blog\/2009\/11\/13\/polemika-ornitologa-i-direktora-lovackog-drustva-iz-ulcinja-zavrsena-na-sudu\/\"]}]},{\"@type\":\"BreadcrumbList\",\"@id\":\"https:\/\/www.visit-ulcinj.com\/blog\/2009\/11\/13\/polemika-ornitologa-i-direktora-lovackog-drustva-iz-ulcinja-zavrsena-na-sudu\/#breadcrumb\",\"itemListElement\":[{\"@type\":\"ListItem\",\"position\":1,\"name\":\"Polemika ornitologa i direktora lova?kog dru\u0161tva iz Ulcinja zavr\u0161ena na sudu\"}]},{\"@type\":\"Person\",\"@id\":\"https:\/\/www.visit-ulcinj.com\/blog\/#\/schema\/person\/dcab619c614d3038751c63bc2aadc06d\",\"name\":\"ulqini\",\"sameAs\":[\"http:\/\/www.visit-ulcinj.com\"],\"url\":\"https:\/\/www.visit-ulcinj.com\/blog\/author\/admin\/\"}]}<\/script>\n<!-- \/ Yoast SEO plugin. -->","yoast_head_json":{"title":"Polemika ornitologa i direktora lova?kog dru\u0161tva iz Ulcinja zavr\u0161ena na sudu - Lajme nga Ulqini","description":"Izvinjavam se Savelji?u Ulcinj - Na tekst \u201eU lov nedjeljom i za Novu godinu\u201d koji je objavljen u dnevnom listu \u201eVijesti\u201d 05. 06. 2009. godine, reagovao","robots":{"index":"index","follow":"follow","max-snippet":"max-snippet:-1","max-image-preview":"max-image-preview:large","max-video-preview":"max-video-preview:-1"},"canonical":"https:\/\/www.visit-ulcinj.com\/blog\/2009\/11\/13\/polemika-ornitologa-i-direktora-lovackog-drustva-iz-ulcinja-zavrsena-na-sudu\/","og_locale":"en_US","og_type":"article","og_title":"Polemika ornitologa i direktora lova?kog dru\u0161tva iz Ulcinja zavr\u0161ena na sudu - Lajme nga Ulqini","og_description":"Izvinjavam se Savelji?u Ulcinj - Na tekst \u201eU lov nedjeljom i za Novu godinu\u201d koji je objavljen u dnevnom listu \u201eVijesti\u201d 05. 06. 2009. godine, reagovao","og_url":"https:\/\/www.visit-ulcinj.com\/blog\/2009\/11\/13\/polemika-ornitologa-i-direktora-lovackog-drustva-iz-ulcinja-zavrsena-na-sudu\/","og_site_name":"Lajme nga Ulqini","article_published_time":"2009-11-13T20:32:56+00:00","article_modified_time":"2009-11-13T20:41:05+00:00","og_image":[{"url":"http:\/\/www.visit-ulcinj.com\/blog\/wp-content\/uploads\/2009\/06\/Bljerim-Holovi%C4%87_Direktor-preduze%C4%87a-za-uzgoj-za%C5%A1titu-i-lov-divlja%C4%8Di-_Ulcinj.jpg"}],"twitter_misc":{"Written by":"ulqini","Est. reading time":"1 minute"},"schema":{"@context":"https:\/\/schema.org","@graph":[{"@type":"WebSite","@id":"https:\/\/www.visit-ulcinj.com\/blog\/#website","url":"https:\/\/www.visit-ulcinj.com\/blog\/","name":"Lajme nga Ulqini","description":"Lajme,Vijesti,Ulqini,Ulqin,Crna Gora,Mali i Zi","potentialAction":[{"@type":"SearchAction","target":{"@type":"EntryPoint","urlTemplate":"https:\/\/www.visit-ulcinj.com\/blog\/?s={search_term_string}"},"query-input":"required name=search_term_string"}],"inLanguage":"en-US"},{"@type":"ImageObject","inLanguage":"en-US","@id":"https:\/\/www.visit-ulcinj.com\/blog\/2009\/11\/13\/polemika-ornitologa-i-direktora-lovackog-drustva-iz-ulcinja-zavrsena-na-sudu\/#primaryimage","url":"http:\/\/www.visit-ulcinj.com\/blog\/wp-content\/uploads\/2009\/06\/Bljerim-Holovi%C4%87_Direktor-preduze%C4%87a-za-uzgoj-za%C5%A1titu-i-lov-divlja%C4%8Di-_Ulcinj.jpg","contentUrl":"http:\/\/www.visit-ulcinj.com\/blog\/wp-content\/uploads\/2009\/06\/Bljerim-Holovi%C4%87_Direktor-preduze%C4%87a-za-uzgoj-za%C5%A1titu-i-lov-divlja%C4%8Di-_Ulcinj.jpg"},{"@type":"WebPage","@id":"https:\/\/www.visit-ulcinj.com\/blog\/2009\/11\/13\/polemika-ornitologa-i-direktora-lovackog-drustva-iz-ulcinja-zavrsena-na-sudu\/#webpage","url":"https:\/\/www.visit-ulcinj.com\/blog\/2009\/11\/13\/polemika-ornitologa-i-direktora-lovackog-drustva-iz-ulcinja-zavrsena-na-sudu\/","name":"Polemika ornitologa i direktora lova?kog dru\u0161tva iz Ulcinja zavr\u0161ena na sudu - Lajme nga Ulqini","isPartOf":{"@id":"https:\/\/www.visit-ulcinj.com\/blog\/#website"},"primaryImageOfPage":{"@id":"https:\/\/www.visit-ulcinj.com\/blog\/2009\/11\/13\/polemika-ornitologa-i-direktora-lovackog-drustva-iz-ulcinja-zavrsena-na-sudu\/#primaryimage"},"datePublished":"2009-11-13T20:32:56+00:00","dateModified":"2009-11-13T20:41:05+00:00","author":{"@id":"https:\/\/www.visit-ulcinj.com\/blog\/#\/schema\/person\/dcab619c614d3038751c63bc2aadc06d"},"description":"Izvinjavam se Savelji?u Ulcinj - Na tekst \u201eU lov nedjeljom i za Novu godinu\u201d koji je objavljen u dnevnom listu \u201eVijesti\u201d 05. 06. 2009. godine, reagovao","breadcrumb":{"@id":"https:\/\/www.visit-ulcinj.com\/blog\/2009\/11\/13\/polemika-ornitologa-i-direktora-lovackog-drustva-iz-ulcinja-zavrsena-na-sudu\/#breadcrumb"},"inLanguage":"en-US","potentialAction":[{"@type":"ReadAction","target":["https:\/\/www.visit-ulcinj.com\/blog\/2009\/11\/13\/polemika-ornitologa-i-direktora-lovackog-drustva-iz-ulcinja-zavrsena-na-sudu\/"]}]},{"@type":"BreadcrumbList","@id":"https:\/\/www.visit-ulcinj.com\/blog\/2009\/11\/13\/polemika-ornitologa-i-direktora-lovackog-drustva-iz-ulcinja-zavrsena-na-sudu\/#breadcrumb","itemListElement":[{"@type":"ListItem","position":1,"name":"Polemika ornitologa i direktora lova?kog dru\u0161tva iz Ulcinja zavr\u0161ena na sudu"}]},{"@type":"Person","@id":"https:\/\/www.visit-ulcinj.com\/blog\/#\/schema\/person\/dcab619c614d3038751c63bc2aadc06d","name":"ulqini","sameAs":["http:\/\/www.visit-ulcinj.com"],"url":"https:\/\/www.visit-ulcinj.com\/blog\/author\/admin\/"}]}},"jetpack_featured_media_url":"","jetpack_sharing_enabled":true,"jetpack_shortlink":"https:\/\/wp.me\/pe6lTn-73h","_links":{"self":[{"href":"https:\/\/www.visit-ulcinj.com\/blog\/wp-json\/wp\/v2\/posts\/27111"}],"collection":[{"href":"https:\/\/www.visit-ulcinj.com\/blog\/wp-json\/wp\/v2\/posts"}],"about":[{"href":"https:\/\/www.visit-ulcinj.com\/blog\/wp-json\/wp\/v2\/types\/post"}],"author":[{"embeddable":true,"href":"https:\/\/www.visit-ulcinj.com\/blog\/wp-json\/wp\/v2\/users\/1"}],"replies":[{"embeddable":true,"href":"https:\/\/www.visit-ulcinj.com\/blog\/wp-json\/wp\/v2\/comments?post=27111"}],"version-history":[{"count":0,"href":"https:\/\/www.visit-ulcinj.com\/blog\/wp-json\/wp\/v2\/posts\/27111\/revisions"}],"wp:attachment":[{"href":"https:\/\/www.visit-ulcinj.com\/blog\/wp-json\/wp\/v2\/media?parent=27111"}],"wp:term":[{"taxonomy":"category","embeddable":true,"href":"https:\/\/www.visit-ulcinj.com\/blog\/wp-json\/wp\/v2\/categories?post=27111"},{"taxonomy":"post_tag","embeddable":true,"href":"https:\/\/www.visit-ulcinj.com\/blog\/wp-json\/wp\/v2\/tags?post=27111"}],"curies":[{"name":"wp","href":"https:\/\/api.w.org\/{rel}","templated":true}]}}