{"id":27116,"date":"2009-11-13T23:26:32","date_gmt":"2009-11-13T21:26:32","guid":{"rendered":"http:\/\/www.visit-ulcinj.com\/blog\/?p=27116"},"modified":"2009-11-19T17:10:15","modified_gmt":"2009-11-19T15:10:15","slug":"meta-takoi-perfaqesuesit-politike-shqiptar-ne-malin-e-zi","status":"publish","type":"post","link":"https:\/\/www.visit-ulcinj.com\/blog\/2009\/11\/13\/meta-takoi-perfaqesuesit-politike-shqiptar-ne-malin-e-zi\/","title":{"rendered":"Meta takoi p\u00ebrfaq\u00ebsuesit politik\u00eb shqiptar n\u00eb Malin e Zi"},"content":{"rendered":"<p><a href=\"http:\/\/www.visit-ulcinj.com\/blog\/wp-content\/uploads\/2009\/11\/Ilir-Meta_G\u00ebzim-Hajdinaga.jpg\"><img loading=\"lazy\" class=\"alignleft size-full wp-image-27119\" title=\"Ilir Meta_G\u00ebzim Hajdinaga\" src=\"http:\/\/www.visit-ulcinj.com\/blog\/wp-content\/uploads\/2009\/11\/Ilir-Meta_G\u00ebzim-Hajdinaga.jpg\" alt=\"Ilir Meta_G\u00ebzim Hajdinaga\" width=\"580\" height=\"400\" \/><\/a>Zv. Kryeministri dhe Ministri i Pun\u00ebve t\u00eb Jashtme, Ilir Meta takoi p\u00ebrfaq\u00ebsuesit politik\u00eb t\u00eb popullsis\u00eb shqiptare n\u00eb Malin e Zi. Gjat\u00eb vizit\u00ebs s\u00eb tij dy ditore n\u00eb Malin e Zi, Zv. Kryeministri dhe Ministri i Pun\u00ebve t\u00eb Jashtme, Ilir Meta \u00ebsht\u00eb takuar me drejtuesit e partive kryesore shqiptare, respektivisht me Kryetarin e Partis\u00eb Unioni Demokratik i Shqiptareve, Ferhat Dinosha; Kryetarin e Alternativ\u00ebs Shqiptare, Gjergj Camaj, Kryetarin e Lidhjes Demokratike, Mehmet Bardhi, Kryetarin e Partis\u00eb Forca e Re Demokratike, Nazif Cungu, dhe p\u00ebrfaq\u00ebsuesit e Koalicionit Perspektiva, Amir Hollaj e Vesel Sinishtaj.<\/p>\n<p>Z. Meta dhe p\u00ebrfaq\u00ebsuesit politik\u00eb shqiptar\u00eb, diskutuan gjer\u00ebsisht n\u00eb lidhje me zhvillimet e brendshme dhe pro\u00e7eset integruese t\u00eb vendit. Z. Meta, duke konfirmuar mb\u00ebshtetjen e plot\u00eb t\u00eb Qeveris\u00eb shqiptare, theksoi r\u00ebnd\u00ebsin\u00eb e unitetit t\u00eb faktorit shqiptar n\u00eb Malin e Zi, dhe inkurajoi vazhdim\u00ebsin\u00eb e kontributit t\u00eb tyre n\u00eb forcimin e demokracis\u00eb parlamentare n\u00eb vend. N\u00eb k\u00ebt\u00eb kuad\u00ebr u n\u00ebnvizua nevoja p\u00ebr p\u00ebrfshirjen e plot\u00eb t\u00eb shqiptar\u00ebve n\u00eb t\u00eb gjitha nivelet e administrat\u00ebs qendrore e lokale. Zv. Kryeministri dhe Ministri i Pun\u00ebve t\u00eb Jashtme, Meta \u00ebsht\u00eb takuar edhe me drejtuesit e Komun\u00ebs n\u00eb Tuzit, Kryetarin Smail Maliq Cunmulaj, Kryetarin e Kuvendit Komunal Nikoll Camaj, si dhe me Kryetarin e Komun\u00ebs s\u00eb Ulqinit, G\u00ebzim Hajdinaga. Zv. Kryeministri dhe Ministri i Pun\u00ebve t\u00eb Jashtme, Meta, duke theksuar bashk\u00ebpunimin shum\u00eb t\u00eb mir\u00eb me Malin e Zi, shprehu v\u00ebmendjen e ve\u00e7ant\u00eb q\u00eb Qeveria shqiptare i kushton realizimit t\u00eb projekteve t\u00eb p\u00ebrbashk\u00ebta n\u00eb fushat e infrastruktur\u00ebs, energjetik\u00ebs, mjedisit dhe turizmit, si dhe vullnetin p\u00ebr konkretizimin e projektit p\u00ebr mbrojtjen e liqenit t\u00eb Shkodr\u00ebs dhe zon\u00ebs p\u00ebrreth duke p\u00ebrfshir\u00eb edhe lumin e Bun\u00ebs.<br \/>\n\n\t\t<style type=\"text\/css\">\n\t\t\t#gallery-1 {\n\t\t\t\tmargin: auto;\n\t\t\t}\n\t\t\t#gallery-1 .gallery-item {\n\t\t\t\tfloat: left;\n\t\t\t\tmargin-top: 10px;\n\t\t\t\ttext-align: center;\n\t\t\t\twidth: 33%;\n\t\t\t}\n\t\t\t#gallery-1 img {\n\t\t\t\tborder: 2px solid #cfcfcf;\n\t\t\t}\n\t\t\t#gallery-1 .gallery-caption {\n\t\t\t\tmargin-left: 0;\n\t\t\t}\n\t\t\t\/* see gallery_shortcode() in wp-includes\/media.php *\/\n\t\t<\/style>\n\t\t<div id='gallery-1' class='gallery galleryid-27116 gallery-columns-3 gallery-size-thumbnail'><dl class='gallery-item'>\n\t\t\t<dt class='gallery-icon landscape'>\n\t\t\t\t<a href='https:\/\/www.visit-ulcinj.com\/blog\/wp-content\/uploads\/2009\/11\/ilir-meta-ne-malesi.jpg'><img width=\"150\" height=\"150\" src=\"https:\/\/www.visit-ulcinj.com\/blog\/wp-content\/uploads\/2009\/11\/ilir-meta-ne-malesi-150x150.jpg\" class=\"attachment-thumbnail size-thumbnail\" alt=\"\" loading=\"lazy\" \/><\/a>\n\t\t\t<\/dt><\/dl><dl class='gallery-item'>\n\t\t\t<dt class='gallery-icon landscape'>\n\t\t\t\t<a href='https:\/\/www.visit-ulcinj.com\/blog\/wp-content\/uploads\/2009\/11\/ilir-meta-ne-malesi-1.jpg'><img width=\"150\" height=\"150\" src=\"https:\/\/www.visit-ulcinj.com\/blog\/wp-content\/uploads\/2009\/11\/ilir-meta-ne-malesi-1-150x150.jpg\" class=\"attachment-thumbnail size-thumbnail\" alt=\"\" loading=\"lazy\" \/><\/a>\n\t\t\t<\/dt><\/dl>\n\t\t\t<br style='clear: both' \/>\n\t\t<\/div>\n<\/p>\n<!--YouTube Error: bad URL entered-->\n","protected":false},"excerpt":{"rendered":"<p>Zv. Kryeministri dhe Ministri i Pun\u00ebve t\u00eb Jashtme, Ilir Meta takoi p\u00ebrfaq\u00ebsuesit politik\u00eb t\u00eb popullsis\u00eb shqiptare n\u00eb Malin e Zi. Gjat\u00eb vizit\u00ebs s\u00eb tij dy ditore n\u00eb Malin e Zi, Zv. Kryeministri dhe Ministri i Pun\u00ebve t\u00eb Jashtme, Ilir Meta \u00ebsht\u00eb takuar me drejtuesit e partive kryesore shqiptare, respektivisht me Kryetarin e Partis\u00eb Unioni Demokratik [&hellip;]<\/p>\n","protected":false},"author":1,"featured_media":0,"comment_status":"open","ping_status":"closed","sticky":false,"template":"","format":"standard","meta":{"spay_email":"","jetpack_publicize_message":"","jetpack_is_tweetstorm":false,"jetpack_publicize_feature_enabled":true},"categories":[6],"tags":[3707,2611],"jetpack_publicize_connections":[],"yoast_head":"<!-- This site is optimized with the Yoast SEO plugin v19.1 - https:\/\/yoast.com\/wordpress\/plugins\/seo\/ -->\n<title>Meta takoi p\u00ebrfaq\u00ebsuesit politik\u00eb shqiptar n\u00eb Malin e Zi - Lajme nga Ulqini<\/title>\n<meta name=\"description\" content=\"Zv. Kryeministri dhe Ministri i Pun\u00ebve t\u00eb Jashtme, Ilir Meta takoi p\u00ebrfaq\u00ebsuesit politik\u00eb t\u00eb popullsis\u00eb shqiptare n\u00eb Malin e Zi. Gjat\u00eb vizit\u00ebs s\u00eb tij dy\" \/>\n<meta name=\"robots\" content=\"index, follow, max-snippet:-1, max-image-preview:large, max-video-preview:-1\" \/>\n<link rel=\"canonical\" href=\"https:\/\/www.visit-ulcinj.com\/blog\/2009\/11\/13\/meta-takoi-perfaqesuesit-politike-shqiptar-ne-malin-e-zi\/\" \/>\n<meta property=\"og:locale\" content=\"en_US\" \/>\n<meta property=\"og:type\" content=\"article\" \/>\n<meta property=\"og:title\" content=\"Meta takoi p\u00ebrfaq\u00ebsuesit politik\u00eb shqiptar n\u00eb Malin e Zi - Lajme nga Ulqini\" \/>\n<meta property=\"og:description\" content=\"Zv. Kryeministri dhe Ministri i Pun\u00ebve t\u00eb Jashtme, Ilir Meta takoi p\u00ebrfaq\u00ebsuesit politik\u00eb t\u00eb popullsis\u00eb shqiptare n\u00eb Malin e Zi. Gjat\u00eb vizit\u00ebs s\u00eb tij dy\" \/>\n<meta property=\"og:url\" content=\"https:\/\/www.visit-ulcinj.com\/blog\/2009\/11\/13\/meta-takoi-perfaqesuesit-politike-shqiptar-ne-malin-e-zi\/\" \/>\n<meta property=\"og:site_name\" content=\"Lajme nga Ulqini\" \/>\n<meta property=\"article:published_time\" content=\"2009-11-13T21:26:32+00:00\" \/>\n<meta property=\"article:modified_time\" content=\"2009-11-19T15:10:15+00:00\" \/>\n<meta property=\"og:image\" content=\"https:\/\/www.visit-ulcinj.com\/blog\/wp-content\/uploads\/2009\/11\/ilir-meta-ne-malesi-150x150.jpg\" \/>\n<meta name=\"twitter:label1\" content=\"Written by\" \/>\n\t<meta name=\"twitter:data1\" content=\"ulqini\" \/>\n\t<meta name=\"twitter:label2\" content=\"Est. reading time\" \/>\n\t<meta name=\"twitter:data2\" content=\"2 minutes\" \/>\n<script type=\"application\/ld+json\" class=\"yoast-schema-graph\">{\"@context\":\"https:\/\/schema.org\",\"@graph\":[{\"@type\":\"WebSite\",\"@id\":\"https:\/\/www.visit-ulcinj.com\/blog\/#website\",\"url\":\"https:\/\/www.visit-ulcinj.com\/blog\/\",\"name\":\"Lajme nga Ulqini\",\"description\":\"Lajme,Vijesti,Ulqini,Ulqin,Crna Gora,Mali i Zi\",\"potentialAction\":[{\"@type\":\"SearchAction\",\"target\":{\"@type\":\"EntryPoint\",\"urlTemplate\":\"https:\/\/www.visit-ulcinj.com\/blog\/?s={search_term_string}\"},\"query-input\":\"required name=search_term_string\"}],\"inLanguage\":\"en-US\"},{\"@type\":\"WebPage\",\"@id\":\"https:\/\/www.visit-ulcinj.com\/blog\/2009\/11\/13\/meta-takoi-perfaqesuesit-politike-shqiptar-ne-malin-e-zi\/#webpage\",\"url\":\"https:\/\/www.visit-ulcinj.com\/blog\/2009\/11\/13\/meta-takoi-perfaqesuesit-politike-shqiptar-ne-malin-e-zi\/\",\"name\":\"Meta takoi p\u00ebrfaq\u00ebsuesit politik\u00eb shqiptar n\u00eb Malin e Zi - Lajme nga Ulqini\",\"isPartOf\":{\"@id\":\"https:\/\/www.visit-ulcinj.com\/blog\/#website\"},\"datePublished\":\"2009-11-13T21:26:32+00:00\",\"dateModified\":\"2009-11-19T15:10:15+00:00\",\"author\":{\"@id\":\"https:\/\/www.visit-ulcinj.com\/blog\/#\/schema\/person\/dcab619c614d3038751c63bc2aadc06d\"},\"description\":\"Zv. Kryeministri dhe Ministri i Pun\u00ebve t\u00eb Jashtme, Ilir Meta takoi p\u00ebrfaq\u00ebsuesit politik\u00eb t\u00eb popullsis\u00eb shqiptare n\u00eb Malin e Zi. Gjat\u00eb vizit\u00ebs s\u00eb tij dy\",\"breadcrumb\":{\"@id\":\"https:\/\/www.visit-ulcinj.com\/blog\/2009\/11\/13\/meta-takoi-perfaqesuesit-politike-shqiptar-ne-malin-e-zi\/#breadcrumb\"},\"inLanguage\":\"en-US\",\"potentialAction\":[{\"@type\":\"ReadAction\",\"target\":[\"https:\/\/www.visit-ulcinj.com\/blog\/2009\/11\/13\/meta-takoi-perfaqesuesit-politike-shqiptar-ne-malin-e-zi\/\"]}]},{\"@type\":\"BreadcrumbList\",\"@id\":\"https:\/\/www.visit-ulcinj.com\/blog\/2009\/11\/13\/meta-takoi-perfaqesuesit-politike-shqiptar-ne-malin-e-zi\/#breadcrumb\",\"itemListElement\":[{\"@type\":\"ListItem\",\"position\":1,\"name\":\"Meta takoi p\u00ebrfaq\u00ebsuesit politik\u00eb shqiptar n\u00eb Malin e Zi\"}]},{\"@type\":\"Person\",\"@id\":\"https:\/\/www.visit-ulcinj.com\/blog\/#\/schema\/person\/dcab619c614d3038751c63bc2aadc06d\",\"name\":\"ulqini\",\"sameAs\":[\"http:\/\/www.visit-ulcinj.com\"],\"url\":\"https:\/\/www.visit-ulcinj.com\/blog\/author\/admin\/\"}]}<\/script>\n<!-- \/ Yoast SEO plugin. -->","yoast_head_json":{"title":"Meta takoi p\u00ebrfaq\u00ebsuesit politik\u00eb shqiptar n\u00eb Malin e Zi - Lajme nga Ulqini","description":"Zv. Kryeministri dhe Ministri i Pun\u00ebve t\u00eb Jashtme, Ilir Meta takoi p\u00ebrfaq\u00ebsuesit politik\u00eb t\u00eb popullsis\u00eb shqiptare n\u00eb Malin e Zi. Gjat\u00eb vizit\u00ebs s\u00eb tij dy","robots":{"index":"index","follow":"follow","max-snippet":"max-snippet:-1","max-image-preview":"max-image-preview:large","max-video-preview":"max-video-preview:-1"},"canonical":"https:\/\/www.visit-ulcinj.com\/blog\/2009\/11\/13\/meta-takoi-perfaqesuesit-politike-shqiptar-ne-malin-e-zi\/","og_locale":"en_US","og_type":"article","og_title":"Meta takoi p\u00ebrfaq\u00ebsuesit politik\u00eb shqiptar n\u00eb Malin e Zi - Lajme nga Ulqini","og_description":"Zv. Kryeministri dhe Ministri i Pun\u00ebve t\u00eb Jashtme, Ilir Meta takoi p\u00ebrfaq\u00ebsuesit politik\u00eb t\u00eb popullsis\u00eb shqiptare n\u00eb Malin e Zi. Gjat\u00eb vizit\u00ebs s\u00eb tij dy","og_url":"https:\/\/www.visit-ulcinj.com\/blog\/2009\/11\/13\/meta-takoi-perfaqesuesit-politike-shqiptar-ne-malin-e-zi\/","og_site_name":"Lajme nga Ulqini","article_published_time":"2009-11-13T21:26:32+00:00","article_modified_time":"2009-11-19T15:10:15+00:00","og_image":[{"url":"https:\/\/www.visit-ulcinj.com\/blog\/wp-content\/uploads\/2009\/11\/ilir-meta-ne-malesi-150x150.jpg"}],"twitter_misc":{"Written by":"ulqini","Est. reading time":"2 minutes"},"schema":{"@context":"https:\/\/schema.org","@graph":[{"@type":"WebSite","@id":"https:\/\/www.visit-ulcinj.com\/blog\/#website","url":"https:\/\/www.visit-ulcinj.com\/blog\/","name":"Lajme nga Ulqini","description":"Lajme,Vijesti,Ulqini,Ulqin,Crna Gora,Mali i Zi","potentialAction":[{"@type":"SearchAction","target":{"@type":"EntryPoint","urlTemplate":"https:\/\/www.visit-ulcinj.com\/blog\/?s={search_term_string}"},"query-input":"required name=search_term_string"}],"inLanguage":"en-US"},{"@type":"WebPage","@id":"https:\/\/www.visit-ulcinj.com\/blog\/2009\/11\/13\/meta-takoi-perfaqesuesit-politike-shqiptar-ne-malin-e-zi\/#webpage","url":"https:\/\/www.visit-ulcinj.com\/blog\/2009\/11\/13\/meta-takoi-perfaqesuesit-politike-shqiptar-ne-malin-e-zi\/","name":"Meta takoi p\u00ebrfaq\u00ebsuesit politik\u00eb shqiptar n\u00eb Malin e Zi - Lajme nga Ulqini","isPartOf":{"@id":"https:\/\/www.visit-ulcinj.com\/blog\/#website"},"datePublished":"2009-11-13T21:26:32+00:00","dateModified":"2009-11-19T15:10:15+00:00","author":{"@id":"https:\/\/www.visit-ulcinj.com\/blog\/#\/schema\/person\/dcab619c614d3038751c63bc2aadc06d"},"description":"Zv. Kryeministri dhe Ministri i Pun\u00ebve t\u00eb Jashtme, Ilir Meta takoi p\u00ebrfaq\u00ebsuesit politik\u00eb t\u00eb popullsis\u00eb shqiptare n\u00eb Malin e Zi. Gjat\u00eb vizit\u00ebs s\u00eb tij dy","breadcrumb":{"@id":"https:\/\/www.visit-ulcinj.com\/blog\/2009\/11\/13\/meta-takoi-perfaqesuesit-politike-shqiptar-ne-malin-e-zi\/#breadcrumb"},"inLanguage":"en-US","potentialAction":[{"@type":"ReadAction","target":["https:\/\/www.visit-ulcinj.com\/blog\/2009\/11\/13\/meta-takoi-perfaqesuesit-politike-shqiptar-ne-malin-e-zi\/"]}]},{"@type":"BreadcrumbList","@id":"https:\/\/www.visit-ulcinj.com\/blog\/2009\/11\/13\/meta-takoi-perfaqesuesit-politike-shqiptar-ne-malin-e-zi\/#breadcrumb","itemListElement":[{"@type":"ListItem","position":1,"name":"Meta takoi p\u00ebrfaq\u00ebsuesit politik\u00eb shqiptar n\u00eb Malin e Zi"}]},{"@type":"Person","@id":"https:\/\/www.visit-ulcinj.com\/blog\/#\/schema\/person\/dcab619c614d3038751c63bc2aadc06d","name":"ulqini","sameAs":["http:\/\/www.visit-ulcinj.com"],"url":"https:\/\/www.visit-ulcinj.com\/blog\/author\/admin\/"}]}},"jetpack_featured_media_url":"","jetpack_sharing_enabled":true,"jetpack_shortlink":"https:\/\/wp.me\/pe6lTn-73m","_links":{"self":[{"href":"https:\/\/www.visit-ulcinj.com\/blog\/wp-json\/wp\/v2\/posts\/27116"}],"collection":[{"href":"https:\/\/www.visit-ulcinj.com\/blog\/wp-json\/wp\/v2\/posts"}],"about":[{"href":"https:\/\/www.visit-ulcinj.com\/blog\/wp-json\/wp\/v2\/types\/post"}],"author":[{"embeddable":true,"href":"https:\/\/www.visit-ulcinj.com\/blog\/wp-json\/wp\/v2\/users\/1"}],"replies":[{"embeddable":true,"href":"https:\/\/www.visit-ulcinj.com\/blog\/wp-json\/wp\/v2\/comments?post=27116"}],"version-history":[{"count":0,"href":"https:\/\/www.visit-ulcinj.com\/blog\/wp-json\/wp\/v2\/posts\/27116\/revisions"}],"wp:attachment":[{"href":"https:\/\/www.visit-ulcinj.com\/blog\/wp-json\/wp\/v2\/media?parent=27116"}],"wp:term":[{"taxonomy":"category","embeddable":true,"href":"https:\/\/www.visit-ulcinj.com\/blog\/wp-json\/wp\/v2\/categories?post=27116"},{"taxonomy":"post_tag","embeddable":true,"href":"https:\/\/www.visit-ulcinj.com\/blog\/wp-json\/wp\/v2\/tags?post=27116"}],"curies":[{"name":"wp","href":"https:\/\/api.w.org\/{rel}","templated":true}]}}