{"id":2715,"date":"2008-08-26T04:15:26","date_gmt":"2008-08-26T09:15:26","guid":{"rendered":"http:\/\/www.visit-ulcinj.com\/blog\/?p=2715"},"modified":"2008-08-26T04:15:26","modified_gmt":"2008-08-26T09:15:26","slug":"dug-sa-referenduma-vracat-se-mora","status":"publish","type":"post","link":"https:\/\/www.visit-ulcinj.com\/blog\/2008\/08\/26\/dug-sa-referenduma-vracat-se-mora\/","title":{"rendered":"Dug sa referenduma vra?at` se mora"},"content":{"rendered":"<p><a href=\"http:\/\/www.visit-ulcinj.com\/blog\/wp-content\/uploads\/2008\/08\/mehmet-bardhi01.jpg\"><img loading=\"lazy\" class=\"alignleft size-medium wp-image-2716\" title=\"mehmet-bardhi01\" src=\"http:\/\/www.visit-ulcinj.com\/blog\/wp-content\/uploads\/2008\/08\/mehmet-bardhi01-173x300.jpg\" alt=\"\" width=\"173\" height=\"300\" srcset=\"https:\/\/www.visit-ulcinj.com\/blog\/wp-content\/uploads\/2008\/08\/mehmet-bardhi01-173x300.jpg 173w, https:\/\/www.visit-ulcinj.com\/blog\/wp-content\/uploads\/2008\/08\/mehmet-bardhi01.jpg 250w\" sizes=\"(max-width: 173px) 100vw, 173px\" \/><\/a>Mehmet Bardhi pozvao Crnu Goru da ne odugovla?i sa priznavanjem kosovske nezavisnosti<br \/>\nLider Demokratskog saveza Mehmet Bardhi poru?io je ju?e da Crna Gora ne treba da odugovla?i sa priznanjem nezavisnosti Kosova. Bardhi je podsjetio da su Albanci na referendumu podr\u017eali i dali vidan doprinos nezavisnosti Crne Gore.<br \/>\n&#8211; Prema tome, Crna Gora ima neku vrstu obaveze u odnosu na tu ?injenicu &#8211; kazao je Bardhi.<br \/>\nOn tvrdi da bi odluka Crne Gore da prizna kosovsku nezavisnost i\u0161la u prilog u?vr\u0161?ivanja mira i stabilnosti u regionu. Takvom odlukom, smatra predsjednik DS, Crna Gora bi vi\u0161e dobila nego Pri\u0161tina.<br \/>\n&#8211; Crna Gora bi time obezbijedila dobre odnose sa jo\u0161 jednim susjedom. ?injeni?no stanje i realnost je da je Kosovo nezavisna dr\u017eava. Ako je to ve? realnost, onda ne znam za\u0161to odugovla?iti sa priznanjem. Crna Gora ne mo\u017ee odugovla?iti sa tom odlukom ukoliko \u017eeli da bude dio Evrope. Najuticajnije zemlje Evropske Unije i Sjedinjene Ameri?ke Dr\u017eave ve? su priznale nezavisnost Kosova &#8211; istakao je Bardhi u izjavi agenciji Mina.<br \/>\nCrna Gora, smatra on, &#8220;treba da presije?e, jer mora da sara?uje sa dr\u017eavama EU&#8221;. Prema njegovim rije?ima, &#8220;izme?u Crne Gore i Kosova nema nekih velikih otvorenih pitanja, a ona manja ?e se rje\u0161avati u hodu?.<br \/>\n&#8211; Podgorica zato ne treba dalje da taktizira kada je u pitanju priznavanje nezavisnosti Kosova. Takav potez Crne Gore ne bi ugrozio njene odnose sa Srbijom. I Beogradu je jasno da je Kosovo zavr\u0161ena pri?a. Srbija treba da se otrijezni i prihvati realnost, odnosno da Kosovo prihvati kao susjeda i sara?uje sa njim &#8211; rekao je on.<br \/>\nBardhi je dodao da ne o?ekuje nerede ukoliko Podgorica prizna nezavisnost Kosova, jer ih nije bilo ni kada je izglasana samostalnost Crne Gore.<br \/>\n&#8211; Za\u0161to bi bilo nereda kada se prizna nezavisnost Kosova, a nije ih bilo kada je Crna Gora postala samostalna i odvojila se od Srbije. Da li je bolni rez za njih bio ve?i tada ili sada &#8211; zapitao se lider DS. Crna Gora, po njegovoj ocjeni, u odnosu na kosovsko pitanje, treba, prije svega, da gleda svoje, a ne interese Srbije ili Rusije. Kako je zaklju?io, \u201eo?igledno i Beograd i Moskva vi\u0161e vode ra?una o sopstvenim interesima.<br \/>\n<strong> V.R.<br \/>\nIzvor \/ Dan<\/strong><\/p>\n<!--YouTube Error: bad URL entered-->\n","protected":false},"excerpt":{"rendered":"<p><img loading=\"lazy\" class=\"alignleft size-medium wp-image-2716\" title=\"mehmet-bardhi01\" src=\"http:\/\/www.visit-ulcinj.com\/blog\/wp-content\/uploads\/2008\/08\/mehmet-bardhi01-173x300.jpg\" alt=\"\" width=\"140\" height=\"140\" \/><\/p>\n","protected":false},"author":1,"featured_media":0,"comment_status":"open","ping_status":"closed","sticky":false,"template":"","format":"standard","meta":{"spay_email":"","jetpack_publicize_message":"","jetpack_is_tweetstorm":false,"jetpack_publicize_feature_enabled":true},"categories":[1,6,12],"tags":[95,347,200],"jetpack_publicize_connections":[],"yoast_head":"<!-- This site is optimized with the Yoast SEO plugin v19.1 - https:\/\/yoast.com\/wordpress\/plugins\/seo\/ -->\n<title>Dug sa referenduma vra?at` se mora - Lajme nga Ulqini<\/title>\n<meta name=\"robots\" content=\"index, follow, max-snippet:-1, max-image-preview:large, max-video-preview:-1\" \/>\n<link rel=\"canonical\" href=\"https:\/\/www.visit-ulcinj.com\/blog\/2008\/08\/26\/dug-sa-referenduma-vracat-se-mora\/\" \/>\n<meta property=\"og:locale\" content=\"en_US\" \/>\n<meta property=\"og:type\" content=\"article\" \/>\n<meta property=\"og:title\" content=\"Dug sa referenduma vra?at` se mora - Lajme nga Ulqini\" \/>\n<meta property=\"og:url\" content=\"https:\/\/www.visit-ulcinj.com\/blog\/2008\/08\/26\/dug-sa-referenduma-vracat-se-mora\/\" \/>\n<meta property=\"og:site_name\" content=\"Lajme nga Ulqini\" \/>\n<meta property=\"article:published_time\" content=\"2008-08-26T09:15:26+00:00\" \/>\n<meta property=\"og:image\" content=\"http:\/\/www.visit-ulcinj.com\/blog\/wp-content\/uploads\/2008\/08\/mehmet-bardhi01-173x300.jpg\" \/>\n<meta name=\"twitter:label1\" content=\"Written by\" \/>\n\t<meta name=\"twitter:data1\" content=\"ulqini\" \/>\n\t<meta name=\"twitter:label2\" content=\"Est. reading time\" \/>\n\t<meta name=\"twitter:data2\" content=\"2 minutes\" \/>\n<script type=\"application\/ld+json\" class=\"yoast-schema-graph\">{\"@context\":\"https:\/\/schema.org\",\"@graph\":[{\"@type\":\"WebSite\",\"@id\":\"https:\/\/www.visit-ulcinj.com\/blog\/#website\",\"url\":\"https:\/\/www.visit-ulcinj.com\/blog\/\",\"name\":\"Lajme nga Ulqini\",\"description\":\"Lajme,Vijesti,Ulqini,Ulqin,Crna Gora,Mali i Zi\",\"potentialAction\":[{\"@type\":\"SearchAction\",\"target\":{\"@type\":\"EntryPoint\",\"urlTemplate\":\"https:\/\/www.visit-ulcinj.com\/blog\/?s={search_term_string}\"},\"query-input\":\"required name=search_term_string\"}],\"inLanguage\":\"en-US\"},{\"@type\":\"ImageObject\",\"inLanguage\":\"en-US\",\"@id\":\"https:\/\/www.visit-ulcinj.com\/blog\/2008\/08\/26\/dug-sa-referenduma-vracat-se-mora\/#primaryimage\",\"url\":\"http:\/\/www.visit-ulcinj.com\/blog\/wp-content\/uploads\/2008\/08\/mehmet-bardhi01-173x300.jpg\",\"contentUrl\":\"http:\/\/www.visit-ulcinj.com\/blog\/wp-content\/uploads\/2008\/08\/mehmet-bardhi01-173x300.jpg\"},{\"@type\":\"WebPage\",\"@id\":\"https:\/\/www.visit-ulcinj.com\/blog\/2008\/08\/26\/dug-sa-referenduma-vracat-se-mora\/#webpage\",\"url\":\"https:\/\/www.visit-ulcinj.com\/blog\/2008\/08\/26\/dug-sa-referenduma-vracat-se-mora\/\",\"name\":\"Dug sa referenduma vra?at` se mora - Lajme nga Ulqini\",\"isPartOf\":{\"@id\":\"https:\/\/www.visit-ulcinj.com\/blog\/#website\"},\"primaryImageOfPage\":{\"@id\":\"https:\/\/www.visit-ulcinj.com\/blog\/2008\/08\/26\/dug-sa-referenduma-vracat-se-mora\/#primaryimage\"},\"datePublished\":\"2008-08-26T09:15:26+00:00\",\"dateModified\":\"2008-08-26T09:15:26+00:00\",\"author\":{\"@id\":\"https:\/\/www.visit-ulcinj.com\/blog\/#\/schema\/person\/dcab619c614d3038751c63bc2aadc06d\"},\"breadcrumb\":{\"@id\":\"https:\/\/www.visit-ulcinj.com\/blog\/2008\/08\/26\/dug-sa-referenduma-vracat-se-mora\/#breadcrumb\"},\"inLanguage\":\"en-US\",\"potentialAction\":[{\"@type\":\"ReadAction\",\"target\":[\"https:\/\/www.visit-ulcinj.com\/blog\/2008\/08\/26\/dug-sa-referenduma-vracat-se-mora\/\"]}]},{\"@type\":\"BreadcrumbList\",\"@id\":\"https:\/\/www.visit-ulcinj.com\/blog\/2008\/08\/26\/dug-sa-referenduma-vracat-se-mora\/#breadcrumb\",\"itemListElement\":[{\"@type\":\"ListItem\",\"position\":1,\"name\":\"Dug sa referenduma vra?at` se mora\"}]},{\"@type\":\"Person\",\"@id\":\"https:\/\/www.visit-ulcinj.com\/blog\/#\/schema\/person\/dcab619c614d3038751c63bc2aadc06d\",\"name\":\"ulqini\",\"sameAs\":[\"http:\/\/www.visit-ulcinj.com\"],\"url\":\"https:\/\/www.visit-ulcinj.com\/blog\/author\/admin\/\"}]}<\/script>\n<!-- \/ Yoast SEO plugin. -->","yoast_head_json":{"title":"Dug sa referenduma vra?at` se mora - Lajme nga Ulqini","robots":{"index":"index","follow":"follow","max-snippet":"max-snippet:-1","max-image-preview":"max-image-preview:large","max-video-preview":"max-video-preview:-1"},"canonical":"https:\/\/www.visit-ulcinj.com\/blog\/2008\/08\/26\/dug-sa-referenduma-vracat-se-mora\/","og_locale":"en_US","og_type":"article","og_title":"Dug sa referenduma vra?at` se mora - Lajme nga Ulqini","og_url":"https:\/\/www.visit-ulcinj.com\/blog\/2008\/08\/26\/dug-sa-referenduma-vracat-se-mora\/","og_site_name":"Lajme nga Ulqini","article_published_time":"2008-08-26T09:15:26+00:00","og_image":[{"url":"http:\/\/www.visit-ulcinj.com\/blog\/wp-content\/uploads\/2008\/08\/mehmet-bardhi01-173x300.jpg"}],"twitter_misc":{"Written by":"ulqini","Est. reading time":"2 minutes"},"schema":{"@context":"https:\/\/schema.org","@graph":[{"@type":"WebSite","@id":"https:\/\/www.visit-ulcinj.com\/blog\/#website","url":"https:\/\/www.visit-ulcinj.com\/blog\/","name":"Lajme nga Ulqini","description":"Lajme,Vijesti,Ulqini,Ulqin,Crna Gora,Mali i Zi","potentialAction":[{"@type":"SearchAction","target":{"@type":"EntryPoint","urlTemplate":"https:\/\/www.visit-ulcinj.com\/blog\/?s={search_term_string}"},"query-input":"required name=search_term_string"}],"inLanguage":"en-US"},{"@type":"ImageObject","inLanguage":"en-US","@id":"https:\/\/www.visit-ulcinj.com\/blog\/2008\/08\/26\/dug-sa-referenduma-vracat-se-mora\/#primaryimage","url":"http:\/\/www.visit-ulcinj.com\/blog\/wp-content\/uploads\/2008\/08\/mehmet-bardhi01-173x300.jpg","contentUrl":"http:\/\/www.visit-ulcinj.com\/blog\/wp-content\/uploads\/2008\/08\/mehmet-bardhi01-173x300.jpg"},{"@type":"WebPage","@id":"https:\/\/www.visit-ulcinj.com\/blog\/2008\/08\/26\/dug-sa-referenduma-vracat-se-mora\/#webpage","url":"https:\/\/www.visit-ulcinj.com\/blog\/2008\/08\/26\/dug-sa-referenduma-vracat-se-mora\/","name":"Dug sa referenduma vra?at` se mora - Lajme nga Ulqini","isPartOf":{"@id":"https:\/\/www.visit-ulcinj.com\/blog\/#website"},"primaryImageOfPage":{"@id":"https:\/\/www.visit-ulcinj.com\/blog\/2008\/08\/26\/dug-sa-referenduma-vracat-se-mora\/#primaryimage"},"datePublished":"2008-08-26T09:15:26+00:00","dateModified":"2008-08-26T09:15:26+00:00","author":{"@id":"https:\/\/www.visit-ulcinj.com\/blog\/#\/schema\/person\/dcab619c614d3038751c63bc2aadc06d"},"breadcrumb":{"@id":"https:\/\/www.visit-ulcinj.com\/blog\/2008\/08\/26\/dug-sa-referenduma-vracat-se-mora\/#breadcrumb"},"inLanguage":"en-US","potentialAction":[{"@type":"ReadAction","target":["https:\/\/www.visit-ulcinj.com\/blog\/2008\/08\/26\/dug-sa-referenduma-vracat-se-mora\/"]}]},{"@type":"BreadcrumbList","@id":"https:\/\/www.visit-ulcinj.com\/blog\/2008\/08\/26\/dug-sa-referenduma-vracat-se-mora\/#breadcrumb","itemListElement":[{"@type":"ListItem","position":1,"name":"Dug sa referenduma vra?at` se mora"}]},{"@type":"Person","@id":"https:\/\/www.visit-ulcinj.com\/blog\/#\/schema\/person\/dcab619c614d3038751c63bc2aadc06d","name":"ulqini","sameAs":["http:\/\/www.visit-ulcinj.com"],"url":"https:\/\/www.visit-ulcinj.com\/blog\/author\/admin\/"}]}},"jetpack_featured_media_url":"","jetpack_sharing_enabled":true,"jetpack_shortlink":"https:\/\/wp.me\/pe6lTn-HN","_links":{"self":[{"href":"https:\/\/www.visit-ulcinj.com\/blog\/wp-json\/wp\/v2\/posts\/2715"}],"collection":[{"href":"https:\/\/www.visit-ulcinj.com\/blog\/wp-json\/wp\/v2\/posts"}],"about":[{"href":"https:\/\/www.visit-ulcinj.com\/blog\/wp-json\/wp\/v2\/types\/post"}],"author":[{"embeddable":true,"href":"https:\/\/www.visit-ulcinj.com\/blog\/wp-json\/wp\/v2\/users\/1"}],"replies":[{"embeddable":true,"href":"https:\/\/www.visit-ulcinj.com\/blog\/wp-json\/wp\/v2\/comments?post=2715"}],"version-history":[{"count":0,"href":"https:\/\/www.visit-ulcinj.com\/blog\/wp-json\/wp\/v2\/posts\/2715\/revisions"}],"wp:attachment":[{"href":"https:\/\/www.visit-ulcinj.com\/blog\/wp-json\/wp\/v2\/media?parent=2715"}],"wp:term":[{"taxonomy":"category","embeddable":true,"href":"https:\/\/www.visit-ulcinj.com\/blog\/wp-json\/wp\/v2\/categories?post=2715"},{"taxonomy":"post_tag","embeddable":true,"href":"https:\/\/www.visit-ulcinj.com\/blog\/wp-json\/wp\/v2\/tags?post=2715"}],"curies":[{"name":"wp","href":"https:\/\/api.w.org\/{rel}","templated":true}]}}