{"id":27163,"date":"2009-11-14T11:31:12","date_gmt":"2009-11-14T09:31:12","guid":{"rendered":"http:\/\/www.visit-ulcinj.com\/blog\/?p=27163"},"modified":"2009-11-14T11:31:12","modified_gmt":"2009-11-14T09:31:12","slug":"genta-ismajli-eshte-ende-ne-shtetet-e-bashkuara-te-amerikes","status":"publish","type":"post","link":"https:\/\/www.visit-ulcinj.com\/blog\/2009\/11\/14\/genta-ismajli-eshte-ende-ne-shtetet-e-bashkuara-te-amerikes\/","title":{"rendered":"Genta Ismajli \u00ebsht\u00eb ende n\u00eb Shtetet e Bashkuara t\u00eb Amerik\u00ebs"},"content":{"rendered":"<p><a href=\"http:\/\/www.visit-ulcinj.com\/blog\/wp-content\/uploads\/2009\/11\/Genta-Ismajli-2009-ne-Amerike.jpg\"><img loading=\"lazy\" class=\"alignleft size-full wp-image-27164\" title=\"Genta Ismajli 2009 ne Amerike\" src=\"http:\/\/www.visit-ulcinj.com\/blog\/wp-content\/uploads\/2009\/11\/Genta-Ismajli-2009-ne-Amerike.jpg\" alt=\"Genta Ismajli 2009 ne Amerike\" width=\"580\" height=\"400\" \/><\/a>K\u00ebng\u00ebtarja kosovare, Genta Ismajli \u00ebsht\u00eb ende n\u00eb Shtetet e Bashkuara t\u00eb Amerik\u00ebs (SHBA) pa t\u00eb dashurin e saj Milotin.<br \/>\nK\u00ebng\u00ebtarja s\u00eb fundmi ka postuar edhe foto t\u00eb reja n\u00eb facebook.com, p\u00ebrderisa ajo pritet q\u00eb t\u00eb kthehet n\u00eb Kosov\u00eb rreth 15 n\u00ebntorit, nd\u00ebrkaq m\u00eb 20 n\u00ebntor do t\u00eb mbaj\u00eb nj\u00eb koncert n\u00eb Pej\u00eb.<br \/>\nP\u00ebrderisa ajo \u00ebsht\u00eb n\u00eb SHBA, Miloti i \u00ebsht\u00eb bashkuar Snownjerit bashk\u00eb me an\u00ebtar\u00ebt e grupit t\u00eb Tingulli3NT.<br \/>\nPra, arg\u00ebtimi si\u00e7 po shihet nuk mungon si p\u00ebr Milotin ashtu edhe Gent\u00ebn.<\/p>\n<p><strong>Gazeta Express<\/strong><\/p>\n<p><strong>\n\t\t<style type=\"text\/css\">\n\t\t\t#gallery-1 {\n\t\t\t\tmargin: auto;\n\t\t\t}\n\t\t\t#gallery-1 .gallery-item {\n\t\t\t\tfloat: left;\n\t\t\t\tmargin-top: 10px;\n\t\t\t\ttext-align: center;\n\t\t\t\twidth: 33%;\n\t\t\t}\n\t\t\t#gallery-1 img {\n\t\t\t\tborder: 2px solid #cfcfcf;\n\t\t\t}\n\t\t\t#gallery-1 .gallery-caption {\n\t\t\t\tmargin-left: 0;\n\t\t\t}\n\t\t\t\/* see gallery_shortcode() in wp-includes\/media.php *\/\n\t\t<\/style>\n\t\t<div id='gallery-1' class='gallery galleryid-27163 gallery-columns-3 gallery-size-thumbnail'><dl class='gallery-item'>\n\t\t\t<dt class='gallery-icon landscape'>\n\t\t\t\t<a href='https:\/\/www.visit-ulcinj.com\/blog\/wp-content\/uploads\/2009\/11\/genta-ismajli.jpg'><img width=\"150\" height=\"150\" src=\"https:\/\/www.visit-ulcinj.com\/blog\/wp-content\/uploads\/2009\/11\/genta-ismajli-150x150.jpg\" class=\"attachment-thumbnail size-thumbnail\" alt=\"\" loading=\"lazy\" \/><\/a>\n\t\t\t<\/dt><\/dl>\n\t\t\t<br style='clear: both' \/>\n\t\t<\/div>\n<\/p>\n<p><!--YouTube Error: bad URL entered--><br \/>\n<\/strong><\/p>\n","protected":false},"excerpt":{"rendered":"<p>K\u00ebng\u00ebtarja kosovare, Genta Ismajli \u00ebsht\u00eb ende n\u00eb Shtetet e Bashkuara t\u00eb Amerik\u00ebs (SHBA) pa t\u00eb dashurin e saj Milotin. K\u00ebng\u00ebtarja s\u00eb fundmi ka postuar edhe foto t\u00eb reja n\u00eb facebook.com, p\u00ebrderisa ajo pritet q\u00eb t\u00eb kthehet n\u00eb Kosov\u00eb rreth 15 n\u00ebntorit, nd\u00ebrkaq m\u00eb 20 n\u00ebntor do t\u00eb mbaj\u00eb nj\u00eb koncert n\u00eb Pej\u00eb. P\u00ebrderisa ajo \u00ebsht\u00eb [&hellip;]<\/p>\n","protected":false},"author":1,"featured_media":0,"comment_status":"open","ping_status":"closed","sticky":false,"template":"","format":"standard","meta":{"spay_email":"","jetpack_publicize_message":"","jetpack_is_tweetstorm":false,"jetpack_publicize_feature_enabled":true},"categories":[1],"tags":[323],"jetpack_publicize_connections":[],"yoast_head":"<!-- This site is optimized with the Yoast SEO plugin v19.1 - https:\/\/yoast.com\/wordpress\/plugins\/seo\/ -->\n<title>Genta Ismajli \u00ebsht\u00eb ende n\u00eb Shtetet e Bashkuara t\u00eb Amerik\u00ebs - Lajme nga Ulqini<\/title>\n<meta name=\"description\" content=\"K\u00ebng\u00ebtarja kosovare, Genta Ismajli \u00ebsht\u00eb ende n\u00eb Shtetet e Bashkuara t\u00eb Amerik\u00ebs (SHBA) pa t\u00eb dashurin e saj Milotin. K\u00ebng\u00ebtarja s\u00eb fundmi ka postuar edhe\" \/>\n<meta name=\"robots\" content=\"index, follow, max-snippet:-1, max-image-preview:large, max-video-preview:-1\" \/>\n<link rel=\"canonical\" href=\"https:\/\/www.visit-ulcinj.com\/blog\/2009\/11\/14\/genta-ismajli-eshte-ende-ne-shtetet-e-bashkuara-te-amerikes\/\" \/>\n<meta property=\"og:locale\" content=\"en_US\" \/>\n<meta property=\"og:type\" content=\"article\" \/>\n<meta property=\"og:title\" content=\"Genta Ismajli \u00ebsht\u00eb ende n\u00eb Shtetet e Bashkuara t\u00eb Amerik\u00ebs - Lajme nga Ulqini\" \/>\n<meta property=\"og:description\" content=\"K\u00ebng\u00ebtarja kosovare, Genta Ismajli \u00ebsht\u00eb ende n\u00eb Shtetet e Bashkuara t\u00eb Amerik\u00ebs (SHBA) pa t\u00eb dashurin e saj Milotin. K\u00ebng\u00ebtarja s\u00eb fundmi ka postuar edhe\" \/>\n<meta property=\"og:url\" content=\"https:\/\/www.visit-ulcinj.com\/blog\/2009\/11\/14\/genta-ismajli-eshte-ende-ne-shtetet-e-bashkuara-te-amerikes\/\" \/>\n<meta property=\"og:site_name\" content=\"Lajme nga Ulqini\" \/>\n<meta property=\"article:published_time\" content=\"2009-11-14T09:31:12+00:00\" \/>\n<meta property=\"og:image\" content=\"https:\/\/www.visit-ulcinj.com\/blog\/wp-content\/uploads\/2009\/11\/Genta-Ismajli-2009-ne-Amerike-150x150.jpg\" \/>\n<meta name=\"twitter:label1\" content=\"Written by\" \/>\n\t<meta name=\"twitter:data1\" content=\"ulqini\" \/>\n\t<meta name=\"twitter:label2\" content=\"Est. reading time\" \/>\n\t<meta name=\"twitter:data2\" content=\"1 minute\" \/>\n<script type=\"application\/ld+json\" class=\"yoast-schema-graph\">{\"@context\":\"https:\/\/schema.org\",\"@graph\":[{\"@type\":\"WebSite\",\"@id\":\"https:\/\/www.visit-ulcinj.com\/blog\/#website\",\"url\":\"https:\/\/www.visit-ulcinj.com\/blog\/\",\"name\":\"Lajme nga Ulqini\",\"description\":\"Lajme,Vijesti,Ulqini,Ulqin,Crna Gora,Mali i Zi\",\"potentialAction\":[{\"@type\":\"SearchAction\",\"target\":{\"@type\":\"EntryPoint\",\"urlTemplate\":\"https:\/\/www.visit-ulcinj.com\/blog\/?s={search_term_string}\"},\"query-input\":\"required name=search_term_string\"}],\"inLanguage\":\"en-US\"},{\"@type\":\"ImageObject\",\"inLanguage\":\"en-US\",\"@id\":\"https:\/\/www.visit-ulcinj.com\/blog\/2009\/11\/14\/genta-ismajli-eshte-ende-ne-shtetet-e-bashkuara-te-amerikes\/#primaryimage\",\"url\":\"http:\/\/www.visit-ulcinj.com\/blog\/wp-content\/uploads\/2009\/11\/Genta-Ismajli-2009-ne-Amerike.jpg\",\"contentUrl\":\"http:\/\/www.visit-ulcinj.com\/blog\/wp-content\/uploads\/2009\/11\/Genta-Ismajli-2009-ne-Amerike.jpg\"},{\"@type\":\"WebPage\",\"@id\":\"https:\/\/www.visit-ulcinj.com\/blog\/2009\/11\/14\/genta-ismajli-eshte-ende-ne-shtetet-e-bashkuara-te-amerikes\/#webpage\",\"url\":\"https:\/\/www.visit-ulcinj.com\/blog\/2009\/11\/14\/genta-ismajli-eshte-ende-ne-shtetet-e-bashkuara-te-amerikes\/\",\"name\":\"Genta Ismajli \u00ebsht\u00eb ende n\u00eb Shtetet e Bashkuara t\u00eb Amerik\u00ebs - Lajme nga Ulqini\",\"isPartOf\":{\"@id\":\"https:\/\/www.visit-ulcinj.com\/blog\/#website\"},\"primaryImageOfPage\":{\"@id\":\"https:\/\/www.visit-ulcinj.com\/blog\/2009\/11\/14\/genta-ismajli-eshte-ende-ne-shtetet-e-bashkuara-te-amerikes\/#primaryimage\"},\"datePublished\":\"2009-11-14T09:31:12+00:00\",\"dateModified\":\"2009-11-14T09:31:12+00:00\",\"author\":{\"@id\":\"https:\/\/www.visit-ulcinj.com\/blog\/#\/schema\/person\/dcab619c614d3038751c63bc2aadc06d\"},\"description\":\"K\u00ebng\u00ebtarja kosovare, Genta Ismajli \u00ebsht\u00eb ende n\u00eb Shtetet e Bashkuara t\u00eb Amerik\u00ebs (SHBA) pa t\u00eb dashurin e saj Milotin. K\u00ebng\u00ebtarja s\u00eb fundmi ka postuar edhe\",\"breadcrumb\":{\"@id\":\"https:\/\/www.visit-ulcinj.com\/blog\/2009\/11\/14\/genta-ismajli-eshte-ende-ne-shtetet-e-bashkuara-te-amerikes\/#breadcrumb\"},\"inLanguage\":\"en-US\",\"potentialAction\":[{\"@type\":\"ReadAction\",\"target\":[\"https:\/\/www.visit-ulcinj.com\/blog\/2009\/11\/14\/genta-ismajli-eshte-ende-ne-shtetet-e-bashkuara-te-amerikes\/\"]}]},{\"@type\":\"BreadcrumbList\",\"@id\":\"https:\/\/www.visit-ulcinj.com\/blog\/2009\/11\/14\/genta-ismajli-eshte-ende-ne-shtetet-e-bashkuara-te-amerikes\/#breadcrumb\",\"itemListElement\":[{\"@type\":\"ListItem\",\"position\":1,\"name\":\"Genta Ismajli \u00ebsht\u00eb ende n\u00eb Shtetet e Bashkuara t\u00eb Amerik\u00ebs\"}]},{\"@type\":\"Person\",\"@id\":\"https:\/\/www.visit-ulcinj.com\/blog\/#\/schema\/person\/dcab619c614d3038751c63bc2aadc06d\",\"name\":\"ulqini\",\"sameAs\":[\"http:\/\/www.visit-ulcinj.com\"],\"url\":\"https:\/\/www.visit-ulcinj.com\/blog\/author\/admin\/\"}]}<\/script>\n<!-- \/ Yoast SEO plugin. -->","yoast_head_json":{"title":"Genta Ismajli \u00ebsht\u00eb ende n\u00eb Shtetet e Bashkuara t\u00eb Amerik\u00ebs - Lajme nga Ulqini","description":"K\u00ebng\u00ebtarja kosovare, Genta Ismajli \u00ebsht\u00eb ende n\u00eb Shtetet e Bashkuara t\u00eb Amerik\u00ebs (SHBA) pa t\u00eb dashurin e saj Milotin. K\u00ebng\u00ebtarja s\u00eb fundmi ka postuar edhe","robots":{"index":"index","follow":"follow","max-snippet":"max-snippet:-1","max-image-preview":"max-image-preview:large","max-video-preview":"max-video-preview:-1"},"canonical":"https:\/\/www.visit-ulcinj.com\/blog\/2009\/11\/14\/genta-ismajli-eshte-ende-ne-shtetet-e-bashkuara-te-amerikes\/","og_locale":"en_US","og_type":"article","og_title":"Genta Ismajli \u00ebsht\u00eb ende n\u00eb Shtetet e Bashkuara t\u00eb Amerik\u00ebs - Lajme nga Ulqini","og_description":"K\u00ebng\u00ebtarja kosovare, Genta Ismajli \u00ebsht\u00eb ende n\u00eb Shtetet e Bashkuara t\u00eb Amerik\u00ebs (SHBA) pa t\u00eb dashurin e saj Milotin. K\u00ebng\u00ebtarja s\u00eb fundmi ka postuar edhe","og_url":"https:\/\/www.visit-ulcinj.com\/blog\/2009\/11\/14\/genta-ismajli-eshte-ende-ne-shtetet-e-bashkuara-te-amerikes\/","og_site_name":"Lajme nga Ulqini","article_published_time":"2009-11-14T09:31:12+00:00","og_image":[{"url":"https:\/\/www.visit-ulcinj.com\/blog\/wp-content\/uploads\/2009\/11\/Genta-Ismajli-2009-ne-Amerike-150x150.jpg"}],"twitter_misc":{"Written by":"ulqini","Est. reading time":"1 minute"},"schema":{"@context":"https:\/\/schema.org","@graph":[{"@type":"WebSite","@id":"https:\/\/www.visit-ulcinj.com\/blog\/#website","url":"https:\/\/www.visit-ulcinj.com\/blog\/","name":"Lajme nga Ulqini","description":"Lajme,Vijesti,Ulqini,Ulqin,Crna Gora,Mali i Zi","potentialAction":[{"@type":"SearchAction","target":{"@type":"EntryPoint","urlTemplate":"https:\/\/www.visit-ulcinj.com\/blog\/?s={search_term_string}"},"query-input":"required name=search_term_string"}],"inLanguage":"en-US"},{"@type":"ImageObject","inLanguage":"en-US","@id":"https:\/\/www.visit-ulcinj.com\/blog\/2009\/11\/14\/genta-ismajli-eshte-ende-ne-shtetet-e-bashkuara-te-amerikes\/#primaryimage","url":"http:\/\/www.visit-ulcinj.com\/blog\/wp-content\/uploads\/2009\/11\/Genta-Ismajli-2009-ne-Amerike.jpg","contentUrl":"http:\/\/www.visit-ulcinj.com\/blog\/wp-content\/uploads\/2009\/11\/Genta-Ismajli-2009-ne-Amerike.jpg"},{"@type":"WebPage","@id":"https:\/\/www.visit-ulcinj.com\/blog\/2009\/11\/14\/genta-ismajli-eshte-ende-ne-shtetet-e-bashkuara-te-amerikes\/#webpage","url":"https:\/\/www.visit-ulcinj.com\/blog\/2009\/11\/14\/genta-ismajli-eshte-ende-ne-shtetet-e-bashkuara-te-amerikes\/","name":"Genta Ismajli \u00ebsht\u00eb ende n\u00eb Shtetet e Bashkuara t\u00eb Amerik\u00ebs - Lajme nga Ulqini","isPartOf":{"@id":"https:\/\/www.visit-ulcinj.com\/blog\/#website"},"primaryImageOfPage":{"@id":"https:\/\/www.visit-ulcinj.com\/blog\/2009\/11\/14\/genta-ismajli-eshte-ende-ne-shtetet-e-bashkuara-te-amerikes\/#primaryimage"},"datePublished":"2009-11-14T09:31:12+00:00","dateModified":"2009-11-14T09:31:12+00:00","author":{"@id":"https:\/\/www.visit-ulcinj.com\/blog\/#\/schema\/person\/dcab619c614d3038751c63bc2aadc06d"},"description":"K\u00ebng\u00ebtarja kosovare, Genta Ismajli \u00ebsht\u00eb ende n\u00eb Shtetet e Bashkuara t\u00eb Amerik\u00ebs (SHBA) pa t\u00eb dashurin e saj Milotin. K\u00ebng\u00ebtarja s\u00eb fundmi ka postuar edhe","breadcrumb":{"@id":"https:\/\/www.visit-ulcinj.com\/blog\/2009\/11\/14\/genta-ismajli-eshte-ende-ne-shtetet-e-bashkuara-te-amerikes\/#breadcrumb"},"inLanguage":"en-US","potentialAction":[{"@type":"ReadAction","target":["https:\/\/www.visit-ulcinj.com\/blog\/2009\/11\/14\/genta-ismajli-eshte-ende-ne-shtetet-e-bashkuara-te-amerikes\/"]}]},{"@type":"BreadcrumbList","@id":"https:\/\/www.visit-ulcinj.com\/blog\/2009\/11\/14\/genta-ismajli-eshte-ende-ne-shtetet-e-bashkuara-te-amerikes\/#breadcrumb","itemListElement":[{"@type":"ListItem","position":1,"name":"Genta Ismajli \u00ebsht\u00eb ende n\u00eb Shtetet e Bashkuara t\u00eb Amerik\u00ebs"}]},{"@type":"Person","@id":"https:\/\/www.visit-ulcinj.com\/blog\/#\/schema\/person\/dcab619c614d3038751c63bc2aadc06d","name":"ulqini","sameAs":["http:\/\/www.visit-ulcinj.com"],"url":"https:\/\/www.visit-ulcinj.com\/blog\/author\/admin\/"}]}},"jetpack_featured_media_url":"","jetpack_sharing_enabled":true,"jetpack_shortlink":"https:\/\/wp.me\/pe6lTn-747","_links":{"self":[{"href":"https:\/\/www.visit-ulcinj.com\/blog\/wp-json\/wp\/v2\/posts\/27163"}],"collection":[{"href":"https:\/\/www.visit-ulcinj.com\/blog\/wp-json\/wp\/v2\/posts"}],"about":[{"href":"https:\/\/www.visit-ulcinj.com\/blog\/wp-json\/wp\/v2\/types\/post"}],"author":[{"embeddable":true,"href":"https:\/\/www.visit-ulcinj.com\/blog\/wp-json\/wp\/v2\/users\/1"}],"replies":[{"embeddable":true,"href":"https:\/\/www.visit-ulcinj.com\/blog\/wp-json\/wp\/v2\/comments?post=27163"}],"version-history":[{"count":0,"href":"https:\/\/www.visit-ulcinj.com\/blog\/wp-json\/wp\/v2\/posts\/27163\/revisions"}],"wp:attachment":[{"href":"https:\/\/www.visit-ulcinj.com\/blog\/wp-json\/wp\/v2\/media?parent=27163"}],"wp:term":[{"taxonomy":"category","embeddable":true,"href":"https:\/\/www.visit-ulcinj.com\/blog\/wp-json\/wp\/v2\/categories?post=27163"},{"taxonomy":"post_tag","embeddable":true,"href":"https:\/\/www.visit-ulcinj.com\/blog\/wp-json\/wp\/v2\/tags?post=27163"}],"curies":[{"name":"wp","href":"https:\/\/api.w.org\/{rel}","templated":true}]}}