{"id":2720,"date":"2008-08-26T09:49:20","date_gmt":"2008-08-26T14:49:20","guid":{"rendered":"http:\/\/www.visit-ulcinj.com\/blog\/?p=2720"},"modified":"2008-08-26T09:49:20","modified_gmt":"2008-08-26T14:49:20","slug":"me-teper-vemendje-ndaj-te-rinjve","status":"publish","type":"post","link":"https:\/\/www.visit-ulcinj.com\/blog\/2008\/08\/26\/me-teper-vemendje-ndaj-te-rinjve\/","title":{"rendered":"M\u00eb tep\u00ebr v\u00ebmendje ndaj t\u00eb rinjve"},"content":{"rendered":"<p><a href=\"http:\/\/www.kohajavore.cg.yu\/slike\/1219649402.jpg\"><img loading=\"lazy\" class=\"alignleft\" title=\"Dita Nd\u00ebrkomb\u00ebtare t\u00eb t\u00eb Rinjve\" src=\"http:\/\/www.kohajavore.cg.yu\/slike\/1219649402.jpg\" alt=\"\" width=\"290\" height=\"218\" \/><\/a>Tuz &#8211; Forca Rinore sh\u00ebnoi me nj\u00eb s\u00ebr\u00eb veprimtarish n\u00eb Tuz, 12 Gushtin &#8211; Dit\u00ebn Nd\u00ebrkomb\u00ebtare t\u00eb t\u00eb Rinjve. Me k\u00ebt\u00eb rast aktivist\u00ebt e Forc\u00ebs Rinore organizuan t\u00eb mart\u00ebn, m\u00eb 12 gusht, nj\u00eb performanc\u00eb n\u00eb qend\u00ebr t\u00eb Tuzit ku shp\u00ebrndan\u00eb fletushka n\u00eb t\u00eb cilat b\u00ebhet fjal\u00eb p\u00ebr historikun dhe r\u00ebnd\u00ebsin\u00eb e k\u00ebsaj dite.<br \/>\nM\u00eb pas aktivist\u00ebt e Forc\u00ebs Rinore mbajt\u00ebn nj\u00eb konferenc\u00eb p\u00ebr shtyp n\u00eb t\u00eb cil\u00ebn kan\u00eb treguar q\u00ebllimin e kremtimit t\u00eb k\u00ebsaj dite.<br \/>\n&#8220;E kemi par\u00eb t\u00eb arsyeshme q\u00eb rinis\u00eb duhet tzi kushtohet nj\u00eb v\u00ebmendje e posa\u00e7me, tzu jepet shans q\u00eb edhe ata t\u00eb marrin pjes\u00eb n\u00eb t\u00eb gjitha vendimet me r\u00ebnd\u00ebsi dhe t\u00eb vendosin p\u00ebr t\u00eb ardhmen e tyre sepse rinia \u00ebsht\u00eb faktor q\u00eb mund t\u00eb ndikoj\u00eb n\u00eb p\u00ebrmir\u00ebsimin e jet\u00ebs&#8221;, kan\u00eb th\u00ebn\u00eb aktivist\u00ebt e Forc\u00ebs Rinore.<br \/>\nDuke potencuar numrin e madh t\u00eb problemeve me t\u00eb cilat ballafaqohen sot t\u00eb rinjt\u00eb n\u00eb Mal t\u00eb Zi, aktivist\u00ebt e Forc\u00ebs Rinore kan\u00eb th\u00ebn\u00eb se q\u00ebllimi i sh\u00ebnimit t\u00eb k\u00ebsaj dite \u00ebsht\u00eb edhe q\u00eb organeve kompetente tzu t\u00ebrhiqet v\u00ebmendja p\u00ebr tzu kushtuar m\u00eb tep\u00ebr kujdes t\u00eb rinjve.<br \/>\n&#8220;Q\u00ebllimi yn\u00eb \u00ebsht\u00eb q\u00eb organeve kompetente tzju t\u00ebrheqim v\u00ebmendjen dhe tzju tregojm\u00eb se ekzistojm\u00eb edhe ne dhe se kemi potencial dhe aft\u00ebsi q\u00eb t\u00eb vendosim p\u00ebr veten ton\u00eb dhe se jemi t\u00eb aft\u00eb n\u00eb \u00e7do aspekt&#8221;, kan\u00eb th\u00ebn\u00eb ata.<br \/>\nVeprimtarit\u00eb kushtuar Dit\u00ebs Nd\u00ebrkomb\u00ebtare t\u00eb t\u00eb Rinjve p\u00ebrfunduan me koncertin e mbajtur n\u00eb restorantin &#8220;Cavalieri&#8221;, ku numrin e madh t\u00eb t\u00eb rinjve pjes\u00ebmarr\u00ebs i kan\u00eb arg\u00ebtuar grupi muzikor &#8220;Produkt 28&#8221; nga Tirana, k\u00ebng\u00ebtar\u00ebt Amanda nga Tuzi, Cani nga Ulqini, si dhe DJ Mani nga Tuzi.<br \/>\n12 Gushti u shpall Dit\u00eb Nd\u00ebrkomb\u00ebtare e t\u00eb Rinjve nga Asambleja e P\u00ebrgjithshme e OKB-s\u00eb n\u00eb konferenc\u00ebn e mbajtur m\u00eb 17 dhjetor 1999, me rekomandim t\u00eb Konferenc\u00ebs Bot\u00ebrore t\u00eb Ministrave p\u00ebrgjegj\u00ebse p\u00ebr rinin\u00eb.<br \/>\nForca Rinore synon q\u00eb k\u00ebt\u00eb dit\u00eb ta sh\u00ebnoj\u00eb n\u00eb m\u00ebnyr\u00eb tradicionale.<br \/>\n<strong>Burimi \/ Kohapress<\/strong><\/p>\n","protected":false},"excerpt":{"rendered":"<p><img loading=\"lazy\" class=\"alignleft\" title=\"Dita Nd\u00ebrkomb\u00ebtare t\u00eb t\u00eb Rinjve\" src=\"http:\/\/www.kohajavore.cg.yu\/slike\/1219649402.jpg\" alt=\"\" width=\"140\" height=\"140\" \/><\/p>\n","protected":false},"author":1,"featured_media":0,"comment_status":"open","ping_status":"closed","sticky":false,"template":"","format":"standard","meta":{"spay_email":"","jetpack_publicize_message":"","jetpack_is_tweetstorm":false,"jetpack_publicize_feature_enabled":true},"categories":[4,11,12],"tags":[4425],"jetpack_publicize_connections":[],"yoast_head":"<!-- This site is optimized with the Yoast SEO plugin v19.1 - https:\/\/yoast.com\/wordpress\/plugins\/seo\/ -->\n<title>M\u00eb tep\u00ebr v\u00ebmendje ndaj t\u00eb rinjve - Lajme nga Ulqini<\/title>\n<meta name=\"robots\" content=\"index, follow, max-snippet:-1, max-image-preview:large, max-video-preview:-1\" \/>\n<link rel=\"canonical\" href=\"https:\/\/www.visit-ulcinj.com\/blog\/2008\/08\/26\/me-teper-vemendje-ndaj-te-rinjve\/\" \/>\n<meta property=\"og:locale\" content=\"en_US\" \/>\n<meta property=\"og:type\" content=\"article\" \/>\n<meta property=\"og:title\" content=\"M\u00eb tep\u00ebr v\u00ebmendje ndaj t\u00eb rinjve - Lajme nga Ulqini\" \/>\n<meta property=\"og:url\" content=\"https:\/\/www.visit-ulcinj.com\/blog\/2008\/08\/26\/me-teper-vemendje-ndaj-te-rinjve\/\" \/>\n<meta property=\"og:site_name\" content=\"Lajme nga Ulqini\" \/>\n<meta property=\"article:published_time\" content=\"2008-08-26T14:49:20+00:00\" \/>\n<meta property=\"og:image\" content=\"http:\/\/www.kohajavore.cg.yu\/slike\/1219649402.jpg\" \/>\n<meta name=\"twitter:label1\" content=\"Written by\" \/>\n\t<meta name=\"twitter:data1\" content=\"ulqini\" \/>\n\t<meta name=\"twitter:label2\" content=\"Est. reading time\" \/>\n\t<meta name=\"twitter:data2\" content=\"2 minutes\" \/>\n<script type=\"application\/ld+json\" class=\"yoast-schema-graph\">{\"@context\":\"https:\/\/schema.org\",\"@graph\":[{\"@type\":\"WebSite\",\"@id\":\"https:\/\/www.visit-ulcinj.com\/blog\/#website\",\"url\":\"https:\/\/www.visit-ulcinj.com\/blog\/\",\"name\":\"Lajme nga Ulqini\",\"description\":\"Lajme,Vijesti,Ulqini,Ulqin,Crna Gora,Mali i Zi\",\"potentialAction\":[{\"@type\":\"SearchAction\",\"target\":{\"@type\":\"EntryPoint\",\"urlTemplate\":\"https:\/\/www.visit-ulcinj.com\/blog\/?s={search_term_string}\"},\"query-input\":\"required name=search_term_string\"}],\"inLanguage\":\"en-US\"},{\"@type\":\"ImageObject\",\"inLanguage\":\"en-US\",\"@id\":\"https:\/\/www.visit-ulcinj.com\/blog\/2008\/08\/26\/me-teper-vemendje-ndaj-te-rinjve\/#primaryimage\",\"url\":\"http:\/\/www.kohajavore.cg.yu\/slike\/1219649402.jpg\",\"contentUrl\":\"http:\/\/www.kohajavore.cg.yu\/slike\/1219649402.jpg\"},{\"@type\":\"WebPage\",\"@id\":\"https:\/\/www.visit-ulcinj.com\/blog\/2008\/08\/26\/me-teper-vemendje-ndaj-te-rinjve\/#webpage\",\"url\":\"https:\/\/www.visit-ulcinj.com\/blog\/2008\/08\/26\/me-teper-vemendje-ndaj-te-rinjve\/\",\"name\":\"M\u00eb tep\u00ebr v\u00ebmendje ndaj t\u00eb rinjve - Lajme nga Ulqini\",\"isPartOf\":{\"@id\":\"https:\/\/www.visit-ulcinj.com\/blog\/#website\"},\"primaryImageOfPage\":{\"@id\":\"https:\/\/www.visit-ulcinj.com\/blog\/2008\/08\/26\/me-teper-vemendje-ndaj-te-rinjve\/#primaryimage\"},\"datePublished\":\"2008-08-26T14:49:20+00:00\",\"dateModified\":\"2008-08-26T14:49:20+00:00\",\"author\":{\"@id\":\"https:\/\/www.visit-ulcinj.com\/blog\/#\/schema\/person\/dcab619c614d3038751c63bc2aadc06d\"},\"breadcrumb\":{\"@id\":\"https:\/\/www.visit-ulcinj.com\/blog\/2008\/08\/26\/me-teper-vemendje-ndaj-te-rinjve\/#breadcrumb\"},\"inLanguage\":\"en-US\",\"potentialAction\":[{\"@type\":\"ReadAction\",\"target\":[\"https:\/\/www.visit-ulcinj.com\/blog\/2008\/08\/26\/me-teper-vemendje-ndaj-te-rinjve\/\"]}]},{\"@type\":\"BreadcrumbList\",\"@id\":\"https:\/\/www.visit-ulcinj.com\/blog\/2008\/08\/26\/me-teper-vemendje-ndaj-te-rinjve\/#breadcrumb\",\"itemListElement\":[{\"@type\":\"ListItem\",\"position\":1,\"name\":\"M\u00eb tep\u00ebr v\u00ebmendje ndaj t\u00eb rinjve\"}]},{\"@type\":\"Person\",\"@id\":\"https:\/\/www.visit-ulcinj.com\/blog\/#\/schema\/person\/dcab619c614d3038751c63bc2aadc06d\",\"name\":\"ulqini\",\"sameAs\":[\"http:\/\/www.visit-ulcinj.com\"],\"url\":\"https:\/\/www.visit-ulcinj.com\/blog\/author\/admin\/\"}]}<\/script>\n<!-- \/ Yoast SEO plugin. -->","yoast_head_json":{"title":"M\u00eb tep\u00ebr v\u00ebmendje ndaj t\u00eb rinjve - Lajme nga Ulqini","robots":{"index":"index","follow":"follow","max-snippet":"max-snippet:-1","max-image-preview":"max-image-preview:large","max-video-preview":"max-video-preview:-1"},"canonical":"https:\/\/www.visit-ulcinj.com\/blog\/2008\/08\/26\/me-teper-vemendje-ndaj-te-rinjve\/","og_locale":"en_US","og_type":"article","og_title":"M\u00eb tep\u00ebr v\u00ebmendje ndaj t\u00eb rinjve - Lajme nga Ulqini","og_url":"https:\/\/www.visit-ulcinj.com\/blog\/2008\/08\/26\/me-teper-vemendje-ndaj-te-rinjve\/","og_site_name":"Lajme nga Ulqini","article_published_time":"2008-08-26T14:49:20+00:00","og_image":[{"url":"http:\/\/www.kohajavore.cg.yu\/slike\/1219649402.jpg"}],"twitter_misc":{"Written by":"ulqini","Est. reading time":"2 minutes"},"schema":{"@context":"https:\/\/schema.org","@graph":[{"@type":"WebSite","@id":"https:\/\/www.visit-ulcinj.com\/blog\/#website","url":"https:\/\/www.visit-ulcinj.com\/blog\/","name":"Lajme nga Ulqini","description":"Lajme,Vijesti,Ulqini,Ulqin,Crna Gora,Mali i Zi","potentialAction":[{"@type":"SearchAction","target":{"@type":"EntryPoint","urlTemplate":"https:\/\/www.visit-ulcinj.com\/blog\/?s={search_term_string}"},"query-input":"required name=search_term_string"}],"inLanguage":"en-US"},{"@type":"ImageObject","inLanguage":"en-US","@id":"https:\/\/www.visit-ulcinj.com\/blog\/2008\/08\/26\/me-teper-vemendje-ndaj-te-rinjve\/#primaryimage","url":"http:\/\/www.kohajavore.cg.yu\/slike\/1219649402.jpg","contentUrl":"http:\/\/www.kohajavore.cg.yu\/slike\/1219649402.jpg"},{"@type":"WebPage","@id":"https:\/\/www.visit-ulcinj.com\/blog\/2008\/08\/26\/me-teper-vemendje-ndaj-te-rinjve\/#webpage","url":"https:\/\/www.visit-ulcinj.com\/blog\/2008\/08\/26\/me-teper-vemendje-ndaj-te-rinjve\/","name":"M\u00eb tep\u00ebr v\u00ebmendje ndaj t\u00eb rinjve - Lajme nga Ulqini","isPartOf":{"@id":"https:\/\/www.visit-ulcinj.com\/blog\/#website"},"primaryImageOfPage":{"@id":"https:\/\/www.visit-ulcinj.com\/blog\/2008\/08\/26\/me-teper-vemendje-ndaj-te-rinjve\/#primaryimage"},"datePublished":"2008-08-26T14:49:20+00:00","dateModified":"2008-08-26T14:49:20+00:00","author":{"@id":"https:\/\/www.visit-ulcinj.com\/blog\/#\/schema\/person\/dcab619c614d3038751c63bc2aadc06d"},"breadcrumb":{"@id":"https:\/\/www.visit-ulcinj.com\/blog\/2008\/08\/26\/me-teper-vemendje-ndaj-te-rinjve\/#breadcrumb"},"inLanguage":"en-US","potentialAction":[{"@type":"ReadAction","target":["https:\/\/www.visit-ulcinj.com\/blog\/2008\/08\/26\/me-teper-vemendje-ndaj-te-rinjve\/"]}]},{"@type":"BreadcrumbList","@id":"https:\/\/www.visit-ulcinj.com\/blog\/2008\/08\/26\/me-teper-vemendje-ndaj-te-rinjve\/#breadcrumb","itemListElement":[{"@type":"ListItem","position":1,"name":"M\u00eb tep\u00ebr v\u00ebmendje ndaj t\u00eb rinjve"}]},{"@type":"Person","@id":"https:\/\/www.visit-ulcinj.com\/blog\/#\/schema\/person\/dcab619c614d3038751c63bc2aadc06d","name":"ulqini","sameAs":["http:\/\/www.visit-ulcinj.com"],"url":"https:\/\/www.visit-ulcinj.com\/blog\/author\/admin\/"}]}},"jetpack_featured_media_url":"","jetpack_sharing_enabled":true,"jetpack_shortlink":"https:\/\/wp.me\/pe6lTn-HS","_links":{"self":[{"href":"https:\/\/www.visit-ulcinj.com\/blog\/wp-json\/wp\/v2\/posts\/2720"}],"collection":[{"href":"https:\/\/www.visit-ulcinj.com\/blog\/wp-json\/wp\/v2\/posts"}],"about":[{"href":"https:\/\/www.visit-ulcinj.com\/blog\/wp-json\/wp\/v2\/types\/post"}],"author":[{"embeddable":true,"href":"https:\/\/www.visit-ulcinj.com\/blog\/wp-json\/wp\/v2\/users\/1"}],"replies":[{"embeddable":true,"href":"https:\/\/www.visit-ulcinj.com\/blog\/wp-json\/wp\/v2\/comments?post=2720"}],"version-history":[{"count":0,"href":"https:\/\/www.visit-ulcinj.com\/blog\/wp-json\/wp\/v2\/posts\/2720\/revisions"}],"wp:attachment":[{"href":"https:\/\/www.visit-ulcinj.com\/blog\/wp-json\/wp\/v2\/media?parent=2720"}],"wp:term":[{"taxonomy":"category","embeddable":true,"href":"https:\/\/www.visit-ulcinj.com\/blog\/wp-json\/wp\/v2\/categories?post=2720"},{"taxonomy":"post_tag","embeddable":true,"href":"https:\/\/www.visit-ulcinj.com\/blog\/wp-json\/wp\/v2\/tags?post=2720"}],"curies":[{"name":"wp","href":"https:\/\/api.w.org\/{rel}","templated":true}]}}