{"id":27205,"date":"2009-11-14T22:26:14","date_gmt":"2009-11-14T20:26:14","guid":{"rendered":"http:\/\/www.visit-ulcinj.com\/blog\/?p=27205"},"modified":"2009-11-14T22:26:14","modified_gmt":"2009-11-14T20:26:14","slug":"ramiz-kelmendi-ulqini-vendlindja-ime-letrare","status":"publish","type":"post","link":"https:\/\/www.visit-ulcinj.com\/blog\/2009\/11\/14\/ramiz-kelmendi-ulqini-vendlindja-ime-letrare\/","title":{"rendered":"Ramiz Kelmendi: Ulqini vendlindja ime letrare"},"content":{"rendered":"<p><a href=\"http:\/\/www.visit-ulcinj.com\/blog\/wp-content\/uploads\/2009\/11\/Ramiz-Kelmendi_Ulqini.jpg\"><img loading=\"lazy\" class=\"alignleft size-full wp-image-27206\" title=\"Ramiz Kelmendi_Ulqini\" src=\"http:\/\/www.visit-ulcinj.com\/blog\/wp-content\/uploads\/2009\/11\/Ramiz-Kelmendi_Ulqini.jpg\" alt=\"Ramiz Kelmendi_Ulqini\" width=\"580\" height=\"369\" \/><\/a>Ka nj\u00eb di\u00e7 t\u00eb ve\u00e7ant\u00eb kjo puna e vendlindjes sime. Pejan\u00ebt, aty ku u linda v\u00ebrtet dhe sakt\u00ebsisht m\u00eb 20 dhjetor 1930, gjithmon\u00eb<br \/>\ne jet\u00ebs \u2013 p\u00ebr k\u00ebto gati-gati 79 kokrra vjet t\u00eb jet\u00ebs sime! &#8211;\u00a0 as m\u00eb kan\u00eb pranuar dhe as m\u00eb kan\u00eb njohur ndonj\u00ebher\u00eb si \u2013 pejan. Si qytetar i Pej\u00ebs. Jo. At\u00eb dit\u00eb e sot, p\u00ebr bashk\u00ebqytetar\u00ebt e vendlindjes sime, p\u00ebr Pej\u00ebn dhe pejan\u00ebt, un\u00eb edhe kam qen\u00eb, edhe kam mbetur, edhe do t\u00eb vdes \u2013 rugovas. Rugovan. Apo, ca dhe m\u00eb pezhorativisht \u2013 \u201crugovc\u201d! Edhe pse pothuajse gjith\u00eb \u00e7\u2019shkrova, n\u00eb nj\u00eb m\u00ebnyr\u00eb a n\u00eb nj\u00eb tjet\u00ebr, frym\u00ebzimin dhe burimin e ka mu n\u00eb Pej\u00eb. Kurr\u00eb dhe asnj\u00ebher\u00eb vendlindja ime, Peja, nuk e ka sh\u00ebnuar (t\u00eb pakt\u00ebn) nj\u00eb p\u00ebrvjetor timin \u2013 as t\u00eb dyzetin, as t\u00eb pes\u00ebdhjetin, as t\u00eb gjasht\u00ebdhjetin, as t\u00eb shtat\u00ebdhjetin. Pa le pastaj, qoft\u00eb larg, gj\u00eb m\u00eb shum\u00eb.<br \/>\nK\u00ebshtu ishte dhe k\u00ebshtu mbeti.<br \/>\nPo ama, do ti, Rugova, vendlindja e prind\u00ebrve t\u00eb mi, e babait nga Drelajt dhe e n\u00ebn\u00ebs nga Haxhajt, edhe pse pik\u00ebrisht Rugov\u00ebs ia kushtova \u2013 p\u00ebr mendimin tim! \u2013 v\u00ebllimin m\u00eb t\u00eb mir\u00eb me tregime (\u201cAhmet Koshutani\u201d), m\u00eb t\u00eb parin roman timin (\u201cHeshtja e arm\u00ebve\u201d) dhe radio-dram\u00ebn time t\u00eb par\u00eb, q\u00eb u emetua vite me radh\u00eb n\u00eb Radio (\u201cKur kositen livadhet\u201d), edhe ata, at\u00eb dit\u00eb e sot, nuk m\u00eb konsiderojn\u00eb dhe as m\u00eb mbajn\u00eb \u2013 rugovas.<br \/>\nKur u sajua, pa le se nga kush, lista e jo m\u00eb pak se 550 (pes\u00ebqind e pes\u00ebdhjet\u00eb!) intelektual\u00ebve rugovas, emri im nuk figuronte n\u00eb at\u00eb list\u00eb. As u ftova dhe as u denjova t\u00eb marr pjes\u00eb n\u00eb ndonj\u00eb \u201ckuvend\u201d t\u00eb tyre! P\u00ebrse?! Sepse un\u00eb nuk isha \u2013 rugovas! Sepse un\u00eb isha i lindur n\u00eb\u00a0 &#8211; Pej\u00eb!<br \/>\nSot, tek po mbush mbi 60 vjet jet\u00eb n\u00eb Prishtin\u00eb (gjasht\u00eb dekada jet\u00eb, heuuu!), asnjeri dhe asnj\u00ebher\u00eb \u2013 as n\u00eb Prishtin\u00eb, as n\u00eb Pej\u00eb, as n\u00eb Rugov\u00eb &#8211; nuk m\u00eb ka quajtur prishtinas a \u201cprishtinali\u201d. Jo. Kurr\u00eb. Gjithmon\u00eb, p\u00ebr prishtinasit, un\u00eb kam qen\u00eb dhe kam mbetur \u2013 pejan.<br \/>\nMe fjal\u00eb t\u00eb tjera, kjo i bie disi \u2013 si\u00e7 do t\u00eb thoshte im bir, Migjeni \u2013 se un\u00eb, n\u00eb t\u00eb v\u00ebrtet\u00eb, p\u00ebr gjith\u00eb k\u00ebto mote, s\u2019paskam qen\u00eb tjet\u00ebr pos \u2013 apatrid! Njeri pa atdhe. Njeri pa \u2013 vendlindje.<br \/>\nE b\u00ebra k\u00ebt\u00eb \u201chyrje n\u00eb tem\u00eb\u201d, pak p\u00ebr gaz e m\u00eb shum\u00eb p\u00ebr dhun\u00eb, q\u00eb t\u2019i gjegjem ftes\u00ebs aq k\u00ebmb\u00ebngul\u00ebse dhe prej shum\u00eb koh\u00ebsh t\u00eb mikut dhe kolegut tim t\u00eb pen\u00ebs, Hajro Ulqinakut, nj\u00eb ulqinaku q\u00eb s\u2019e pati k\u00ebt\u00eb fatin tim \u201dt\u00eb keq\u201d. Jo. Ai mbajti mbiemrin me emrin e vendit. U mbiquajt Ulqinaku. Hajro Ulqinaku. Si t\u00eb m\u00eb quanin edhe mua Peja a Pejani. Ramiz Peja a Ramiz Pejani.<br \/>\nSynimi i k\u00ebtyre rreshtave, nd\u00ebrkaq, \u00ebsht\u00eb tjet\u00ebr. Aspak i paq\u00ebllimt\u00eb. Dhe fare pa gaz a sarkaz\u00ebm.<br \/>\nP\u00ebr her\u00eb t\u00eb par\u00eb, k\u00ebshtu e n\u00eb k\u00ebt\u00eb m\u00ebnyr\u00eb, mu n\u00eb t\u00eb per\u00ebnduar t\u00eb jet\u00ebs sime, bot\u00ebrisht e publikisht deklaroj se:<br \/>\n<a href=\"http:\/\/www.visit-ulcinj.com\/blog\/wp-content\/uploads\/2009\/11\/Ramiz-Kelmendi.jpg\"><img loading=\"lazy\" class=\"alignleft size-medium wp-image-27207\" title=\"Ramiz Kelmendi\" src=\"http:\/\/www.visit-ulcinj.com\/blog\/wp-content\/uploads\/2009\/11\/Ramiz-Kelmendi-300x255.jpg\" alt=\"Ramiz Kelmendi\" width=\"300\" height=\"255\" srcset=\"https:\/\/www.visit-ulcinj.com\/blog\/wp-content\/uploads\/2009\/11\/Ramiz-Kelmendi-300x255.jpg 300w, https:\/\/www.visit-ulcinj.com\/blog\/wp-content\/uploads\/2009\/11\/Ramiz-Kelmendi.jpg 716w\" sizes=\"(max-width: 300px) 100vw, 300px\" \/><\/a>Un\u00eb, Ramiz Kelmendi, nj\u00eb apatrid as pejan, as rugovas, as prishtinas, kam (sidoqoft\u00eb) edhe nj\u00eb &#8211; vendlindje. T\u00eb pakontestueshme. T\u00eb mir\u00ebfillt\u00eb. T\u00eb v\u00ebrtet\u00eb. Nj\u00eb vendlindje, q\u00eb e kam dhe e mbaj p\u00ebr mburrje e rrahagjoks.<br \/>\nKam vendlindjen time \u2013 letrare.<br \/>\nVendlindja ime letrare, n\u00eb plotkuptimin e fjal\u00ebs, \u00ebsht\u00eb \u2013 ULQINI!<br \/>\nKy qytet, q\u00eb \u2013 n\u00eb at\u00eb vitin e larg\u00ebt 1953, kur, si student i Albanologjis\u00eb n\u00eb Beograd \u2013 e vizitova s\u00eb pari, mua, k\u00ebtij pejani \u201crugovc\u201d, q\u00eb s\u2019kisha par\u00eb kurr\u00eb det me sy, m\u2019u duk qytet-\u00ebnd\u00ebrr, qytet p\u00ebrrallor.<br \/>\nKy qytet yni aq i bukur dhe nj\u00eb dashuri rinore, skofiare, t\u00ebr\u00ebsisht platonike, me nj\u00eb ulqinake sa t\u00eb k\u00ebndshme aq edhe t\u00eb men\u00e7ur (un\u00eb, asokohe, isha 23 vje\u00e7!) m\u00eb krijuan k\u00ebt\u00eb vendlindje t\u00eb re.<br \/>\nFrym\u00ebzuar nga Ulqini dhe nga kjo vash\u00ebz ulqinake, me shum\u00eb droe e pasiguri, me shif\u00ebr dhe n\u00eb konkursin p\u00ebr tregime t\u00eb \u201cRilindjes\u201d, shkrova tregimin tim t\u00eb par\u00eb n\u00eb jet\u00eb, nj\u00eb tregim me motiv nga Ulqini: \u201cBARKA E PESHKATARIT\u201d.<br \/>\nShkrova pask\u00ebtaj edhe novel\u00ebn e par\u00eb n\u00eb jet\u00ebn time, po ashtu me motiv nga Ulqini: \u201cNJ\u00cb M\u00cb PAK\u201d.<br \/>\nPor, m\u00eb t\u00eb madhin borxhli m\u00eb ka Ulqini mua, kur aq i merituari dhe i paharruari poeti Esad Mekuli, m\u00eb botoi librin mbase m\u00eb kurajoz p\u00ebr koh\u00ebn, satir\u00ebn aq akuzuese kund\u00ebr sistemit dhe politik\u00ebs antishqiptare t\u00eb asaj kohe \u2013 \u201cLETRA NGA ULQINI\u201d, me t\u00eb folme ulqinak(\u00e7)e.<br \/>\nE kam, prandaj, p\u00ebr nder t\u00eb m\u00eb quajn\u00eb (edhe) ulqinak. Se vet\u00ebm Ulqini, kjo perl\u00eb e bregdetit shqiptar, m\u00eb \u00e7eli \u2013 p\u00ebrkrah gazetaris\u00eb \u2013 rrug\u00ebn e letrave shqiptare.<br \/>\nM\u00eb b\u00ebri edhe \u2013 letrar\u2026<\/p>\n<p><strong>Kosova Sot<\/strong><\/p>\n<!--YouTube Error: bad URL entered-->\n","protected":false},"excerpt":{"rendered":"<p>Ka nj\u00eb di\u00e7 t\u00eb ve\u00e7ant\u00eb kjo puna e vendlindjes sime. Pejan\u00ebt, aty ku u linda v\u00ebrtet dhe sakt\u00ebsisht m\u00eb 20 dhjetor 1930, gjithmon\u00eb e jet\u00ebs \u2013 p\u00ebr k\u00ebto gati-gati 79 kokrra vjet t\u00eb jet\u00ebs sime! &#8211;\u00a0 as m\u00eb kan\u00eb pranuar dhe as m\u00eb kan\u00eb njohur ndonj\u00ebher\u00eb si \u2013 pejan. Si qytetar i Pej\u00ebs. Jo. At\u00eb [&hellip;]<\/p>\n","protected":false},"author":1,"featured_media":0,"comment_status":"open","ping_status":"closed","sticky":false,"template":"","format":"standard","meta":{"spay_email":"","jetpack_publicize_message":"","jetpack_is_tweetstorm":false,"jetpack_publicize_feature_enabled":true},"categories":[4],"tags":[12772,961,2304,12770,12774,12773,18,12771],"jetpack_publicize_connections":[],"yoast_head":"<!-- This site is optimized with the Yoast SEO plugin v19.1 - https:\/\/yoast.com\/wordpress\/plugins\/seo\/ -->\n<title>Ramiz Kelmendi: Ulqini vendlindja ime letrare - Lajme nga Ulqini<\/title>\n<meta name=\"description\" content=\"Ka nj\u00eb di\u00e7 t\u00eb ve\u00e7ant\u00eb kjo puna e vendlindjes sime. Pejan\u00ebt, aty ku u linda v\u00ebrtet dhe sakt\u00ebsisht m\u00eb 20 dhjetor 1930, gjithmon\u00eb e jet\u00ebs \u2013 p\u00ebr k\u00ebto\" \/>\n<meta name=\"robots\" content=\"index, follow, max-snippet:-1, max-image-preview:large, max-video-preview:-1\" \/>\n<link rel=\"canonical\" href=\"https:\/\/www.visit-ulcinj.com\/blog\/2009\/11\/14\/ramiz-kelmendi-ulqini-vendlindja-ime-letrare\/\" \/>\n<meta property=\"og:locale\" content=\"en_US\" \/>\n<meta property=\"og:type\" content=\"article\" \/>\n<meta property=\"og:title\" content=\"Ramiz Kelmendi: Ulqini vendlindja ime letrare - Lajme nga Ulqini\" \/>\n<meta property=\"og:description\" content=\"Ka nj\u00eb di\u00e7 t\u00eb ve\u00e7ant\u00eb kjo puna e vendlindjes sime. Pejan\u00ebt, aty ku u linda v\u00ebrtet dhe sakt\u00ebsisht m\u00eb 20 dhjetor 1930, gjithmon\u00eb e jet\u00ebs \u2013 p\u00ebr k\u00ebto\" \/>\n<meta property=\"og:url\" content=\"https:\/\/www.visit-ulcinj.com\/blog\/2009\/11\/14\/ramiz-kelmendi-ulqini-vendlindja-ime-letrare\/\" \/>\n<meta property=\"og:site_name\" content=\"Lajme nga Ulqini\" \/>\n<meta property=\"article:published_time\" content=\"2009-11-14T20:26:14+00:00\" \/>\n<meta property=\"og:image\" content=\"http:\/\/www.visit-ulcinj.com\/blog\/wp-content\/uploads\/2009\/11\/Ramiz-Kelmendi_Ulqini.jpg\" \/>\n<meta name=\"twitter:label1\" content=\"Written by\" \/>\n\t<meta name=\"twitter:data1\" content=\"ulqini\" \/>\n\t<meta name=\"twitter:label2\" content=\"Est. reading time\" \/>\n\t<meta name=\"twitter:data2\" content=\"4 minutes\" \/>\n<script type=\"application\/ld+json\" class=\"yoast-schema-graph\">{\"@context\":\"https:\/\/schema.org\",\"@graph\":[{\"@type\":\"WebSite\",\"@id\":\"https:\/\/www.visit-ulcinj.com\/blog\/#website\",\"url\":\"https:\/\/www.visit-ulcinj.com\/blog\/\",\"name\":\"Lajme nga Ulqini\",\"description\":\"Lajme,Vijesti,Ulqini,Ulqin,Crna Gora,Mali i Zi\",\"potentialAction\":[{\"@type\":\"SearchAction\",\"target\":{\"@type\":\"EntryPoint\",\"urlTemplate\":\"https:\/\/www.visit-ulcinj.com\/blog\/?s={search_term_string}\"},\"query-input\":\"required name=search_term_string\"}],\"inLanguage\":\"en-US\"},{\"@type\":\"ImageObject\",\"inLanguage\":\"en-US\",\"@id\":\"https:\/\/www.visit-ulcinj.com\/blog\/2009\/11\/14\/ramiz-kelmendi-ulqini-vendlindja-ime-letrare\/#primaryimage\",\"url\":\"https:\/\/www.visit-ulcinj.com\/blog\/wp-content\/uploads\/2009\/11\/Ramiz-Kelmendi_Ulqini.jpg\",\"contentUrl\":\"https:\/\/www.visit-ulcinj.com\/blog\/wp-content\/uploads\/2009\/11\/Ramiz-Kelmendi_Ulqini.jpg\",\"width\":\"553\",\"height\":\"369\"},{\"@type\":\"WebPage\",\"@id\":\"https:\/\/www.visit-ulcinj.com\/blog\/2009\/11\/14\/ramiz-kelmendi-ulqini-vendlindja-ime-letrare\/#webpage\",\"url\":\"https:\/\/www.visit-ulcinj.com\/blog\/2009\/11\/14\/ramiz-kelmendi-ulqini-vendlindja-ime-letrare\/\",\"name\":\"Ramiz Kelmendi: Ulqini vendlindja ime letrare - Lajme nga Ulqini\",\"isPartOf\":{\"@id\":\"https:\/\/www.visit-ulcinj.com\/blog\/#website\"},\"primaryImageOfPage\":{\"@id\":\"https:\/\/www.visit-ulcinj.com\/blog\/2009\/11\/14\/ramiz-kelmendi-ulqini-vendlindja-ime-letrare\/#primaryimage\"},\"datePublished\":\"2009-11-14T20:26:14+00:00\",\"dateModified\":\"2009-11-14T20:26:14+00:00\",\"author\":{\"@id\":\"https:\/\/www.visit-ulcinj.com\/blog\/#\/schema\/person\/dcab619c614d3038751c63bc2aadc06d\"},\"description\":\"Ka nj\u00eb di\u00e7 t\u00eb ve\u00e7ant\u00eb kjo puna e vendlindjes sime. Pejan\u00ebt, aty ku u linda v\u00ebrtet dhe sakt\u00ebsisht m\u00eb 20 dhjetor 1930, gjithmon\u00eb e jet\u00ebs \u2013 p\u00ebr k\u00ebto\",\"breadcrumb\":{\"@id\":\"https:\/\/www.visit-ulcinj.com\/blog\/2009\/11\/14\/ramiz-kelmendi-ulqini-vendlindja-ime-letrare\/#breadcrumb\"},\"inLanguage\":\"en-US\",\"potentialAction\":[{\"@type\":\"ReadAction\",\"target\":[\"https:\/\/www.visit-ulcinj.com\/blog\/2009\/11\/14\/ramiz-kelmendi-ulqini-vendlindja-ime-letrare\/\"]}]},{\"@type\":\"BreadcrumbList\",\"@id\":\"https:\/\/www.visit-ulcinj.com\/blog\/2009\/11\/14\/ramiz-kelmendi-ulqini-vendlindja-ime-letrare\/#breadcrumb\",\"itemListElement\":[{\"@type\":\"ListItem\",\"position\":1,\"name\":\"Ramiz Kelmendi: Ulqini vendlindja ime letrare\"}]},{\"@type\":\"Person\",\"@id\":\"https:\/\/www.visit-ulcinj.com\/blog\/#\/schema\/person\/dcab619c614d3038751c63bc2aadc06d\",\"name\":\"ulqini\",\"sameAs\":[\"http:\/\/www.visit-ulcinj.com\"],\"url\":\"https:\/\/www.visit-ulcinj.com\/blog\/author\/admin\/\"}]}<\/script>\n<!-- \/ Yoast SEO plugin. -->","yoast_head_json":{"title":"Ramiz Kelmendi: Ulqini vendlindja ime letrare - Lajme nga Ulqini","description":"Ka nj\u00eb di\u00e7 t\u00eb ve\u00e7ant\u00eb kjo puna e vendlindjes sime. Pejan\u00ebt, aty ku u linda v\u00ebrtet dhe sakt\u00ebsisht m\u00eb 20 dhjetor 1930, gjithmon\u00eb e jet\u00ebs \u2013 p\u00ebr k\u00ebto","robots":{"index":"index","follow":"follow","max-snippet":"max-snippet:-1","max-image-preview":"max-image-preview:large","max-video-preview":"max-video-preview:-1"},"canonical":"https:\/\/www.visit-ulcinj.com\/blog\/2009\/11\/14\/ramiz-kelmendi-ulqini-vendlindja-ime-letrare\/","og_locale":"en_US","og_type":"article","og_title":"Ramiz Kelmendi: Ulqini vendlindja ime letrare - Lajme nga Ulqini","og_description":"Ka nj\u00eb di\u00e7 t\u00eb ve\u00e7ant\u00eb kjo puna e vendlindjes sime. Pejan\u00ebt, aty ku u linda v\u00ebrtet dhe sakt\u00ebsisht m\u00eb 20 dhjetor 1930, gjithmon\u00eb e jet\u00ebs \u2013 p\u00ebr k\u00ebto","og_url":"https:\/\/www.visit-ulcinj.com\/blog\/2009\/11\/14\/ramiz-kelmendi-ulqini-vendlindja-ime-letrare\/","og_site_name":"Lajme nga Ulqini","article_published_time":"2009-11-14T20:26:14+00:00","og_image":[{"url":"http:\/\/www.visit-ulcinj.com\/blog\/wp-content\/uploads\/2009\/11\/Ramiz-Kelmendi_Ulqini.jpg"}],"twitter_misc":{"Written by":"ulqini","Est. reading time":"4 minutes"},"schema":{"@context":"https:\/\/schema.org","@graph":[{"@type":"WebSite","@id":"https:\/\/www.visit-ulcinj.com\/blog\/#website","url":"https:\/\/www.visit-ulcinj.com\/blog\/","name":"Lajme nga Ulqini","description":"Lajme,Vijesti,Ulqini,Ulqin,Crna Gora,Mali i Zi","potentialAction":[{"@type":"SearchAction","target":{"@type":"EntryPoint","urlTemplate":"https:\/\/www.visit-ulcinj.com\/blog\/?s={search_term_string}"},"query-input":"required name=search_term_string"}],"inLanguage":"en-US"},{"@type":"ImageObject","inLanguage":"en-US","@id":"https:\/\/www.visit-ulcinj.com\/blog\/2009\/11\/14\/ramiz-kelmendi-ulqini-vendlindja-ime-letrare\/#primaryimage","url":"https:\/\/www.visit-ulcinj.com\/blog\/wp-content\/uploads\/2009\/11\/Ramiz-Kelmendi_Ulqini.jpg","contentUrl":"https:\/\/www.visit-ulcinj.com\/blog\/wp-content\/uploads\/2009\/11\/Ramiz-Kelmendi_Ulqini.jpg","width":"553","height":"369"},{"@type":"WebPage","@id":"https:\/\/www.visit-ulcinj.com\/blog\/2009\/11\/14\/ramiz-kelmendi-ulqini-vendlindja-ime-letrare\/#webpage","url":"https:\/\/www.visit-ulcinj.com\/blog\/2009\/11\/14\/ramiz-kelmendi-ulqini-vendlindja-ime-letrare\/","name":"Ramiz Kelmendi: Ulqini vendlindja ime letrare - Lajme nga Ulqini","isPartOf":{"@id":"https:\/\/www.visit-ulcinj.com\/blog\/#website"},"primaryImageOfPage":{"@id":"https:\/\/www.visit-ulcinj.com\/blog\/2009\/11\/14\/ramiz-kelmendi-ulqini-vendlindja-ime-letrare\/#primaryimage"},"datePublished":"2009-11-14T20:26:14+00:00","dateModified":"2009-11-14T20:26:14+00:00","author":{"@id":"https:\/\/www.visit-ulcinj.com\/blog\/#\/schema\/person\/dcab619c614d3038751c63bc2aadc06d"},"description":"Ka nj\u00eb di\u00e7 t\u00eb ve\u00e7ant\u00eb kjo puna e vendlindjes sime. Pejan\u00ebt, aty ku u linda v\u00ebrtet dhe sakt\u00ebsisht m\u00eb 20 dhjetor 1930, gjithmon\u00eb e jet\u00ebs \u2013 p\u00ebr k\u00ebto","breadcrumb":{"@id":"https:\/\/www.visit-ulcinj.com\/blog\/2009\/11\/14\/ramiz-kelmendi-ulqini-vendlindja-ime-letrare\/#breadcrumb"},"inLanguage":"en-US","potentialAction":[{"@type":"ReadAction","target":["https:\/\/www.visit-ulcinj.com\/blog\/2009\/11\/14\/ramiz-kelmendi-ulqini-vendlindja-ime-letrare\/"]}]},{"@type":"BreadcrumbList","@id":"https:\/\/www.visit-ulcinj.com\/blog\/2009\/11\/14\/ramiz-kelmendi-ulqini-vendlindja-ime-letrare\/#breadcrumb","itemListElement":[{"@type":"ListItem","position":1,"name":"Ramiz Kelmendi: Ulqini vendlindja ime letrare"}]},{"@type":"Person","@id":"https:\/\/www.visit-ulcinj.com\/blog\/#\/schema\/person\/dcab619c614d3038751c63bc2aadc06d","name":"ulqini","sameAs":["http:\/\/www.visit-ulcinj.com"],"url":"https:\/\/www.visit-ulcinj.com\/blog\/author\/admin\/"}]}},"jetpack_featured_media_url":"","jetpack_sharing_enabled":true,"jetpack_shortlink":"https:\/\/wp.me\/pe6lTn-74N","_links":{"self":[{"href":"https:\/\/www.visit-ulcinj.com\/blog\/wp-json\/wp\/v2\/posts\/27205"}],"collection":[{"href":"https:\/\/www.visit-ulcinj.com\/blog\/wp-json\/wp\/v2\/posts"}],"about":[{"href":"https:\/\/www.visit-ulcinj.com\/blog\/wp-json\/wp\/v2\/types\/post"}],"author":[{"embeddable":true,"href":"https:\/\/www.visit-ulcinj.com\/blog\/wp-json\/wp\/v2\/users\/1"}],"replies":[{"embeddable":true,"href":"https:\/\/www.visit-ulcinj.com\/blog\/wp-json\/wp\/v2\/comments?post=27205"}],"version-history":[{"count":0,"href":"https:\/\/www.visit-ulcinj.com\/blog\/wp-json\/wp\/v2\/posts\/27205\/revisions"}],"wp:attachment":[{"href":"https:\/\/www.visit-ulcinj.com\/blog\/wp-json\/wp\/v2\/media?parent=27205"}],"wp:term":[{"taxonomy":"category","embeddable":true,"href":"https:\/\/www.visit-ulcinj.com\/blog\/wp-json\/wp\/v2\/categories?post=27205"},{"taxonomy":"post_tag","embeddable":true,"href":"https:\/\/www.visit-ulcinj.com\/blog\/wp-json\/wp\/v2\/tags?post=27205"}],"curies":[{"name":"wp","href":"https:\/\/api.w.org\/{rel}","templated":true}]}}