{"id":27232,"date":"2009-11-15T17:09:15","date_gmt":"2009-11-15T15:09:15","guid":{"rendered":"http:\/\/www.visit-ulcinj.com\/blog\/?p=27232"},"modified":"2009-11-15T17:09:15","modified_gmt":"2009-11-15T15:09:15","slug":"skrelja-oo-dps-a-odgovorio-oo-snp-a-na-saopstenje-o-iseljavanju-srba-i-crnogoraca-iz-ulcinja","status":"publish","type":"post","link":"https:\/\/www.visit-ulcinj.com\/blog\/2009\/11\/15\/skrelja-oo-dps-a-odgovorio-oo-snp-a-na-saopstenje-o-iseljavanju-srba-i-crnogoraca-iz-ulcinja\/","title":{"rendered":"\u0160krelja: OO Dps-a odgovorio OO Snp-a  na saop\u0161tenje o iseljavanju srba i crnogoraca iz Ulcinja"},"content":{"rendered":"<p><strong><a href=\"http:\/\/www.visit-ulcinj.com\/blog\/wp-content\/uploads\/2009\/11\/Lui?-\u0160krelja-_ulcinj.jpg\"><img loading=\"lazy\" class=\"alignleft size-full wp-image-27233\" title=\"Lui? \u0160krelja _ulcinj\" src=\"http:\/\/www.visit-ulcinj.com\/blog\/wp-content\/uploads\/2009\/11\/Lui?-\u0160krelja-_ulcinj.jpg\" alt=\"Lui? \u0160krelja _ulcinj\" width=\"389\" height=\"307\" \/><\/a>\u0160krelja: Jeftina politi?ka provokacija<\/strong><br \/>\nULCINj &#8211; Predsjednik op\u0161tinskog odbora DPS-a i odbornik te partije u SO Lui? \u0160krelja ocijenio je da su tvrdnje OO SNP-a o iseljavanju Crnogoraca i Srba iz najju\u017enije op\u0161tine, poku\u0161aj da se destabilizuju me?unacionalni odnosi i politi?ka situacija. U saop\u0161tenju za javnost, tim povodom, \u0160krelja tvrdi, da je \u201eizmi\u0161ljena pri?a o prinudnom iseljavanju Crnogoraca i Srba iz Ulcinja ,bez ijednog dokaza, jeftina politi?ka provokacija&#8221;.<br \/>\n&#8211; Ta pri?a OO SNP-u Ulcinju donosi samo negativne politi?ke poene, i ne pru\u017ea im o?igledno jako izra\u017eenu i pri\u017eeljkivanu priliku da se vrate na period devedesetih godina, kada su paravojnim formacijama poku\u0161avali zastra\u0161ivati gra?ane Ulcinja, ne prezaju?i pritom ni od raznih maltretiranja. Ni u najte\u017ea vremena za sve gra?ane Crne Gore, iz Ulcinja se nije niko nasilno iselio. Naprotiv, me?u gra?anima Ulcinja su na\u0161li uto?i\u0161te i gostoprimstvo svi nevoljnici iz svih krajeva one Jugoslavije, iz svih nacija i iz svih konfesija &#8211; nagla\u0161ava \u0160krelja u saop\u0161tenju.<br \/>\nDalje se navodi da je ocjena \u201eaktuelne dru\u0161tveno politi?ke situacije&#8221; i razmatranje SNP-a, \u201eplod jednosmjernog i proma\u0161enog politi?kog djelovanja&#8221;.<br \/>\n-To je tipi?an kabinetski proizvod i metod jednopartijskog sistema koji je daleko iza nas. Op\u0161tinski Odbor DPS-a je spreman da o navodnim takvim pojavama ozbiljno razgovara i otvara sva pitanja na svim nivoima, pa i u lokalnom parlamentu gdje i SNP participira, samo treba na?i model, jer SNP pravi dekor u parlamentu onima koji bi trebali da budu su odgovorni za jednu takvu izre?enu konstataciju koja nije ta?na, niti dobronamjerna, a jo\u0161 manje po\u017eeljna. Spremni da svojim djelovanjem i svim raspolo\u017eivim mogu?nostima detaljno preispitamo takve eventualne pojave, sa svim zainteresovanim politi?kim subjektima, samo nijesmo spremni da prihvatimo nekorektna i izmi\u0161ljena saop\u0161tenja i optu\u017eivanja bez osnova ?elnih ljudi SNP-a na ra?un DPS-a, kada je u pitanju o?uvanje onoga \u0161to Ulcinj ?ini vjekovima prepoznatljivom me?unacionalnom,me?ukonfesionalnom i multikulturalnom sredinom &#8211; navodi se u saop\u0161tenju.<br \/>\n\u0160krelja navodi da je Demokratska partija socijalista spremna da odlo\u017ei svako politi?ko profiterstvo i bilo koji politi?ki anga\u017eman kako bi dala maksimalan doprinos u suzbijanju takvih pojava.<br \/>\n&#8211; Potpuno je razmljiv bijes, srd\u017eba i ljutnja SNP-a na ?lanstvo DPS-a u Ulcinju koji je njihova politi?ka no?na mora. Oni o?igledno zaboravljaju ?injenicu da DPS, od vi\u0161estrana?ja, nije bila u Ulcinju vlast, sem posljednje tri godine, ali je isto tako ?injenica, da je SNP uvijek podr\u017eala albanske stranke koje su vr\u0161ile vlast, a uvijek protiv DPS-a. Naravno, da su to njihovi glasa?i otkrili, i kao dokaz tradicionalne pameti i osvjedo?enog instikta za me?unacionalnu trpeljivost i tolerantan su\u017eivot, pa su ih napustili i sveli na minorni bezna?ajni politi?ki subjekat &#8211; konstatuje \u0160krelja.<\/p>\n<p><strong>M.K.<br \/>\n<a href=\"http:\/\/www.dan.co.me\/?nivo=3&amp;rubrika=Regioni&amp;clanak=208612&amp;datum=2009-11-14\" target=\"_blank\">DAN<\/a><\/strong><\/p>\n","protected":false},"excerpt":{"rendered":"<p>\u0160krelja: Jeftina politi?ka provokacija ULCINj &#8211; Predsjednik op\u0161tinskog odbora DPS-a i odbornik te partije u SO Lui? \u0160krelja ocijenio je da su tvrdnje OO SNP-a o iseljavanju Crnogoraca i Srba iz najju\u017enije op\u0161tine, poku\u0161aj da se destabilizuju me?unacionalni odnosi i politi?ka situacija. U saop\u0161tenju za javnost, tim povodom, \u0160krelja tvrdi, da je \u201eizmi\u0161ljena pri?a o [&hellip;]<\/p>\n","protected":false},"author":1,"featured_media":0,"comment_status":"open","ping_status":"closed","sticky":false,"template":"","format":"standard","meta":{"spay_email":"","jetpack_publicize_message":"","jetpack_is_tweetstorm":false,"jetpack_publicize_feature_enabled":true},"categories":[8337],"tags":[4174,12807,12808,12806],"jetpack_publicize_connections":[],"yoast_head":"<!-- This site is optimized with the Yoast SEO plugin v19.1 - https:\/\/yoast.com\/wordpress\/plugins\/seo\/ -->\n<title>\u0160krelja: OO Dps-a odgovorio OO Snp-a na saop\u0161tenje o iseljavanju srba i crnogoraca iz Ulcinja - Lajme nga Ulqini<\/title>\n<meta name=\"description\" content=\"\u0160krelja: Jeftina politi?ka provokacija ULCINj - Predsjednik op\u0161tinskog odbora DPS-a i odbornik te partije u SO Lui? \u0160krelja ocijenio je da su tvrdnje OO\" \/>\n<meta name=\"robots\" content=\"index, follow, max-snippet:-1, max-image-preview:large, max-video-preview:-1\" \/>\n<link rel=\"canonical\" href=\"https:\/\/www.visit-ulcinj.com\/blog\/2009\/11\/15\/skrelja-oo-dps-a-odgovorio-oo-snp-a-na-saopstenje-o-iseljavanju-srba-i-crnogoraca-iz-ulcinja\/\" \/>\n<meta property=\"og:locale\" content=\"en_US\" \/>\n<meta property=\"og:type\" content=\"article\" \/>\n<meta property=\"og:title\" content=\"\u0160krelja: OO Dps-a odgovorio OO Snp-a na saop\u0161tenje o iseljavanju srba i crnogoraca iz Ulcinja - Lajme nga Ulqini\" \/>\n<meta property=\"og:description\" content=\"\u0160krelja: Jeftina politi?ka provokacija ULCINj - Predsjednik op\u0161tinskog odbora DPS-a i odbornik te partije u SO Lui? \u0160krelja ocijenio je da su tvrdnje OO\" \/>\n<meta property=\"og:url\" content=\"https:\/\/www.visit-ulcinj.com\/blog\/2009\/11\/15\/skrelja-oo-dps-a-odgovorio-oo-snp-a-na-saopstenje-o-iseljavanju-srba-i-crnogoraca-iz-ulcinja\/\" \/>\n<meta property=\"og:site_name\" content=\"Lajme nga Ulqini\" \/>\n<meta property=\"article:published_time\" content=\"2009-11-15T15:09:15+00:00\" \/>\n<meta name=\"twitter:label1\" content=\"Written by\" \/>\n\t<meta name=\"twitter:data1\" content=\"ulqini\" \/>\n\t<meta name=\"twitter:label2\" content=\"Est. reading time\" \/>\n\t<meta name=\"twitter:data2\" content=\"2 minutes\" \/>\n<script type=\"application\/ld+json\" class=\"yoast-schema-graph\">{\"@context\":\"https:\/\/schema.org\",\"@graph\":[{\"@type\":\"WebSite\",\"@id\":\"https:\/\/www.visit-ulcinj.com\/blog\/#website\",\"url\":\"https:\/\/www.visit-ulcinj.com\/blog\/\",\"name\":\"Lajme nga Ulqini\",\"description\":\"Lajme,Vijesti,Ulqini,Ulqin,Crna Gora,Mali i Zi\",\"potentialAction\":[{\"@type\":\"SearchAction\",\"target\":{\"@type\":\"EntryPoint\",\"urlTemplate\":\"https:\/\/www.visit-ulcinj.com\/blog\/?s={search_term_string}\"},\"query-input\":\"required name=search_term_string\"}],\"inLanguage\":\"en-US\"},{\"@type\":\"WebPage\",\"@id\":\"https:\/\/www.visit-ulcinj.com\/blog\/2009\/11\/15\/skrelja-oo-dps-a-odgovorio-oo-snp-a-na-saopstenje-o-iseljavanju-srba-i-crnogoraca-iz-ulcinja\/#webpage\",\"url\":\"https:\/\/www.visit-ulcinj.com\/blog\/2009\/11\/15\/skrelja-oo-dps-a-odgovorio-oo-snp-a-na-saopstenje-o-iseljavanju-srba-i-crnogoraca-iz-ulcinja\/\",\"name\":\"\u0160krelja: OO Dps-a odgovorio OO Snp-a na saop\u0161tenje o iseljavanju srba i crnogoraca iz Ulcinja - Lajme nga Ulqini\",\"isPartOf\":{\"@id\":\"https:\/\/www.visit-ulcinj.com\/blog\/#website\"},\"datePublished\":\"2009-11-15T15:09:15+00:00\",\"dateModified\":\"2009-11-15T15:09:15+00:00\",\"author\":{\"@id\":\"https:\/\/www.visit-ulcinj.com\/blog\/#\/schema\/person\/dcab619c614d3038751c63bc2aadc06d\"},\"description\":\"\u0160krelja: Jeftina politi?ka provokacija ULCINj - Predsjednik op\u0161tinskog odbora DPS-a i odbornik te partije u SO Lui? \u0160krelja ocijenio je da su tvrdnje OO\",\"breadcrumb\":{\"@id\":\"https:\/\/www.visit-ulcinj.com\/blog\/2009\/11\/15\/skrelja-oo-dps-a-odgovorio-oo-snp-a-na-saopstenje-o-iseljavanju-srba-i-crnogoraca-iz-ulcinja\/#breadcrumb\"},\"inLanguage\":\"en-US\",\"potentialAction\":[{\"@type\":\"ReadAction\",\"target\":[\"https:\/\/www.visit-ulcinj.com\/blog\/2009\/11\/15\/skrelja-oo-dps-a-odgovorio-oo-snp-a-na-saopstenje-o-iseljavanju-srba-i-crnogoraca-iz-ulcinja\/\"]}]},{\"@type\":\"BreadcrumbList\",\"@id\":\"https:\/\/www.visit-ulcinj.com\/blog\/2009\/11\/15\/skrelja-oo-dps-a-odgovorio-oo-snp-a-na-saopstenje-o-iseljavanju-srba-i-crnogoraca-iz-ulcinja\/#breadcrumb\",\"itemListElement\":[{\"@type\":\"ListItem\",\"position\":1,\"name\":\"\u0160krelja: OO Dps-a odgovorio OO Snp-a na saop\u0161tenje o iseljavanju srba i crnogoraca iz Ulcinja\"}]},{\"@type\":\"Person\",\"@id\":\"https:\/\/www.visit-ulcinj.com\/blog\/#\/schema\/person\/dcab619c614d3038751c63bc2aadc06d\",\"name\":\"ulqini\",\"sameAs\":[\"http:\/\/www.visit-ulcinj.com\"],\"url\":\"https:\/\/www.visit-ulcinj.com\/blog\/author\/admin\/\"}]}<\/script>\n<!-- \/ Yoast SEO plugin. -->","yoast_head_json":{"title":"\u0160krelja: OO Dps-a odgovorio OO Snp-a na saop\u0161tenje o iseljavanju srba i crnogoraca iz Ulcinja - Lajme nga Ulqini","description":"\u0160krelja: Jeftina politi?ka provokacija ULCINj - Predsjednik op\u0161tinskog odbora DPS-a i odbornik te partije u SO Lui? \u0160krelja ocijenio je da su tvrdnje OO","robots":{"index":"index","follow":"follow","max-snippet":"max-snippet:-1","max-image-preview":"max-image-preview:large","max-video-preview":"max-video-preview:-1"},"canonical":"https:\/\/www.visit-ulcinj.com\/blog\/2009\/11\/15\/skrelja-oo-dps-a-odgovorio-oo-snp-a-na-saopstenje-o-iseljavanju-srba-i-crnogoraca-iz-ulcinja\/","og_locale":"en_US","og_type":"article","og_title":"\u0160krelja: OO Dps-a odgovorio OO Snp-a na saop\u0161tenje o iseljavanju srba i crnogoraca iz Ulcinja - Lajme nga Ulqini","og_description":"\u0160krelja: Jeftina politi?ka provokacija ULCINj - Predsjednik op\u0161tinskog odbora DPS-a i odbornik te partije u SO Lui? \u0160krelja ocijenio je da su tvrdnje OO","og_url":"https:\/\/www.visit-ulcinj.com\/blog\/2009\/11\/15\/skrelja-oo-dps-a-odgovorio-oo-snp-a-na-saopstenje-o-iseljavanju-srba-i-crnogoraca-iz-ulcinja\/","og_site_name":"Lajme nga Ulqini","article_published_time":"2009-11-15T15:09:15+00:00","twitter_misc":{"Written by":"ulqini","Est. reading time":"2 minutes"},"schema":{"@context":"https:\/\/schema.org","@graph":[{"@type":"WebSite","@id":"https:\/\/www.visit-ulcinj.com\/blog\/#website","url":"https:\/\/www.visit-ulcinj.com\/blog\/","name":"Lajme nga Ulqini","description":"Lajme,Vijesti,Ulqini,Ulqin,Crna Gora,Mali i Zi","potentialAction":[{"@type":"SearchAction","target":{"@type":"EntryPoint","urlTemplate":"https:\/\/www.visit-ulcinj.com\/blog\/?s={search_term_string}"},"query-input":"required name=search_term_string"}],"inLanguage":"en-US"},{"@type":"WebPage","@id":"https:\/\/www.visit-ulcinj.com\/blog\/2009\/11\/15\/skrelja-oo-dps-a-odgovorio-oo-snp-a-na-saopstenje-o-iseljavanju-srba-i-crnogoraca-iz-ulcinja\/#webpage","url":"https:\/\/www.visit-ulcinj.com\/blog\/2009\/11\/15\/skrelja-oo-dps-a-odgovorio-oo-snp-a-na-saopstenje-o-iseljavanju-srba-i-crnogoraca-iz-ulcinja\/","name":"\u0160krelja: OO Dps-a odgovorio OO Snp-a na saop\u0161tenje o iseljavanju srba i crnogoraca iz Ulcinja - Lajme nga Ulqini","isPartOf":{"@id":"https:\/\/www.visit-ulcinj.com\/blog\/#website"},"datePublished":"2009-11-15T15:09:15+00:00","dateModified":"2009-11-15T15:09:15+00:00","author":{"@id":"https:\/\/www.visit-ulcinj.com\/blog\/#\/schema\/person\/dcab619c614d3038751c63bc2aadc06d"},"description":"\u0160krelja: Jeftina politi?ka provokacija ULCINj - Predsjednik op\u0161tinskog odbora DPS-a i odbornik te partije u SO Lui? \u0160krelja ocijenio je da su tvrdnje OO","breadcrumb":{"@id":"https:\/\/www.visit-ulcinj.com\/blog\/2009\/11\/15\/skrelja-oo-dps-a-odgovorio-oo-snp-a-na-saopstenje-o-iseljavanju-srba-i-crnogoraca-iz-ulcinja\/#breadcrumb"},"inLanguage":"en-US","potentialAction":[{"@type":"ReadAction","target":["https:\/\/www.visit-ulcinj.com\/blog\/2009\/11\/15\/skrelja-oo-dps-a-odgovorio-oo-snp-a-na-saopstenje-o-iseljavanju-srba-i-crnogoraca-iz-ulcinja\/"]}]},{"@type":"BreadcrumbList","@id":"https:\/\/www.visit-ulcinj.com\/blog\/2009\/11\/15\/skrelja-oo-dps-a-odgovorio-oo-snp-a-na-saopstenje-o-iseljavanju-srba-i-crnogoraca-iz-ulcinja\/#breadcrumb","itemListElement":[{"@type":"ListItem","position":1,"name":"\u0160krelja: OO Dps-a odgovorio OO Snp-a na saop\u0161tenje o iseljavanju srba i crnogoraca iz Ulcinja"}]},{"@type":"Person","@id":"https:\/\/www.visit-ulcinj.com\/blog\/#\/schema\/person\/dcab619c614d3038751c63bc2aadc06d","name":"ulqini","sameAs":["http:\/\/www.visit-ulcinj.com"],"url":"https:\/\/www.visit-ulcinj.com\/blog\/author\/admin\/"}]}},"jetpack_featured_media_url":"","jetpack_sharing_enabled":true,"jetpack_shortlink":"https:\/\/wp.me\/pe6lTn-75e","_links":{"self":[{"href":"https:\/\/www.visit-ulcinj.com\/blog\/wp-json\/wp\/v2\/posts\/27232"}],"collection":[{"href":"https:\/\/www.visit-ulcinj.com\/blog\/wp-json\/wp\/v2\/posts"}],"about":[{"href":"https:\/\/www.visit-ulcinj.com\/blog\/wp-json\/wp\/v2\/types\/post"}],"author":[{"embeddable":true,"href":"https:\/\/www.visit-ulcinj.com\/blog\/wp-json\/wp\/v2\/users\/1"}],"replies":[{"embeddable":true,"href":"https:\/\/www.visit-ulcinj.com\/blog\/wp-json\/wp\/v2\/comments?post=27232"}],"version-history":[{"count":0,"href":"https:\/\/www.visit-ulcinj.com\/blog\/wp-json\/wp\/v2\/posts\/27232\/revisions"}],"wp:attachment":[{"href":"https:\/\/www.visit-ulcinj.com\/blog\/wp-json\/wp\/v2\/media?parent=27232"}],"wp:term":[{"taxonomy":"category","embeddable":true,"href":"https:\/\/www.visit-ulcinj.com\/blog\/wp-json\/wp\/v2\/categories?post=27232"},{"taxonomy":"post_tag","embeddable":true,"href":"https:\/\/www.visit-ulcinj.com\/blog\/wp-json\/wp\/v2\/tags?post=27232"}],"curies":[{"name":"wp","href":"https:\/\/api.w.org\/{rel}","templated":true}]}}